{"id":32920,"date":"2022-03-15T12:46:25","date_gmt":"2022-03-15T11:46:25","guid":{"rendered":"https:\/\/www.ranciliogroup.com\/?p=32920"},"modified":"2023-05-05T12:26:08","modified_gmt":"2023-05-05T10:26:08","slug":"rancilio-specialty-vola-in-germania-per-barista-league-hamburg","status":"publish","type":"post","link":"https:\/\/www.ranciliogroup.com\/it\/rancilio-specialty-vola-in-germania-per-barista-league-hamburg\/","title":{"rendered":"Rancilio Specialty vola in Germania per Barista League Hamburg"},"content":{"rendered":"<p><em>Il prossimo evento di Barista League \u00e8 in programma sabato 19 marzo 2022 al Drilling di Amburgo, locale di riferimento per tutti i coffee lovers della citt\u00e0<\/em>.<\/p>\n<p>Il prossimo evento di Barista League \u00e8 in programma sabato 19 marzo 2022 al Drilling di Amburgo, locale di riferimento per tutti i coffee lovers della citt\u00e0. Ancora una volta la competizione per baristi amatoriali sar\u00e0 un\u2019occasione di festa con la macchina per caff\u00e8 Rancilio Specialty RS1 al centro della scena, sempre come sponsor tecnico dell\u2019evento. Tre turni di sfide selvagge a tema caff\u00e8, baristi e curiosi che ballano sulla musica di MC Susie Kealy, buone vibrazioni, divertimento, improvvisazione e i migliori chicchi di caff\u00e8 della citt\u00e0 sono gli ingredienti esplosivi che renderanno indimenticabile anche la tappa di Amburgo. Gi\u00e0 annunciati i nomi dei giudici: Janine De Laar, Themba Tshabalala, Agnieszka Kruk, Chris Balz e Vejlko Tatalovic. <\/p>\n<p><a href=\"https:\/\/www.tickettailor.com\/events\/thebaristaleague\/612004\/\">Il biglietto si acquista qui <\/a>.<\/p>\n<p>It opens at 6 pm and the organizers say it should close between 10.30 pm and 11 pm.<\/p>\n<p><strong>Barista League Hamburg<\/strong><br \/>\nSabato 19 marzo<br \/>\ndalle ore 18 alle 22.30<br \/>\n<a href=\"https:\/\/www.google.com\/maps\/place\/DRILLING\/@53.558321,9.9060675,17z\/data=!3m1!4b1!4m5!3m4!1s0x47b1853e210407f1:0x83d3da50dcc72352!8m2!3d53.558321!4d9.9082562\">Drilling Hamburg<\/a><\/p>\n","protected":false},"excerpt":{"rendered":"<p>Il prossimo evento di Barista League \u00e8 in programma sabato 19 marzo 2022 al Drilling di Amburgo, locale di riferimento&#8230;<\/p>\n","protected":false},"author":5,"featured_media":32913,"comment_status":"closed","ping_status":"closed","sticky":false,"template":"","format":"standard","meta":[],"categories":[465],"tags":[],"acf":[],"yoast_head":"<!-- This site is optimized with the Yoast SEO plugin v21.5 - https:\/\/yoast.com\/wordpress\/plugins\/seo\/ -->\n<title>Rancilio Specialty vola in Germania per Barista League Hamburg - Rancilio Group<\/title>\n<meta name=\"description\" content=\"Il prossimo evento di Barista League \u00e8 in programma sabato 19 marzo 2022 al Drilling di Amburgo, locale di riferimento per tutti i coffee lovers della citt\u00e0.\" \/>\n<meta name=\"robots\" content=\"index, follow, max-snippet:-1, max-image-preview:large, max-video-preview:-1\" \/>\n<link rel=\"canonical\" href=\"https:\/\/www.ranciliogroup.com\/it\/rancilio-specialty-vola-in-germania-per-barista-league-hamburg\/\" \/>\n<meta property=\"og:locale\" content=\"it_IT\" \/>\n<meta property=\"og:type\" content=\"article\" \/>\n<meta property=\"og:title\" content=\"Rancilio Specialty vola in Germania per Barista League Hamburg - Rancilio Group\" \/>\n<meta property=\"og:description\" content=\"Il prossimo evento di Barista League \u00e8 in programma sabato 19 marzo 2022 al Drilling di Amburgo, locale di riferimento per tutti i coffee lovers della citt\u00e0.\" \/>\n<meta property=\"og:url\" content=\"https:\/\/www.ranciliogroup.com\/it\/rancilio-specialty-vola-in-germania-per-barista-league-hamburg\/\" \/>\n<meta property=\"og:site_name\" content=\"Rancilio Group\" \/>\n<meta property=\"article:publisher\" content=\"https:\/\/www.facebook.com\/RancilioGroup\" \/>\n<meta property=\"article:published_time\" content=\"2022-03-15T11:46:25+00:00\" \/>\n<meta property=\"article:modified_time\" content=\"2023-05-05T10:26:08+00:00\" \/>\n<meta property=\"og:image\" content=\"https:\/\/www.ranciliogroup.com\/app\/uploads\/2022\/03\/Upcoming_events_Hamburg.png\" \/>\n\t<meta property=\"og:image:width\" content=\"500\" \/>\n\t<meta property=\"og:image:height\" content=\"503\" \/>\n\t<meta property=\"og:image:type\" content=\"image\/png\" \/>\n<meta name=\"author\" content=\"temp circular\" \/>\n<meta name=\"twitter:card\" content=\"summary_large_image\" \/>\n<meta name=\"twitter:creator\" content=\"@ranciliogroup\" \/>\n<meta name=\"twitter:site\" content=\"@ranciliogroup\" \/>\n<meta name=\"twitter:label1\" content=\"Scritto da\" \/>\n\t<meta name=\"twitter:data1\" content=\"temp circular\" \/>\n\t<meta name=\"twitter:label2\" content=\"Tempo di lettura stimato\" \/>\n\t<meta name=\"twitter:data2\" content=\"1 minuto\" \/>\n<script type=\"application\/ld+json\" class=\"yoast-schema-graph\">{\"@context\":\"https:\/\/schema.org\",\"@graph\":[{\"@type\":\"Article\",\"@id\":\"https:\/\/www.ranciliogroup.com\/it\/rancilio-specialty-vola-in-germania-per-barista-league-hamburg\/#article\",\"isPartOf\":{\"@id\":\"https:\/\/www.ranciliogroup.com\/it\/rancilio-specialty-vola-in-germania-per-barista-league-hamburg\/\"},\"author\":{\"name\":\"temp circular\",\"@id\":\"https:\/\/www.ranciliogroup.com\/it\/#\/schema\/person\/d6bf0a7dfe74cded3d64da8b2c92814c\"},\"headline\":\"Rancilio Specialty vola in Germania per Barista League Hamburg\",\"datePublished\":\"2022-03-15T11:46:25+00:00\",\"dateModified\":\"2023-05-05T10:26:08+00:00\",\"mainEntityOfPage\":{\"@id\":\"https:\/\/www.ranciliogroup.com\/it\/rancilio-specialty-vola-in-germania-per-barista-league-hamburg\/\"},\"wordCount\":179,\"publisher\":{\"@id\":\"https:\/\/www.ranciliogroup.com\/it\/#organization\"},\"articleSection\":[\"Eventi\"],\"inLanguage\":\"it-IT\"},{\"@type\":\"WebPage\",\"@id\":\"https:\/\/www.ranciliogroup.com\/it\/rancilio-specialty-vola-in-germania-per-barista-league-hamburg\/\",\"url\":\"https:\/\/www.ranciliogroup.com\/it\/rancilio-specialty-vola-in-germania-per-barista-league-hamburg\/\",\"name\":\"Rancilio Specialty vola in Germania per Barista League Hamburg - Rancilio Group\",\"isPartOf\":{\"@id\":\"https:\/\/www.ranciliogroup.com\/it\/#website\"},\"datePublished\":\"2022-03-15T11:46:25+00:00\",\"dateModified\":\"2023-05-05T10:26:08+00:00\",\"description\":\"Il prossimo evento di Barista League \u00e8 in programma sabato 19 marzo 2022 al Drilling di Amburgo, locale di riferimento per tutti i coffee lovers della citt\u00e0.\",\"breadcrumb\":{\"@id\":\"https:\/\/www.ranciliogroup.com\/it\/rancilio-specialty-vola-in-germania-per-barista-league-hamburg\/#breadcrumb\"},\"inLanguage\":\"it-IT\",\"potentialAction\":[{\"@type\":\"ReadAction\",\"target\":[\"https:\/\/www.ranciliogroup.com\/it\/rancilio-specialty-vola-in-germania-per-barista-league-hamburg\/\"]}]},{\"@type\":\"BreadcrumbList\",\"@id\":\"https:\/\/www.ranciliogroup.com\/it\/rancilio-specialty-vola-in-germania-per-barista-league-hamburg\/#breadcrumb\",\"itemListElement\":[{\"@type\":\"ListItem\",\"position\":1,\"name\":\"Home\",\"item\":\"https:\/\/www.ranciliogroup.com\/it\/\"},{\"@type\":\"ListItem\",\"position\":2,\"name\":\"Rancilio Specialty vola in Germania per Barista League Hamburg\"}]},{\"@type\":\"WebSite\",\"@id\":\"https:\/\/www.ranciliogroup.com\/it\/#website\",\"url\":\"https:\/\/www.ranciliogroup.com\/it\/\",\"name\":\"Rancilio Group\",\"description\":\"Leader delle Macchine da Caff\u00e8 Professionali\",\"publisher\":{\"@id\":\"https:\/\/www.ranciliogroup.com\/it\/#organization\"},\"potentialAction\":[{\"@type\":\"SearchAction\",\"target\":{\"@type\":\"EntryPoint\",\"urlTemplate\":\"https:\/\/www.ranciliogroup.com\/it\/?s={search_term_string}\"},\"query-input\":\"required name=search_term_string\"}],\"inLanguage\":\"it-IT\"},{\"@type\":\"Organization\",\"@id\":\"https:\/\/www.ranciliogroup.com\/it\/#organization\",\"name\":\"Rancilio Group\",\"url\":\"https:\/\/www.ranciliogroup.com\/it\/\",\"logo\":{\"@type\":\"ImageObject\",\"inLanguage\":\"it-IT\",\"@id\":\"https:\/\/www.ranciliogroup.com\/it\/#\/schema\/logo\/image\/\",\"url\":\"https:\/\/www.ranciliogroup.com\/app\/uploads\/2019\/07\/rancilio_black_logo.png\",\"contentUrl\":\"https:\/\/www.ranciliogroup.com\/app\/uploads\/2019\/07\/rancilio_black_logo.png\",\"width\":447,\"height\":57,\"caption\":\"Rancilio Group\"},\"image\":{\"@id\":\"https:\/\/www.ranciliogroup.com\/it\/#\/schema\/logo\/image\/\"},\"sameAs\":[\"https:\/\/www.facebook.com\/RancilioGroup\",\"https:\/\/twitter.com\/ranciliogroup\",\"https:\/\/www.instagram.com\/rancilio_official\/\",\"https:\/\/www.linkedin.com\/company\/ranciliogroup\/\",\"https:\/\/www.youtube.com\/user\/rancilioadmin\"]},{\"@type\":\"Person\",\"@id\":\"https:\/\/www.ranciliogroup.com\/it\/#\/schema\/person\/d6bf0a7dfe74cded3d64da8b2c92814c\",\"name\":\"temp circular\",\"image\":{\"@type\":\"ImageObject\",\"inLanguage\":\"it-IT\",\"@id\":\"https:\/\/www.ranciliogroup.com\/it\/#\/schema\/person\/image\/\",\"url\":\"https:\/\/secure.gravatar.com\/avatar\/569e71c3b97b8bcad1854d6579b35c5f?s=96&d=mm&r=g\",\"contentUrl\":\"https:\/\/secure.gravatar.com\/avatar\/569e71c3b97b8bcad1854d6579b35c5f?s=96&d=mm&r=g\",\"caption\":\"temp circular\"}}]}<\/script>\n<!-- \/ Yoast SEO plugin. -->","yoast_head_json":{"title":"Rancilio Specialty vola in Germania per Barista League Hamburg - Rancilio Group","description":"Il prossimo evento di Barista League \u00e8 in programma sabato 19 marzo 2022 al Drilling di Amburgo, locale di riferimento per tutti i coffee lovers della citt\u00e0.","robots":{"index":"index","follow":"follow","max-snippet":"max-snippet:-1","max-image-preview":"max-image-preview:large","max-video-preview":"max-video-preview:-1"},"canonical":"https:\/\/www.ranciliogroup.com\/it\/rancilio-specialty-vola-in-germania-per-barista-league-hamburg\/","og_locale":"it_IT","og_type":"article","og_title":"Rancilio Specialty vola in Germania per Barista League Hamburg - Rancilio Group","og_description":"Il prossimo evento di Barista League \u00e8 in programma sabato 19 marzo 2022 al Drilling di Amburgo, locale di riferimento per tutti i coffee lovers della citt\u00e0.","og_url":"https:\/\/www.ranciliogroup.com\/it\/rancilio-specialty-vola-in-germania-per-barista-league-hamburg\/","og_site_name":"Rancilio Group","article_publisher":"https:\/\/www.facebook.com\/RancilioGroup","article_published_time":"2022-03-15T11:46:25+00:00","article_modified_time":"2023-05-05T10:26:08+00:00","og_image":[{"width":500,"height":503,"url":"https:\/\/www.ranciliogroup.com\/app\/uploads\/2022\/03\/Upcoming_events_Hamburg.png","type":"image\/png"}],"author":"temp circular","twitter_card":"summary_large_image","twitter_creator":"@ranciliogroup","twitter_site":"@ranciliogroup","twitter_misc":{"Scritto da":"temp circular","Tempo di lettura stimato":"1 minuto"},"schema":{"@context":"https:\/\/schema.org","@graph":[{"@type":"Article","@id":"https:\/\/www.ranciliogroup.com\/it\/rancilio-specialty-vola-in-germania-per-barista-league-hamburg\/#article","isPartOf":{"@id":"https:\/\/www.ranciliogroup.com\/it\/rancilio-specialty-vola-in-germania-per-barista-league-hamburg\/"},"author":{"name":"temp circular","@id":"https:\/\/www.ranciliogroup.com\/it\/#\/schema\/person\/d6bf0a7dfe74cded3d64da8b2c92814c"},"headline":"Rancilio Specialty vola in Germania per Barista League Hamburg","datePublished":"2022-03-15T11:46:25+00:00","dateModified":"2023-05-05T10:26:08+00:00","mainEntityOfPage":{"@id":"https:\/\/www.ranciliogroup.com\/it\/rancilio-specialty-vola-in-germania-per-barista-league-hamburg\/"},"wordCount":179,"publisher":{"@id":"https:\/\/www.ranciliogroup.com\/it\/#organization"},"articleSection":["Eventi"],"inLanguage":"it-IT"},{"@type":"WebPage","@id":"https:\/\/www.ranciliogroup.com\/it\/rancilio-specialty-vola-in-germania-per-barista-league-hamburg\/","url":"https:\/\/www.ranciliogroup.com\/it\/rancilio-specialty-vola-in-germania-per-barista-league-hamburg\/","name":"Rancilio Specialty vola in Germania per Barista League Hamburg - Rancilio Group","isPartOf":{"@id":"https:\/\/www.ranciliogroup.com\/it\/#website"},"datePublished":"2022-03-15T11:46:25+00:00","dateModified":"2023-05-05T10:26:08+00:00","description":"Il prossimo evento di Barista League \u00e8 in programma sabato 19 marzo 2022 al Drilling di Amburgo, locale di riferimento per tutti i coffee lovers della citt\u00e0.","breadcrumb":{"@id":"https:\/\/www.ranciliogroup.com\/it\/rancilio-specialty-vola-in-germania-per-barista-league-hamburg\/#breadcrumb"},"inLanguage":"it-IT","potentialAction":[{"@type":"ReadAction","target":["https:\/\/www.ranciliogroup.com\/it\/rancilio-specialty-vola-in-germania-per-barista-league-hamburg\/"]}]},{"@type":"BreadcrumbList","@id":"https:\/\/www.ranciliogroup.com\/it\/rancilio-specialty-vola-in-germania-per-barista-league-hamburg\/#breadcrumb","itemListElement":[{"@type":"ListItem","position":1,"name":"Home","item":"https:\/\/www.ranciliogroup.com\/it\/"},{"@type":"ListItem","position":2,"name":"Rancilio Specialty vola in Germania per Barista League Hamburg"}]},{"@type":"WebSite","@id":"https:\/\/www.ranciliogroup.com\/it\/#website","url":"https:\/\/www.ranciliogroup.com\/it\/","name":"Rancilio Group","description":"Leader delle Macchine da Caff\u00e8 Professionali","publisher":{"@id":"https:\/\/www.ranciliogroup.com\/it\/#organization"},"potentialAction":[{"@type":"SearchAction","target":{"@type":"EntryPoint","urlTemplate":"https:\/\/www.ranciliogroup.com\/it\/?s={search_term_string}"},"query-input":"required name=search_term_string"}],"inLanguage":"it-IT"},{"@type":"Organization","@id":"https:\/\/www.ranciliogroup.com\/it\/#organization","name":"Rancilio Group","url":"https:\/\/www.ranciliogroup.com\/it\/","logo":{"@type":"ImageObject","inLanguage":"it-IT","@id":"https:\/\/www.ranciliogroup.com\/it\/#\/schema\/logo\/image\/","url":"https:\/\/www.ranciliogroup.com\/app\/uploads\/2019\/07\/rancilio_black_logo.png","contentUrl":"https:\/\/www.ranciliogroup.com\/app\/uploads\/2019\/07\/rancilio_black_logo.png","width":447,"height":57,"caption":"Rancilio Group"},"image":{"@id":"https:\/\/www.ranciliogroup.com\/it\/#\/schema\/logo\/image\/"},"sameAs":["https:\/\/www.facebook.com\/RancilioGroup","https:\/\/twitter.com\/ranciliogroup","https:\/\/www.instagram.com\/rancilio_official\/","https:\/\/www.linkedin.com\/company\/ranciliogroup\/","https:\/\/www.youtube.com\/user\/rancilioadmin"]},{"@type":"Person","@id":"https:\/\/www.ranciliogroup.com\/it\/#\/schema\/person\/d6bf0a7dfe74cded3d64da8b2c92814c","name":"temp circular","image":{"@type":"ImageObject","inLanguage":"it-IT","@id":"https:\/\/www.ranciliogroup.com\/it\/#\/schema\/person\/image\/","url":"https:\/\/secure.gravatar.com\/avatar\/569e71c3b97b8bcad1854d6579b35c5f?s=96&d=mm&r=g","contentUrl":"https:\/\/secure.gravatar.com\/avatar\/569e71c3b97b8bcad1854d6579b35c5f?s=96&d=mm&r=g","caption":"temp circular"}}]}},"_links":{"self":[{"href":"https:\/\/www.ranciliogroup.com\/it\/wp-json\/wp\/v2\/posts\/32920"}],"collection":[{"href":"https:\/\/www.ranciliogroup.com\/it\/wp-json\/wp\/v2\/posts"}],"about":[{"href":"https:\/\/www.ranciliogroup.com\/it\/wp-json\/wp\/v2\/types\/post"}],"author":[{"embeddable":true,"href":"https:\/\/www.ranciliogroup.com\/it\/wp-json\/wp\/v2\/users\/5"}],"replies":[{"embeddable":true,"href":"https:\/\/www.ranciliogroup.com\/it\/wp-json\/wp\/v2\/comments?post=32920"}],"version-history":[{"count":1,"href":"https:\/\/www.ranciliogroup.com\/it\/wp-json\/wp\/v2\/posts\/32920\/revisions"}],"predecessor-version":[{"id":32923,"href":"https:\/\/www.ranciliogroup.com\/it\/wp-json\/wp\/v2\/posts\/32920\/revisions\/32923"}],"wp:featuredmedia":[{"embeddable":true,"href":"https:\/\/www.ranciliogroup.com\/it\/wp-json\/wp\/v2\/media\/32913"}],"wp:attachment":[{"href":"https:\/\/www.ranciliogroup.com\/it\/wp-json\/wp\/v2\/media?parent=32920"}],"wp:term":[{"taxonomy":"category","embeddable":true,"href":"https:\/\/www.ranciliogroup.com\/it\/wp-json\/wp\/v2\/categories?post=32920"},{"taxonomy":"post_tag","embeddable":true,"href":"https:\/\/www.ranciliogroup.com\/it\/wp-json\/wp\/v2\/tags?post=32920"}],"curies":[{"name":"wp","href":"https:\/\/api.w.org\/{rel}","templated":true}]}}