{"id":47473,"date":"2022-02-15T10:33:45","date_gmt":"2022-02-15T09:33:45","guid":{"rendered":"https:\/\/www.ranciliogroup.com\/?p=47473"},"modified":"2023-05-05T12:27:25","modified_gmt":"2023-05-05T10:27:25","slug":"responsabile-della-manutenzione","status":"publish","type":"post","link":"https:\/\/www.ranciliogroup.com\/it\/responsabile-della-manutenzione\/","title":{"rendered":"RESPONSABILE DELLA MANUTENZIONE"},"content":{"rendered":"<p>Siamo alla ricerca di una figura tecnica esperta, in grado di coordinare e supervisionare i lavori di riparazione e manutenzione, anche straordinaria, del sito industriale di Parabiago: dovr\u00e0 definire il budget, anche economico, dei lavori di manutenzione preventiva e di revisione che si renderanno necessari (anche proponendo migliorie alla situazione esistente), curare le rendicontazioni delle attivit\u00e0 svolte, prendersi carico dello scouting dei tecnici esterni incaricati e della ricerca dei materiali, nonch\u00e9 conoscere e far osservare tutte le norme e misure di sicurezza &#8211; generali e specifiche &#8211; prescritte per l\u2019esecuzione dei lavori.<br \/>\nDovr\u00e0 essere in grado, inoltre, di eseguire in prima persona piccoli interventi di manutenzione, nell\u2019ottica di mantenere in efficienza gli impianti ed essere in grado di intervenire prontamente ove si manifestino urgenze.<br \/>\nSono richieste conoscenze tecniche di base e capacit\u00e0 di esecuzione di piccoli interventi di manutenzione elettrica ed idraulica, uso del PC, patente B e, possibilmente, abilitazione all\u2019uso del carrello elevatore.<\/p>\n<p>Il candidato ideale (uomo\/donna) \u00e8 max 45 anni, residente in zona, con diploma tecnico e con esperienza pregressa in ruoli analoghi in aziende industriali oppure svolta in proprio come artigiano.<\/p>\n<p>Sono richieste doti di organizzazione del proprio lavoro, rispetto delle priorit\u00e0, flessibilit\u00e0 di orario (anche dando la reperibilit\u00e0 nei giorni di chiusura aziendale) e con buone doti relazionali.<\/p>\n","protected":false},"excerpt":{"rendered":"<p>Siamo alla ricerca di una figura tecnica esperta, in grado di coordinare e supervisionare i lavori di riparazione e manutenzione,&#8230;<\/p>\n","protected":false},"author":5,"featured_media":0,"comment_status":"closed","ping_status":"closed","sticky":false,"template":"","format":"standard","meta":[],"categories":[465],"tags":[],"acf":[],"yoast_head":"<!-- This site is optimized with the Yoast SEO plugin v21.5 - https:\/\/yoast.com\/wordpress\/plugins\/seo\/ -->\n<title>RESPONSABILE DELLA MANUTENZIONE - Rancilio Group<\/title>\n<meta name=\"description\" content=\"Siamo alla ricerca di una figura tecnica esperta, in grado di coordinare e supervisionare i lavori di riparazione e manutenzione, anche straordinaria, del sito industriale di Parabiago\" \/>\n<meta name=\"robots\" content=\"index, follow, max-snippet:-1, max-image-preview:large, max-video-preview:-1\" \/>\n<link rel=\"canonical\" href=\"https:\/\/www.ranciliogroup.com\/it\/responsabile-della-manutenzione\/\" \/>\n<meta property=\"og:locale\" content=\"it_IT\" \/>\n<meta property=\"og:type\" content=\"article\" \/>\n<meta property=\"og:title\" content=\"RESPONSABILE DELLA MANUTENZIONE - Rancilio Group\" \/>\n<meta property=\"og:description\" content=\"Siamo alla ricerca di una figura tecnica esperta, in grado di coordinare e supervisionare i lavori di riparazione e manutenzione, anche straordinaria, del sito industriale di Parabiago\" \/>\n<meta property=\"og:url\" content=\"https:\/\/www.ranciliogroup.com\/it\/responsabile-della-manutenzione\/\" \/>\n<meta property=\"og:site_name\" content=\"Rancilio Group\" \/>\n<meta property=\"article:publisher\" content=\"https:\/\/www.facebook.com\/RancilioGroup\" \/>\n<meta property=\"article:published_time\" content=\"2022-02-15T09:33:45+00:00\" \/>\n<meta property=\"article:modified_time\" content=\"2023-05-05T10:27:25+00:00\" \/>\n<meta property=\"og:image\" content=\"https:\/\/www.ranciliogroup.com\/app\/uploads\/2019\/09\/who-we-are-ranciliogroup-2.jpg\" \/>\n\t<meta property=\"og:image:width\" content=\"1920\" \/>\n\t<meta property=\"og:image:height\" content=\"1200\" \/>\n\t<meta property=\"og:image:type\" content=\"image\/jpeg\" \/>\n<meta name=\"author\" content=\"temp circular\" \/>\n<meta name=\"twitter:card\" content=\"summary_large_image\" \/>\n<meta name=\"twitter:creator\" content=\"@ranciliogroup\" \/>\n<meta name=\"twitter:site\" content=\"@ranciliogroup\" \/>\n<meta name=\"twitter:label1\" content=\"Scritto da\" \/>\n\t<meta name=\"twitter:data1\" content=\"temp circular\" \/>\n\t<meta name=\"twitter:label2\" content=\"Tempo di lettura stimato\" \/>\n\t<meta name=\"twitter:data2\" content=\"1 minuto\" \/>\n<script type=\"application\/ld+json\" class=\"yoast-schema-graph\">{\"@context\":\"https:\/\/schema.org\",\"@graph\":[{\"@type\":\"Article\",\"@id\":\"https:\/\/www.ranciliogroup.com\/it\/responsabile-della-manutenzione\/#article\",\"isPartOf\":{\"@id\":\"https:\/\/www.ranciliogroup.com\/it\/responsabile-della-manutenzione\/\"},\"author\":{\"name\":\"temp circular\",\"@id\":\"https:\/\/www.ranciliogroup.com\/it\/#\/schema\/person\/d6bf0a7dfe74cded3d64da8b2c92814c\"},\"headline\":\"RESPONSABILE DELLA MANUTENZIONE\",\"datePublished\":\"2022-02-15T09:33:45+00:00\",\"dateModified\":\"2023-05-05T10:27:25+00:00\",\"mainEntityOfPage\":{\"@id\":\"https:\/\/www.ranciliogroup.com\/it\/responsabile-della-manutenzione\/\"},\"wordCount\":217,\"publisher\":{\"@id\":\"https:\/\/www.ranciliogroup.com\/it\/#organization\"},\"articleSection\":[\"Eventi\"],\"inLanguage\":\"it-IT\"},{\"@type\":\"WebPage\",\"@id\":\"https:\/\/www.ranciliogroup.com\/it\/responsabile-della-manutenzione\/\",\"url\":\"https:\/\/www.ranciliogroup.com\/it\/responsabile-della-manutenzione\/\",\"name\":\"RESPONSABILE DELLA MANUTENZIONE - Rancilio Group\",\"isPartOf\":{\"@id\":\"https:\/\/www.ranciliogroup.com\/it\/#website\"},\"datePublished\":\"2022-02-15T09:33:45+00:00\",\"dateModified\":\"2023-05-05T10:27:25+00:00\",\"description\":\"Siamo alla ricerca di una figura tecnica esperta, in grado di coordinare e supervisionare i lavori di riparazione e manutenzione, anche straordinaria, del sito industriale di Parabiago\",\"breadcrumb\":{\"@id\":\"https:\/\/www.ranciliogroup.com\/it\/responsabile-della-manutenzione\/#breadcrumb\"},\"inLanguage\":\"it-IT\",\"potentialAction\":[{\"@type\":\"ReadAction\",\"target\":[\"https:\/\/www.ranciliogroup.com\/it\/responsabile-della-manutenzione\/\"]}]},{\"@type\":\"BreadcrumbList\",\"@id\":\"https:\/\/www.ranciliogroup.com\/it\/responsabile-della-manutenzione\/#breadcrumb\",\"itemListElement\":[{\"@type\":\"ListItem\",\"position\":1,\"name\":\"Home\",\"item\":\"https:\/\/www.ranciliogroup.com\/it\/\"},{\"@type\":\"ListItem\",\"position\":2,\"name\":\"RESPONSABILE DELLA MANUTENZIONE\"}]},{\"@type\":\"WebSite\",\"@id\":\"https:\/\/www.ranciliogroup.com\/it\/#website\",\"url\":\"https:\/\/www.ranciliogroup.com\/it\/\",\"name\":\"Rancilio Group\",\"description\":\"Leader delle Macchine da Caff\u00e8 Professionali\",\"publisher\":{\"@id\":\"https:\/\/www.ranciliogroup.com\/it\/#organization\"},\"potentialAction\":[{\"@type\":\"SearchAction\",\"target\":{\"@type\":\"EntryPoint\",\"urlTemplate\":\"https:\/\/www.ranciliogroup.com\/it\/?s={search_term_string}\"},\"query-input\":\"required name=search_term_string\"}],\"inLanguage\":\"it-IT\"},{\"@type\":\"Organization\",\"@id\":\"https:\/\/www.ranciliogroup.com\/it\/#organization\",\"name\":\"Rancilio Group\",\"url\":\"https:\/\/www.ranciliogroup.com\/it\/\",\"logo\":{\"@type\":\"ImageObject\",\"inLanguage\":\"it-IT\",\"@id\":\"https:\/\/www.ranciliogroup.com\/it\/#\/schema\/logo\/image\/\",\"url\":\"https:\/\/www.ranciliogroup.com\/app\/uploads\/2019\/07\/rancilio_black_logo.png\",\"contentUrl\":\"https:\/\/www.ranciliogroup.com\/app\/uploads\/2019\/07\/rancilio_black_logo.png\",\"width\":447,\"height\":57,\"caption\":\"Rancilio Group\"},\"image\":{\"@id\":\"https:\/\/www.ranciliogroup.com\/it\/#\/schema\/logo\/image\/\"},\"sameAs\":[\"https:\/\/www.facebook.com\/RancilioGroup\",\"https:\/\/twitter.com\/ranciliogroup\",\"https:\/\/www.instagram.com\/rancilio_official\/\",\"https:\/\/www.linkedin.com\/company\/ranciliogroup\/\",\"https:\/\/www.youtube.com\/user\/rancilioadmin\"]},{\"@type\":\"Person\",\"@id\":\"https:\/\/www.ranciliogroup.com\/it\/#\/schema\/person\/d6bf0a7dfe74cded3d64da8b2c92814c\",\"name\":\"temp circular\",\"image\":{\"@type\":\"ImageObject\",\"inLanguage\":\"it-IT\",\"@id\":\"https:\/\/www.ranciliogroup.com\/it\/#\/schema\/person\/image\/\",\"url\":\"https:\/\/secure.gravatar.com\/avatar\/569e71c3b97b8bcad1854d6579b35c5f?s=96&d=mm&r=g\",\"contentUrl\":\"https:\/\/secure.gravatar.com\/avatar\/569e71c3b97b8bcad1854d6579b35c5f?s=96&d=mm&r=g\",\"caption\":\"temp circular\"}}]}<\/script>\n<!-- \/ Yoast SEO plugin. -->","yoast_head_json":{"title":"RESPONSABILE DELLA MANUTENZIONE - Rancilio Group","description":"Siamo alla ricerca di una figura tecnica esperta, in grado di coordinare e supervisionare i lavori di riparazione e manutenzione, anche straordinaria, del sito industriale di Parabiago","robots":{"index":"index","follow":"follow","max-snippet":"max-snippet:-1","max-image-preview":"max-image-preview:large","max-video-preview":"max-video-preview:-1"},"canonical":"https:\/\/www.ranciliogroup.com\/it\/responsabile-della-manutenzione\/","og_locale":"it_IT","og_type":"article","og_title":"RESPONSABILE DELLA MANUTENZIONE - Rancilio Group","og_description":"Siamo alla ricerca di una figura tecnica esperta, in grado di coordinare e supervisionare i lavori di riparazione e manutenzione, anche straordinaria, del sito industriale di Parabiago","og_url":"https:\/\/www.ranciliogroup.com\/it\/responsabile-della-manutenzione\/","og_site_name":"Rancilio Group","article_publisher":"https:\/\/www.facebook.com\/RancilioGroup","article_published_time":"2022-02-15T09:33:45+00:00","article_modified_time":"2023-05-05T10:27:25+00:00","og_image":[{"width":1920,"height":1200,"url":"https:\/\/www.ranciliogroup.com\/app\/uploads\/2019\/09\/who-we-are-ranciliogroup-2.jpg","type":"image\/jpeg"}],"author":"temp circular","twitter_card":"summary_large_image","twitter_creator":"@ranciliogroup","twitter_site":"@ranciliogroup","twitter_misc":{"Scritto da":"temp circular","Tempo di lettura stimato":"1 minuto"},"schema":{"@context":"https:\/\/schema.org","@graph":[{"@type":"Article","@id":"https:\/\/www.ranciliogroup.com\/it\/responsabile-della-manutenzione\/#article","isPartOf":{"@id":"https:\/\/www.ranciliogroup.com\/it\/responsabile-della-manutenzione\/"},"author":{"name":"temp circular","@id":"https:\/\/www.ranciliogroup.com\/it\/#\/schema\/person\/d6bf0a7dfe74cded3d64da8b2c92814c"},"headline":"RESPONSABILE DELLA MANUTENZIONE","datePublished":"2022-02-15T09:33:45+00:00","dateModified":"2023-05-05T10:27:25+00:00","mainEntityOfPage":{"@id":"https:\/\/www.ranciliogroup.com\/it\/responsabile-della-manutenzione\/"},"wordCount":217,"publisher":{"@id":"https:\/\/www.ranciliogroup.com\/it\/#organization"},"articleSection":["Eventi"],"inLanguage":"it-IT"},{"@type":"WebPage","@id":"https:\/\/www.ranciliogroup.com\/it\/responsabile-della-manutenzione\/","url":"https:\/\/www.ranciliogroup.com\/it\/responsabile-della-manutenzione\/","name":"RESPONSABILE DELLA MANUTENZIONE - Rancilio Group","isPartOf":{"@id":"https:\/\/www.ranciliogroup.com\/it\/#website"},"datePublished":"2022-02-15T09:33:45+00:00","dateModified":"2023-05-05T10:27:25+00:00","description":"Siamo alla ricerca di una figura tecnica esperta, in grado di coordinare e supervisionare i lavori di riparazione e manutenzione, anche straordinaria, del sito industriale di Parabiago","breadcrumb":{"@id":"https:\/\/www.ranciliogroup.com\/it\/responsabile-della-manutenzione\/#breadcrumb"},"inLanguage":"it-IT","potentialAction":[{"@type":"ReadAction","target":["https:\/\/www.ranciliogroup.com\/it\/responsabile-della-manutenzione\/"]}]},{"@type":"BreadcrumbList","@id":"https:\/\/www.ranciliogroup.com\/it\/responsabile-della-manutenzione\/#breadcrumb","itemListElement":[{"@type":"ListItem","position":1,"name":"Home","item":"https:\/\/www.ranciliogroup.com\/it\/"},{"@type":"ListItem","position":2,"name":"RESPONSABILE DELLA MANUTENZIONE"}]},{"@type":"WebSite","@id":"https:\/\/www.ranciliogroup.com\/it\/#website","url":"https:\/\/www.ranciliogroup.com\/it\/","name":"Rancilio Group","description":"Leader delle Macchine da Caff\u00e8 Professionali","publisher":{"@id":"https:\/\/www.ranciliogroup.com\/it\/#organization"},"potentialAction":[{"@type":"SearchAction","target":{"@type":"EntryPoint","urlTemplate":"https:\/\/www.ranciliogroup.com\/it\/?s={search_term_string}"},"query-input":"required name=search_term_string"}],"inLanguage":"it-IT"},{"@type":"Organization","@id":"https:\/\/www.ranciliogroup.com\/it\/#organization","name":"Rancilio Group","url":"https:\/\/www.ranciliogroup.com\/it\/","logo":{"@type":"ImageObject","inLanguage":"it-IT","@id":"https:\/\/www.ranciliogroup.com\/it\/#\/schema\/logo\/image\/","url":"https:\/\/www.ranciliogroup.com\/app\/uploads\/2019\/07\/rancilio_black_logo.png","contentUrl":"https:\/\/www.ranciliogroup.com\/app\/uploads\/2019\/07\/rancilio_black_logo.png","width":447,"height":57,"caption":"Rancilio Group"},"image":{"@id":"https:\/\/www.ranciliogroup.com\/it\/#\/schema\/logo\/image\/"},"sameAs":["https:\/\/www.facebook.com\/RancilioGroup","https:\/\/twitter.com\/ranciliogroup","https:\/\/www.instagram.com\/rancilio_official\/","https:\/\/www.linkedin.com\/company\/ranciliogroup\/","https:\/\/www.youtube.com\/user\/rancilioadmin"]},{"@type":"Person","@id":"https:\/\/www.ranciliogroup.com\/it\/#\/schema\/person\/d6bf0a7dfe74cded3d64da8b2c92814c","name":"temp circular","image":{"@type":"ImageObject","inLanguage":"it-IT","@id":"https:\/\/www.ranciliogroup.com\/it\/#\/schema\/person\/image\/","url":"https:\/\/secure.gravatar.com\/avatar\/569e71c3b97b8bcad1854d6579b35c5f?s=96&d=mm&r=g","contentUrl":"https:\/\/secure.gravatar.com\/avatar\/569e71c3b97b8bcad1854d6579b35c5f?s=96&d=mm&r=g","caption":"temp circular"}}]}},"_links":{"self":[{"href":"https:\/\/www.ranciliogroup.com\/it\/wp-json\/wp\/v2\/posts\/47473"}],"collection":[{"href":"https:\/\/www.ranciliogroup.com\/it\/wp-json\/wp\/v2\/posts"}],"about":[{"href":"https:\/\/www.ranciliogroup.com\/it\/wp-json\/wp\/v2\/types\/post"}],"author":[{"embeddable":true,"href":"https:\/\/www.ranciliogroup.com\/it\/wp-json\/wp\/v2\/users\/5"}],"replies":[{"embeddable":true,"href":"https:\/\/www.ranciliogroup.com\/it\/wp-json\/wp\/v2\/comments?post=47473"}],"version-history":[{"count":3,"href":"https:\/\/www.ranciliogroup.com\/it\/wp-json\/wp\/v2\/posts\/47473\/revisions"}],"predecessor-version":[{"id":47481,"href":"https:\/\/www.ranciliogroup.com\/it\/wp-json\/wp\/v2\/posts\/47473\/revisions\/47481"}],"wp:attachment":[{"href":"https:\/\/www.ranciliogroup.com\/it\/wp-json\/wp\/v2\/media?parent=47473"}],"wp:term":[{"taxonomy":"category","embeddable":true,"href":"https:\/\/www.ranciliogroup.com\/it\/wp-json\/wp\/v2\/categories?post=47473"},{"taxonomy":"post_tag","embeddable":true,"href":"https:\/\/www.ranciliogroup.com\/it\/wp-json\/wp\/v2\/tags?post=47473"}],"curies":[{"name":"wp","href":"https:\/\/api.w.org\/{rel}","templated":true}]}}