{"id":61283,"date":"2022-09-19T12:19:54","date_gmt":"2022-09-19T10:19:54","guid":{"rendered":"https:\/\/www.ranciliogroup.com\/?p=61283"},"modified":"2025-02-13T14:22:59","modified_gmt":"2025-02-13T13:22:59","slug":"rancilio-group-inaugura-la-nuova-sede-della-filiale-di-barcellona","status":"publish","type":"post","link":"https:\/\/www.ranciliogroup.com\/it\/rancilio-group-inaugura-la-nuova-sede-della-filiale-di-barcellona\/","title":{"rendered":"Rancilio Group inaugura la nuova sede della filiale di Barcellona"},"content":{"rendered":"<p>La nuova sede di Rancilio Group Iberia \u00e8 stata inaugurata a Barcellona gioved\u00ec 15 settembre con un evento speciale a porte aperte che ha coinvolto partner e clienti provenienti dalla Spagna e dal Portogallo. La nuova sede sar\u00e0 uno dei poli pi\u00f9 importanti per le attivit\u00e0 commerciali di Rancilio Group in tutta la penisola iberica ed \u00e8 stata progettata come uno spazio polifunzionale. Oltre a un elegante showroom multibrand, ospita i locali commerciali e i magazzini per lo stoccaggio di prodotti e ricambi. Inoltre, ci sono spazi dedicati ai corsi di formazione per i baristi e i tecnici specializzati, un training center, un centro di assistenza tecnica, un Extraction Lab e un\u2019area per eventi e workshop. La nuova sede di Rancilio Group Iberia \u00e8 situata nel complesso industriale Les Grases di Sant Feliu de Llobregat, alle porte di Barcellona. Si trova in una posizione strategica, vicino all\u2019aeroporto Josep Tarradellas Barcellona-El Prat e alle due principali autostrade del nord-est della Spagna: la A2 per il collegamento con Madrid e la AP7 per raggiungere la Francia e i paesi dell\u2019Europa continentale.<\/p>\n","protected":false},"excerpt":{"rendered":"<p>La nuova sede di Rancilio Group Iberia \u00e8 stata inaugurata a Barcellona gioved\u00ec 15 settembre con un evento speciale a&#8230;<\/p>\n","protected":false},"author":5,"featured_media":61319,"comment_status":"closed","ping_status":"closed","sticky":false,"template":"","format":"standard","meta":[],"categories":[539,852],"tags":[],"acf":[],"yoast_head":"<!-- This site is optimized with the Yoast SEO plugin v21.5 - https:\/\/yoast.com\/wordpress\/plugins\/seo\/ -->\n<title>Rancilio Group inaugura la nuova sede della filiale di Barcellona - Rancilio Group<\/title>\n<meta name=\"description\" content=\"La nuova sede di Rancilio Group Iberia \u00e8 stata inaugurata a Barcellona gioved\u00ec 15 settembre con un evento speciale a porte aperte che ha coinvolto partner e clienti provenienti dalla Spagna e dal Portogallo.\" \/>\n<meta name=\"robots\" content=\"index, follow, max-snippet:-1, max-image-preview:large, max-video-preview:-1\" \/>\n<link rel=\"canonical\" href=\"https:\/\/www.ranciliogroup.com\/it\/rancilio-group-inaugura-la-nuova-sede-della-filiale-di-barcellona\/\" \/>\n<meta property=\"og:locale\" content=\"it_IT\" \/>\n<meta property=\"og:type\" content=\"article\" \/>\n<meta property=\"og:title\" content=\"Rancilio Group inaugura la nuova sede della filiale di Barcellona - Rancilio Group\" \/>\n<meta property=\"og:description\" content=\"La nuova sede di Rancilio Group Iberia \u00e8 stata inaugurata a Barcellona gioved\u00ec 15 settembre con un evento speciale a porte aperte che ha coinvolto partner e clienti provenienti dalla Spagna e dal Portogallo.\" \/>\n<meta property=\"og:url\" content=\"https:\/\/www.ranciliogroup.com\/it\/rancilio-group-inaugura-la-nuova-sede-della-filiale-di-barcellona\/\" \/>\n<meta property=\"og:site_name\" content=\"Rancilio Group\" \/>\n<meta property=\"article:publisher\" content=\"https:\/\/www.facebook.com\/RancilioGroup\" \/>\n<meta property=\"article:published_time\" content=\"2022-09-19T10:19:54+00:00\" \/>\n<meta property=\"article:modified_time\" content=\"2025-02-13T13:22:59+00:00\" \/>\n<meta property=\"og:image\" content=\"https:\/\/www.ranciliogroup.com\/app\/uploads\/2022\/09\/File_066-2-scaled.jpg\" \/>\n\t<meta property=\"og:image:width\" content=\"2560\" \/>\n\t<meta property=\"og:image:height\" content=\"1051\" \/>\n\t<meta property=\"og:image:type\" content=\"image\/jpeg\" \/>\n<meta name=\"author\" content=\"temp circular\" \/>\n<meta name=\"twitter:card\" content=\"summary_large_image\" \/>\n<meta name=\"twitter:creator\" content=\"@ranciliogroup\" \/>\n<meta name=\"twitter:site\" content=\"@ranciliogroup\" \/>\n<meta name=\"twitter:label1\" content=\"Scritto da\" \/>\n\t<meta name=\"twitter:data1\" content=\"temp circular\" \/>\n\t<meta name=\"twitter:label2\" content=\"Tempo di lettura stimato\" \/>\n\t<meta name=\"twitter:data2\" content=\"1 minuto\" \/>\n<script type=\"application\/ld+json\" class=\"yoast-schema-graph\">{\"@context\":\"https:\/\/schema.org\",\"@graph\":[{\"@type\":\"Article\",\"@id\":\"https:\/\/www.ranciliogroup.com\/it\/rancilio-group-inaugura-la-nuova-sede-della-filiale-di-barcellona\/#article\",\"isPartOf\":{\"@id\":\"https:\/\/www.ranciliogroup.com\/it\/rancilio-group-inaugura-la-nuova-sede-della-filiale-di-barcellona\/\"},\"author\":{\"name\":\"temp circular\",\"@id\":\"https:\/\/www.ranciliogroup.com\/it\/#\/schema\/person\/d6bf0a7dfe74cded3d64da8b2c92814c\"},\"headline\":\"Rancilio Group inaugura la nuova sede della filiale di Barcellona\",\"datePublished\":\"2022-09-19T10:19:54+00:00\",\"dateModified\":\"2025-02-13T13:22:59+00:00\",\"mainEntityOfPage\":{\"@id\":\"https:\/\/www.ranciliogroup.com\/it\/rancilio-group-inaugura-la-nuova-sede-della-filiale-di-barcellona\/\"},\"wordCount\":188,\"publisher\":{\"@id\":\"https:\/\/www.ranciliogroup.com\/it\/#organization\"},\"articleSection\":[\"News\",\"Stampa\"],\"inLanguage\":\"it-IT\"},{\"@type\":\"WebPage\",\"@id\":\"https:\/\/www.ranciliogroup.com\/it\/rancilio-group-inaugura-la-nuova-sede-della-filiale-di-barcellona\/\",\"url\":\"https:\/\/www.ranciliogroup.com\/it\/rancilio-group-inaugura-la-nuova-sede-della-filiale-di-barcellona\/\",\"name\":\"Rancilio Group inaugura la nuova sede della filiale di Barcellona - Rancilio Group\",\"isPartOf\":{\"@id\":\"https:\/\/www.ranciliogroup.com\/it\/#website\"},\"datePublished\":\"2022-09-19T10:19:54+00:00\",\"dateModified\":\"2025-02-13T13:22:59+00:00\",\"description\":\"La nuova sede di Rancilio Group Iberia \u00e8 stata inaugurata a Barcellona gioved\u00ec 15 settembre con un evento speciale a porte aperte che ha coinvolto partner e clienti provenienti dalla Spagna e dal Portogallo.\",\"breadcrumb\":{\"@id\":\"https:\/\/www.ranciliogroup.com\/it\/rancilio-group-inaugura-la-nuova-sede-della-filiale-di-barcellona\/#breadcrumb\"},\"inLanguage\":\"it-IT\",\"potentialAction\":[{\"@type\":\"ReadAction\",\"target\":[\"https:\/\/www.ranciliogroup.com\/it\/rancilio-group-inaugura-la-nuova-sede-della-filiale-di-barcellona\/\"]}]},{\"@type\":\"BreadcrumbList\",\"@id\":\"https:\/\/www.ranciliogroup.com\/it\/rancilio-group-inaugura-la-nuova-sede-della-filiale-di-barcellona\/#breadcrumb\",\"itemListElement\":[{\"@type\":\"ListItem\",\"position\":1,\"name\":\"Home\",\"item\":\"https:\/\/www.ranciliogroup.com\/it\/\"},{\"@type\":\"ListItem\",\"position\":2,\"name\":\"Rancilio Group inaugura la nuova sede della filiale di Barcellona\"}]},{\"@type\":\"WebSite\",\"@id\":\"https:\/\/www.ranciliogroup.com\/it\/#website\",\"url\":\"https:\/\/www.ranciliogroup.com\/it\/\",\"name\":\"Rancilio Group\",\"description\":\"Leader delle Macchine da Caff\u00e8 Professionali\",\"publisher\":{\"@id\":\"https:\/\/www.ranciliogroup.com\/it\/#organization\"},\"potentialAction\":[{\"@type\":\"SearchAction\",\"target\":{\"@type\":\"EntryPoint\",\"urlTemplate\":\"https:\/\/www.ranciliogroup.com\/it\/?s={search_term_string}\"},\"query-input\":\"required name=search_term_string\"}],\"inLanguage\":\"it-IT\"},{\"@type\":\"Organization\",\"@id\":\"https:\/\/www.ranciliogroup.com\/it\/#organization\",\"name\":\"Rancilio Group\",\"url\":\"https:\/\/www.ranciliogroup.com\/it\/\",\"logo\":{\"@type\":\"ImageObject\",\"inLanguage\":\"it-IT\",\"@id\":\"https:\/\/www.ranciliogroup.com\/it\/#\/schema\/logo\/image\/\",\"url\":\"https:\/\/www.ranciliogroup.com\/app\/uploads\/2019\/07\/rancilio_black_logo.png\",\"contentUrl\":\"https:\/\/www.ranciliogroup.com\/app\/uploads\/2019\/07\/rancilio_black_logo.png\",\"width\":447,\"height\":57,\"caption\":\"Rancilio Group\"},\"image\":{\"@id\":\"https:\/\/www.ranciliogroup.com\/it\/#\/schema\/logo\/image\/\"},\"sameAs\":[\"https:\/\/www.facebook.com\/RancilioGroup\",\"https:\/\/twitter.com\/ranciliogroup\",\"https:\/\/www.instagram.com\/rancilio_official\/\",\"https:\/\/www.linkedin.com\/company\/ranciliogroup\/\",\"https:\/\/www.youtube.com\/user\/rancilioadmin\"]},{\"@type\":\"Person\",\"@id\":\"https:\/\/www.ranciliogroup.com\/it\/#\/schema\/person\/d6bf0a7dfe74cded3d64da8b2c92814c\",\"name\":\"temp circular\",\"image\":{\"@type\":\"ImageObject\",\"inLanguage\":\"it-IT\",\"@id\":\"https:\/\/www.ranciliogroup.com\/it\/#\/schema\/person\/image\/\",\"url\":\"https:\/\/secure.gravatar.com\/avatar\/569e71c3b97b8bcad1854d6579b35c5f?s=96&d=mm&r=g\",\"contentUrl\":\"https:\/\/secure.gravatar.com\/avatar\/569e71c3b97b8bcad1854d6579b35c5f?s=96&d=mm&r=g\",\"caption\":\"temp circular\"}}]}<\/script>\n<!-- \/ Yoast SEO plugin. -->","yoast_head_json":{"title":"Rancilio Group inaugura la nuova sede della filiale di Barcellona - Rancilio Group","description":"La nuova sede di Rancilio Group Iberia \u00e8 stata inaugurata a Barcellona gioved\u00ec 15 settembre con un evento speciale a porte aperte che ha coinvolto partner e clienti provenienti dalla Spagna e dal Portogallo.","robots":{"index":"index","follow":"follow","max-snippet":"max-snippet:-1","max-image-preview":"max-image-preview:large","max-video-preview":"max-video-preview:-1"},"canonical":"https:\/\/www.ranciliogroup.com\/it\/rancilio-group-inaugura-la-nuova-sede-della-filiale-di-barcellona\/","og_locale":"it_IT","og_type":"article","og_title":"Rancilio Group inaugura la nuova sede della filiale di Barcellona - Rancilio Group","og_description":"La nuova sede di Rancilio Group Iberia \u00e8 stata inaugurata a Barcellona gioved\u00ec 15 settembre con un evento speciale a porte aperte che ha coinvolto partner e clienti provenienti dalla Spagna e dal Portogallo.","og_url":"https:\/\/www.ranciliogroup.com\/it\/rancilio-group-inaugura-la-nuova-sede-della-filiale-di-barcellona\/","og_site_name":"Rancilio Group","article_publisher":"https:\/\/www.facebook.com\/RancilioGroup","article_published_time":"2022-09-19T10:19:54+00:00","article_modified_time":"2025-02-13T13:22:59+00:00","og_image":[{"width":2560,"height":1051,"url":"https:\/\/www.ranciliogroup.com\/app\/uploads\/2022\/09\/File_066-2-scaled.jpg","type":"image\/jpeg"}],"author":"temp circular","twitter_card":"summary_large_image","twitter_creator":"@ranciliogroup","twitter_site":"@ranciliogroup","twitter_misc":{"Scritto da":"temp circular","Tempo di lettura stimato":"1 minuto"},"schema":{"@context":"https:\/\/schema.org","@graph":[{"@type":"Article","@id":"https:\/\/www.ranciliogroup.com\/it\/rancilio-group-inaugura-la-nuova-sede-della-filiale-di-barcellona\/#article","isPartOf":{"@id":"https:\/\/www.ranciliogroup.com\/it\/rancilio-group-inaugura-la-nuova-sede-della-filiale-di-barcellona\/"},"author":{"name":"temp circular","@id":"https:\/\/www.ranciliogroup.com\/it\/#\/schema\/person\/d6bf0a7dfe74cded3d64da8b2c92814c"},"headline":"Rancilio Group inaugura la nuova sede della filiale di Barcellona","datePublished":"2022-09-19T10:19:54+00:00","dateModified":"2025-02-13T13:22:59+00:00","mainEntityOfPage":{"@id":"https:\/\/www.ranciliogroup.com\/it\/rancilio-group-inaugura-la-nuova-sede-della-filiale-di-barcellona\/"},"wordCount":188,"publisher":{"@id":"https:\/\/www.ranciliogroup.com\/it\/#organization"},"articleSection":["News","Stampa"],"inLanguage":"it-IT"},{"@type":"WebPage","@id":"https:\/\/www.ranciliogroup.com\/it\/rancilio-group-inaugura-la-nuova-sede-della-filiale-di-barcellona\/","url":"https:\/\/www.ranciliogroup.com\/it\/rancilio-group-inaugura-la-nuova-sede-della-filiale-di-barcellona\/","name":"Rancilio Group inaugura la nuova sede della filiale di Barcellona - Rancilio Group","isPartOf":{"@id":"https:\/\/www.ranciliogroup.com\/it\/#website"},"datePublished":"2022-09-19T10:19:54+00:00","dateModified":"2025-02-13T13:22:59+00:00","description":"La nuova sede di Rancilio Group Iberia \u00e8 stata inaugurata a Barcellona gioved\u00ec 15 settembre con un evento speciale a porte aperte che ha coinvolto partner e clienti provenienti dalla Spagna e dal Portogallo.","breadcrumb":{"@id":"https:\/\/www.ranciliogroup.com\/it\/rancilio-group-inaugura-la-nuova-sede-della-filiale-di-barcellona\/#breadcrumb"},"inLanguage":"it-IT","potentialAction":[{"@type":"ReadAction","target":["https:\/\/www.ranciliogroup.com\/it\/rancilio-group-inaugura-la-nuova-sede-della-filiale-di-barcellona\/"]}]},{"@type":"BreadcrumbList","@id":"https:\/\/www.ranciliogroup.com\/it\/rancilio-group-inaugura-la-nuova-sede-della-filiale-di-barcellona\/#breadcrumb","itemListElement":[{"@type":"ListItem","position":1,"name":"Home","item":"https:\/\/www.ranciliogroup.com\/it\/"},{"@type":"ListItem","position":2,"name":"Rancilio Group inaugura la nuova sede della filiale di Barcellona"}]},{"@type":"WebSite","@id":"https:\/\/www.ranciliogroup.com\/it\/#website","url":"https:\/\/www.ranciliogroup.com\/it\/","name":"Rancilio Group","description":"Leader delle Macchine da Caff\u00e8 Professionali","publisher":{"@id":"https:\/\/www.ranciliogroup.com\/it\/#organization"},"potentialAction":[{"@type":"SearchAction","target":{"@type":"EntryPoint","urlTemplate":"https:\/\/www.ranciliogroup.com\/it\/?s={search_term_string}"},"query-input":"required name=search_term_string"}],"inLanguage":"it-IT"},{"@type":"Organization","@id":"https:\/\/www.ranciliogroup.com\/it\/#organization","name":"Rancilio Group","url":"https:\/\/www.ranciliogroup.com\/it\/","logo":{"@type":"ImageObject","inLanguage":"it-IT","@id":"https:\/\/www.ranciliogroup.com\/it\/#\/schema\/logo\/image\/","url":"https:\/\/www.ranciliogroup.com\/app\/uploads\/2019\/07\/rancilio_black_logo.png","contentUrl":"https:\/\/www.ranciliogroup.com\/app\/uploads\/2019\/07\/rancilio_black_logo.png","width":447,"height":57,"caption":"Rancilio Group"},"image":{"@id":"https:\/\/www.ranciliogroup.com\/it\/#\/schema\/logo\/image\/"},"sameAs":["https:\/\/www.facebook.com\/RancilioGroup","https:\/\/twitter.com\/ranciliogroup","https:\/\/www.instagram.com\/rancilio_official\/","https:\/\/www.linkedin.com\/company\/ranciliogroup\/","https:\/\/www.youtube.com\/user\/rancilioadmin"]},{"@type":"Person","@id":"https:\/\/www.ranciliogroup.com\/it\/#\/schema\/person\/d6bf0a7dfe74cded3d64da8b2c92814c","name":"temp circular","image":{"@type":"ImageObject","inLanguage":"it-IT","@id":"https:\/\/www.ranciliogroup.com\/it\/#\/schema\/person\/image\/","url":"https:\/\/secure.gravatar.com\/avatar\/569e71c3b97b8bcad1854d6579b35c5f?s=96&d=mm&r=g","contentUrl":"https:\/\/secure.gravatar.com\/avatar\/569e71c3b97b8bcad1854d6579b35c5f?s=96&d=mm&r=g","caption":"temp circular"}}]}},"_links":{"self":[{"href":"https:\/\/www.ranciliogroup.com\/it\/wp-json\/wp\/v2\/posts\/61283"}],"collection":[{"href":"https:\/\/www.ranciliogroup.com\/it\/wp-json\/wp\/v2\/posts"}],"about":[{"href":"https:\/\/www.ranciliogroup.com\/it\/wp-json\/wp\/v2\/types\/post"}],"author":[{"embeddable":true,"href":"https:\/\/www.ranciliogroup.com\/it\/wp-json\/wp\/v2\/users\/5"}],"replies":[{"embeddable":true,"href":"https:\/\/www.ranciliogroup.com\/it\/wp-json\/wp\/v2\/comments?post=61283"}],"version-history":[{"count":1,"href":"https:\/\/www.ranciliogroup.com\/it\/wp-json\/wp\/v2\/posts\/61283\/revisions"}],"predecessor-version":[{"id":61284,"href":"https:\/\/www.ranciliogroup.com\/it\/wp-json\/wp\/v2\/posts\/61283\/revisions\/61284"}],"wp:featuredmedia":[{"embeddable":true,"href":"https:\/\/www.ranciliogroup.com\/it\/wp-json\/wp\/v2\/media\/61319"}],"wp:attachment":[{"href":"https:\/\/www.ranciliogroup.com\/it\/wp-json\/wp\/v2\/media?parent=61283"}],"wp:term":[{"taxonomy":"category","embeddable":true,"href":"https:\/\/www.ranciliogroup.com\/it\/wp-json\/wp\/v2\/categories?post=61283"},{"taxonomy":"post_tag","embeddable":true,"href":"https:\/\/www.ranciliogroup.com\/it\/wp-json\/wp\/v2\/tags?post=61283"}],"curies":[{"name":"wp","href":"https:\/\/api.w.org\/{rel}","templated":true}]}}