{"id":61439,"date":"2022-10-12T14:16:20","date_gmt":"2022-10-12T12:16:20","guid":{"rendered":"https:\/\/www.ranciliogroup.com\/?p=61439"},"modified":"2023-05-05T11:51:23","modified_gmt":"2023-05-05T09:51:23","slug":"rancilio-specialty-e-le-tribu-dello-specialty-coffee-si-ritrovano-a-barcellona-per-le-nuove-sfide-di-barista-league","status":"publish","type":"post","link":"https:\/\/www.ranciliogroup.com\/it\/rancilio-specialty-e-le-tribu-dello-specialty-coffee-si-ritrovano-a-barcellona-per-le-nuove-sfide-di-barista-league\/","title":{"rendered":"Rancilio Specialty e le trib\u00f9 dello Specialty Coffee si ritrovano a Barcellona per le nuove sfide di Barista League."},"content":{"rendered":"<p>Grande ritorno a Barcellona per la nuova tappa di Barista League, in programma sabato 22 ottobre dalle ore 18 presso la sede di Syra Coffee. I dodici baristi pi\u00f9 cool della Catalogna si sfideranno in tre turni di prove di abilit\u00e0 dietro al bancone lavorando con Rancilio Specialty RS1, la macchina per caff\u00e8 ufficiale dell\u2019evento. Il format \u00e8 confermato e, come sempre, il divertimento \u00e8 assicurato. E tra un round e l\u2019altro: musica, buone vibrazioni e i caff\u00e8 specialty delle migliori torrefazioni di Barcellona. La giuria \u00e8 composta da Carmen Callizo di Slowmov, Irene Garc\u00eda di Hidden Coffee Roasters, Mar\u00eda L\u00f3pez di Bar La Camila, Dani Rojo di Harmony Roasters, Rodrigo Moreiras di Syra Coffee e Yan Oakley the Alchemist. La serata sar\u00e0 presentata da MC Marcos Zoya. I biglietti sono in vendita su <a href=\"https:\/\/www.tickettailor.com\/events\/thebaristaleague\/620560\/#\">tickettailor.com<\/a><\/p>\n<p><strong>\u00a0<\/strong><\/p>\n<p><strong>Barista League Barcelona<br \/>\n<\/strong>Sabato 22 ottobre<br \/>\ndalle ore 18 alle 22.30<br \/>\n<a href=\"https:\/\/www.google.it\/maps\/place\/The+Syra+House\/@41.3535369,2.0990243,17z\/data=!3m1!4b1!4m5!3m4!1s0x12a499bd06017867:0xd8f9e661b1775250!8m2!3d41.3535369!4d2.0990243\">Syra Coffee<\/a><br \/>\nCarrer Femades 78<br \/>\n08907 Hospitalet de Llobregat, Barcelona, Spagna<\/p>\n<p><strong>Segui l\u2019evento sulla pagina ufficiale Instagram<br \/>\n<\/strong>@ranciliospecialty #ranciliospecialty<\/p>\n<p><a href=\"https:\/\/www.ranciliogroup.com\/it\/specialty\/rs1\/\"><strong>Scopri Rancilio Specialty RS1<\/strong><\/a><\/p>\n","protected":false},"excerpt":{"rendered":"<p>Grande ritorno a Barcellona per la nuova tappa di Barista League, in programma sabato 22 ottobre dalle ore 18 presso&#8230;<\/p>\n","protected":false},"author":5,"featured_media":61440,"comment_status":"closed","ping_status":"closed","sticky":false,"template":"","format":"standard","meta":[],"categories":[465],"tags":[2586,2587,2528,2530],"acf":[],"yoast_head":"<!-- This site is optimized with the Yoast SEO plugin v21.5 - https:\/\/yoast.com\/wordpress\/plugins\/seo\/ -->\n<title>Rancilio Specialty e le trib\u00f9 dello Specialty Coffee si ritrovano a Barcellona per le nuove sfide di Barista League. - Rancilio Group<\/title>\n<meta name=\"description\" content=\"Grande ritorno a Barcellona per la nuova tappa di Barista League, in programma sabato 22 ottobre dalle ore 18 presso la sede di Syra Coffee.\" \/>\n<meta name=\"robots\" content=\"index, follow, max-snippet:-1, max-image-preview:large, max-video-preview:-1\" \/>\n<link rel=\"canonical\" href=\"https:\/\/www.ranciliogroup.com\/it\/rancilio-specialty-e-le-tribu-dello-specialty-coffee-si-ritrovano-a-barcellona-per-le-nuove-sfide-di-barista-league\/\" \/>\n<meta property=\"og:locale\" content=\"it_IT\" \/>\n<meta property=\"og:type\" content=\"article\" \/>\n<meta property=\"og:title\" content=\"Rancilio Specialty e le trib\u00f9 dello Specialty Coffee si ritrovano a Barcellona per le nuove sfide di Barista League. - Rancilio Group\" \/>\n<meta property=\"og:description\" content=\"Grande ritorno a Barcellona per la nuova tappa di Barista League, in programma sabato 22 ottobre dalle ore 18 presso la sede di Syra Coffee.\" \/>\n<meta property=\"og:url\" content=\"https:\/\/www.ranciliogroup.com\/it\/rancilio-specialty-e-le-tribu-dello-specialty-coffee-si-ritrovano-a-barcellona-per-le-nuove-sfide-di-barista-league\/\" \/>\n<meta property=\"og:site_name\" content=\"Rancilio Group\" \/>\n<meta property=\"article:publisher\" content=\"https:\/\/www.facebook.com\/RancilioGroup\" \/>\n<meta property=\"article:published_time\" content=\"2022-10-12T12:16:20+00:00\" \/>\n<meta property=\"article:modified_time\" content=\"2023-05-05T09:51:23+00:00\" \/>\n<meta property=\"og:image\" content=\"https:\/\/www.ranciliogroup.com\/app\/uploads\/2022\/10\/Upcoming_events_Barcelona.jpg\" \/>\n\t<meta property=\"og:image:width\" content=\"500\" \/>\n\t<meta property=\"og:image:height\" content=\"501\" \/>\n\t<meta property=\"og:image:type\" content=\"image\/jpeg\" \/>\n<meta name=\"author\" content=\"temp circular\" \/>\n<meta name=\"twitter:card\" content=\"summary_large_image\" \/>\n<meta name=\"twitter:creator\" content=\"@ranciliogroup\" \/>\n<meta name=\"twitter:site\" content=\"@ranciliogroup\" \/>\n<meta name=\"twitter:label1\" content=\"Scritto da\" \/>\n\t<meta name=\"twitter:data1\" content=\"temp circular\" \/>\n\t<meta name=\"twitter:label2\" content=\"Tempo di lettura stimato\" \/>\n\t<meta name=\"twitter:data2\" content=\"1 minuto\" \/>\n<script type=\"application\/ld+json\" class=\"yoast-schema-graph\">{\"@context\":\"https:\/\/schema.org\",\"@graph\":[{\"@type\":\"Article\",\"@id\":\"https:\/\/www.ranciliogroup.com\/it\/rancilio-specialty-e-le-tribu-dello-specialty-coffee-si-ritrovano-a-barcellona-per-le-nuove-sfide-di-barista-league\/#article\",\"isPartOf\":{\"@id\":\"https:\/\/www.ranciliogroup.com\/it\/rancilio-specialty-e-le-tribu-dello-specialty-coffee-si-ritrovano-a-barcellona-per-le-nuove-sfide-di-barista-league\/\"},\"author\":{\"name\":\"temp circular\",\"@id\":\"https:\/\/www.ranciliogroup.com\/it\/#\/schema\/person\/d6bf0a7dfe74cded3d64da8b2c92814c\"},\"headline\":\"Rancilio Specialty e le trib\u00f9 dello Specialty Coffee si ritrovano a Barcellona per le nuove sfide di Barista League.\",\"datePublished\":\"2022-10-12T12:16:20+00:00\",\"dateModified\":\"2023-05-05T09:51:23+00:00\",\"mainEntityOfPage\":{\"@id\":\"https:\/\/www.ranciliogroup.com\/it\/rancilio-specialty-e-le-tribu-dello-specialty-coffee-si-ritrovano-a-barcellona-per-le-nuove-sfide-di-barista-league\/\"},\"wordCount\":185,\"publisher\":{\"@id\":\"https:\/\/www.ranciliogroup.com\/it\/#organization\"},\"keywords\":[\"Barcelona\",\"RS1\",\"Rancilio Specialty\",\"Barista League\"],\"articleSection\":[\"Eventi\"],\"inLanguage\":\"it-IT\"},{\"@type\":\"WebPage\",\"@id\":\"https:\/\/www.ranciliogroup.com\/it\/rancilio-specialty-e-le-tribu-dello-specialty-coffee-si-ritrovano-a-barcellona-per-le-nuove-sfide-di-barista-league\/\",\"url\":\"https:\/\/www.ranciliogroup.com\/it\/rancilio-specialty-e-le-tribu-dello-specialty-coffee-si-ritrovano-a-barcellona-per-le-nuove-sfide-di-barista-league\/\",\"name\":\"Rancilio Specialty e le trib\u00f9 dello Specialty Coffee si ritrovano a Barcellona per le nuove sfide di Barista League. - Rancilio Group\",\"isPartOf\":{\"@id\":\"https:\/\/www.ranciliogroup.com\/it\/#website\"},\"datePublished\":\"2022-10-12T12:16:20+00:00\",\"dateModified\":\"2023-05-05T09:51:23+00:00\",\"description\":\"Grande ritorno a Barcellona per la nuova tappa di Barista League, in programma sabato 22 ottobre dalle ore 18 presso la sede di Syra Coffee.\",\"breadcrumb\":{\"@id\":\"https:\/\/www.ranciliogroup.com\/it\/rancilio-specialty-e-le-tribu-dello-specialty-coffee-si-ritrovano-a-barcellona-per-le-nuove-sfide-di-barista-league\/#breadcrumb\"},\"inLanguage\":\"it-IT\",\"potentialAction\":[{\"@type\":\"ReadAction\",\"target\":[\"https:\/\/www.ranciliogroup.com\/it\/rancilio-specialty-e-le-tribu-dello-specialty-coffee-si-ritrovano-a-barcellona-per-le-nuove-sfide-di-barista-league\/\"]}]},{\"@type\":\"BreadcrumbList\",\"@id\":\"https:\/\/www.ranciliogroup.com\/it\/rancilio-specialty-e-le-tribu-dello-specialty-coffee-si-ritrovano-a-barcellona-per-le-nuove-sfide-di-barista-league\/#breadcrumb\",\"itemListElement\":[{\"@type\":\"ListItem\",\"position\":1,\"name\":\"Home\",\"item\":\"https:\/\/www.ranciliogroup.com\/it\/\"},{\"@type\":\"ListItem\",\"position\":2,\"name\":\"Rancilio Specialty e le trib\u00f9 dello Specialty Coffee si ritrovano a Barcellona per le nuove sfide di Barista League.\"}]},{\"@type\":\"WebSite\",\"@id\":\"https:\/\/www.ranciliogroup.com\/it\/#website\",\"url\":\"https:\/\/www.ranciliogroup.com\/it\/\",\"name\":\"Rancilio Group\",\"description\":\"Leader delle Macchine da Caff\u00e8 Professionali\",\"publisher\":{\"@id\":\"https:\/\/www.ranciliogroup.com\/it\/#organization\"},\"potentialAction\":[{\"@type\":\"SearchAction\",\"target\":{\"@type\":\"EntryPoint\",\"urlTemplate\":\"https:\/\/www.ranciliogroup.com\/it\/?s={search_term_string}\"},\"query-input\":\"required name=search_term_string\"}],\"inLanguage\":\"it-IT\"},{\"@type\":\"Organization\",\"@id\":\"https:\/\/www.ranciliogroup.com\/it\/#organization\",\"name\":\"Rancilio Group\",\"url\":\"https:\/\/www.ranciliogroup.com\/it\/\",\"logo\":{\"@type\":\"ImageObject\",\"inLanguage\":\"it-IT\",\"@id\":\"https:\/\/www.ranciliogroup.com\/it\/#\/schema\/logo\/image\/\",\"url\":\"https:\/\/www.ranciliogroup.com\/app\/uploads\/2019\/07\/rancilio_black_logo.png\",\"contentUrl\":\"https:\/\/www.ranciliogroup.com\/app\/uploads\/2019\/07\/rancilio_black_logo.png\",\"width\":447,\"height\":57,\"caption\":\"Rancilio Group\"},\"image\":{\"@id\":\"https:\/\/www.ranciliogroup.com\/it\/#\/schema\/logo\/image\/\"},\"sameAs\":[\"https:\/\/www.facebook.com\/RancilioGroup\",\"https:\/\/twitter.com\/ranciliogroup\",\"https:\/\/www.instagram.com\/rancilio_official\/\",\"https:\/\/www.linkedin.com\/company\/ranciliogroup\/\",\"https:\/\/www.youtube.com\/user\/rancilioadmin\"]},{\"@type\":\"Person\",\"@id\":\"https:\/\/www.ranciliogroup.com\/it\/#\/schema\/person\/d6bf0a7dfe74cded3d64da8b2c92814c\",\"name\":\"temp circular\",\"image\":{\"@type\":\"ImageObject\",\"inLanguage\":\"it-IT\",\"@id\":\"https:\/\/www.ranciliogroup.com\/it\/#\/schema\/person\/image\/\",\"url\":\"https:\/\/secure.gravatar.com\/avatar\/569e71c3b97b8bcad1854d6579b35c5f?s=96&d=mm&r=g\",\"contentUrl\":\"https:\/\/secure.gravatar.com\/avatar\/569e71c3b97b8bcad1854d6579b35c5f?s=96&d=mm&r=g\",\"caption\":\"temp circular\"}}]}<\/script>\n<!-- \/ Yoast SEO plugin. -->","yoast_head_json":{"title":"Rancilio Specialty e le trib\u00f9 dello Specialty Coffee si ritrovano a Barcellona per le nuove sfide di Barista League. - Rancilio Group","description":"Grande ritorno a Barcellona per la nuova tappa di Barista League, in programma sabato 22 ottobre dalle ore 18 presso la sede di Syra Coffee.","robots":{"index":"index","follow":"follow","max-snippet":"max-snippet:-1","max-image-preview":"max-image-preview:large","max-video-preview":"max-video-preview:-1"},"canonical":"https:\/\/www.ranciliogroup.com\/it\/rancilio-specialty-e-le-tribu-dello-specialty-coffee-si-ritrovano-a-barcellona-per-le-nuove-sfide-di-barista-league\/","og_locale":"it_IT","og_type":"article","og_title":"Rancilio Specialty e le trib\u00f9 dello Specialty Coffee si ritrovano a Barcellona per le nuove sfide di Barista League. - Rancilio Group","og_description":"Grande ritorno a Barcellona per la nuova tappa di Barista League, in programma sabato 22 ottobre dalle ore 18 presso la sede di Syra Coffee.","og_url":"https:\/\/www.ranciliogroup.com\/it\/rancilio-specialty-e-le-tribu-dello-specialty-coffee-si-ritrovano-a-barcellona-per-le-nuove-sfide-di-barista-league\/","og_site_name":"Rancilio Group","article_publisher":"https:\/\/www.facebook.com\/RancilioGroup","article_published_time":"2022-10-12T12:16:20+00:00","article_modified_time":"2023-05-05T09:51:23+00:00","og_image":[{"width":500,"height":501,"url":"https:\/\/www.ranciliogroup.com\/app\/uploads\/2022\/10\/Upcoming_events_Barcelona.jpg","type":"image\/jpeg"}],"author":"temp circular","twitter_card":"summary_large_image","twitter_creator":"@ranciliogroup","twitter_site":"@ranciliogroup","twitter_misc":{"Scritto da":"temp circular","Tempo di lettura stimato":"1 minuto"},"schema":{"@context":"https:\/\/schema.org","@graph":[{"@type":"Article","@id":"https:\/\/www.ranciliogroup.com\/it\/rancilio-specialty-e-le-tribu-dello-specialty-coffee-si-ritrovano-a-barcellona-per-le-nuove-sfide-di-barista-league\/#article","isPartOf":{"@id":"https:\/\/www.ranciliogroup.com\/it\/rancilio-specialty-e-le-tribu-dello-specialty-coffee-si-ritrovano-a-barcellona-per-le-nuove-sfide-di-barista-league\/"},"author":{"name":"temp circular","@id":"https:\/\/www.ranciliogroup.com\/it\/#\/schema\/person\/d6bf0a7dfe74cded3d64da8b2c92814c"},"headline":"Rancilio Specialty e le trib\u00f9 dello Specialty Coffee si ritrovano a Barcellona per le nuove sfide di Barista League.","datePublished":"2022-10-12T12:16:20+00:00","dateModified":"2023-05-05T09:51:23+00:00","mainEntityOfPage":{"@id":"https:\/\/www.ranciliogroup.com\/it\/rancilio-specialty-e-le-tribu-dello-specialty-coffee-si-ritrovano-a-barcellona-per-le-nuove-sfide-di-barista-league\/"},"wordCount":185,"publisher":{"@id":"https:\/\/www.ranciliogroup.com\/it\/#organization"},"keywords":["Barcelona","RS1","Rancilio Specialty","Barista League"],"articleSection":["Eventi"],"inLanguage":"it-IT"},{"@type":"WebPage","@id":"https:\/\/www.ranciliogroup.com\/it\/rancilio-specialty-e-le-tribu-dello-specialty-coffee-si-ritrovano-a-barcellona-per-le-nuove-sfide-di-barista-league\/","url":"https:\/\/www.ranciliogroup.com\/it\/rancilio-specialty-e-le-tribu-dello-specialty-coffee-si-ritrovano-a-barcellona-per-le-nuove-sfide-di-barista-league\/","name":"Rancilio Specialty e le trib\u00f9 dello Specialty Coffee si ritrovano a Barcellona per le nuove sfide di Barista League. - Rancilio Group","isPartOf":{"@id":"https:\/\/www.ranciliogroup.com\/it\/#website"},"datePublished":"2022-10-12T12:16:20+00:00","dateModified":"2023-05-05T09:51:23+00:00","description":"Grande ritorno a Barcellona per la nuova tappa di Barista League, in programma sabato 22 ottobre dalle ore 18 presso la sede di Syra Coffee.","breadcrumb":{"@id":"https:\/\/www.ranciliogroup.com\/it\/rancilio-specialty-e-le-tribu-dello-specialty-coffee-si-ritrovano-a-barcellona-per-le-nuove-sfide-di-barista-league\/#breadcrumb"},"inLanguage":"it-IT","potentialAction":[{"@type":"ReadAction","target":["https:\/\/www.ranciliogroup.com\/it\/rancilio-specialty-e-le-tribu-dello-specialty-coffee-si-ritrovano-a-barcellona-per-le-nuove-sfide-di-barista-league\/"]}]},{"@type":"BreadcrumbList","@id":"https:\/\/www.ranciliogroup.com\/it\/rancilio-specialty-e-le-tribu-dello-specialty-coffee-si-ritrovano-a-barcellona-per-le-nuove-sfide-di-barista-league\/#breadcrumb","itemListElement":[{"@type":"ListItem","position":1,"name":"Home","item":"https:\/\/www.ranciliogroup.com\/it\/"},{"@type":"ListItem","position":2,"name":"Rancilio Specialty e le trib\u00f9 dello Specialty Coffee si ritrovano a Barcellona per le nuove sfide di Barista League."}]},{"@type":"WebSite","@id":"https:\/\/www.ranciliogroup.com\/it\/#website","url":"https:\/\/www.ranciliogroup.com\/it\/","name":"Rancilio Group","description":"Leader delle Macchine da Caff\u00e8 Professionali","publisher":{"@id":"https:\/\/www.ranciliogroup.com\/it\/#organization"},"potentialAction":[{"@type":"SearchAction","target":{"@type":"EntryPoint","urlTemplate":"https:\/\/www.ranciliogroup.com\/it\/?s={search_term_string}"},"query-input":"required name=search_term_string"}],"inLanguage":"it-IT"},{"@type":"Organization","@id":"https:\/\/www.ranciliogroup.com\/it\/#organization","name":"Rancilio Group","url":"https:\/\/www.ranciliogroup.com\/it\/","logo":{"@type":"ImageObject","inLanguage":"it-IT","@id":"https:\/\/www.ranciliogroup.com\/it\/#\/schema\/logo\/image\/","url":"https:\/\/www.ranciliogroup.com\/app\/uploads\/2019\/07\/rancilio_black_logo.png","contentUrl":"https:\/\/www.ranciliogroup.com\/app\/uploads\/2019\/07\/rancilio_black_logo.png","width":447,"height":57,"caption":"Rancilio Group"},"image":{"@id":"https:\/\/www.ranciliogroup.com\/it\/#\/schema\/logo\/image\/"},"sameAs":["https:\/\/www.facebook.com\/RancilioGroup","https:\/\/twitter.com\/ranciliogroup","https:\/\/www.instagram.com\/rancilio_official\/","https:\/\/www.linkedin.com\/company\/ranciliogroup\/","https:\/\/www.youtube.com\/user\/rancilioadmin"]},{"@type":"Person","@id":"https:\/\/www.ranciliogroup.com\/it\/#\/schema\/person\/d6bf0a7dfe74cded3d64da8b2c92814c","name":"temp circular","image":{"@type":"ImageObject","inLanguage":"it-IT","@id":"https:\/\/www.ranciliogroup.com\/it\/#\/schema\/person\/image\/","url":"https:\/\/secure.gravatar.com\/avatar\/569e71c3b97b8bcad1854d6579b35c5f?s=96&d=mm&r=g","contentUrl":"https:\/\/secure.gravatar.com\/avatar\/569e71c3b97b8bcad1854d6579b35c5f?s=96&d=mm&r=g","caption":"temp circular"}}]}},"_links":{"self":[{"href":"https:\/\/www.ranciliogroup.com\/it\/wp-json\/wp\/v2\/posts\/61439"}],"collection":[{"href":"https:\/\/www.ranciliogroup.com\/it\/wp-json\/wp\/v2\/posts"}],"about":[{"href":"https:\/\/www.ranciliogroup.com\/it\/wp-json\/wp\/v2\/types\/post"}],"author":[{"embeddable":true,"href":"https:\/\/www.ranciliogroup.com\/it\/wp-json\/wp\/v2\/users\/5"}],"replies":[{"embeddable":true,"href":"https:\/\/www.ranciliogroup.com\/it\/wp-json\/wp\/v2\/comments?post=61439"}],"version-history":[{"count":1,"href":"https:\/\/www.ranciliogroup.com\/it\/wp-json\/wp\/v2\/posts\/61439\/revisions"}],"predecessor-version":[{"id":61447,"href":"https:\/\/www.ranciliogroup.com\/it\/wp-json\/wp\/v2\/posts\/61439\/revisions\/61447"}],"wp:featuredmedia":[{"embeddable":true,"href":"https:\/\/www.ranciliogroup.com\/it\/wp-json\/wp\/v2\/media\/61440"}],"wp:attachment":[{"href":"https:\/\/www.ranciliogroup.com\/it\/wp-json\/wp\/v2\/media?parent=61439"}],"wp:term":[{"taxonomy":"category","embeddable":true,"href":"https:\/\/www.ranciliogroup.com\/it\/wp-json\/wp\/v2\/categories?post=61439"},{"taxonomy":"post_tag","embeddable":true,"href":"https:\/\/www.ranciliogroup.com\/it\/wp-json\/wp\/v2\/tags?post=61439"}],"curies":[{"name":"wp","href":"https:\/\/api.w.org\/{rel}","templated":true}]}}