{"id":61577,"date":"2022-10-24T10:24:35","date_gmt":"2022-10-24T08:24:35","guid":{"rendered":"https:\/\/www.ranciliogroup.com\/?p=61577"},"modified":"2023-05-05T11:50:26","modified_gmt":"2023-05-05T09:50:26","slug":"rancilio-group-allinternational-cafe-show-2022-a-seoul-con-enr-international","status":"publish","type":"post","link":"https:\/\/www.ranciliogroup.com\/it\/rancilio-group-allinternational-cafe-show-2022-a-seoul-con-enr-international\/","title":{"rendered":"Rancilio Group all\u2019International Caf\u00e9 Show 2022 a Seoul con ENR International"},"content":{"rendered":"<p style=\"text-align: justify;\">Da mercoled\u00ec 23 a sabato 26 novembre Seoul \u00e8 pronta a ospitare la 21\u00aa edizione dell&#8217;International Caf\u00e9 Show Seoul, una delle pi\u00f9 grandi piattaforme dell&#8217;industria globale del caff\u00e8 e della cultura F&amp;B in Asia. Sono attesi pi\u00f9 di 600 espositori da 40 Paesi e oltre 100.000 visitatori da 80 Stati.<\/p>\n<p style=\"text-align: justify;\">Rancilio Group \u00e8 entusiasta di partecipare alla mostra presso lo stand di ENR International, stimato partner di lunga data di Rancilio Group. L&#8217;esposizione rappresenta un&#8217;occasione unica per incontrare altri professionisti del settore e per condividere esperienze, conoscenze e cultura presso lo spazioso Seoul Coex Convention &amp; Exhibition Center.<\/p>\n<p style=\"text-align: justify;\">I visitatori avranno la possibilit\u00e0 di scoprire in prima persona la vasta offerta di prodotti di Rancilio Group: dalle macchine per caff\u00e8 tradizionali, a macchine per espresso specialty coffee e a macchine per caff\u00e8 superautomatiche.<\/p>\n<p style=\"text-align: justify;\"><img decoding=\"async\" loading=\"lazy\" class=\"alignleft wp-image-61561 \" src=\"https:\/\/www.ranciliogroup.com\/app\/uploads\/2022\/10\/World-Latte-Art-Battle-150x150.jpg\" alt=\"\" width=\"200\" height=\"200\" srcset=\"https:\/\/www.ranciliogroup.com\/app\/uploads\/2022\/10\/World-Latte-Art-Battle-150x150.jpg 150w, https:\/\/www.ranciliogroup.com\/app\/uploads\/2022\/10\/World-Latte-Art-Battle-300x300.jpg 300w, https:\/\/www.ranciliogroup.com\/app\/uploads\/2022\/10\/World-Latte-Art-Battle-70x70.jpg 70w, https:\/\/www.ranciliogroup.com\/app\/uploads\/2022\/10\/World-Latte-Art-Battle.jpg 681w\" sizes=\"(max-width: 200px) 100vw, 200px\" \/>Inoltre, in qualit\u00e0 di sponsor ufficiali della competizione, la macchina per caff\u00e8 Rancilio Specialty Invicta e il macina caff\u00e8 professionale Rancilio Kryo Evo 65 OD saliranno sul palco durante la World Latte Art Battle insieme a 32 ambiziosi baristi provenienti da tutto il mondo. Gli artisti dovranno sfruttare le loro diverse abilit\u00e0 e provenienze per conquistare una giuria di professionisti che, oltre alle loro abilit\u00e0 tecniche, metter\u00e0 alla prova la loro creativit\u00e0 e qualit\u00e0 di esecuzione. Tra adrenalina, divertimento e incredibili premi, i design pi\u00f9 originali decreteranno il World Latte Art Champion 2022 del concorso World Coffee Battle.<\/p>\n<p>&nbsp;<\/p>\n<h1><\/h1>\n<h1><\/h1>\n<h1><strong>ENR International \/ Rancilio Group<\/strong><\/h1>\n<h1><strong>Caf\u00e9 Show Seoul<\/strong><\/h1>\n<h1>Mercoled\u00ec 23 &#8211; Sabato 26 Novembre 2022<\/h1>\n<h1>Mer \u2013 Ven dalle 10 alle 18<\/h1>\n<h1>Sab dalle 10 alle 16<\/h1>\n<h1><a href=\"https:\/\/www.google.com\/maps\/place\/COEX\/@37.5116828,127.059151,15z\/data=!4m5!3m4!1s0x0:0x336c7537649c9fe4!8m2!3d37.5116828!4d127.059151\"><strong>Coex Convention &amp; Exhibition Center (Coex)<\/strong><\/a><\/h1>\n<h1>Hall A-D<\/h1>\n<h1>513, Yeongdong-daero, Gangnam-gu,<\/h1>\n<h1>06164, Seoul, Repubblica di Corea<\/h1>\n<h1><\/h1>\n<p>&nbsp;<\/p>\n<h1><\/h1>\n<h1><strong>Segui l\u2019evento sulla pagina ufficiale Instagram <\/strong><\/h1>\n<h1>@ranciliospecialty #ranciliospecialty<\/h1>\n<h1><strong>\u00a0<\/strong><\/h1>\n<h1><strong><a href=\"https:\/\/www.ranciliogroup.com\/it\/specialty\/invicta\/\">Scopri di pi\u00f9 su Invicta<\/a> <\/strong><\/h1>\n<h1><a href=\"https:\/\/www.ranciliogroup.com\/it\/rancilio\/kryo\/\"><strong>Scopri di pi\u00f9 su Kryo<\/strong><\/a><\/h1>\n<h1><\/h1>\n<p>&nbsp;<\/p>\n<h1><a href=\"http:\/\/www.cafeshow.com\/eng\/main.asp\"><strong>Per ulteriori informazioni riguardo Caf\u00e9 Show Seoul<\/strong><\/a><\/h1>\n<h1><a href=\"http:\/\/worldcoffeebattle.com\/22\"><strong>Per ulteriori informazioni riguardo The World Latte Art<\/strong><strong> Battle<\/strong><\/a><\/h1>\n<h1><\/h1>\n","protected":false},"excerpt":{"rendered":"<p>Da mercoled\u00ec 23 a sabato 26 novembre Seoul \u00e8 pronta a ospitare la 21\u00aa edizione dell&#8217;International Caf\u00e9 Show Seoul, una&#8230;<\/p>\n","protected":false},"author":5,"featured_media":61568,"comment_status":"closed","ping_status":"closed","sticky":false,"template":"","format":"standard","meta":[],"categories":[465],"tags":[2619,2618,2529,2528],"acf":[],"yoast_head":"<!-- This site is optimized with the Yoast SEO plugin v21.5 - https:\/\/yoast.com\/wordpress\/plugins\/seo\/ -->\n<title>Rancilio Group all\u2019International Caf\u00e9 Show 2022 a Seoul con ENR International - Rancilio Group<\/title>\n<meta name=\"description\" content=\"Da mercoled\u00ec 23 a sabato 26 novembre Seoul \u00e8 pronta a ospitare la 21\u00aa edizione dell&#039;International Caf\u00e9 Show Seoul, una delle pi\u00f9 grandi piattaforme dell&#039;industria globale del caff\u00e8 e della cultura F&amp;B in Asia. Sono attesi pi\u00f9 di 600 espositori da 40 Paesi e oltre 100.000 visitatori da 80 Stati.\" \/>\n<meta name=\"robots\" content=\"index, follow, max-snippet:-1, max-image-preview:large, max-video-preview:-1\" \/>\n<link rel=\"canonical\" href=\"https:\/\/www.ranciliogroup.com\/it\/rancilio-group-allinternational-cafe-show-2022-a-seoul-con-enr-international\/\" \/>\n<meta property=\"og:locale\" content=\"it_IT\" \/>\n<meta property=\"og:type\" content=\"article\" \/>\n<meta property=\"og:title\" content=\"Rancilio Group all\u2019International Caf\u00e9 Show 2022 a Seoul con ENR International - Rancilio Group\" \/>\n<meta property=\"og:description\" content=\"Da mercoled\u00ec 23 a sabato 26 novembre Seoul \u00e8 pronta a ospitare la 21\u00aa edizione dell&#039;International Caf\u00e9 Show Seoul, una delle pi\u00f9 grandi piattaforme dell&#039;industria globale del caff\u00e8 e della cultura F&amp;B in Asia. Sono attesi pi\u00f9 di 600 espositori da 40 Paesi e oltre 100.000 visitatori da 80 Stati.\" \/>\n<meta property=\"og:url\" content=\"https:\/\/www.ranciliogroup.com\/it\/rancilio-group-allinternational-cafe-show-2022-a-seoul-con-enr-international\/\" \/>\n<meta property=\"og:site_name\" content=\"Rancilio Group\" \/>\n<meta property=\"article:publisher\" content=\"https:\/\/www.facebook.com\/RancilioGroup\" \/>\n<meta property=\"article:published_time\" content=\"2022-10-24T08:24:35+00:00\" \/>\n<meta property=\"article:modified_time\" content=\"2023-05-05T09:50:26+00:00\" \/>\n<meta property=\"og:image\" content=\"https:\/\/www.ranciliogroup.com\/app\/uploads\/2022\/10\/20211030162426-copia_02.png\" \/>\n\t<meta property=\"og:image:width\" content=\"680\" \/>\n\t<meta property=\"og:image:height\" content=\"352\" \/>\n\t<meta property=\"og:image:type\" content=\"image\/png\" \/>\n<meta name=\"author\" content=\"temp circular\" \/>\n<meta name=\"twitter:card\" content=\"summary_large_image\" \/>\n<meta name=\"twitter:creator\" content=\"@ranciliogroup\" \/>\n<meta name=\"twitter:site\" content=\"@ranciliogroup\" \/>\n<meta name=\"twitter:label1\" content=\"Scritto da\" \/>\n\t<meta name=\"twitter:data1\" content=\"temp circular\" \/>\n\t<meta name=\"twitter:label2\" content=\"Tempo di lettura stimato\" \/>\n\t<meta name=\"twitter:data2\" content=\"2 minuti\" \/>\n<script type=\"application\/ld+json\" class=\"yoast-schema-graph\">{\"@context\":\"https:\/\/schema.org\",\"@graph\":[{\"@type\":\"Article\",\"@id\":\"https:\/\/www.ranciliogroup.com\/it\/rancilio-group-allinternational-cafe-show-2022-a-seoul-con-enr-international\/#article\",\"isPartOf\":{\"@id\":\"https:\/\/www.ranciliogroup.com\/it\/rancilio-group-allinternational-cafe-show-2022-a-seoul-con-enr-international\/\"},\"author\":{\"name\":\"temp circular\",\"@id\":\"https:\/\/www.ranciliogroup.com\/it\/#\/schema\/person\/d6bf0a7dfe74cded3d64da8b2c92814c\"},\"headline\":\"Rancilio Group all\u2019International Caf\u00e9 Show 2022 a Seoul con ENR International\",\"datePublished\":\"2022-10-24T08:24:35+00:00\",\"dateModified\":\"2023-05-05T09:50:26+00:00\",\"mainEntityOfPage\":{\"@id\":\"https:\/\/www.ranciliogroup.com\/it\/rancilio-group-allinternational-cafe-show-2022-a-seoul-con-enr-international\/\"},\"wordCount\":302,\"publisher\":{\"@id\":\"https:\/\/www.ranciliogroup.com\/it\/#organization\"},\"keywords\":[\"Kryo\",\"Invicta\",\"Rancilio Group\",\"Rancilio Specialty\"],\"articleSection\":[\"Eventi\"],\"inLanguage\":\"it-IT\"},{\"@type\":\"WebPage\",\"@id\":\"https:\/\/www.ranciliogroup.com\/it\/rancilio-group-allinternational-cafe-show-2022-a-seoul-con-enr-international\/\",\"url\":\"https:\/\/www.ranciliogroup.com\/it\/rancilio-group-allinternational-cafe-show-2022-a-seoul-con-enr-international\/\",\"name\":\"Rancilio Group all\u2019International Caf\u00e9 Show 2022 a Seoul con ENR International - Rancilio Group\",\"isPartOf\":{\"@id\":\"https:\/\/www.ranciliogroup.com\/it\/#website\"},\"datePublished\":\"2022-10-24T08:24:35+00:00\",\"dateModified\":\"2023-05-05T09:50:26+00:00\",\"description\":\"Da mercoled\u00ec 23 a sabato 26 novembre Seoul \u00e8 pronta a ospitare la 21\u00aa edizione dell'International Caf\u00e9 Show Seoul, una delle pi\u00f9 grandi piattaforme dell'industria globale del caff\u00e8 e della cultura F&amp;B in Asia. Sono attesi pi\u00f9 di 600 espositori da 40 Paesi e oltre 100.000 visitatori da 80 Stati.\",\"breadcrumb\":{\"@id\":\"https:\/\/www.ranciliogroup.com\/it\/rancilio-group-allinternational-cafe-show-2022-a-seoul-con-enr-international\/#breadcrumb\"},\"inLanguage\":\"it-IT\",\"potentialAction\":[{\"@type\":\"ReadAction\",\"target\":[\"https:\/\/www.ranciliogroup.com\/it\/rancilio-group-allinternational-cafe-show-2022-a-seoul-con-enr-international\/\"]}]},{\"@type\":\"BreadcrumbList\",\"@id\":\"https:\/\/www.ranciliogroup.com\/it\/rancilio-group-allinternational-cafe-show-2022-a-seoul-con-enr-international\/#breadcrumb\",\"itemListElement\":[{\"@type\":\"ListItem\",\"position\":1,\"name\":\"Home\",\"item\":\"https:\/\/www.ranciliogroup.com\/it\/\"},{\"@type\":\"ListItem\",\"position\":2,\"name\":\"Rancilio Group all\u2019International Caf\u00e9 Show 2022 a Seoul con ENR International\"}]},{\"@type\":\"WebSite\",\"@id\":\"https:\/\/www.ranciliogroup.com\/it\/#website\",\"url\":\"https:\/\/www.ranciliogroup.com\/it\/\",\"name\":\"Rancilio Group\",\"description\":\"Leader delle Macchine da Caff\u00e8 Professionali\",\"publisher\":{\"@id\":\"https:\/\/www.ranciliogroup.com\/it\/#organization\"},\"potentialAction\":[{\"@type\":\"SearchAction\",\"target\":{\"@type\":\"EntryPoint\",\"urlTemplate\":\"https:\/\/www.ranciliogroup.com\/it\/?s={search_term_string}\"},\"query-input\":\"required name=search_term_string\"}],\"inLanguage\":\"it-IT\"},{\"@type\":\"Organization\",\"@id\":\"https:\/\/www.ranciliogroup.com\/it\/#organization\",\"name\":\"Rancilio Group\",\"url\":\"https:\/\/www.ranciliogroup.com\/it\/\",\"logo\":{\"@type\":\"ImageObject\",\"inLanguage\":\"it-IT\",\"@id\":\"https:\/\/www.ranciliogroup.com\/it\/#\/schema\/logo\/image\/\",\"url\":\"https:\/\/www.ranciliogroup.com\/app\/uploads\/2019\/07\/rancilio_black_logo.png\",\"contentUrl\":\"https:\/\/www.ranciliogroup.com\/app\/uploads\/2019\/07\/rancilio_black_logo.png\",\"width\":447,\"height\":57,\"caption\":\"Rancilio Group\"},\"image\":{\"@id\":\"https:\/\/www.ranciliogroup.com\/it\/#\/schema\/logo\/image\/\"},\"sameAs\":[\"https:\/\/www.facebook.com\/RancilioGroup\",\"https:\/\/twitter.com\/ranciliogroup\",\"https:\/\/www.instagram.com\/rancilio_official\/\",\"https:\/\/www.linkedin.com\/company\/ranciliogroup\/\",\"https:\/\/www.youtube.com\/user\/rancilioadmin\"]},{\"@type\":\"Person\",\"@id\":\"https:\/\/www.ranciliogroup.com\/it\/#\/schema\/person\/d6bf0a7dfe74cded3d64da8b2c92814c\",\"name\":\"temp circular\",\"image\":{\"@type\":\"ImageObject\",\"inLanguage\":\"it-IT\",\"@id\":\"https:\/\/www.ranciliogroup.com\/it\/#\/schema\/person\/image\/\",\"url\":\"https:\/\/secure.gravatar.com\/avatar\/569e71c3b97b8bcad1854d6579b35c5f?s=96&d=mm&r=g\",\"contentUrl\":\"https:\/\/secure.gravatar.com\/avatar\/569e71c3b97b8bcad1854d6579b35c5f?s=96&d=mm&r=g\",\"caption\":\"temp circular\"}}]}<\/script>\n<!-- \/ Yoast SEO plugin. -->","yoast_head_json":{"title":"Rancilio Group all\u2019International Caf\u00e9 Show 2022 a Seoul con ENR International - Rancilio Group","description":"Da mercoled\u00ec 23 a sabato 26 novembre Seoul \u00e8 pronta a ospitare la 21\u00aa edizione dell'International Caf\u00e9 Show Seoul, una delle pi\u00f9 grandi piattaforme dell'industria globale del caff\u00e8 e della cultura F&amp;B in Asia. Sono attesi pi\u00f9 di 600 espositori da 40 Paesi e oltre 100.000 visitatori da 80 Stati.","robots":{"index":"index","follow":"follow","max-snippet":"max-snippet:-1","max-image-preview":"max-image-preview:large","max-video-preview":"max-video-preview:-1"},"canonical":"https:\/\/www.ranciliogroup.com\/it\/rancilio-group-allinternational-cafe-show-2022-a-seoul-con-enr-international\/","og_locale":"it_IT","og_type":"article","og_title":"Rancilio Group all\u2019International Caf\u00e9 Show 2022 a Seoul con ENR International - Rancilio Group","og_description":"Da mercoled\u00ec 23 a sabato 26 novembre Seoul \u00e8 pronta a ospitare la 21\u00aa edizione dell'International Caf\u00e9 Show Seoul, una delle pi\u00f9 grandi piattaforme dell'industria globale del caff\u00e8 e della cultura F&amp;B in Asia. Sono attesi pi\u00f9 di 600 espositori da 40 Paesi e oltre 100.000 visitatori da 80 Stati.","og_url":"https:\/\/www.ranciliogroup.com\/it\/rancilio-group-allinternational-cafe-show-2022-a-seoul-con-enr-international\/","og_site_name":"Rancilio Group","article_publisher":"https:\/\/www.facebook.com\/RancilioGroup","article_published_time":"2022-10-24T08:24:35+00:00","article_modified_time":"2023-05-05T09:50:26+00:00","og_image":[{"width":680,"height":352,"url":"https:\/\/www.ranciliogroup.com\/app\/uploads\/2022\/10\/20211030162426-copia_02.png","type":"image\/png"}],"author":"temp circular","twitter_card":"summary_large_image","twitter_creator":"@ranciliogroup","twitter_site":"@ranciliogroup","twitter_misc":{"Scritto da":"temp circular","Tempo di lettura stimato":"2 minuti"},"schema":{"@context":"https:\/\/schema.org","@graph":[{"@type":"Article","@id":"https:\/\/www.ranciliogroup.com\/it\/rancilio-group-allinternational-cafe-show-2022-a-seoul-con-enr-international\/#article","isPartOf":{"@id":"https:\/\/www.ranciliogroup.com\/it\/rancilio-group-allinternational-cafe-show-2022-a-seoul-con-enr-international\/"},"author":{"name":"temp circular","@id":"https:\/\/www.ranciliogroup.com\/it\/#\/schema\/person\/d6bf0a7dfe74cded3d64da8b2c92814c"},"headline":"Rancilio Group all\u2019International Caf\u00e9 Show 2022 a Seoul con ENR International","datePublished":"2022-10-24T08:24:35+00:00","dateModified":"2023-05-05T09:50:26+00:00","mainEntityOfPage":{"@id":"https:\/\/www.ranciliogroup.com\/it\/rancilio-group-allinternational-cafe-show-2022-a-seoul-con-enr-international\/"},"wordCount":302,"publisher":{"@id":"https:\/\/www.ranciliogroup.com\/it\/#organization"},"keywords":["Kryo","Invicta","Rancilio Group","Rancilio Specialty"],"articleSection":["Eventi"],"inLanguage":"it-IT"},{"@type":"WebPage","@id":"https:\/\/www.ranciliogroup.com\/it\/rancilio-group-allinternational-cafe-show-2022-a-seoul-con-enr-international\/","url":"https:\/\/www.ranciliogroup.com\/it\/rancilio-group-allinternational-cafe-show-2022-a-seoul-con-enr-international\/","name":"Rancilio Group all\u2019International Caf\u00e9 Show 2022 a Seoul con ENR International - Rancilio Group","isPartOf":{"@id":"https:\/\/www.ranciliogroup.com\/it\/#website"},"datePublished":"2022-10-24T08:24:35+00:00","dateModified":"2023-05-05T09:50:26+00:00","description":"Da mercoled\u00ec 23 a sabato 26 novembre Seoul \u00e8 pronta a ospitare la 21\u00aa edizione dell'International Caf\u00e9 Show Seoul, una delle pi\u00f9 grandi piattaforme dell'industria globale del caff\u00e8 e della cultura F&amp;B in Asia. Sono attesi pi\u00f9 di 600 espositori da 40 Paesi e oltre 100.000 visitatori da 80 Stati.","breadcrumb":{"@id":"https:\/\/www.ranciliogroup.com\/it\/rancilio-group-allinternational-cafe-show-2022-a-seoul-con-enr-international\/#breadcrumb"},"inLanguage":"it-IT","potentialAction":[{"@type":"ReadAction","target":["https:\/\/www.ranciliogroup.com\/it\/rancilio-group-allinternational-cafe-show-2022-a-seoul-con-enr-international\/"]}]},{"@type":"BreadcrumbList","@id":"https:\/\/www.ranciliogroup.com\/it\/rancilio-group-allinternational-cafe-show-2022-a-seoul-con-enr-international\/#breadcrumb","itemListElement":[{"@type":"ListItem","position":1,"name":"Home","item":"https:\/\/www.ranciliogroup.com\/it\/"},{"@type":"ListItem","position":2,"name":"Rancilio Group all\u2019International Caf\u00e9 Show 2022 a Seoul con ENR International"}]},{"@type":"WebSite","@id":"https:\/\/www.ranciliogroup.com\/it\/#website","url":"https:\/\/www.ranciliogroup.com\/it\/","name":"Rancilio Group","description":"Leader delle Macchine da Caff\u00e8 Professionali","publisher":{"@id":"https:\/\/www.ranciliogroup.com\/it\/#organization"},"potentialAction":[{"@type":"SearchAction","target":{"@type":"EntryPoint","urlTemplate":"https:\/\/www.ranciliogroup.com\/it\/?s={search_term_string}"},"query-input":"required name=search_term_string"}],"inLanguage":"it-IT"},{"@type":"Organization","@id":"https:\/\/www.ranciliogroup.com\/it\/#organization","name":"Rancilio Group","url":"https:\/\/www.ranciliogroup.com\/it\/","logo":{"@type":"ImageObject","inLanguage":"it-IT","@id":"https:\/\/www.ranciliogroup.com\/it\/#\/schema\/logo\/image\/","url":"https:\/\/www.ranciliogroup.com\/app\/uploads\/2019\/07\/rancilio_black_logo.png","contentUrl":"https:\/\/www.ranciliogroup.com\/app\/uploads\/2019\/07\/rancilio_black_logo.png","width":447,"height":57,"caption":"Rancilio Group"},"image":{"@id":"https:\/\/www.ranciliogroup.com\/it\/#\/schema\/logo\/image\/"},"sameAs":["https:\/\/www.facebook.com\/RancilioGroup","https:\/\/twitter.com\/ranciliogroup","https:\/\/www.instagram.com\/rancilio_official\/","https:\/\/www.linkedin.com\/company\/ranciliogroup\/","https:\/\/www.youtube.com\/user\/rancilioadmin"]},{"@type":"Person","@id":"https:\/\/www.ranciliogroup.com\/it\/#\/schema\/person\/d6bf0a7dfe74cded3d64da8b2c92814c","name":"temp circular","image":{"@type":"ImageObject","inLanguage":"it-IT","@id":"https:\/\/www.ranciliogroup.com\/it\/#\/schema\/person\/image\/","url":"https:\/\/secure.gravatar.com\/avatar\/569e71c3b97b8bcad1854d6579b35c5f?s=96&d=mm&r=g","contentUrl":"https:\/\/secure.gravatar.com\/avatar\/569e71c3b97b8bcad1854d6579b35c5f?s=96&d=mm&r=g","caption":"temp circular"}}]}},"_links":{"self":[{"href":"https:\/\/www.ranciliogroup.com\/it\/wp-json\/wp\/v2\/posts\/61577"}],"collection":[{"href":"https:\/\/www.ranciliogroup.com\/it\/wp-json\/wp\/v2\/posts"}],"about":[{"href":"https:\/\/www.ranciliogroup.com\/it\/wp-json\/wp\/v2\/types\/post"}],"author":[{"embeddable":true,"href":"https:\/\/www.ranciliogroup.com\/it\/wp-json\/wp\/v2\/users\/5"}],"replies":[{"embeddable":true,"href":"https:\/\/www.ranciliogroup.com\/it\/wp-json\/wp\/v2\/comments?post=61577"}],"version-history":[{"count":8,"href":"https:\/\/www.ranciliogroup.com\/it\/wp-json\/wp\/v2\/posts\/61577\/revisions"}],"predecessor-version":[{"id":61717,"href":"https:\/\/www.ranciliogroup.com\/it\/wp-json\/wp\/v2\/posts\/61577\/revisions\/61717"}],"wp:featuredmedia":[{"embeddable":true,"href":"https:\/\/www.ranciliogroup.com\/it\/wp-json\/wp\/v2\/media\/61568"}],"wp:attachment":[{"href":"https:\/\/www.ranciliogroup.com\/it\/wp-json\/wp\/v2\/media?parent=61577"}],"wp:term":[{"taxonomy":"category","embeddable":true,"href":"https:\/\/www.ranciliogroup.com\/it\/wp-json\/wp\/v2\/categories?post=61577"},{"taxonomy":"post_tag","embeddable":true,"href":"https:\/\/www.ranciliogroup.com\/it\/wp-json\/wp\/v2\/tags?post=61577"}],"curies":[{"name":"wp","href":"https:\/\/api.w.org\/{rel}","templated":true}]}}