{"id":63645,"date":"2022-12-05T09:55:35","date_gmt":"2022-12-05T08:55:35","guid":{"rendered":"https:\/\/www.ranciliogroup.com\/?p=63645"},"modified":"2023-06-22T09:13:20","modified_gmt":"2023-06-22T07:13:20","slug":"rancilio-group-safety-day-mettere-la-sicurezza-e-la-salute-sul-lavoro-al-primo-posto","status":"publish","type":"post","link":"https:\/\/www.ranciliogroup.com\/it\/rancilio-group-safety-day-mettere-la-sicurezza-e-la-salute-sul-lavoro-al-primo-posto\/","title":{"rendered":"Rancilio Group Safety Day: mettere la sicurezza e la salute sul lavoro al primo posto"},"content":{"rendered":"<p>In Rancilio Group, prestare attenzione alle condizioni di lavoro del nostro personale \u00e8 primaria. Il nostro motto \u00e8 <strong><em>Safety first!<\/em><\/strong>, motivo per cui ci impegniamo a fornire sempre linee guida per assicurare sicurezza e salute durante lo svolgimento del proprio lavoro quotidiano.<\/p>\n<p>Il 25 novembre scorso, Rancilio Group ha organizzato un\u2019intera giornata formativa sul tema di salute e sicurezza sul lavoro, il <strong><em>Safety Day<\/em><\/strong>, con il contributo di Aristea di Legnano.<\/p>\n<p>L\u2019evento di quest\u2019anno ha preso la forma di uno \u201cspeed date\u201d, durante il quale il nostro gruppo \u00e8 stato invitato a partecipare a quattro differenti workshop curati dai docenti Gloria Bevilacqua, Myriam Sabolla, Marino Ghezzi e Andrea Spadotto che ci hanno aiutato ad approfondire diverse tematiche riguardo il benessere delle persone in azienda.<\/p>\n<p><img decoding=\"async\" loading=\"lazy\" class=\" wp-image-63634 aligncenter\" src=\"https:\/\/www.ranciliogroup.com\/app\/uploads\/2022\/12\/2022_SAFETY_DAY_-60-300x200.jpg\" alt=\"\" width=\"500\" height=\"333\" srcset=\"https:\/\/www.ranciliogroup.com\/app\/uploads\/2022\/12\/2022_SAFETY_DAY_-60-300x200.jpg 300w, https:\/\/www.ranciliogroup.com\/app\/uploads\/2022\/12\/2022_SAFETY_DAY_-60-1024x684.jpg 1024w, https:\/\/www.ranciliogroup.com\/app\/uploads\/2022\/12\/2022_SAFETY_DAY_-60-768x513.jpg 768w, https:\/\/www.ranciliogroup.com\/app\/uploads\/2022\/12\/2022_SAFETY_DAY_-60-70x47.jpg 70w, https:\/\/www.ranciliogroup.com\/app\/uploads\/2022\/12\/2022_SAFETY_DAY_-60.jpg 1080w\" sizes=\"(max-width: 500px) 100vw, 500px\" \/>In un mondo caotico e dinamico come il nostro, \u00e8 facile trascurare il proprio benessere fisico e mentale. Piccoli accorgimenti verso di s\u00e9 e verso gli altri possono migliorare notevolmente il nostro stile di vita, sia della nostra sfera privata che professionale.<\/p>\n<p>Il modo in cui elaboriamo lo stress e le pressioni esterne pu\u00f2 influenzare positivamente o negativamente le persone con cui interagiamo. Trovare degli spazi da dedicare a noi stessi durante la nostra giornata pu\u00f2 donarci dei momenti preziosi per ricaricarci e guardare le cose da un\u2019altra prospettiva.<\/p>\n<p>L\u2019alimentazione \u00e8 un altro fattore essenziale per garantirci le energie necessarie per lavorare bene. Piccole scelte sane quotidiane durante i nostri pasti possono aiutarci ad essere pi\u00f9 leggeri, produttivi e positivi.<\/p>\n<p><img decoding=\"async\" loading=\"lazy\" class=\" wp-image-63627 aligncenter\" src=\"https:\/\/www.ranciliogroup.com\/app\/uploads\/2022\/12\/2022_SAFETY_DAY_-232-300x200.jpg\" alt=\"\" width=\"500\" height=\"333\" srcset=\"https:\/\/www.ranciliogroup.com\/app\/uploads\/2022\/12\/2022_SAFETY_DAY_-232-300x200.jpg 300w, https:\/\/www.ranciliogroup.com\/app\/uploads\/2022\/12\/2022_SAFETY_DAY_-232-1024x684.jpg 1024w, https:\/\/www.ranciliogroup.com\/app\/uploads\/2022\/12\/2022_SAFETY_DAY_-232-768x513.jpg 768w, https:\/\/www.ranciliogroup.com\/app\/uploads\/2022\/12\/2022_SAFETY_DAY_-232-70x47.jpg 70w, https:\/\/www.ranciliogroup.com\/app\/uploads\/2022\/12\/2022_SAFETY_DAY_-232.jpg 1080w\" sizes=\"(max-width: 500px) 100vw, 500px\" \/>I nostri collaboratori hanno anche avuto modo di approfondire quanto le nostre attitudini positive e un comportamento sicuro possano migliorare la qualit\u00e0 e la sicurezza di lavoro propria e altrui.<\/p>\n<p>Primo fattore da considerare, tuttavia, \u00e8 la comunicazione. Valutare come le persone possano leggere i nostri gesti, le nostre parole e le nostre indicazioni pu\u00f2 migliorare la nostra forza come team e rendere pi\u00f9 efficace la nostra leadership.<\/p>\n<p><strong>Un ringraziamento a tutte le persone che hanno contribuito all\u2019organizzazione dell\u2019evento e ai colleghi che hanno partecipato con entusiasmo e collaborazione.<\/strong><\/p>\n<p><strong>\u00a0<\/strong><\/p>\n<p><a href=\"https:\/\/www.linkedin.com\/company\/ranciliogroup\/\"><strong>Segui l\u2019evento su Linkedin<\/strong><\/a><\/p>\n<p>&nbsp;<\/p>\n","protected":false},"excerpt":{"rendered":"<p>In Rancilio Group, prestare attenzione alle condizioni di lavoro del nostro personale \u00e8 primaria. Il nostro motto \u00e8 Safety first!,&#8230;<\/p>\n","protected":false},"author":5,"featured_media":63619,"comment_status":"closed","ping_status":"closed","sticky":false,"template":"","format":"standard","meta":[],"categories":[465,3047],"tags":[2707,2529],"acf":[],"yoast_head":"<!-- This site is optimized with the Yoast SEO plugin v21.5 - https:\/\/yoast.com\/wordpress\/plugins\/seo\/ -->\n<title>Rancilio Group Safety Day: mettere la sicurezza e la salute sul lavoro al primo posto - Rancilio Group<\/title>\n<meta name=\"description\" content=\"Il 25 novembre scorso, Rancilio Group ha organizzato un\u2019intera giornata formativa sul tema di salute e sicurezza sul lavoro, il Safety Day, con il contributo di Aristea di Legnano.\" \/>\n<meta name=\"robots\" content=\"index, follow, max-snippet:-1, max-image-preview:large, max-video-preview:-1\" \/>\n<link rel=\"canonical\" href=\"https:\/\/www.ranciliogroup.com\/it\/rancilio-group-safety-day-mettere-la-sicurezza-e-la-salute-sul-lavoro-al-primo-posto\/\" \/>\n<meta property=\"og:locale\" content=\"it_IT\" \/>\n<meta property=\"og:type\" content=\"article\" \/>\n<meta property=\"og:title\" content=\"Rancilio Group Safety Day: mettere la sicurezza e la salute sul lavoro al primo posto - Rancilio Group\" \/>\n<meta property=\"og:description\" content=\"Il 25 novembre scorso, Rancilio Group ha organizzato un\u2019intera giornata formativa sul tema di salute e sicurezza sul lavoro, il Safety Day, con il contributo di Aristea di Legnano.\" \/>\n<meta property=\"og:url\" content=\"https:\/\/www.ranciliogroup.com\/it\/rancilio-group-safety-day-mettere-la-sicurezza-e-la-salute-sul-lavoro-al-primo-posto\/\" \/>\n<meta property=\"og:site_name\" content=\"Rancilio Group\" \/>\n<meta property=\"article:publisher\" content=\"https:\/\/www.facebook.com\/RancilioGroup\" \/>\n<meta property=\"article:published_time\" content=\"2022-12-05T08:55:35+00:00\" \/>\n<meta property=\"article:modified_time\" content=\"2023-06-22T07:13:20+00:00\" \/>\n<meta property=\"og:image\" content=\"https:\/\/www.ranciliogroup.com\/app\/uploads\/2022\/12\/2022_SAFETY_DAY_-100-1.jpg\" \/>\n\t<meta property=\"og:image:width\" content=\"1080\" \/>\n\t<meta property=\"og:image:height\" content=\"721\" \/>\n\t<meta property=\"og:image:type\" content=\"image\/jpeg\" \/>\n<meta name=\"author\" content=\"temp circular\" \/>\n<meta name=\"twitter:card\" content=\"summary_large_image\" \/>\n<meta name=\"twitter:creator\" content=\"@ranciliogroup\" \/>\n<meta name=\"twitter:site\" content=\"@ranciliogroup\" \/>\n<meta name=\"twitter:label1\" content=\"Scritto da\" \/>\n\t<meta name=\"twitter:data1\" content=\"temp circular\" \/>\n\t<meta name=\"twitter:label2\" content=\"Tempo di lettura stimato\" \/>\n\t<meta name=\"twitter:data2\" content=\"2 minuti\" \/>\n<script type=\"application\/ld+json\" class=\"yoast-schema-graph\">{\"@context\":\"https:\/\/schema.org\",\"@graph\":[{\"@type\":\"Article\",\"@id\":\"https:\/\/www.ranciliogroup.com\/it\/rancilio-group-safety-day-mettere-la-sicurezza-e-la-salute-sul-lavoro-al-primo-posto\/#article\",\"isPartOf\":{\"@id\":\"https:\/\/www.ranciliogroup.com\/it\/rancilio-group-safety-day-mettere-la-sicurezza-e-la-salute-sul-lavoro-al-primo-posto\/\"},\"author\":{\"name\":\"temp circular\",\"@id\":\"https:\/\/www.ranciliogroup.com\/it\/#\/schema\/person\/d6bf0a7dfe74cded3d64da8b2c92814c\"},\"headline\":\"Rancilio Group Safety Day: mettere la sicurezza e la salute sul lavoro al primo posto\",\"datePublished\":\"2022-12-05T08:55:35+00:00\",\"dateModified\":\"2023-06-22T07:13:20+00:00\",\"mainEntityOfPage\":{\"@id\":\"https:\/\/www.ranciliogroup.com\/it\/rancilio-group-safety-day-mettere-la-sicurezza-e-la-salute-sul-lavoro-al-primo-posto\/\"},\"wordCount\":354,\"publisher\":{\"@id\":\"https:\/\/www.ranciliogroup.com\/it\/#organization\"},\"keywords\":[\"Safety Day\",\"Rancilio Group\"],\"articleSection\":[\"Eventi\",\"Sostenibilit\u00e0\"],\"inLanguage\":\"it-IT\"},{\"@type\":\"WebPage\",\"@id\":\"https:\/\/www.ranciliogroup.com\/it\/rancilio-group-safety-day-mettere-la-sicurezza-e-la-salute-sul-lavoro-al-primo-posto\/\",\"url\":\"https:\/\/www.ranciliogroup.com\/it\/rancilio-group-safety-day-mettere-la-sicurezza-e-la-salute-sul-lavoro-al-primo-posto\/\",\"name\":\"Rancilio Group Safety Day: mettere la sicurezza e la salute sul lavoro al primo posto - Rancilio Group\",\"isPartOf\":{\"@id\":\"https:\/\/www.ranciliogroup.com\/it\/#website\"},\"datePublished\":\"2022-12-05T08:55:35+00:00\",\"dateModified\":\"2023-06-22T07:13:20+00:00\",\"description\":\"Il 25 novembre scorso, Rancilio Group ha organizzato un\u2019intera giornata formativa sul tema di salute e sicurezza sul lavoro, il Safety Day, con il contributo di Aristea di Legnano.\",\"breadcrumb\":{\"@id\":\"https:\/\/www.ranciliogroup.com\/it\/rancilio-group-safety-day-mettere-la-sicurezza-e-la-salute-sul-lavoro-al-primo-posto\/#breadcrumb\"},\"inLanguage\":\"it-IT\",\"potentialAction\":[{\"@type\":\"ReadAction\",\"target\":[\"https:\/\/www.ranciliogroup.com\/it\/rancilio-group-safety-day-mettere-la-sicurezza-e-la-salute-sul-lavoro-al-primo-posto\/\"]}]},{\"@type\":\"BreadcrumbList\",\"@id\":\"https:\/\/www.ranciliogroup.com\/it\/rancilio-group-safety-day-mettere-la-sicurezza-e-la-salute-sul-lavoro-al-primo-posto\/#breadcrumb\",\"itemListElement\":[{\"@type\":\"ListItem\",\"position\":1,\"name\":\"Home\",\"item\":\"https:\/\/www.ranciliogroup.com\/it\/\"},{\"@type\":\"ListItem\",\"position\":2,\"name\":\"Rancilio Group Safety Day: mettere la sicurezza e la salute sul lavoro al primo posto\"}]},{\"@type\":\"WebSite\",\"@id\":\"https:\/\/www.ranciliogroup.com\/it\/#website\",\"url\":\"https:\/\/www.ranciliogroup.com\/it\/\",\"name\":\"Rancilio Group\",\"description\":\"Leader delle Macchine da Caff\u00e8 Professionali\",\"publisher\":{\"@id\":\"https:\/\/www.ranciliogroup.com\/it\/#organization\"},\"potentialAction\":[{\"@type\":\"SearchAction\",\"target\":{\"@type\":\"EntryPoint\",\"urlTemplate\":\"https:\/\/www.ranciliogroup.com\/it\/?s={search_term_string}\"},\"query-input\":\"required name=search_term_string\"}],\"inLanguage\":\"it-IT\"},{\"@type\":\"Organization\",\"@id\":\"https:\/\/www.ranciliogroup.com\/it\/#organization\",\"name\":\"Rancilio Group\",\"url\":\"https:\/\/www.ranciliogroup.com\/it\/\",\"logo\":{\"@type\":\"ImageObject\",\"inLanguage\":\"it-IT\",\"@id\":\"https:\/\/www.ranciliogroup.com\/it\/#\/schema\/logo\/image\/\",\"url\":\"https:\/\/www.ranciliogroup.com\/app\/uploads\/2019\/07\/rancilio_black_logo.png\",\"contentUrl\":\"https:\/\/www.ranciliogroup.com\/app\/uploads\/2019\/07\/rancilio_black_logo.png\",\"width\":447,\"height\":57,\"caption\":\"Rancilio Group\"},\"image\":{\"@id\":\"https:\/\/www.ranciliogroup.com\/it\/#\/schema\/logo\/image\/\"},\"sameAs\":[\"https:\/\/www.facebook.com\/RancilioGroup\",\"https:\/\/twitter.com\/ranciliogroup\",\"https:\/\/www.instagram.com\/rancilio_official\/\",\"https:\/\/www.linkedin.com\/company\/ranciliogroup\/\",\"https:\/\/www.youtube.com\/user\/rancilioadmin\"]},{\"@type\":\"Person\",\"@id\":\"https:\/\/www.ranciliogroup.com\/it\/#\/schema\/person\/d6bf0a7dfe74cded3d64da8b2c92814c\",\"name\":\"temp circular\",\"image\":{\"@type\":\"ImageObject\",\"inLanguage\":\"it-IT\",\"@id\":\"https:\/\/www.ranciliogroup.com\/it\/#\/schema\/person\/image\/\",\"url\":\"https:\/\/secure.gravatar.com\/avatar\/569e71c3b97b8bcad1854d6579b35c5f?s=96&d=mm&r=g\",\"contentUrl\":\"https:\/\/secure.gravatar.com\/avatar\/569e71c3b97b8bcad1854d6579b35c5f?s=96&d=mm&r=g\",\"caption\":\"temp circular\"}}]}<\/script>\n<!-- \/ Yoast SEO plugin. -->","yoast_head_json":{"title":"Rancilio Group Safety Day: mettere la sicurezza e la salute sul lavoro al primo posto - Rancilio Group","description":"Il 25 novembre scorso, Rancilio Group ha organizzato un\u2019intera giornata formativa sul tema di salute e sicurezza sul lavoro, il Safety Day, con il contributo di Aristea di Legnano.","robots":{"index":"index","follow":"follow","max-snippet":"max-snippet:-1","max-image-preview":"max-image-preview:large","max-video-preview":"max-video-preview:-1"},"canonical":"https:\/\/www.ranciliogroup.com\/it\/rancilio-group-safety-day-mettere-la-sicurezza-e-la-salute-sul-lavoro-al-primo-posto\/","og_locale":"it_IT","og_type":"article","og_title":"Rancilio Group Safety Day: mettere la sicurezza e la salute sul lavoro al primo posto - Rancilio Group","og_description":"Il 25 novembre scorso, Rancilio Group ha organizzato un\u2019intera giornata formativa sul tema di salute e sicurezza sul lavoro, il Safety Day, con il contributo di Aristea di Legnano.","og_url":"https:\/\/www.ranciliogroup.com\/it\/rancilio-group-safety-day-mettere-la-sicurezza-e-la-salute-sul-lavoro-al-primo-posto\/","og_site_name":"Rancilio Group","article_publisher":"https:\/\/www.facebook.com\/RancilioGroup","article_published_time":"2022-12-05T08:55:35+00:00","article_modified_time":"2023-06-22T07:13:20+00:00","og_image":[{"width":1080,"height":721,"url":"https:\/\/www.ranciliogroup.com\/app\/uploads\/2022\/12\/2022_SAFETY_DAY_-100-1.jpg","type":"image\/jpeg"}],"author":"temp circular","twitter_card":"summary_large_image","twitter_creator":"@ranciliogroup","twitter_site":"@ranciliogroup","twitter_misc":{"Scritto da":"temp circular","Tempo di lettura stimato":"2 minuti"},"schema":{"@context":"https:\/\/schema.org","@graph":[{"@type":"Article","@id":"https:\/\/www.ranciliogroup.com\/it\/rancilio-group-safety-day-mettere-la-sicurezza-e-la-salute-sul-lavoro-al-primo-posto\/#article","isPartOf":{"@id":"https:\/\/www.ranciliogroup.com\/it\/rancilio-group-safety-day-mettere-la-sicurezza-e-la-salute-sul-lavoro-al-primo-posto\/"},"author":{"name":"temp circular","@id":"https:\/\/www.ranciliogroup.com\/it\/#\/schema\/person\/d6bf0a7dfe74cded3d64da8b2c92814c"},"headline":"Rancilio Group Safety Day: mettere la sicurezza e la salute sul lavoro al primo posto","datePublished":"2022-12-05T08:55:35+00:00","dateModified":"2023-06-22T07:13:20+00:00","mainEntityOfPage":{"@id":"https:\/\/www.ranciliogroup.com\/it\/rancilio-group-safety-day-mettere-la-sicurezza-e-la-salute-sul-lavoro-al-primo-posto\/"},"wordCount":354,"publisher":{"@id":"https:\/\/www.ranciliogroup.com\/it\/#organization"},"keywords":["Safety Day","Rancilio Group"],"articleSection":["Eventi","Sostenibilit\u00e0"],"inLanguage":"it-IT"},{"@type":"WebPage","@id":"https:\/\/www.ranciliogroup.com\/it\/rancilio-group-safety-day-mettere-la-sicurezza-e-la-salute-sul-lavoro-al-primo-posto\/","url":"https:\/\/www.ranciliogroup.com\/it\/rancilio-group-safety-day-mettere-la-sicurezza-e-la-salute-sul-lavoro-al-primo-posto\/","name":"Rancilio Group Safety Day: mettere la sicurezza e la salute sul lavoro al primo posto - Rancilio Group","isPartOf":{"@id":"https:\/\/www.ranciliogroup.com\/it\/#website"},"datePublished":"2022-12-05T08:55:35+00:00","dateModified":"2023-06-22T07:13:20+00:00","description":"Il 25 novembre scorso, Rancilio Group ha organizzato un\u2019intera giornata formativa sul tema di salute e sicurezza sul lavoro, il Safety Day, con il contributo di Aristea di Legnano.","breadcrumb":{"@id":"https:\/\/www.ranciliogroup.com\/it\/rancilio-group-safety-day-mettere-la-sicurezza-e-la-salute-sul-lavoro-al-primo-posto\/#breadcrumb"},"inLanguage":"it-IT","potentialAction":[{"@type":"ReadAction","target":["https:\/\/www.ranciliogroup.com\/it\/rancilio-group-safety-day-mettere-la-sicurezza-e-la-salute-sul-lavoro-al-primo-posto\/"]}]},{"@type":"BreadcrumbList","@id":"https:\/\/www.ranciliogroup.com\/it\/rancilio-group-safety-day-mettere-la-sicurezza-e-la-salute-sul-lavoro-al-primo-posto\/#breadcrumb","itemListElement":[{"@type":"ListItem","position":1,"name":"Home","item":"https:\/\/www.ranciliogroup.com\/it\/"},{"@type":"ListItem","position":2,"name":"Rancilio Group Safety Day: mettere la sicurezza e la salute sul lavoro al primo posto"}]},{"@type":"WebSite","@id":"https:\/\/www.ranciliogroup.com\/it\/#website","url":"https:\/\/www.ranciliogroup.com\/it\/","name":"Rancilio Group","description":"Leader delle Macchine da Caff\u00e8 Professionali","publisher":{"@id":"https:\/\/www.ranciliogroup.com\/it\/#organization"},"potentialAction":[{"@type":"SearchAction","target":{"@type":"EntryPoint","urlTemplate":"https:\/\/www.ranciliogroup.com\/it\/?s={search_term_string}"},"query-input":"required name=search_term_string"}],"inLanguage":"it-IT"},{"@type":"Organization","@id":"https:\/\/www.ranciliogroup.com\/it\/#organization","name":"Rancilio Group","url":"https:\/\/www.ranciliogroup.com\/it\/","logo":{"@type":"ImageObject","inLanguage":"it-IT","@id":"https:\/\/www.ranciliogroup.com\/it\/#\/schema\/logo\/image\/","url":"https:\/\/www.ranciliogroup.com\/app\/uploads\/2019\/07\/rancilio_black_logo.png","contentUrl":"https:\/\/www.ranciliogroup.com\/app\/uploads\/2019\/07\/rancilio_black_logo.png","width":447,"height":57,"caption":"Rancilio Group"},"image":{"@id":"https:\/\/www.ranciliogroup.com\/it\/#\/schema\/logo\/image\/"},"sameAs":["https:\/\/www.facebook.com\/RancilioGroup","https:\/\/twitter.com\/ranciliogroup","https:\/\/www.instagram.com\/rancilio_official\/","https:\/\/www.linkedin.com\/company\/ranciliogroup\/","https:\/\/www.youtube.com\/user\/rancilioadmin"]},{"@type":"Person","@id":"https:\/\/www.ranciliogroup.com\/it\/#\/schema\/person\/d6bf0a7dfe74cded3d64da8b2c92814c","name":"temp circular","image":{"@type":"ImageObject","inLanguage":"it-IT","@id":"https:\/\/www.ranciliogroup.com\/it\/#\/schema\/person\/image\/","url":"https:\/\/secure.gravatar.com\/avatar\/569e71c3b97b8bcad1854d6579b35c5f?s=96&d=mm&r=g","contentUrl":"https:\/\/secure.gravatar.com\/avatar\/569e71c3b97b8bcad1854d6579b35c5f?s=96&d=mm&r=g","caption":"temp circular"}}]}},"_links":{"self":[{"href":"https:\/\/www.ranciliogroup.com\/it\/wp-json\/wp\/v2\/posts\/63645"}],"collection":[{"href":"https:\/\/www.ranciliogroup.com\/it\/wp-json\/wp\/v2\/posts"}],"about":[{"href":"https:\/\/www.ranciliogroup.com\/it\/wp-json\/wp\/v2\/types\/post"}],"author":[{"embeddable":true,"href":"https:\/\/www.ranciliogroup.com\/it\/wp-json\/wp\/v2\/users\/5"}],"replies":[{"embeddable":true,"href":"https:\/\/www.ranciliogroup.com\/it\/wp-json\/wp\/v2\/comments?post=63645"}],"version-history":[{"count":1,"href":"https:\/\/www.ranciliogroup.com\/it\/wp-json\/wp\/v2\/posts\/63645\/revisions"}],"predecessor-version":[{"id":63646,"href":"https:\/\/www.ranciliogroup.com\/it\/wp-json\/wp\/v2\/posts\/63645\/revisions\/63646"}],"wp:featuredmedia":[{"embeddable":true,"href":"https:\/\/www.ranciliogroup.com\/it\/wp-json\/wp\/v2\/media\/63619"}],"wp:attachment":[{"href":"https:\/\/www.ranciliogroup.com\/it\/wp-json\/wp\/v2\/media?parent=63645"}],"wp:term":[{"taxonomy":"category","embeddable":true,"href":"https:\/\/www.ranciliogroup.com\/it\/wp-json\/wp\/v2\/categories?post=63645"},{"taxonomy":"post_tag","embeddable":true,"href":"https:\/\/www.ranciliogroup.com\/it\/wp-json\/wp\/v2\/tags?post=63645"}],"curies":[{"name":"wp","href":"https:\/\/api.w.org\/{rel}","templated":true}]}}