{"id":65783,"date":"2023-02-15T10:58:19","date_gmt":"2023-02-15T09:58:19","guid":{"rendered":"https:\/\/www.ranciliogroup.com\/?p=65783"},"modified":"2023-05-05T11:30:16","modified_gmt":"2023-05-05T09:30:16","slug":"rancilio-specialty-e-the-barista-league-di-nuovo-insieme-a-citta-del-messico","status":"publish","type":"post","link":"https:\/\/www.ranciliogroup.com\/it\/rancilio-specialty-e-the-barista-league-di-nuovo-insieme-a-citta-del-messico\/","title":{"rendered":"Rancilio Specialty e The Barista League di nuovo insieme a Citt\u00e0 del Messico"},"content":{"rendered":"<p>Dopo il successo dello scorso anno, domenica 5 marzo, Rancilio Specialty e The Barista League tornano a Citt\u00e0 del Messico per un altro round di emozionanti competizioni.<\/p>\n<p>Rancilio Specialty Invicta torner\u00e0 come sponsor ufficiale dell&#8217;evento aiutando 12 intrepidi baristi in tre round di sfrenate sfide all&#8217;insegna del caff\u00e8. La tecnologia di estrazione del caff\u00e8 di Invicta sar\u00e0 uno strumento unico nelle mani dei concorrenti che, divisi in squadre, dovranno dimostrare la propria creativit\u00e0 e talento davanti a sei giudici stellati: Shak Zapata, Adan Guti\u00e9rrez, Ale Lugo, Cristi\u00e1n Ponce, Ana Herrera e Jenny Borrego.<\/p>\n<p>Segui la gara per incoronare i prossimi campioni con Rancilio Specialty e degustare il caff\u00e8 delle migliori torrefazioni di Citt\u00e0 del Messico. Musica servita da un sensazionale DJ, bevande e divertimento saranno come sempre le parole chiave di questo entusiasmante evento pensato per tutti i baristi e gli amanti del caff\u00e8.<\/p>\n<p>I biglietti sono in vendita su <a href=\"https:\/\/www.passline.com\/eventos\/the-barista-league-en-foro-indie-rocks\">passline.com<\/a><\/p>\n<p>&nbsp;<\/p>\n<p>&nbsp;<\/p>\n<p style=\"text-align: left;\"><strong>The Barista League Mexico City<\/strong><br \/>\nDomenica 05 marzo 2023<br \/>\nDalle 18:00 alle 23:00<br \/>\n<a href=\"https:\/\/www.google.com\/maps\/place\/Foro+Indierocks!\/@19.4166164,-99.1561844,15z\/data=!4m5!3m4!1s0x0:0x1192dbc4d6d4a8e!8m2!3d19.4166258!4d-99.1561913\">Foro Indierock!<\/a><br \/>\nZacatecas 39, Col. Roma Norte<br \/>\n06700 Citt\u00e0 del Messico, Messico<\/p>\n<p>&nbsp;<\/p>\n<p style=\"text-align: left;\"><strong>Segui l&#8217;evento sulla nostra pagina Instagram ufficiale<\/strong><br \/>\n@ranciliospecialty #ranciliospecialty<\/p>\n<p>&nbsp;<\/p>\n<p style=\"text-align: left;\"><a href=\"https:\/\/www.ranciliogroup.com\/it\/specialty\/invicta\/\"><strong>Scopri di pi\u00f9 su Rancilio Specialit\u00e0 Invicta<\/strong><\/a><\/p>\n<p>&nbsp;<\/p>\n","protected":false},"excerpt":{"rendered":"<p>Dopo il successo dello scorso anno, domenica 5 marzo, Rancilio Specialty e The Barista League tornano a Citt\u00e0 del Messico&#8230;<\/p>\n","protected":false},"author":5,"featured_media":65784,"comment_status":"closed","ping_status":"closed","sticky":false,"template":"","format":"standard","meta":[],"categories":[465],"tags":[2799,2618,2528,2530],"acf":[],"yoast_head":"<!-- This site is optimized with the Yoast SEO plugin v21.5 - https:\/\/yoast.com\/wordpress\/plugins\/seo\/ -->\n<title>Rancilio Specialty e The Barista League di nuovo insieme a Citt\u00e0 del Messico - Rancilio Group<\/title>\n<meta name=\"description\" content=\"Segui la gara per incoronare i prossimi campioni con Rancilio Specialty e degustare il caff\u00e8 delle migliori torrefazioni di Citt\u00e0 del Messico. Musica servita da un sensazionale DJ, bevande e divertimento saranno come sempre le parole chiave di questo entusiasmante evento pensato per tutti i baristi e gli amanti del caff\u00e8.\" \/>\n<meta name=\"robots\" content=\"index, follow, max-snippet:-1, max-image-preview:large, max-video-preview:-1\" \/>\n<link rel=\"canonical\" href=\"https:\/\/www.ranciliogroup.com\/it\/rancilio-specialty-e-the-barista-league-di-nuovo-insieme-a-citta-del-messico\/\" \/>\n<meta property=\"og:locale\" content=\"it_IT\" \/>\n<meta property=\"og:type\" content=\"article\" \/>\n<meta property=\"og:title\" content=\"Rancilio Specialty e The Barista League di nuovo insieme a Citt\u00e0 del Messico - Rancilio Group\" \/>\n<meta property=\"og:description\" content=\"Segui la gara per incoronare i prossimi campioni con Rancilio Specialty e degustare il caff\u00e8 delle migliori torrefazioni di Citt\u00e0 del Messico. Musica servita da un sensazionale DJ, bevande e divertimento saranno come sempre le parole chiave di questo entusiasmante evento pensato per tutti i baristi e gli amanti del caff\u00e8.\" \/>\n<meta property=\"og:url\" content=\"https:\/\/www.ranciliogroup.com\/it\/rancilio-specialty-e-the-barista-league-di-nuovo-insieme-a-citta-del-messico\/\" \/>\n<meta property=\"og:site_name\" content=\"Rancilio Group\" \/>\n<meta property=\"article:publisher\" content=\"https:\/\/www.facebook.com\/RancilioGroup\" \/>\n<meta property=\"article:published_time\" content=\"2023-02-15T09:58:19+00:00\" \/>\n<meta property=\"article:modified_time\" content=\"2023-05-05T09:30:16+00:00\" \/>\n<meta property=\"og:image\" content=\"https:\/\/www.ranciliogroup.com\/app\/uploads\/2023\/02\/TheBaristaLeague-CDMX-2022-web.jpg\" \/>\n\t<meta property=\"og:image:width\" content=\"1080\" \/>\n\t<meta property=\"og:image:height\" content=\"720\" \/>\n\t<meta property=\"og:image:type\" content=\"image\/jpeg\" \/>\n<meta name=\"author\" content=\"temp circular\" \/>\n<meta name=\"twitter:card\" content=\"summary_large_image\" \/>\n<meta name=\"twitter:creator\" content=\"@ranciliogroup\" \/>\n<meta name=\"twitter:site\" content=\"@ranciliogroup\" \/>\n<meta name=\"twitter:label1\" content=\"Scritto da\" \/>\n\t<meta name=\"twitter:data1\" content=\"temp circular\" \/>\n\t<meta name=\"twitter:label2\" content=\"Tempo di lettura stimato\" \/>\n\t<meta name=\"twitter:data2\" content=\"1 minuto\" \/>\n<script type=\"application\/ld+json\" class=\"yoast-schema-graph\">{\"@context\":\"https:\/\/schema.org\",\"@graph\":[{\"@type\":\"Article\",\"@id\":\"https:\/\/www.ranciliogroup.com\/it\/rancilio-specialty-e-the-barista-league-di-nuovo-insieme-a-citta-del-messico\/#article\",\"isPartOf\":{\"@id\":\"https:\/\/www.ranciliogroup.com\/it\/rancilio-specialty-e-the-barista-league-di-nuovo-insieme-a-citta-del-messico\/\"},\"author\":{\"name\":\"temp circular\",\"@id\":\"https:\/\/www.ranciliogroup.com\/it\/#\/schema\/person\/d6bf0a7dfe74cded3d64da8b2c92814c\"},\"headline\":\"Rancilio Specialty e The Barista League di nuovo insieme a Citt\u00e0 del Messico\",\"datePublished\":\"2023-02-15T09:58:19+00:00\",\"dateModified\":\"2023-05-05T09:30:16+00:00\",\"mainEntityOfPage\":{\"@id\":\"https:\/\/www.ranciliogroup.com\/it\/rancilio-specialty-e-the-barista-league-di-nuovo-insieme-a-citta-del-messico\/\"},\"wordCount\":205,\"publisher\":{\"@id\":\"https:\/\/www.ranciliogroup.com\/it\/#organization\"},\"keywords\":[\"Mexico\",\"Invicta\",\"Rancilio Specialty\",\"Barista League\"],\"articleSection\":[\"Eventi\"],\"inLanguage\":\"it-IT\"},{\"@type\":\"WebPage\",\"@id\":\"https:\/\/www.ranciliogroup.com\/it\/rancilio-specialty-e-the-barista-league-di-nuovo-insieme-a-citta-del-messico\/\",\"url\":\"https:\/\/www.ranciliogroup.com\/it\/rancilio-specialty-e-the-barista-league-di-nuovo-insieme-a-citta-del-messico\/\",\"name\":\"Rancilio Specialty e The Barista League di nuovo insieme a Citt\u00e0 del Messico - Rancilio Group\",\"isPartOf\":{\"@id\":\"https:\/\/www.ranciliogroup.com\/it\/#website\"},\"datePublished\":\"2023-02-15T09:58:19+00:00\",\"dateModified\":\"2023-05-05T09:30:16+00:00\",\"description\":\"Segui la gara per incoronare i prossimi campioni con Rancilio Specialty e degustare il caff\u00e8 delle migliori torrefazioni di Citt\u00e0 del Messico. Musica servita da un sensazionale DJ, bevande e divertimento saranno come sempre le parole chiave di questo entusiasmante evento pensato per tutti i baristi e gli amanti del caff\u00e8.\",\"breadcrumb\":{\"@id\":\"https:\/\/www.ranciliogroup.com\/it\/rancilio-specialty-e-the-barista-league-di-nuovo-insieme-a-citta-del-messico\/#breadcrumb\"},\"inLanguage\":\"it-IT\",\"potentialAction\":[{\"@type\":\"ReadAction\",\"target\":[\"https:\/\/www.ranciliogroup.com\/it\/rancilio-specialty-e-the-barista-league-di-nuovo-insieme-a-citta-del-messico\/\"]}]},{\"@type\":\"BreadcrumbList\",\"@id\":\"https:\/\/www.ranciliogroup.com\/it\/rancilio-specialty-e-the-barista-league-di-nuovo-insieme-a-citta-del-messico\/#breadcrumb\",\"itemListElement\":[{\"@type\":\"ListItem\",\"position\":1,\"name\":\"Home\",\"item\":\"https:\/\/www.ranciliogroup.com\/it\/\"},{\"@type\":\"ListItem\",\"position\":2,\"name\":\"Rancilio Specialty e The Barista League di nuovo insieme a Citt\u00e0 del Messico\"}]},{\"@type\":\"WebSite\",\"@id\":\"https:\/\/www.ranciliogroup.com\/it\/#website\",\"url\":\"https:\/\/www.ranciliogroup.com\/it\/\",\"name\":\"Rancilio Group\",\"description\":\"Leader delle Macchine da Caff\u00e8 Professionali\",\"publisher\":{\"@id\":\"https:\/\/www.ranciliogroup.com\/it\/#organization\"},\"potentialAction\":[{\"@type\":\"SearchAction\",\"target\":{\"@type\":\"EntryPoint\",\"urlTemplate\":\"https:\/\/www.ranciliogroup.com\/it\/?s={search_term_string}\"},\"query-input\":\"required name=search_term_string\"}],\"inLanguage\":\"it-IT\"},{\"@type\":\"Organization\",\"@id\":\"https:\/\/www.ranciliogroup.com\/it\/#organization\",\"name\":\"Rancilio Group\",\"url\":\"https:\/\/www.ranciliogroup.com\/it\/\",\"logo\":{\"@type\":\"ImageObject\",\"inLanguage\":\"it-IT\",\"@id\":\"https:\/\/www.ranciliogroup.com\/it\/#\/schema\/logo\/image\/\",\"url\":\"https:\/\/www.ranciliogroup.com\/app\/uploads\/2019\/07\/rancilio_black_logo.png\",\"contentUrl\":\"https:\/\/www.ranciliogroup.com\/app\/uploads\/2019\/07\/rancilio_black_logo.png\",\"width\":447,\"height\":57,\"caption\":\"Rancilio Group\"},\"image\":{\"@id\":\"https:\/\/www.ranciliogroup.com\/it\/#\/schema\/logo\/image\/\"},\"sameAs\":[\"https:\/\/www.facebook.com\/RancilioGroup\",\"https:\/\/twitter.com\/ranciliogroup\",\"https:\/\/www.instagram.com\/rancilio_official\/\",\"https:\/\/www.linkedin.com\/company\/ranciliogroup\/\",\"https:\/\/www.youtube.com\/user\/rancilioadmin\"]},{\"@type\":\"Person\",\"@id\":\"https:\/\/www.ranciliogroup.com\/it\/#\/schema\/person\/d6bf0a7dfe74cded3d64da8b2c92814c\",\"name\":\"temp circular\",\"image\":{\"@type\":\"ImageObject\",\"inLanguage\":\"it-IT\",\"@id\":\"https:\/\/www.ranciliogroup.com\/it\/#\/schema\/person\/image\/\",\"url\":\"https:\/\/secure.gravatar.com\/avatar\/569e71c3b97b8bcad1854d6579b35c5f?s=96&d=mm&r=g\",\"contentUrl\":\"https:\/\/secure.gravatar.com\/avatar\/569e71c3b97b8bcad1854d6579b35c5f?s=96&d=mm&r=g\",\"caption\":\"temp circular\"}}]}<\/script>\n<!-- \/ Yoast SEO plugin. -->","yoast_head_json":{"title":"Rancilio Specialty e The Barista League di nuovo insieme a Citt\u00e0 del Messico - Rancilio Group","description":"Segui la gara per incoronare i prossimi campioni con Rancilio Specialty e degustare il caff\u00e8 delle migliori torrefazioni di Citt\u00e0 del Messico. Musica servita da un sensazionale DJ, bevande e divertimento saranno come sempre le parole chiave di questo entusiasmante evento pensato per tutti i baristi e gli amanti del caff\u00e8.","robots":{"index":"index","follow":"follow","max-snippet":"max-snippet:-1","max-image-preview":"max-image-preview:large","max-video-preview":"max-video-preview:-1"},"canonical":"https:\/\/www.ranciliogroup.com\/it\/rancilio-specialty-e-the-barista-league-di-nuovo-insieme-a-citta-del-messico\/","og_locale":"it_IT","og_type":"article","og_title":"Rancilio Specialty e The Barista League di nuovo insieme a Citt\u00e0 del Messico - Rancilio Group","og_description":"Segui la gara per incoronare i prossimi campioni con Rancilio Specialty e degustare il caff\u00e8 delle migliori torrefazioni di Citt\u00e0 del Messico. Musica servita da un sensazionale DJ, bevande e divertimento saranno come sempre le parole chiave di questo entusiasmante evento pensato per tutti i baristi e gli amanti del caff\u00e8.","og_url":"https:\/\/www.ranciliogroup.com\/it\/rancilio-specialty-e-the-barista-league-di-nuovo-insieme-a-citta-del-messico\/","og_site_name":"Rancilio Group","article_publisher":"https:\/\/www.facebook.com\/RancilioGroup","article_published_time":"2023-02-15T09:58:19+00:00","article_modified_time":"2023-05-05T09:30:16+00:00","og_image":[{"width":1080,"height":720,"url":"https:\/\/www.ranciliogroup.com\/app\/uploads\/2023\/02\/TheBaristaLeague-CDMX-2022-web.jpg","type":"image\/jpeg"}],"author":"temp circular","twitter_card":"summary_large_image","twitter_creator":"@ranciliogroup","twitter_site":"@ranciliogroup","twitter_misc":{"Scritto da":"temp circular","Tempo di lettura stimato":"1 minuto"},"schema":{"@context":"https:\/\/schema.org","@graph":[{"@type":"Article","@id":"https:\/\/www.ranciliogroup.com\/it\/rancilio-specialty-e-the-barista-league-di-nuovo-insieme-a-citta-del-messico\/#article","isPartOf":{"@id":"https:\/\/www.ranciliogroup.com\/it\/rancilio-specialty-e-the-barista-league-di-nuovo-insieme-a-citta-del-messico\/"},"author":{"name":"temp circular","@id":"https:\/\/www.ranciliogroup.com\/it\/#\/schema\/person\/d6bf0a7dfe74cded3d64da8b2c92814c"},"headline":"Rancilio Specialty e The Barista League di nuovo insieme a Citt\u00e0 del Messico","datePublished":"2023-02-15T09:58:19+00:00","dateModified":"2023-05-05T09:30:16+00:00","mainEntityOfPage":{"@id":"https:\/\/www.ranciliogroup.com\/it\/rancilio-specialty-e-the-barista-league-di-nuovo-insieme-a-citta-del-messico\/"},"wordCount":205,"publisher":{"@id":"https:\/\/www.ranciliogroup.com\/it\/#organization"},"keywords":["Mexico","Invicta","Rancilio Specialty","Barista League"],"articleSection":["Eventi"],"inLanguage":"it-IT"},{"@type":"WebPage","@id":"https:\/\/www.ranciliogroup.com\/it\/rancilio-specialty-e-the-barista-league-di-nuovo-insieme-a-citta-del-messico\/","url":"https:\/\/www.ranciliogroup.com\/it\/rancilio-specialty-e-the-barista-league-di-nuovo-insieme-a-citta-del-messico\/","name":"Rancilio Specialty e The Barista League di nuovo insieme a Citt\u00e0 del Messico - Rancilio Group","isPartOf":{"@id":"https:\/\/www.ranciliogroup.com\/it\/#website"},"datePublished":"2023-02-15T09:58:19+00:00","dateModified":"2023-05-05T09:30:16+00:00","description":"Segui la gara per incoronare i prossimi campioni con Rancilio Specialty e degustare il caff\u00e8 delle migliori torrefazioni di Citt\u00e0 del Messico. Musica servita da un sensazionale DJ, bevande e divertimento saranno come sempre le parole chiave di questo entusiasmante evento pensato per tutti i baristi e gli amanti del caff\u00e8.","breadcrumb":{"@id":"https:\/\/www.ranciliogroup.com\/it\/rancilio-specialty-e-the-barista-league-di-nuovo-insieme-a-citta-del-messico\/#breadcrumb"},"inLanguage":"it-IT","potentialAction":[{"@type":"ReadAction","target":["https:\/\/www.ranciliogroup.com\/it\/rancilio-specialty-e-the-barista-league-di-nuovo-insieme-a-citta-del-messico\/"]}]},{"@type":"BreadcrumbList","@id":"https:\/\/www.ranciliogroup.com\/it\/rancilio-specialty-e-the-barista-league-di-nuovo-insieme-a-citta-del-messico\/#breadcrumb","itemListElement":[{"@type":"ListItem","position":1,"name":"Home","item":"https:\/\/www.ranciliogroup.com\/it\/"},{"@type":"ListItem","position":2,"name":"Rancilio Specialty e The Barista League di nuovo insieme a Citt\u00e0 del Messico"}]},{"@type":"WebSite","@id":"https:\/\/www.ranciliogroup.com\/it\/#website","url":"https:\/\/www.ranciliogroup.com\/it\/","name":"Rancilio Group","description":"Leader delle Macchine da Caff\u00e8 Professionali","publisher":{"@id":"https:\/\/www.ranciliogroup.com\/it\/#organization"},"potentialAction":[{"@type":"SearchAction","target":{"@type":"EntryPoint","urlTemplate":"https:\/\/www.ranciliogroup.com\/it\/?s={search_term_string}"},"query-input":"required name=search_term_string"}],"inLanguage":"it-IT"},{"@type":"Organization","@id":"https:\/\/www.ranciliogroup.com\/it\/#organization","name":"Rancilio Group","url":"https:\/\/www.ranciliogroup.com\/it\/","logo":{"@type":"ImageObject","inLanguage":"it-IT","@id":"https:\/\/www.ranciliogroup.com\/it\/#\/schema\/logo\/image\/","url":"https:\/\/www.ranciliogroup.com\/app\/uploads\/2019\/07\/rancilio_black_logo.png","contentUrl":"https:\/\/www.ranciliogroup.com\/app\/uploads\/2019\/07\/rancilio_black_logo.png","width":447,"height":57,"caption":"Rancilio Group"},"image":{"@id":"https:\/\/www.ranciliogroup.com\/it\/#\/schema\/logo\/image\/"},"sameAs":["https:\/\/www.facebook.com\/RancilioGroup","https:\/\/twitter.com\/ranciliogroup","https:\/\/www.instagram.com\/rancilio_official\/","https:\/\/www.linkedin.com\/company\/ranciliogroup\/","https:\/\/www.youtube.com\/user\/rancilioadmin"]},{"@type":"Person","@id":"https:\/\/www.ranciliogroup.com\/it\/#\/schema\/person\/d6bf0a7dfe74cded3d64da8b2c92814c","name":"temp circular","image":{"@type":"ImageObject","inLanguage":"it-IT","@id":"https:\/\/www.ranciliogroup.com\/it\/#\/schema\/person\/image\/","url":"https:\/\/secure.gravatar.com\/avatar\/569e71c3b97b8bcad1854d6579b35c5f?s=96&d=mm&r=g","contentUrl":"https:\/\/secure.gravatar.com\/avatar\/569e71c3b97b8bcad1854d6579b35c5f?s=96&d=mm&r=g","caption":"temp circular"}}]}},"_links":{"self":[{"href":"https:\/\/www.ranciliogroup.com\/it\/wp-json\/wp\/v2\/posts\/65783"}],"collection":[{"href":"https:\/\/www.ranciliogroup.com\/it\/wp-json\/wp\/v2\/posts"}],"about":[{"href":"https:\/\/www.ranciliogroup.com\/it\/wp-json\/wp\/v2\/types\/post"}],"author":[{"embeddable":true,"href":"https:\/\/www.ranciliogroup.com\/it\/wp-json\/wp\/v2\/users\/5"}],"replies":[{"embeddable":true,"href":"https:\/\/www.ranciliogroup.com\/it\/wp-json\/wp\/v2\/comments?post=65783"}],"version-history":[{"count":5,"href":"https:\/\/www.ranciliogroup.com\/it\/wp-json\/wp\/v2\/posts\/65783\/revisions"}],"predecessor-version":[{"id":65795,"href":"https:\/\/www.ranciliogroup.com\/it\/wp-json\/wp\/v2\/posts\/65783\/revisions\/65795"}],"wp:featuredmedia":[{"embeddable":true,"href":"https:\/\/www.ranciliogroup.com\/it\/wp-json\/wp\/v2\/media\/65784"}],"wp:attachment":[{"href":"https:\/\/www.ranciliogroup.com\/it\/wp-json\/wp\/v2\/media?parent=65783"}],"wp:term":[{"taxonomy":"category","embeddable":true,"href":"https:\/\/www.ranciliogroup.com\/it\/wp-json\/wp\/v2\/categories?post=65783"},{"taxonomy":"post_tag","embeddable":true,"href":"https:\/\/www.ranciliogroup.com\/it\/wp-json\/wp\/v2\/tags?post=65783"}],"curies":[{"name":"wp","href":"https:\/\/api.w.org\/{rel}","templated":true}]}}