{"id":65837,"date":"2023-03-01T10:46:37","date_gmt":"2023-03-01T09:46:37","guid":{"rendered":"https:\/\/www.ranciliogroup.com\/?p=65837"},"modified":"2023-05-05T11:29:56","modified_gmt":"2023-05-05T09:29:56","slug":"rancilio-specialty-ad-amburgo-per-lultima-edizione-di-barista-league","status":"publish","type":"post","link":"https:\/\/www.ranciliogroup.com\/it\/rancilio-specialty-ad-amburgo-per-lultima-edizione-di-barista-league\/","title":{"rendered":"Rancilio Specialty ad Amburgo per la nuova edizione di Barista League"},"content":{"rendered":"<p>Il 25 marzo Rancilio Specialty e Barista League uniranno le forze per un&#8217;altra serie di emozionanti sfide sulle rive del fiume Elba ad Amburgo.<\/p>\n<p>Rancilio Specialty sar\u00e0 presente come sponsor ufficiale dell&#8217;evento con RS1, la macchina da caff\u00e8 multi-boiler che affiancher\u00e0 gli audaci concorrenti con la sua avanzata tecnologia di pre-infusione ed estrazione caff\u00e8 nella loro scalata alla vittoria.<\/p>\n<p>I baristi dovranno dimostrare le loro abilit\u00e0 a una giuria di sei esperti di caff\u00e8 \u2013 Osama Shammo, Valeria Kan, Marek Frumar, Amir Ali Baniasad, Timon Kaufmann e Aylin Aslan \u2013 che giudicheranno le loro prestazioni in termini di conoscenza, esecuzione e creativit\u00e0 in tema caff\u00e8.<\/p>\n<p>DJ Vinn dar\u00e0 una scossa alla serata con musica straordinaria mentre gli ospiti potranno gustare cibo e caff\u00e8 dei migliori torrefattori locali di Amburgo e scoprire insieme a Rancilio Specialty il prossimo campione barista.<\/p>\n<p>I biglietti sono in vendita su <a href=\"https:\/\/www.tickettailor.com\/events\/thebaristaleague\/822526\/\">tickettailor.com<\/a><\/p>\n<p>&nbsp;<\/p>\n<p>&nbsp;<\/p>\n<h1><strong>Barista League Amburgo<\/strong><\/h1>\n<h1>Sab 25 marzo 2023<\/h1>\n<h1>Dalle 18:00 alle 23:00<\/h1>\n<h1><a href=\"https:\/\/www.google.com\/maps\/place\/DRILLING\/@53.558321,9.9060675,17z\/data=!3m1!4b1!4m5!3m4!1s0x47b1853e210407f1:0x83d3da50dcc72352!8m2!3d53.558321!4d9.9082562?coh=164777&amp;entry=tt&amp;shorturl=1\">Drilling<\/a><\/h1>\n<h1>Friesenweg 4<\/h1>\n<h1>22763 Amburgo, Germania<\/h1>\n<p>&nbsp;<\/p>\n<h1><\/h1>\n<h1><strong>Segui l&#8217;evento sulla nostra pagina Instagram ufficiale<\/strong><\/h1>\n<h1>@ranciliospecialty #ranciliospecialty<\/h1>\n<p>&nbsp;<\/p>\n<h1><\/h1>\n<h1><a href=\"https:\/\/www.ranciliogroup.com\/it\/specialty\/rs1\/\"><strong>Scopri di pi\u00f9 su Rancilio Specialit\u00e0 RS1<\/strong><\/a><\/h1>\n<p>&nbsp;<\/p>\n","protected":false},"excerpt":{"rendered":"<p>Il 25 marzo Rancilio Specialty e Barista League uniranno le forze per un&#8217;altra serie di emozionanti sfide sulle rive del&#8230;<\/p>\n","protected":false},"author":5,"featured_media":65831,"comment_status":"closed","ping_status":"closed","sticky":false,"template":"","format":"standard","meta":[],"categories":[465],"tags":[2807,2618,2528,2530],"acf":[],"yoast_head":"<!-- This site is optimized with the Yoast SEO plugin v21.5 - https:\/\/yoast.com\/wordpress\/plugins\/seo\/ -->\n<title>Rancilio Specialty ad Amburgo per la nuova edizione di Barista League - Rancilio Group<\/title>\n<meta name=\"description\" content=\"Rancilio Specialty sar\u00e0 presente come sponsor ufficiale dell&#039;evento con RS1, la macchina da caff\u00e8 multi-boiler che affiancher\u00e0 gli audaci concorrenti con la sua avanzata tecnologia di pre-infusione ed estrazione caff\u00e8 nella loro scalata alla vittoria.\" \/>\n<meta name=\"robots\" content=\"index, follow, max-snippet:-1, max-image-preview:large, max-video-preview:-1\" \/>\n<link rel=\"canonical\" href=\"https:\/\/www.ranciliogroup.com\/it\/rancilio-specialty-ad-amburgo-per-lultima-edizione-di-barista-league\/\" \/>\n<meta property=\"og:locale\" content=\"it_IT\" \/>\n<meta property=\"og:type\" content=\"article\" \/>\n<meta property=\"og:title\" content=\"Rancilio Specialty ad Amburgo per la nuova edizione di Barista League - Rancilio Group\" \/>\n<meta property=\"og:description\" content=\"Rancilio Specialty sar\u00e0 presente come sponsor ufficiale dell&#039;evento con RS1, la macchina da caff\u00e8 multi-boiler che affiancher\u00e0 gli audaci concorrenti con la sua avanzata tecnologia di pre-infusione ed estrazione caff\u00e8 nella loro scalata alla vittoria.\" \/>\n<meta property=\"og:url\" content=\"https:\/\/www.ranciliogroup.com\/it\/rancilio-specialty-ad-amburgo-per-lultima-edizione-di-barista-league\/\" \/>\n<meta property=\"og:site_name\" content=\"Rancilio Group\" \/>\n<meta property=\"article:publisher\" content=\"https:\/\/www.facebook.com\/RancilioGroup\" \/>\n<meta property=\"article:published_time\" content=\"2023-03-01T09:46:37+00:00\" \/>\n<meta property=\"article:modified_time\" content=\"2023-05-05T09:29:56+00:00\" \/>\n<meta property=\"og:image\" content=\"https:\/\/www.ranciliogroup.com\/app\/uploads\/2023\/03\/The_Barista_League_Hamburg_web.jpg\" \/>\n\t<meta property=\"og:image:width\" content=\"1080\" \/>\n\t<meta property=\"og:image:height\" content=\"720\" \/>\n\t<meta property=\"og:image:type\" content=\"image\/jpeg\" \/>\n<meta name=\"author\" content=\"temp circular\" \/>\n<meta name=\"twitter:card\" content=\"summary_large_image\" \/>\n<meta name=\"twitter:creator\" content=\"@ranciliogroup\" \/>\n<meta name=\"twitter:site\" content=\"@ranciliogroup\" \/>\n<meta name=\"twitter:label1\" content=\"Scritto da\" \/>\n\t<meta name=\"twitter:data1\" content=\"temp circular\" \/>\n\t<meta name=\"twitter:label2\" content=\"Tempo di lettura stimato\" \/>\n\t<meta name=\"twitter:data2\" content=\"1 minuto\" \/>\n<script type=\"application\/ld+json\" class=\"yoast-schema-graph\">{\"@context\":\"https:\/\/schema.org\",\"@graph\":[{\"@type\":\"Article\",\"@id\":\"https:\/\/www.ranciliogroup.com\/it\/rancilio-specialty-ad-amburgo-per-lultima-edizione-di-barista-league\/#article\",\"isPartOf\":{\"@id\":\"https:\/\/www.ranciliogroup.com\/it\/rancilio-specialty-ad-amburgo-per-lultima-edizione-di-barista-league\/\"},\"author\":{\"name\":\"temp circular\",\"@id\":\"https:\/\/www.ranciliogroup.com\/it\/#\/schema\/person\/d6bf0a7dfe74cded3d64da8b2c92814c\"},\"headline\":\"Rancilio Specialty ad Amburgo per la nuova edizione di Barista League\",\"datePublished\":\"2023-03-01T09:46:37+00:00\",\"dateModified\":\"2023-05-05T09:29:56+00:00\",\"mainEntityOfPage\":{\"@id\":\"https:\/\/www.ranciliogroup.com\/it\/rancilio-specialty-ad-amburgo-per-lultima-edizione-di-barista-league\/\"},\"wordCount\":187,\"publisher\":{\"@id\":\"https:\/\/www.ranciliogroup.com\/it\/#organization\"},\"keywords\":[\"Hamburg\",\"Invicta\",\"Rancilio Specialty\",\"Barista League\"],\"articleSection\":[\"Eventi\"],\"inLanguage\":\"it-IT\"},{\"@type\":\"WebPage\",\"@id\":\"https:\/\/www.ranciliogroup.com\/it\/rancilio-specialty-ad-amburgo-per-lultima-edizione-di-barista-league\/\",\"url\":\"https:\/\/www.ranciliogroup.com\/it\/rancilio-specialty-ad-amburgo-per-lultima-edizione-di-barista-league\/\",\"name\":\"Rancilio Specialty ad Amburgo per la nuova edizione di Barista League - Rancilio Group\",\"isPartOf\":{\"@id\":\"https:\/\/www.ranciliogroup.com\/it\/#website\"},\"datePublished\":\"2023-03-01T09:46:37+00:00\",\"dateModified\":\"2023-05-05T09:29:56+00:00\",\"description\":\"Rancilio Specialty sar\u00e0 presente come sponsor ufficiale dell'evento con RS1, la macchina da caff\u00e8 multi-boiler che affiancher\u00e0 gli audaci concorrenti con la sua avanzata tecnologia di pre-infusione ed estrazione caff\u00e8 nella loro scalata alla vittoria.\",\"breadcrumb\":{\"@id\":\"https:\/\/www.ranciliogroup.com\/it\/rancilio-specialty-ad-amburgo-per-lultima-edizione-di-barista-league\/#breadcrumb\"},\"inLanguage\":\"it-IT\",\"potentialAction\":[{\"@type\":\"ReadAction\",\"target\":[\"https:\/\/www.ranciliogroup.com\/it\/rancilio-specialty-ad-amburgo-per-lultima-edizione-di-barista-league\/\"]}]},{\"@type\":\"BreadcrumbList\",\"@id\":\"https:\/\/www.ranciliogroup.com\/it\/rancilio-specialty-ad-amburgo-per-lultima-edizione-di-barista-league\/#breadcrumb\",\"itemListElement\":[{\"@type\":\"ListItem\",\"position\":1,\"name\":\"Home\",\"item\":\"https:\/\/www.ranciliogroup.com\/it\/\"},{\"@type\":\"ListItem\",\"position\":2,\"name\":\"Rancilio Specialty ad Amburgo per la nuova edizione di Barista League\"}]},{\"@type\":\"WebSite\",\"@id\":\"https:\/\/www.ranciliogroup.com\/it\/#website\",\"url\":\"https:\/\/www.ranciliogroup.com\/it\/\",\"name\":\"Rancilio Group\",\"description\":\"Leader delle Macchine da Caff\u00e8 Professionali\",\"publisher\":{\"@id\":\"https:\/\/www.ranciliogroup.com\/it\/#organization\"},\"potentialAction\":[{\"@type\":\"SearchAction\",\"target\":{\"@type\":\"EntryPoint\",\"urlTemplate\":\"https:\/\/www.ranciliogroup.com\/it\/?s={search_term_string}\"},\"query-input\":\"required name=search_term_string\"}],\"inLanguage\":\"it-IT\"},{\"@type\":\"Organization\",\"@id\":\"https:\/\/www.ranciliogroup.com\/it\/#organization\",\"name\":\"Rancilio Group\",\"url\":\"https:\/\/www.ranciliogroup.com\/it\/\",\"logo\":{\"@type\":\"ImageObject\",\"inLanguage\":\"it-IT\",\"@id\":\"https:\/\/www.ranciliogroup.com\/it\/#\/schema\/logo\/image\/\",\"url\":\"https:\/\/www.ranciliogroup.com\/app\/uploads\/2019\/07\/rancilio_black_logo.png\",\"contentUrl\":\"https:\/\/www.ranciliogroup.com\/app\/uploads\/2019\/07\/rancilio_black_logo.png\",\"width\":447,\"height\":57,\"caption\":\"Rancilio Group\"},\"image\":{\"@id\":\"https:\/\/www.ranciliogroup.com\/it\/#\/schema\/logo\/image\/\"},\"sameAs\":[\"https:\/\/www.facebook.com\/RancilioGroup\",\"https:\/\/twitter.com\/ranciliogroup\",\"https:\/\/www.instagram.com\/rancilio_official\/\",\"https:\/\/www.linkedin.com\/company\/ranciliogroup\/\",\"https:\/\/www.youtube.com\/user\/rancilioadmin\"]},{\"@type\":\"Person\",\"@id\":\"https:\/\/www.ranciliogroup.com\/it\/#\/schema\/person\/d6bf0a7dfe74cded3d64da8b2c92814c\",\"name\":\"temp circular\",\"image\":{\"@type\":\"ImageObject\",\"inLanguage\":\"it-IT\",\"@id\":\"https:\/\/www.ranciliogroup.com\/it\/#\/schema\/person\/image\/\",\"url\":\"https:\/\/secure.gravatar.com\/avatar\/569e71c3b97b8bcad1854d6579b35c5f?s=96&d=mm&r=g\",\"contentUrl\":\"https:\/\/secure.gravatar.com\/avatar\/569e71c3b97b8bcad1854d6579b35c5f?s=96&d=mm&r=g\",\"caption\":\"temp circular\"}}]}<\/script>\n<!-- \/ Yoast SEO plugin. -->","yoast_head_json":{"title":"Rancilio Specialty ad Amburgo per la nuova edizione di Barista League - Rancilio Group","description":"Rancilio Specialty sar\u00e0 presente come sponsor ufficiale dell'evento con RS1, la macchina da caff\u00e8 multi-boiler che affiancher\u00e0 gli audaci concorrenti con la sua avanzata tecnologia di pre-infusione ed estrazione caff\u00e8 nella loro scalata alla vittoria.","robots":{"index":"index","follow":"follow","max-snippet":"max-snippet:-1","max-image-preview":"max-image-preview:large","max-video-preview":"max-video-preview:-1"},"canonical":"https:\/\/www.ranciliogroup.com\/it\/rancilio-specialty-ad-amburgo-per-lultima-edizione-di-barista-league\/","og_locale":"it_IT","og_type":"article","og_title":"Rancilio Specialty ad Amburgo per la nuova edizione di Barista League - Rancilio Group","og_description":"Rancilio Specialty sar\u00e0 presente come sponsor ufficiale dell'evento con RS1, la macchina da caff\u00e8 multi-boiler che affiancher\u00e0 gli audaci concorrenti con la sua avanzata tecnologia di pre-infusione ed estrazione caff\u00e8 nella loro scalata alla vittoria.","og_url":"https:\/\/www.ranciliogroup.com\/it\/rancilio-specialty-ad-amburgo-per-lultima-edizione-di-barista-league\/","og_site_name":"Rancilio Group","article_publisher":"https:\/\/www.facebook.com\/RancilioGroup","article_published_time":"2023-03-01T09:46:37+00:00","article_modified_time":"2023-05-05T09:29:56+00:00","og_image":[{"width":1080,"height":720,"url":"https:\/\/www.ranciliogroup.com\/app\/uploads\/2023\/03\/The_Barista_League_Hamburg_web.jpg","type":"image\/jpeg"}],"author":"temp circular","twitter_card":"summary_large_image","twitter_creator":"@ranciliogroup","twitter_site":"@ranciliogroup","twitter_misc":{"Scritto da":"temp circular","Tempo di lettura stimato":"1 minuto"},"schema":{"@context":"https:\/\/schema.org","@graph":[{"@type":"Article","@id":"https:\/\/www.ranciliogroup.com\/it\/rancilio-specialty-ad-amburgo-per-lultima-edizione-di-barista-league\/#article","isPartOf":{"@id":"https:\/\/www.ranciliogroup.com\/it\/rancilio-specialty-ad-amburgo-per-lultima-edizione-di-barista-league\/"},"author":{"name":"temp circular","@id":"https:\/\/www.ranciliogroup.com\/it\/#\/schema\/person\/d6bf0a7dfe74cded3d64da8b2c92814c"},"headline":"Rancilio Specialty ad Amburgo per la nuova edizione di Barista League","datePublished":"2023-03-01T09:46:37+00:00","dateModified":"2023-05-05T09:29:56+00:00","mainEntityOfPage":{"@id":"https:\/\/www.ranciliogroup.com\/it\/rancilio-specialty-ad-amburgo-per-lultima-edizione-di-barista-league\/"},"wordCount":187,"publisher":{"@id":"https:\/\/www.ranciliogroup.com\/it\/#organization"},"keywords":["Hamburg","Invicta","Rancilio Specialty","Barista League"],"articleSection":["Eventi"],"inLanguage":"it-IT"},{"@type":"WebPage","@id":"https:\/\/www.ranciliogroup.com\/it\/rancilio-specialty-ad-amburgo-per-lultima-edizione-di-barista-league\/","url":"https:\/\/www.ranciliogroup.com\/it\/rancilio-specialty-ad-amburgo-per-lultima-edizione-di-barista-league\/","name":"Rancilio Specialty ad Amburgo per la nuova edizione di Barista League - Rancilio Group","isPartOf":{"@id":"https:\/\/www.ranciliogroup.com\/it\/#website"},"datePublished":"2023-03-01T09:46:37+00:00","dateModified":"2023-05-05T09:29:56+00:00","description":"Rancilio Specialty sar\u00e0 presente come sponsor ufficiale dell'evento con RS1, la macchina da caff\u00e8 multi-boiler che affiancher\u00e0 gli audaci concorrenti con la sua avanzata tecnologia di pre-infusione ed estrazione caff\u00e8 nella loro scalata alla vittoria.","breadcrumb":{"@id":"https:\/\/www.ranciliogroup.com\/it\/rancilio-specialty-ad-amburgo-per-lultima-edizione-di-barista-league\/#breadcrumb"},"inLanguage":"it-IT","potentialAction":[{"@type":"ReadAction","target":["https:\/\/www.ranciliogroup.com\/it\/rancilio-specialty-ad-amburgo-per-lultima-edizione-di-barista-league\/"]}]},{"@type":"BreadcrumbList","@id":"https:\/\/www.ranciliogroup.com\/it\/rancilio-specialty-ad-amburgo-per-lultima-edizione-di-barista-league\/#breadcrumb","itemListElement":[{"@type":"ListItem","position":1,"name":"Home","item":"https:\/\/www.ranciliogroup.com\/it\/"},{"@type":"ListItem","position":2,"name":"Rancilio Specialty ad Amburgo per la nuova edizione di Barista League"}]},{"@type":"WebSite","@id":"https:\/\/www.ranciliogroup.com\/it\/#website","url":"https:\/\/www.ranciliogroup.com\/it\/","name":"Rancilio Group","description":"Leader delle Macchine da Caff\u00e8 Professionali","publisher":{"@id":"https:\/\/www.ranciliogroup.com\/it\/#organization"},"potentialAction":[{"@type":"SearchAction","target":{"@type":"EntryPoint","urlTemplate":"https:\/\/www.ranciliogroup.com\/it\/?s={search_term_string}"},"query-input":"required name=search_term_string"}],"inLanguage":"it-IT"},{"@type":"Organization","@id":"https:\/\/www.ranciliogroup.com\/it\/#organization","name":"Rancilio Group","url":"https:\/\/www.ranciliogroup.com\/it\/","logo":{"@type":"ImageObject","inLanguage":"it-IT","@id":"https:\/\/www.ranciliogroup.com\/it\/#\/schema\/logo\/image\/","url":"https:\/\/www.ranciliogroup.com\/app\/uploads\/2019\/07\/rancilio_black_logo.png","contentUrl":"https:\/\/www.ranciliogroup.com\/app\/uploads\/2019\/07\/rancilio_black_logo.png","width":447,"height":57,"caption":"Rancilio Group"},"image":{"@id":"https:\/\/www.ranciliogroup.com\/it\/#\/schema\/logo\/image\/"},"sameAs":["https:\/\/www.facebook.com\/RancilioGroup","https:\/\/twitter.com\/ranciliogroup","https:\/\/www.instagram.com\/rancilio_official\/","https:\/\/www.linkedin.com\/company\/ranciliogroup\/","https:\/\/www.youtube.com\/user\/rancilioadmin"]},{"@type":"Person","@id":"https:\/\/www.ranciliogroup.com\/it\/#\/schema\/person\/d6bf0a7dfe74cded3d64da8b2c92814c","name":"temp circular","image":{"@type":"ImageObject","inLanguage":"it-IT","@id":"https:\/\/www.ranciliogroup.com\/it\/#\/schema\/person\/image\/","url":"https:\/\/secure.gravatar.com\/avatar\/569e71c3b97b8bcad1854d6579b35c5f?s=96&d=mm&r=g","contentUrl":"https:\/\/secure.gravatar.com\/avatar\/569e71c3b97b8bcad1854d6579b35c5f?s=96&d=mm&r=g","caption":"temp circular"}}]}},"_links":{"self":[{"href":"https:\/\/www.ranciliogroup.com\/it\/wp-json\/wp\/v2\/posts\/65837"}],"collection":[{"href":"https:\/\/www.ranciliogroup.com\/it\/wp-json\/wp\/v2\/posts"}],"about":[{"href":"https:\/\/www.ranciliogroup.com\/it\/wp-json\/wp\/v2\/types\/post"}],"author":[{"embeddable":true,"href":"https:\/\/www.ranciliogroup.com\/it\/wp-json\/wp\/v2\/users\/5"}],"replies":[{"embeddable":true,"href":"https:\/\/www.ranciliogroup.com\/it\/wp-json\/wp\/v2\/comments?post=65837"}],"version-history":[{"count":3,"href":"https:\/\/www.ranciliogroup.com\/it\/wp-json\/wp\/v2\/posts\/65837\/revisions"}],"predecessor-version":[{"id":65973,"href":"https:\/\/www.ranciliogroup.com\/it\/wp-json\/wp\/v2\/posts\/65837\/revisions\/65973"}],"wp:featuredmedia":[{"embeddable":true,"href":"https:\/\/www.ranciliogroup.com\/it\/wp-json\/wp\/v2\/media\/65831"}],"wp:attachment":[{"href":"https:\/\/www.ranciliogroup.com\/it\/wp-json\/wp\/v2\/media?parent=65837"}],"wp:term":[{"taxonomy":"category","embeddable":true,"href":"https:\/\/www.ranciliogroup.com\/it\/wp-json\/wp\/v2\/categories?post=65837"},{"taxonomy":"post_tag","embeddable":true,"href":"https:\/\/www.ranciliogroup.com\/it\/wp-json\/wp\/v2\/tags?post=65837"}],"curies":[{"name":"wp","href":"https:\/\/api.w.org\/{rel}","templated":true}]}}