{"id":66011,"date":"2023-03-15T12:10:15","date_gmt":"2023-03-15T11:10:15","guid":{"rendered":"https:\/\/www.ranciliogroup.com\/?p=66011"},"modified":"2023-05-05T11:28:54","modified_gmt":"2023-05-05T09:28:54","slug":"rancilio-group-a-budapest-per-la-13a-edizione-di-kavebar-bazar-2023","status":"publish","type":"post","link":"https:\/\/www.ranciliogroup.com\/it\/rancilio-group-a-budapest-per-la-13a-edizione-di-kavebar-bazar-2023\/","title":{"rendered":"Rancilio Group a Budapest per la 13a edizione di K\u00e1v\u00e9b\u00e1r Baz\u00e1r 2023"},"content":{"rendered":"<p>Dal 1 al 2 aprile 2023 Rancilio Group si unisce a K\u00e1v\u00e9b\u00e1r Baz\u00e1r per la sua 13a edizione al Millen\u00e1ris Park a Budapest, Ungheria.<\/p>\n<p>Rancilio Group sar\u00e0 l\u00ec ad accogliere gli ospiti con una selezione speciale della sua vasta gamma di prodotti, a partire dalla Linea Casa pensata per chi ama un caff\u00e8 eccellente e di qualit\u00e0 anche a casa.<\/p>\n<p>Da scoprire Rancilio Silvia, nell&#8217;iconico colore bianco, con caldaia coibentata, lancia vapore in acciaio inox e manopola vapore per cappuccini cremosi, e Stile, il nuovissimo macinacaff\u00e8 di classe, ultracompatto, pensato per la casa e il bar.<\/p>\n<p>Presso lo stand, Rancilio Specialty RS1 \u2013 la macchina espresso multi-boiler con tecnologia di Advanced Temperature Profiling e di Pre-infusione \u2013 accoglier\u00e0 gli ospiti con gustoso e fragrante caff\u00e8 specialty insieme al master trainer dell&#8217;Accademia Baristi la Tosteria di Firenze e istruttore autorizzato SCA, Andrea Guerra, che si unir\u00e0 al team Rancilio Group per l&#8217;evento.<\/p>\n<p>Con 2500 persone attese quest&#8217;anno, K\u00e1v\u00e9b\u00e1r Baz\u00e1r \u00e8 un evento sociale moderno e dinamico in cui le bevande giocano da protagoniste. I visitatori sono invitati a un fine settimana divertente con degustazioni illimitate, workshop e competizioni a tema caff\u00e8, vino, birra e altre specialit\u00e0. I biglietti sono disponibili fino al 30 marzo su <a href=\"https:\/\/www.tixa.hu\/kavebarbazar_2023\">Tixa.hu<\/a><\/p>\n<p>&nbsp;<\/p>\n<p>&nbsp;<\/p>\n<p><strong>K\u00e1v\u00e9b\u00e1r Bazar 2023<\/strong><br \/>\n1-2 aprile 2023<br \/>\nPadiglione B Stand 33<br \/>\nDalle 10:00 alle 18:00<br \/>\n<a href=\"https:\/\/www.google.com\/maps\/place\/Millen%C3%A1ris+Park\/@47.5099683,19.0227548,17z\/data=!4m6!3m5!1s0x4741dea6f16f945f:0x3a216867cba169e6!8m2!3d47.5112225!4d19.0251017!16s%2Fm%2F0vsy396?hl\">Millen\u00e1ris Park<\/a><br \/>\nKis R\u00f3kus u. 16-20<br \/>\n1024 Budapest, Ungheria<\/p>\n<p>&nbsp;<\/p>\n<p><strong>Per ulteriori informazioni sull&#8217;evento<\/strong><br \/>\n<a href=\"https:\/\/www.kavebar.hu\/english.html\">https:\/\/www.kavebar.hu\/english.html<\/a><\/p>\n<p>&nbsp;<\/p>\n<p><strong>Segui l&#8217;evento sulla nostra pagina Instagram ufficiale<\/strong><br \/>\n@rancilio_official #rancilio<br \/>\n@ranciliospecialty #ranciliospecialty<\/p>\n<p>&nbsp;<\/p>\n<p><strong>Scopri i nostri prodotti in esposizione<\/strong><br \/>\n<a href=\"https:\/\/www.ranciliogroup.com\/it\/rancilio\/silvia\/\">Rancilio Silvia<\/a><br \/>\n<a href=\"https:\/\/www.ranciliogroup.com\/it\/rancilio\/stile\/\">Rancilio Stile<\/a><br \/>\n<a href=\"https:\/\/www.ranciliogroup.com\/it\/rancilio\/kryo\/\">Rancilio Kryo<\/a><br \/>\n<a href=\"https:\/\/www.ranciliogroup.com\/it\/specialty\/rs1\/\">Rancilio Specialty RS1<\/a><\/p>\n","protected":false},"excerpt":{"rendered":"<p>Dal 1 al 2 aprile 2023 Rancilio Group si unisce a K\u00e1v\u00e9b\u00e1r Baz\u00e1r per la sua 13a edizione al Millen\u00e1ris&#8230;<\/p>\n","protected":false},"author":5,"featured_media":66005,"comment_status":"closed","ping_status":"closed","sticky":false,"template":"","format":"standard","meta":[],"categories":[465],"tags":[2848,2849,2782,2748,2619,2587,2528],"acf":[],"yoast_head":"<!-- This site is optimized with the Yoast SEO plugin v21.5 - https:\/\/yoast.com\/wordpress\/plugins\/seo\/ -->\n<title>Rancilio Group a Budapest per la 13a edizione di K\u00e1v\u00e9b\u00e1r Baz\u00e1r 2023 - Rancilio Group<\/title>\n<meta name=\"description\" content=\"Da scoprire Rancilio Silvia, nell&#039;iconico colore bianco, con caldaia coibentata, lancia vapore in acciaio inox e manopola vapore per cappuccini cremosi, e Stile, il nuovissimo macinacaff\u00e8 di classe, ultracompatto, pensato per la casa e il bar.\" \/>\n<meta name=\"robots\" content=\"index, follow, max-snippet:-1, max-image-preview:large, max-video-preview:-1\" \/>\n<link rel=\"canonical\" href=\"https:\/\/www.ranciliogroup.com\/it\/rancilio-group-a-budapest-per-la-13a-edizione-di-kavebar-bazar-2023\/\" \/>\n<meta property=\"og:locale\" content=\"it_IT\" \/>\n<meta property=\"og:type\" content=\"article\" \/>\n<meta property=\"og:title\" content=\"Rancilio Group a Budapest per la 13a edizione di K\u00e1v\u00e9b\u00e1r Baz\u00e1r 2023 - Rancilio Group\" \/>\n<meta property=\"og:description\" content=\"Da scoprire Rancilio Silvia, nell&#039;iconico colore bianco, con caldaia coibentata, lancia vapore in acciaio inox e manopola vapore per cappuccini cremosi, e Stile, il nuovissimo macinacaff\u00e8 di classe, ultracompatto, pensato per la casa e il bar.\" \/>\n<meta property=\"og:url\" content=\"https:\/\/www.ranciliogroup.com\/it\/rancilio-group-a-budapest-per-la-13a-edizione-di-kavebar-bazar-2023\/\" \/>\n<meta property=\"og:site_name\" content=\"Rancilio Group\" \/>\n<meta property=\"article:publisher\" content=\"https:\/\/www.facebook.com\/RancilioGroup\" \/>\n<meta property=\"article:published_time\" content=\"2023-03-15T11:10:15+00:00\" \/>\n<meta property=\"article:modified_time\" content=\"2023-05-05T09:28:54+00:00\" \/>\n<meta property=\"og:image\" content=\"https:\/\/www.ranciliogroup.com\/app\/uploads\/2023\/03\/RancilioGroup-KavebarBazar-web.jpg\" \/>\n\t<meta property=\"og:image:width\" content=\"1920\" \/>\n\t<meta property=\"og:image:height\" content=\"1171\" \/>\n\t<meta property=\"og:image:type\" content=\"image\/jpeg\" \/>\n<meta name=\"author\" content=\"temp circular\" \/>\n<meta name=\"twitter:card\" content=\"summary_large_image\" \/>\n<meta name=\"twitter:creator\" content=\"@ranciliogroup\" \/>\n<meta name=\"twitter:site\" content=\"@ranciliogroup\" \/>\n<meta name=\"twitter:label1\" content=\"Scritto da\" \/>\n\t<meta name=\"twitter:data1\" content=\"temp circular\" \/>\n\t<meta name=\"twitter:label2\" content=\"Tempo di lettura stimato\" \/>\n\t<meta name=\"twitter:data2\" content=\"2 minuti\" \/>\n<script type=\"application\/ld+json\" class=\"yoast-schema-graph\">{\"@context\":\"https:\/\/schema.org\",\"@graph\":[{\"@type\":\"Article\",\"@id\":\"https:\/\/www.ranciliogroup.com\/it\/rancilio-group-a-budapest-per-la-13a-edizione-di-kavebar-bazar-2023\/#article\",\"isPartOf\":{\"@id\":\"https:\/\/www.ranciliogroup.com\/it\/rancilio-group-a-budapest-per-la-13a-edizione-di-kavebar-bazar-2023\/\"},\"author\":{\"name\":\"temp circular\",\"@id\":\"https:\/\/www.ranciliogroup.com\/it\/#\/schema\/person\/d6bf0a7dfe74cded3d64da8b2c92814c\"},\"headline\":\"Rancilio Group a Budapest per la 13a edizione di K\u00e1v\u00e9b\u00e1r Baz\u00e1r 2023\",\"datePublished\":\"2023-03-15T11:10:15+00:00\",\"dateModified\":\"2023-05-05T09:28:54+00:00\",\"mainEntityOfPage\":{\"@id\":\"https:\/\/www.ranciliogroup.com\/it\/rancilio-group-a-budapest-per-la-13a-edizione-di-kavebar-bazar-2023\/\"},\"wordCount\":286,\"publisher\":{\"@id\":\"https:\/\/www.ranciliogroup.com\/it\/#organization\"},\"keywords\":[\"Kavebar Bazar\",\"Silvia\",\"Stile\",\"Rancilio\",\"Kryo\",\"RS1\",\"Rancilio Specialty\"],\"articleSection\":[\"Eventi\"],\"inLanguage\":\"it-IT\"},{\"@type\":\"WebPage\",\"@id\":\"https:\/\/www.ranciliogroup.com\/it\/rancilio-group-a-budapest-per-la-13a-edizione-di-kavebar-bazar-2023\/\",\"url\":\"https:\/\/www.ranciliogroup.com\/it\/rancilio-group-a-budapest-per-la-13a-edizione-di-kavebar-bazar-2023\/\",\"name\":\"Rancilio Group a Budapest per la 13a edizione di K\u00e1v\u00e9b\u00e1r Baz\u00e1r 2023 - Rancilio Group\",\"isPartOf\":{\"@id\":\"https:\/\/www.ranciliogroup.com\/it\/#website\"},\"datePublished\":\"2023-03-15T11:10:15+00:00\",\"dateModified\":\"2023-05-05T09:28:54+00:00\",\"description\":\"Da scoprire Rancilio Silvia, nell'iconico colore bianco, con caldaia coibentata, lancia vapore in acciaio inox e manopola vapore per cappuccini cremosi, e Stile, il nuovissimo macinacaff\u00e8 di classe, ultracompatto, pensato per la casa e il bar.\",\"breadcrumb\":{\"@id\":\"https:\/\/www.ranciliogroup.com\/it\/rancilio-group-a-budapest-per-la-13a-edizione-di-kavebar-bazar-2023\/#breadcrumb\"},\"inLanguage\":\"it-IT\",\"potentialAction\":[{\"@type\":\"ReadAction\",\"target\":[\"https:\/\/www.ranciliogroup.com\/it\/rancilio-group-a-budapest-per-la-13a-edizione-di-kavebar-bazar-2023\/\"]}]},{\"@type\":\"BreadcrumbList\",\"@id\":\"https:\/\/www.ranciliogroup.com\/it\/rancilio-group-a-budapest-per-la-13a-edizione-di-kavebar-bazar-2023\/#breadcrumb\",\"itemListElement\":[{\"@type\":\"ListItem\",\"position\":1,\"name\":\"Home\",\"item\":\"https:\/\/www.ranciliogroup.com\/it\/\"},{\"@type\":\"ListItem\",\"position\":2,\"name\":\"Rancilio Group a Budapest per la 13a edizione di K\u00e1v\u00e9b\u00e1r Baz\u00e1r 2023\"}]},{\"@type\":\"WebSite\",\"@id\":\"https:\/\/www.ranciliogroup.com\/it\/#website\",\"url\":\"https:\/\/www.ranciliogroup.com\/it\/\",\"name\":\"Rancilio Group\",\"description\":\"Leader delle Macchine da Caff\u00e8 Professionali\",\"publisher\":{\"@id\":\"https:\/\/www.ranciliogroup.com\/it\/#organization\"},\"potentialAction\":[{\"@type\":\"SearchAction\",\"target\":{\"@type\":\"EntryPoint\",\"urlTemplate\":\"https:\/\/www.ranciliogroup.com\/it\/?s={search_term_string}\"},\"query-input\":\"required name=search_term_string\"}],\"inLanguage\":\"it-IT\"},{\"@type\":\"Organization\",\"@id\":\"https:\/\/www.ranciliogroup.com\/it\/#organization\",\"name\":\"Rancilio Group\",\"url\":\"https:\/\/www.ranciliogroup.com\/it\/\",\"logo\":{\"@type\":\"ImageObject\",\"inLanguage\":\"it-IT\",\"@id\":\"https:\/\/www.ranciliogroup.com\/it\/#\/schema\/logo\/image\/\",\"url\":\"https:\/\/www.ranciliogroup.com\/app\/uploads\/2019\/07\/rancilio_black_logo.png\",\"contentUrl\":\"https:\/\/www.ranciliogroup.com\/app\/uploads\/2019\/07\/rancilio_black_logo.png\",\"width\":447,\"height\":57,\"caption\":\"Rancilio Group\"},\"image\":{\"@id\":\"https:\/\/www.ranciliogroup.com\/it\/#\/schema\/logo\/image\/\"},\"sameAs\":[\"https:\/\/www.facebook.com\/RancilioGroup\",\"https:\/\/twitter.com\/ranciliogroup\",\"https:\/\/www.instagram.com\/rancilio_official\/\",\"https:\/\/www.linkedin.com\/company\/ranciliogroup\/\",\"https:\/\/www.youtube.com\/user\/rancilioadmin\"]},{\"@type\":\"Person\",\"@id\":\"https:\/\/www.ranciliogroup.com\/it\/#\/schema\/person\/d6bf0a7dfe74cded3d64da8b2c92814c\",\"name\":\"temp circular\",\"image\":{\"@type\":\"ImageObject\",\"inLanguage\":\"it-IT\",\"@id\":\"https:\/\/www.ranciliogroup.com\/it\/#\/schema\/person\/image\/\",\"url\":\"https:\/\/secure.gravatar.com\/avatar\/569e71c3b97b8bcad1854d6579b35c5f?s=96&d=mm&r=g\",\"contentUrl\":\"https:\/\/secure.gravatar.com\/avatar\/569e71c3b97b8bcad1854d6579b35c5f?s=96&d=mm&r=g\",\"caption\":\"temp circular\"}}]}<\/script>\n<!-- \/ Yoast SEO plugin. -->","yoast_head_json":{"title":"Rancilio Group a Budapest per la 13a edizione di K\u00e1v\u00e9b\u00e1r Baz\u00e1r 2023 - Rancilio Group","description":"Da scoprire Rancilio Silvia, nell'iconico colore bianco, con caldaia coibentata, lancia vapore in acciaio inox e manopola vapore per cappuccini cremosi, e Stile, il nuovissimo macinacaff\u00e8 di classe, ultracompatto, pensato per la casa e il bar.","robots":{"index":"index","follow":"follow","max-snippet":"max-snippet:-1","max-image-preview":"max-image-preview:large","max-video-preview":"max-video-preview:-1"},"canonical":"https:\/\/www.ranciliogroup.com\/it\/rancilio-group-a-budapest-per-la-13a-edizione-di-kavebar-bazar-2023\/","og_locale":"it_IT","og_type":"article","og_title":"Rancilio Group a Budapest per la 13a edizione di K\u00e1v\u00e9b\u00e1r Baz\u00e1r 2023 - Rancilio Group","og_description":"Da scoprire Rancilio Silvia, nell'iconico colore bianco, con caldaia coibentata, lancia vapore in acciaio inox e manopola vapore per cappuccini cremosi, e Stile, il nuovissimo macinacaff\u00e8 di classe, ultracompatto, pensato per la casa e il bar.","og_url":"https:\/\/www.ranciliogroup.com\/it\/rancilio-group-a-budapest-per-la-13a-edizione-di-kavebar-bazar-2023\/","og_site_name":"Rancilio Group","article_publisher":"https:\/\/www.facebook.com\/RancilioGroup","article_published_time":"2023-03-15T11:10:15+00:00","article_modified_time":"2023-05-05T09:28:54+00:00","og_image":[{"width":1920,"height":1171,"url":"https:\/\/www.ranciliogroup.com\/app\/uploads\/2023\/03\/RancilioGroup-KavebarBazar-web.jpg","type":"image\/jpeg"}],"author":"temp circular","twitter_card":"summary_large_image","twitter_creator":"@ranciliogroup","twitter_site":"@ranciliogroup","twitter_misc":{"Scritto da":"temp circular","Tempo di lettura stimato":"2 minuti"},"schema":{"@context":"https:\/\/schema.org","@graph":[{"@type":"Article","@id":"https:\/\/www.ranciliogroup.com\/it\/rancilio-group-a-budapest-per-la-13a-edizione-di-kavebar-bazar-2023\/#article","isPartOf":{"@id":"https:\/\/www.ranciliogroup.com\/it\/rancilio-group-a-budapest-per-la-13a-edizione-di-kavebar-bazar-2023\/"},"author":{"name":"temp circular","@id":"https:\/\/www.ranciliogroup.com\/it\/#\/schema\/person\/d6bf0a7dfe74cded3d64da8b2c92814c"},"headline":"Rancilio Group a Budapest per la 13a edizione di K\u00e1v\u00e9b\u00e1r Baz\u00e1r 2023","datePublished":"2023-03-15T11:10:15+00:00","dateModified":"2023-05-05T09:28:54+00:00","mainEntityOfPage":{"@id":"https:\/\/www.ranciliogroup.com\/it\/rancilio-group-a-budapest-per-la-13a-edizione-di-kavebar-bazar-2023\/"},"wordCount":286,"publisher":{"@id":"https:\/\/www.ranciliogroup.com\/it\/#organization"},"keywords":["Kavebar Bazar","Silvia","Stile","Rancilio","Kryo","RS1","Rancilio Specialty"],"articleSection":["Eventi"],"inLanguage":"it-IT"},{"@type":"WebPage","@id":"https:\/\/www.ranciliogroup.com\/it\/rancilio-group-a-budapest-per-la-13a-edizione-di-kavebar-bazar-2023\/","url":"https:\/\/www.ranciliogroup.com\/it\/rancilio-group-a-budapest-per-la-13a-edizione-di-kavebar-bazar-2023\/","name":"Rancilio Group a Budapest per la 13a edizione di K\u00e1v\u00e9b\u00e1r Baz\u00e1r 2023 - Rancilio Group","isPartOf":{"@id":"https:\/\/www.ranciliogroup.com\/it\/#website"},"datePublished":"2023-03-15T11:10:15+00:00","dateModified":"2023-05-05T09:28:54+00:00","description":"Da scoprire Rancilio Silvia, nell'iconico colore bianco, con caldaia coibentata, lancia vapore in acciaio inox e manopola vapore per cappuccini cremosi, e Stile, il nuovissimo macinacaff\u00e8 di classe, ultracompatto, pensato per la casa e il bar.","breadcrumb":{"@id":"https:\/\/www.ranciliogroup.com\/it\/rancilio-group-a-budapest-per-la-13a-edizione-di-kavebar-bazar-2023\/#breadcrumb"},"inLanguage":"it-IT","potentialAction":[{"@type":"ReadAction","target":["https:\/\/www.ranciliogroup.com\/it\/rancilio-group-a-budapest-per-la-13a-edizione-di-kavebar-bazar-2023\/"]}]},{"@type":"BreadcrumbList","@id":"https:\/\/www.ranciliogroup.com\/it\/rancilio-group-a-budapest-per-la-13a-edizione-di-kavebar-bazar-2023\/#breadcrumb","itemListElement":[{"@type":"ListItem","position":1,"name":"Home","item":"https:\/\/www.ranciliogroup.com\/it\/"},{"@type":"ListItem","position":2,"name":"Rancilio Group a Budapest per la 13a edizione di K\u00e1v\u00e9b\u00e1r Baz\u00e1r 2023"}]},{"@type":"WebSite","@id":"https:\/\/www.ranciliogroup.com\/it\/#website","url":"https:\/\/www.ranciliogroup.com\/it\/","name":"Rancilio Group","description":"Leader delle Macchine da Caff\u00e8 Professionali","publisher":{"@id":"https:\/\/www.ranciliogroup.com\/it\/#organization"},"potentialAction":[{"@type":"SearchAction","target":{"@type":"EntryPoint","urlTemplate":"https:\/\/www.ranciliogroup.com\/it\/?s={search_term_string}"},"query-input":"required name=search_term_string"}],"inLanguage":"it-IT"},{"@type":"Organization","@id":"https:\/\/www.ranciliogroup.com\/it\/#organization","name":"Rancilio Group","url":"https:\/\/www.ranciliogroup.com\/it\/","logo":{"@type":"ImageObject","inLanguage":"it-IT","@id":"https:\/\/www.ranciliogroup.com\/it\/#\/schema\/logo\/image\/","url":"https:\/\/www.ranciliogroup.com\/app\/uploads\/2019\/07\/rancilio_black_logo.png","contentUrl":"https:\/\/www.ranciliogroup.com\/app\/uploads\/2019\/07\/rancilio_black_logo.png","width":447,"height":57,"caption":"Rancilio Group"},"image":{"@id":"https:\/\/www.ranciliogroup.com\/it\/#\/schema\/logo\/image\/"},"sameAs":["https:\/\/www.facebook.com\/RancilioGroup","https:\/\/twitter.com\/ranciliogroup","https:\/\/www.instagram.com\/rancilio_official\/","https:\/\/www.linkedin.com\/company\/ranciliogroup\/","https:\/\/www.youtube.com\/user\/rancilioadmin"]},{"@type":"Person","@id":"https:\/\/www.ranciliogroup.com\/it\/#\/schema\/person\/d6bf0a7dfe74cded3d64da8b2c92814c","name":"temp circular","image":{"@type":"ImageObject","inLanguage":"it-IT","@id":"https:\/\/www.ranciliogroup.com\/it\/#\/schema\/person\/image\/","url":"https:\/\/secure.gravatar.com\/avatar\/569e71c3b97b8bcad1854d6579b35c5f?s=96&d=mm&r=g","contentUrl":"https:\/\/secure.gravatar.com\/avatar\/569e71c3b97b8bcad1854d6579b35c5f?s=96&d=mm&r=g","caption":"temp circular"}}]}},"_links":{"self":[{"href":"https:\/\/www.ranciliogroup.com\/it\/wp-json\/wp\/v2\/posts\/66011"}],"collection":[{"href":"https:\/\/www.ranciliogroup.com\/it\/wp-json\/wp\/v2\/posts"}],"about":[{"href":"https:\/\/www.ranciliogroup.com\/it\/wp-json\/wp\/v2\/types\/post"}],"author":[{"embeddable":true,"href":"https:\/\/www.ranciliogroup.com\/it\/wp-json\/wp\/v2\/users\/5"}],"replies":[{"embeddable":true,"href":"https:\/\/www.ranciliogroup.com\/it\/wp-json\/wp\/v2\/comments?post=66011"}],"version-history":[{"count":3,"href":"https:\/\/www.ranciliogroup.com\/it\/wp-json\/wp\/v2\/posts\/66011\/revisions"}],"predecessor-version":[{"id":66026,"href":"https:\/\/www.ranciliogroup.com\/it\/wp-json\/wp\/v2\/posts\/66011\/revisions\/66026"}],"wp:featuredmedia":[{"embeddable":true,"href":"https:\/\/www.ranciliogroup.com\/it\/wp-json\/wp\/v2\/media\/66005"}],"wp:attachment":[{"href":"https:\/\/www.ranciliogroup.com\/it\/wp-json\/wp\/v2\/media?parent=66011"}],"wp:term":[{"taxonomy":"category","embeddable":true,"href":"https:\/\/www.ranciliogroup.com\/it\/wp-json\/wp\/v2\/categories?post=66011"},{"taxonomy":"post_tag","embeddable":true,"href":"https:\/\/www.ranciliogroup.com\/it\/wp-json\/wp\/v2\/tags?post=66011"}],"curies":[{"name":"wp","href":"https:\/\/api.w.org\/{rel}","templated":true}]}}