{"id":66040,"date":"2023-03-30T10:02:19","date_gmt":"2023-03-30T08:02:19","guid":{"rendered":"https:\/\/www.ranciliogroup.com\/?p=66040"},"modified":"2023-05-05T11:28:33","modified_gmt":"2023-05-05T09:28:33","slug":"rancilio-group-a-madrid-per-la-36a-edizione-del-salon-gourmets","status":"publish","type":"post","link":"https:\/\/www.ranciliogroup.com\/it\/rancilio-group-a-madrid-per-la-36a-edizione-del-salon-gourmets\/","title":{"rendered":"Rancilio Group a Madrid per la 36a edizione del Sal\u00f3n Gourmets"},"content":{"rendered":"<p>Dal 17 al 20 aprile 2023 Rancilio Group accoglier\u00e0 tutti i professionisti e gli amanti del caff\u00e8 di tutto il mondo alla 36<sup>a<\/sup> edizione del Sal\u00f3n Gourmets ad IFEMA \u2013 Fiera de Madrid.<\/p>\n<p>Rancilio Group partecipa all&#8217;evento con una selezione speciale della sua ampia gamma di prodotti. Rancilio Classe 5 sar\u00e0 la protagonista dello stand Rancilio Group con una nuovissima versione pensata appositamente per i baristi coscienziosi, sempre attenti al risparmio energetico. La macchina per caff\u00e8 espresso a caldaia singola, semplice da utilizzare e dotata di tecnologia Steady Brew per una stabilit\u00e0 termica al top di gamma, sar\u00e0 infatti presente con novit\u00e0 in esclusiva per i presenti all&#8217;evento.<\/p>\n<p>Gli ospiti dello stand avranno anche la possibilit\u00e0 di degustare caff\u00e8 specialty della macchina per espresso a caldaia singola Invicta, nota per il suo design iconico e la facilit\u00e0 d&#8217;uso.<\/p>\n<p>Egro sar\u00e0 presente con la nuova macchina superautomatica QuBe, ideale per i settori Hospitality e OCS e per tutti i locali, uffici e coffee corner a basso consumo giornaliero che richiedono un variegato men\u00f9 a base di caff\u00e8.<\/p>\n<p>Ogni anno Sal\u00f3n Gourmets riunisce tutti i professionisti del settore gastronomico a livello internazionale per una sensazionale vetrina di cibi e bevande di alta qualit\u00e0. I visitatori potranno apprezzare le specialit\u00e0 gastronomiche \u2013 dai prodotti tradizionali alle ultime tendenze \u2013 godendo del ricco programma di eventi previsti per la rassegna di quest&#8217;anno.<\/p>\n<p>&nbsp;<\/p>\n<p><strong>SAL\u00d3N GOURMETS \/ Rancilio Group<\/strong><br \/>\n17-20 April, 2023<br \/>\nStand 4G18<br \/>\n<a href=\"https:\/\/www.google.com\/maps\/place\/IFEMA+Madrid\/@40.4678304,-3.6195005,17z\/data=!3m1!5s0xd422e5a3f0ffc4b:0xcae365e0f0e79d14!4m6!3m5!1s0xd422e50d152df37:0x801ce4be7e7a5eec!8m2!3d40.4678304!4d-3.6173065!16s%2Fg%2F120w89y8\">Ifema Madrid<\/a><br \/>\nAv. Parten\u00f3n, 5<br \/>\n28042 Madrid, Spagna<\/p>\n<p>&nbsp;<\/p>\n<p><a href=\"https:\/\/www.linkedin.com\/company\/ranciliogroup\/posts\/\"><strong>Follow the event on Linkedin<\/strong><\/a><\/p>\n<p>&nbsp;<\/p>\n<p><strong>Scopri i nostri prodotti in esposizione<\/strong><br \/>\n<a href=\"https:\/\/www.ranciliogroup.com\/it\/rancilio\/classe-5\/\">Rancilio Classe 5<\/a><br \/>\n<a href=\"https:\/\/www.ranciliogroup.com\/it\/rancilio\/classe-7\/\">Rancilio Classe 7<\/a><br \/>\n<a href=\"https:\/\/www.ranciliogroup.com\/it\/rancilio\/classe-20\/\">Rancilio Classe 20<\/a><br \/>\n<a href=\"https:\/\/www.ranciliogroup.com\/it\/rancilio\/kryo\/\">Rancilio Kryo<\/a><br \/>\n<a href=\"https:\/\/www.ranciliogroup.com\/it\/rancilio\/stile\/\">Rancilio Stile<\/a><br \/>\n<a href=\"https:\/\/www.ranciliogroup.com\/it\/specialty\/invicta\/\">Rancilio Specialty Invicta<\/a><br \/>\n<a href=\"https:\/\/www.ranciliogroup.com\/it\/egro\/qube\/\">Egro Qube<\/a><br \/>\n<a href=\"https:\/\/www.ranciliogroup.com\/it\/egro\/one\/\">Egro One<\/a><br \/>\n<a href=\"https:\/\/www.ranciliogroup.com\/it\/egro\/next\/\">Egro Next<\/a><\/p>\n","protected":false},"excerpt":{"rendered":"<p>Dal 17 al 20 aprile 2023 Rancilio Group accoglier\u00e0 tutti i professionisti e gli amanti del caff\u00e8 di tutto il&#8230;<\/p>\n","protected":false},"author":5,"featured_media":66033,"comment_status":"closed","ping_status":"closed","sticky":false,"template":"","format":"standard","meta":[],"categories":[465],"tags":[2871,2872,2868,2869,2873,2870,2830,2782,2748,2645,2619,2618,2542,2529,2528],"acf":[],"yoast_head":"<!-- This site is optimized with the Yoast SEO plugin v21.5 - https:\/\/yoast.com\/wordpress\/plugins\/seo\/ -->\n<title>Rancilio Group a Madrid per la 36a edizione del Sal\u00f3n Gourmets - Rancilio Group<\/title>\n<meta name=\"description\" content=\"Dal 17 al 20 aprile 2023 Rancilio Group accoglier\u00e0 tutti i professionisti e gli amanti del caff\u00e8 di tutto il mondo alla 36a edizione del Sal\u00f3n Gourmets ad IFEMA \u2013 Fiera de Madrid.\" \/>\n<meta name=\"robots\" content=\"index, follow, max-snippet:-1, max-image-preview:large, max-video-preview:-1\" \/>\n<link rel=\"canonical\" href=\"https:\/\/www.ranciliogroup.com\/it\/rancilio-group-a-madrid-per-la-36a-edizione-del-salon-gourmets\/\" \/>\n<meta property=\"og:locale\" content=\"it_IT\" \/>\n<meta property=\"og:type\" content=\"article\" \/>\n<meta property=\"og:title\" content=\"Rancilio Group a Madrid per la 36a edizione del Sal\u00f3n Gourmets - Rancilio Group\" \/>\n<meta property=\"og:description\" content=\"Dal 17 al 20 aprile 2023 Rancilio Group accoglier\u00e0 tutti i professionisti e gli amanti del caff\u00e8 di tutto il mondo alla 36a edizione del Sal\u00f3n Gourmets ad IFEMA \u2013 Fiera de Madrid.\" \/>\n<meta property=\"og:url\" content=\"https:\/\/www.ranciliogroup.com\/it\/rancilio-group-a-madrid-per-la-36a-edizione-del-salon-gourmets\/\" \/>\n<meta property=\"og:site_name\" content=\"Rancilio Group\" \/>\n<meta property=\"article:publisher\" content=\"https:\/\/www.facebook.com\/RancilioGroup\" \/>\n<meta property=\"article:published_time\" content=\"2023-03-30T08:02:19+00:00\" \/>\n<meta property=\"article:modified_time\" content=\"2023-05-05T09:28:33+00:00\" \/>\n<meta property=\"og:image\" content=\"https:\/\/www.ranciliogroup.com\/app\/uploads\/2023\/03\/salon-gourmets-gmb-web.jpg\" \/>\n\t<meta property=\"og:image:width\" content=\"1080\" \/>\n\t<meta property=\"og:image:height\" content=\"720\" \/>\n\t<meta property=\"og:image:type\" content=\"image\/jpeg\" \/>\n<meta name=\"author\" content=\"temp circular\" \/>\n<meta name=\"twitter:card\" content=\"summary_large_image\" \/>\n<meta name=\"twitter:creator\" content=\"@ranciliogroup\" \/>\n<meta name=\"twitter:site\" content=\"@ranciliogroup\" \/>\n<meta name=\"twitter:label1\" content=\"Scritto da\" \/>\n\t<meta name=\"twitter:data1\" content=\"temp circular\" \/>\n\t<meta name=\"twitter:label2\" content=\"Tempo di lettura stimato\" \/>\n\t<meta name=\"twitter:data2\" content=\"2 minuti\" \/>\n<script type=\"application\/ld+json\" class=\"yoast-schema-graph\">{\"@context\":\"https:\/\/schema.org\",\"@graph\":[{\"@type\":\"Article\",\"@id\":\"https:\/\/www.ranciliogroup.com\/it\/rancilio-group-a-madrid-per-la-36a-edizione-del-salon-gourmets\/#article\",\"isPartOf\":{\"@id\":\"https:\/\/www.ranciliogroup.com\/it\/rancilio-group-a-madrid-per-la-36a-edizione-del-salon-gourmets\/\"},\"author\":{\"name\":\"temp circular\",\"@id\":\"https:\/\/www.ranciliogroup.com\/it\/#\/schema\/person\/d6bf0a7dfe74cded3d64da8b2c92814c\"},\"headline\":\"Rancilio Group a Madrid per la 36a edizione del Sal\u00f3n Gourmets\",\"datePublished\":\"2023-03-30T08:02:19+00:00\",\"dateModified\":\"2023-05-05T09:28:33+00:00\",\"mainEntityOfPage\":{\"@id\":\"https:\/\/www.ranciliogroup.com\/it\/rancilio-group-a-madrid-per-la-36a-edizione-del-salon-gourmets\/\"},\"wordCount\":284,\"publisher\":{\"@id\":\"https:\/\/www.ranciliogroup.com\/it\/#organization\"},\"keywords\":[\"One\",\"Salon Gourmets\",\"Classe 5\",\"Classe 7\",\"Madrid\",\"QuBe\",\"Classe 20\",\"Stile\",\"Rancilio\",\"Next\",\"Kryo\",\"Invicta\",\"Egro\",\"Rancilio Group\",\"Rancilio Specialty\"],\"articleSection\":[\"Eventi\"],\"inLanguage\":\"it-IT\"},{\"@type\":\"WebPage\",\"@id\":\"https:\/\/www.ranciliogroup.com\/it\/rancilio-group-a-madrid-per-la-36a-edizione-del-salon-gourmets\/\",\"url\":\"https:\/\/www.ranciliogroup.com\/it\/rancilio-group-a-madrid-per-la-36a-edizione-del-salon-gourmets\/\",\"name\":\"Rancilio Group a Madrid per la 36a edizione del Sal\u00f3n Gourmets - Rancilio Group\",\"isPartOf\":{\"@id\":\"https:\/\/www.ranciliogroup.com\/it\/#website\"},\"datePublished\":\"2023-03-30T08:02:19+00:00\",\"dateModified\":\"2023-05-05T09:28:33+00:00\",\"description\":\"Dal 17 al 20 aprile 2023 Rancilio Group accoglier\u00e0 tutti i professionisti e gli amanti del caff\u00e8 di tutto il mondo alla 36a edizione del Sal\u00f3n Gourmets ad IFEMA \u2013 Fiera de Madrid.\",\"breadcrumb\":{\"@id\":\"https:\/\/www.ranciliogroup.com\/it\/rancilio-group-a-madrid-per-la-36a-edizione-del-salon-gourmets\/#breadcrumb\"},\"inLanguage\":\"it-IT\",\"potentialAction\":[{\"@type\":\"ReadAction\",\"target\":[\"https:\/\/www.ranciliogroup.com\/it\/rancilio-group-a-madrid-per-la-36a-edizione-del-salon-gourmets\/\"]}]},{\"@type\":\"BreadcrumbList\",\"@id\":\"https:\/\/www.ranciliogroup.com\/it\/rancilio-group-a-madrid-per-la-36a-edizione-del-salon-gourmets\/#breadcrumb\",\"itemListElement\":[{\"@type\":\"ListItem\",\"position\":1,\"name\":\"Home\",\"item\":\"https:\/\/www.ranciliogroup.com\/it\/\"},{\"@type\":\"ListItem\",\"position\":2,\"name\":\"Rancilio Group a Madrid per la 36a edizione del Sal\u00f3n Gourmets\"}]},{\"@type\":\"WebSite\",\"@id\":\"https:\/\/www.ranciliogroup.com\/it\/#website\",\"url\":\"https:\/\/www.ranciliogroup.com\/it\/\",\"name\":\"Rancilio Group\",\"description\":\"Leader delle Macchine da Caff\u00e8 Professionali\",\"publisher\":{\"@id\":\"https:\/\/www.ranciliogroup.com\/it\/#organization\"},\"potentialAction\":[{\"@type\":\"SearchAction\",\"target\":{\"@type\":\"EntryPoint\",\"urlTemplate\":\"https:\/\/www.ranciliogroup.com\/it\/?s={search_term_string}\"},\"query-input\":\"required name=search_term_string\"}],\"inLanguage\":\"it-IT\"},{\"@type\":\"Organization\",\"@id\":\"https:\/\/www.ranciliogroup.com\/it\/#organization\",\"name\":\"Rancilio Group\",\"url\":\"https:\/\/www.ranciliogroup.com\/it\/\",\"logo\":{\"@type\":\"ImageObject\",\"inLanguage\":\"it-IT\",\"@id\":\"https:\/\/www.ranciliogroup.com\/it\/#\/schema\/logo\/image\/\",\"url\":\"https:\/\/www.ranciliogroup.com\/app\/uploads\/2019\/07\/rancilio_black_logo.png\",\"contentUrl\":\"https:\/\/www.ranciliogroup.com\/app\/uploads\/2019\/07\/rancilio_black_logo.png\",\"width\":447,\"height\":57,\"caption\":\"Rancilio Group\"},\"image\":{\"@id\":\"https:\/\/www.ranciliogroup.com\/it\/#\/schema\/logo\/image\/\"},\"sameAs\":[\"https:\/\/www.facebook.com\/RancilioGroup\",\"https:\/\/twitter.com\/ranciliogroup\",\"https:\/\/www.instagram.com\/rancilio_official\/\",\"https:\/\/www.linkedin.com\/company\/ranciliogroup\/\",\"https:\/\/www.youtube.com\/user\/rancilioadmin\"]},{\"@type\":\"Person\",\"@id\":\"https:\/\/www.ranciliogroup.com\/it\/#\/schema\/person\/d6bf0a7dfe74cded3d64da8b2c92814c\",\"name\":\"temp circular\",\"image\":{\"@type\":\"ImageObject\",\"inLanguage\":\"it-IT\",\"@id\":\"https:\/\/www.ranciliogroup.com\/it\/#\/schema\/person\/image\/\",\"url\":\"https:\/\/secure.gravatar.com\/avatar\/569e71c3b97b8bcad1854d6579b35c5f?s=96&d=mm&r=g\",\"contentUrl\":\"https:\/\/secure.gravatar.com\/avatar\/569e71c3b97b8bcad1854d6579b35c5f?s=96&d=mm&r=g\",\"caption\":\"temp circular\"}}]}<\/script>\n<!-- \/ Yoast SEO plugin. -->","yoast_head_json":{"title":"Rancilio Group a Madrid per la 36a edizione del Sal\u00f3n Gourmets - Rancilio Group","description":"Dal 17 al 20 aprile 2023 Rancilio Group accoglier\u00e0 tutti i professionisti e gli amanti del caff\u00e8 di tutto il mondo alla 36a edizione del Sal\u00f3n Gourmets ad IFEMA \u2013 Fiera de Madrid.","robots":{"index":"index","follow":"follow","max-snippet":"max-snippet:-1","max-image-preview":"max-image-preview:large","max-video-preview":"max-video-preview:-1"},"canonical":"https:\/\/www.ranciliogroup.com\/it\/rancilio-group-a-madrid-per-la-36a-edizione-del-salon-gourmets\/","og_locale":"it_IT","og_type":"article","og_title":"Rancilio Group a Madrid per la 36a edizione del Sal\u00f3n Gourmets - Rancilio Group","og_description":"Dal 17 al 20 aprile 2023 Rancilio Group accoglier\u00e0 tutti i professionisti e gli amanti del caff\u00e8 di tutto il mondo alla 36a edizione del Sal\u00f3n Gourmets ad IFEMA \u2013 Fiera de Madrid.","og_url":"https:\/\/www.ranciliogroup.com\/it\/rancilio-group-a-madrid-per-la-36a-edizione-del-salon-gourmets\/","og_site_name":"Rancilio Group","article_publisher":"https:\/\/www.facebook.com\/RancilioGroup","article_published_time":"2023-03-30T08:02:19+00:00","article_modified_time":"2023-05-05T09:28:33+00:00","og_image":[{"width":1080,"height":720,"url":"https:\/\/www.ranciliogroup.com\/app\/uploads\/2023\/03\/salon-gourmets-gmb-web.jpg","type":"image\/jpeg"}],"author":"temp circular","twitter_card":"summary_large_image","twitter_creator":"@ranciliogroup","twitter_site":"@ranciliogroup","twitter_misc":{"Scritto da":"temp circular","Tempo di lettura stimato":"2 minuti"},"schema":{"@context":"https:\/\/schema.org","@graph":[{"@type":"Article","@id":"https:\/\/www.ranciliogroup.com\/it\/rancilio-group-a-madrid-per-la-36a-edizione-del-salon-gourmets\/#article","isPartOf":{"@id":"https:\/\/www.ranciliogroup.com\/it\/rancilio-group-a-madrid-per-la-36a-edizione-del-salon-gourmets\/"},"author":{"name":"temp circular","@id":"https:\/\/www.ranciliogroup.com\/it\/#\/schema\/person\/d6bf0a7dfe74cded3d64da8b2c92814c"},"headline":"Rancilio Group a Madrid per la 36a edizione del Sal\u00f3n Gourmets","datePublished":"2023-03-30T08:02:19+00:00","dateModified":"2023-05-05T09:28:33+00:00","mainEntityOfPage":{"@id":"https:\/\/www.ranciliogroup.com\/it\/rancilio-group-a-madrid-per-la-36a-edizione-del-salon-gourmets\/"},"wordCount":284,"publisher":{"@id":"https:\/\/www.ranciliogroup.com\/it\/#organization"},"keywords":["One","Salon Gourmets","Classe 5","Classe 7","Madrid","QuBe","Classe 20","Stile","Rancilio","Next","Kryo","Invicta","Egro","Rancilio Group","Rancilio Specialty"],"articleSection":["Eventi"],"inLanguage":"it-IT"},{"@type":"WebPage","@id":"https:\/\/www.ranciliogroup.com\/it\/rancilio-group-a-madrid-per-la-36a-edizione-del-salon-gourmets\/","url":"https:\/\/www.ranciliogroup.com\/it\/rancilio-group-a-madrid-per-la-36a-edizione-del-salon-gourmets\/","name":"Rancilio Group a Madrid per la 36a edizione del Sal\u00f3n Gourmets - Rancilio Group","isPartOf":{"@id":"https:\/\/www.ranciliogroup.com\/it\/#website"},"datePublished":"2023-03-30T08:02:19+00:00","dateModified":"2023-05-05T09:28:33+00:00","description":"Dal 17 al 20 aprile 2023 Rancilio Group accoglier\u00e0 tutti i professionisti e gli amanti del caff\u00e8 di tutto il mondo alla 36a edizione del Sal\u00f3n Gourmets ad IFEMA \u2013 Fiera de Madrid.","breadcrumb":{"@id":"https:\/\/www.ranciliogroup.com\/it\/rancilio-group-a-madrid-per-la-36a-edizione-del-salon-gourmets\/#breadcrumb"},"inLanguage":"it-IT","potentialAction":[{"@type":"ReadAction","target":["https:\/\/www.ranciliogroup.com\/it\/rancilio-group-a-madrid-per-la-36a-edizione-del-salon-gourmets\/"]}]},{"@type":"BreadcrumbList","@id":"https:\/\/www.ranciliogroup.com\/it\/rancilio-group-a-madrid-per-la-36a-edizione-del-salon-gourmets\/#breadcrumb","itemListElement":[{"@type":"ListItem","position":1,"name":"Home","item":"https:\/\/www.ranciliogroup.com\/it\/"},{"@type":"ListItem","position":2,"name":"Rancilio Group a Madrid per la 36a edizione del Sal\u00f3n Gourmets"}]},{"@type":"WebSite","@id":"https:\/\/www.ranciliogroup.com\/it\/#website","url":"https:\/\/www.ranciliogroup.com\/it\/","name":"Rancilio Group","description":"Leader delle Macchine da Caff\u00e8 Professionali","publisher":{"@id":"https:\/\/www.ranciliogroup.com\/it\/#organization"},"potentialAction":[{"@type":"SearchAction","target":{"@type":"EntryPoint","urlTemplate":"https:\/\/www.ranciliogroup.com\/it\/?s={search_term_string}"},"query-input":"required name=search_term_string"}],"inLanguage":"it-IT"},{"@type":"Organization","@id":"https:\/\/www.ranciliogroup.com\/it\/#organization","name":"Rancilio Group","url":"https:\/\/www.ranciliogroup.com\/it\/","logo":{"@type":"ImageObject","inLanguage":"it-IT","@id":"https:\/\/www.ranciliogroup.com\/it\/#\/schema\/logo\/image\/","url":"https:\/\/www.ranciliogroup.com\/app\/uploads\/2019\/07\/rancilio_black_logo.png","contentUrl":"https:\/\/www.ranciliogroup.com\/app\/uploads\/2019\/07\/rancilio_black_logo.png","width":447,"height":57,"caption":"Rancilio Group"},"image":{"@id":"https:\/\/www.ranciliogroup.com\/it\/#\/schema\/logo\/image\/"},"sameAs":["https:\/\/www.facebook.com\/RancilioGroup","https:\/\/twitter.com\/ranciliogroup","https:\/\/www.instagram.com\/rancilio_official\/","https:\/\/www.linkedin.com\/company\/ranciliogroup\/","https:\/\/www.youtube.com\/user\/rancilioadmin"]},{"@type":"Person","@id":"https:\/\/www.ranciliogroup.com\/it\/#\/schema\/person\/d6bf0a7dfe74cded3d64da8b2c92814c","name":"temp circular","image":{"@type":"ImageObject","inLanguage":"it-IT","@id":"https:\/\/www.ranciliogroup.com\/it\/#\/schema\/person\/image\/","url":"https:\/\/secure.gravatar.com\/avatar\/569e71c3b97b8bcad1854d6579b35c5f?s=96&d=mm&r=g","contentUrl":"https:\/\/secure.gravatar.com\/avatar\/569e71c3b97b8bcad1854d6579b35c5f?s=96&d=mm&r=g","caption":"temp circular"}}]}},"_links":{"self":[{"href":"https:\/\/www.ranciliogroup.com\/it\/wp-json\/wp\/v2\/posts\/66040"}],"collection":[{"href":"https:\/\/www.ranciliogroup.com\/it\/wp-json\/wp\/v2\/posts"}],"about":[{"href":"https:\/\/www.ranciliogroup.com\/it\/wp-json\/wp\/v2\/types\/post"}],"author":[{"embeddable":true,"href":"https:\/\/www.ranciliogroup.com\/it\/wp-json\/wp\/v2\/users\/5"}],"replies":[{"embeddable":true,"href":"https:\/\/www.ranciliogroup.com\/it\/wp-json\/wp\/v2\/comments?post=66040"}],"version-history":[{"count":1,"href":"https:\/\/www.ranciliogroup.com\/it\/wp-json\/wp\/v2\/posts\/66040\/revisions"}],"predecessor-version":[{"id":66041,"href":"https:\/\/www.ranciliogroup.com\/it\/wp-json\/wp\/v2\/posts\/66040\/revisions\/66041"}],"wp:featuredmedia":[{"embeddable":true,"href":"https:\/\/www.ranciliogroup.com\/it\/wp-json\/wp\/v2\/media\/66033"}],"wp:attachment":[{"href":"https:\/\/www.ranciliogroup.com\/it\/wp-json\/wp\/v2\/media?parent=66040"}],"wp:term":[{"taxonomy":"category","embeddable":true,"href":"https:\/\/www.ranciliogroup.com\/it\/wp-json\/wp\/v2\/categories?post=66040"},{"taxonomy":"post_tag","embeddable":true,"href":"https:\/\/www.ranciliogroup.com\/it\/wp-json\/wp\/v2\/tags?post=66040"}],"curies":[{"name":"wp","href":"https:\/\/api.w.org\/{rel}","templated":true}]}}