{"id":66091,"date":"2023-04-05T10:09:50","date_gmt":"2023-04-05T08:09:50","guid":{"rendered":"https:\/\/www.ranciliogroup.com\/?p=66091"},"modified":"2023-05-05T11:25:21","modified_gmt":"2023-05-05T09:25:21","slug":"a-history-of-coffee-podcast-al-london-coffee-festival-insieme-a-rancilio","status":"publish","type":"post","link":"https:\/\/www.ranciliogroup.com\/it\/a-history-of-coffee-podcast-al-london-coffee-festival-insieme-a-rancilio\/","title":{"rendered":"A History of Coffee podcast al London Coffee Festival insieme a Rancilio"},"content":{"rendered":"<p>Sabato 22 e domenica 23 aprile Rancilio vi invita a un evento speciale organizzato in occasione della seconda serie del podcast <em>A History of Coffee <\/em>in uscita il 17 aprile su Spotify e Apple Podcast.<\/p>\n<p>La nuova serie del podcast \u00e8 stata sviluppata con contenuti editoriali gratuiti offerti da Rancilio ed \u00e8 ospitata dal documentarista e creatore del podcast a tema caff\u00e8 <em>Filter Stories<\/em> James Harper, e dal professor Jonathan Morris, storico professionista e autore di <em>Coffee: A Global History<\/em>.<\/p>\n<p>James Harper e il professor Jonathan Morris esplorano la storia di come un minuscolo seme psicoattivo ha cambiato il mondo e modella le nostre vite di oggi. I Coffee Shop, il colonialismo e la rivoluzione di Haiti, il caff\u00e8 americano e le origini della venerata cultura italiana dell&#8217;espresso sono raccontati attraverso quattro coinvolgenti episodi dedicati a tutti gli appassionati di caff\u00e8.<\/p>\n<p>Gli autori sono pronti a dare un primo assaggio esclusivo di questa nuova entusiasmante serie creata in collaborazione con Rancilio sul palco di <em>The Lab<\/em> al London Coffee Festival di quest&#8217;anno con l&#8217;evento live <em>The Dark Days of Espresso<\/em>. L&#8217;evento celebra l\u2019uscita della seconda stagione di <em>A History of Coffee<\/em> e propone una versione ridotta della puntata sulla cultura dell&#8217;espresso italiano in tre imperdibili appuntamenti.<\/p>\n<p>&nbsp;<\/p>\n<p><strong><em>The Dark Days of Espresso<\/em><\/strong><strong>: incontra gli autori<\/strong><\/p>\n<p><strong>Sabato 22 aprile<\/strong><br \/>\nDalle 14:30 alle 15:00<br \/>\nPresentatori: James Harper e il professor Jonathan Morris<br \/>\nThe Lab \/ London Coffee Festival<\/p>\n<p>&nbsp;<\/p>\n<p><strong>Domenica 23 aprile<\/strong><br \/>\nDalle 11:15 alle 11:45<\/p>\n<p>Dalle 14:30 alle 15:00<br \/>\nPresentatori: James Harper e il professor Jonathan Morris<br \/>\nThe Lab \/ London Coffee Festival<\/p>\n<p>&nbsp;<\/p>\n<p><strong>London Coffee Festival <\/strong><br \/>\n22-23 aprile 2023<br \/>\nThe Lab<br \/>\n<a href=\"https:\/\/www.google.com\/maps\/place\/The+Truman+Brewery\/@51.5212762,-0.0741838,17z\/data=!3m2!4b1!5s0x48761cca7ad8f109:0x76afa4b352d0a421!4m6!3m5!1s0x48761cb681c09d1b:0xffb3966176941f91!8m2!3d51.5212729!4d-0.0719898!16zL20vMDd4cTEx\">The Truman Brewery<\/a><br \/>\nBrick Lane<br \/>\nE1 6QR Londra<\/p>\n<p>&nbsp;<\/p>\n<p><strong>Segui l&#8217;evento su Instagram<\/strong><br \/>\n@rancilio_official #rancilio<br \/>\n@ranciliospecialty #ranciliospecialty<br \/>\n@londoncoffeefestival #londoncoffeefestival2023<br \/>\n@filterstoriespodcast<br \/>\n@coffeehistoryjm<\/p>\n","protected":false},"excerpt":{"rendered":"<p>Sabato 22 e domenica 23 aprile Rancilio vi invita a un evento speciale organizzato in occasione della seconda serie del&#8230;<\/p>\n","protected":false},"author":5,"featured_media":66107,"comment_status":"closed","ping_status":"closed","sticky":false,"template":"","format":"standard","meta":[],"categories":[465],"tags":[2908,2907,2748],"acf":[],"yoast_head":"<!-- This site is optimized with the Yoast SEO plugin v21.5 - https:\/\/yoast.com\/wordpress\/plugins\/seo\/ -->\n<title>A History of Coffee podcast al London Coffee Festival insieme a Rancilio - Rancilio Group<\/title>\n<meta name=\"description\" content=\"La nuova serie del podcast \u00e8 stata sviluppata con contenuti editoriali gratuiti offerti da Rancilio ed \u00e8 ospitata dal documentarista e creatore del podcast a tema caff\u00e8 Filter Stories James Harper, e dal professor Jonathan Morris, storico professionista e autore di Coffee: A Global History.\" \/>\n<meta name=\"robots\" content=\"index, follow, max-snippet:-1, max-image-preview:large, max-video-preview:-1\" \/>\n<link rel=\"canonical\" href=\"https:\/\/www.ranciliogroup.com\/it\/a-history-of-coffee-podcast-al-london-coffee-festival-insieme-a-rancilio\/\" \/>\n<meta property=\"og:locale\" content=\"it_IT\" \/>\n<meta property=\"og:type\" content=\"article\" \/>\n<meta property=\"og:title\" content=\"A History of Coffee podcast al London Coffee Festival insieme a Rancilio - Rancilio Group\" \/>\n<meta property=\"og:description\" content=\"La nuova serie del podcast \u00e8 stata sviluppata con contenuti editoriali gratuiti offerti da Rancilio ed \u00e8 ospitata dal documentarista e creatore del podcast a tema caff\u00e8 Filter Stories James Harper, e dal professor Jonathan Morris, storico professionista e autore di Coffee: A Global History.\" \/>\n<meta property=\"og:url\" content=\"https:\/\/www.ranciliogroup.com\/it\/a-history-of-coffee-podcast-al-london-coffee-festival-insieme-a-rancilio\/\" \/>\n<meta property=\"og:site_name\" content=\"Rancilio Group\" \/>\n<meta property=\"article:publisher\" content=\"https:\/\/www.facebook.com\/RancilioGroup\" \/>\n<meta property=\"article:published_time\" content=\"2023-04-05T08:09:50+00:00\" \/>\n<meta property=\"article:modified_time\" content=\"2023-05-05T09:25:21+00:00\" \/>\n<meta property=\"og:image\" content=\"https:\/\/www.ranciliogroup.com\/app\/uploads\/2023\/04\/Rancilio-A-History-of-Coffee_web02.jpg\" \/>\n\t<meta property=\"og:image:width\" content=\"1280\" \/>\n\t<meta property=\"og:image:height\" content=\"720\" \/>\n\t<meta property=\"og:image:type\" content=\"image\/jpeg\" \/>\n<meta name=\"author\" content=\"temp circular\" \/>\n<meta name=\"twitter:card\" content=\"summary_large_image\" \/>\n<meta name=\"twitter:creator\" content=\"@ranciliogroup\" \/>\n<meta name=\"twitter:site\" content=\"@ranciliogroup\" \/>\n<meta name=\"twitter:label1\" content=\"Scritto da\" \/>\n\t<meta name=\"twitter:data1\" content=\"temp circular\" \/>\n\t<meta name=\"twitter:label2\" content=\"Tempo di lettura stimato\" \/>\n\t<meta name=\"twitter:data2\" content=\"2 minuti\" \/>\n<script type=\"application\/ld+json\" class=\"yoast-schema-graph\">{\"@context\":\"https:\/\/schema.org\",\"@graph\":[{\"@type\":\"Article\",\"@id\":\"https:\/\/www.ranciliogroup.com\/it\/a-history-of-coffee-podcast-al-london-coffee-festival-insieme-a-rancilio\/#article\",\"isPartOf\":{\"@id\":\"https:\/\/www.ranciliogroup.com\/it\/a-history-of-coffee-podcast-al-london-coffee-festival-insieme-a-rancilio\/\"},\"author\":{\"name\":\"temp circular\",\"@id\":\"https:\/\/www.ranciliogroup.com\/it\/#\/schema\/person\/d6bf0a7dfe74cded3d64da8b2c92814c\"},\"headline\":\"A History of Coffee podcast al London Coffee Festival insieme a Rancilio\",\"datePublished\":\"2023-04-05T08:09:50+00:00\",\"dateModified\":\"2023-05-05T09:25:21+00:00\",\"mainEntityOfPage\":{\"@id\":\"https:\/\/www.ranciliogroup.com\/it\/a-history-of-coffee-podcast-al-london-coffee-festival-insieme-a-rancilio\/\"},\"wordCount\":290,\"publisher\":{\"@id\":\"https:\/\/www.ranciliogroup.com\/it\/#organization\"},\"keywords\":[\"Podcast\",\"London Coffee Festival\",\"Rancilio\"],\"articleSection\":[\"Eventi\"],\"inLanguage\":\"it-IT\"},{\"@type\":\"WebPage\",\"@id\":\"https:\/\/www.ranciliogroup.com\/it\/a-history-of-coffee-podcast-al-london-coffee-festival-insieme-a-rancilio\/\",\"url\":\"https:\/\/www.ranciliogroup.com\/it\/a-history-of-coffee-podcast-al-london-coffee-festival-insieme-a-rancilio\/\",\"name\":\"A History of Coffee podcast al London Coffee Festival insieme a Rancilio - Rancilio Group\",\"isPartOf\":{\"@id\":\"https:\/\/www.ranciliogroup.com\/it\/#website\"},\"datePublished\":\"2023-04-05T08:09:50+00:00\",\"dateModified\":\"2023-05-05T09:25:21+00:00\",\"description\":\"La nuova serie del podcast \u00e8 stata sviluppata con contenuti editoriali gratuiti offerti da Rancilio ed \u00e8 ospitata dal documentarista e creatore del podcast a tema caff\u00e8 Filter Stories James Harper, e dal professor Jonathan Morris, storico professionista e autore di Coffee: A Global History.\",\"breadcrumb\":{\"@id\":\"https:\/\/www.ranciliogroup.com\/it\/a-history-of-coffee-podcast-al-london-coffee-festival-insieme-a-rancilio\/#breadcrumb\"},\"inLanguage\":\"it-IT\",\"potentialAction\":[{\"@type\":\"ReadAction\",\"target\":[\"https:\/\/www.ranciliogroup.com\/it\/a-history-of-coffee-podcast-al-london-coffee-festival-insieme-a-rancilio\/\"]}]},{\"@type\":\"BreadcrumbList\",\"@id\":\"https:\/\/www.ranciliogroup.com\/it\/a-history-of-coffee-podcast-al-london-coffee-festival-insieme-a-rancilio\/#breadcrumb\",\"itemListElement\":[{\"@type\":\"ListItem\",\"position\":1,\"name\":\"Home\",\"item\":\"https:\/\/www.ranciliogroup.com\/it\/\"},{\"@type\":\"ListItem\",\"position\":2,\"name\":\"A History of Coffee podcast al London Coffee Festival insieme a Rancilio\"}]},{\"@type\":\"WebSite\",\"@id\":\"https:\/\/www.ranciliogroup.com\/it\/#website\",\"url\":\"https:\/\/www.ranciliogroup.com\/it\/\",\"name\":\"Rancilio Group\",\"description\":\"Leader delle Macchine da Caff\u00e8 Professionali\",\"publisher\":{\"@id\":\"https:\/\/www.ranciliogroup.com\/it\/#organization\"},\"potentialAction\":[{\"@type\":\"SearchAction\",\"target\":{\"@type\":\"EntryPoint\",\"urlTemplate\":\"https:\/\/www.ranciliogroup.com\/it\/?s={search_term_string}\"},\"query-input\":\"required name=search_term_string\"}],\"inLanguage\":\"it-IT\"},{\"@type\":\"Organization\",\"@id\":\"https:\/\/www.ranciliogroup.com\/it\/#organization\",\"name\":\"Rancilio Group\",\"url\":\"https:\/\/www.ranciliogroup.com\/it\/\",\"logo\":{\"@type\":\"ImageObject\",\"inLanguage\":\"it-IT\",\"@id\":\"https:\/\/www.ranciliogroup.com\/it\/#\/schema\/logo\/image\/\",\"url\":\"https:\/\/www.ranciliogroup.com\/app\/uploads\/2019\/07\/rancilio_black_logo.png\",\"contentUrl\":\"https:\/\/www.ranciliogroup.com\/app\/uploads\/2019\/07\/rancilio_black_logo.png\",\"width\":447,\"height\":57,\"caption\":\"Rancilio Group\"},\"image\":{\"@id\":\"https:\/\/www.ranciliogroup.com\/it\/#\/schema\/logo\/image\/\"},\"sameAs\":[\"https:\/\/www.facebook.com\/RancilioGroup\",\"https:\/\/twitter.com\/ranciliogroup\",\"https:\/\/www.instagram.com\/rancilio_official\/\",\"https:\/\/www.linkedin.com\/company\/ranciliogroup\/\",\"https:\/\/www.youtube.com\/user\/rancilioadmin\"]},{\"@type\":\"Person\",\"@id\":\"https:\/\/www.ranciliogroup.com\/it\/#\/schema\/person\/d6bf0a7dfe74cded3d64da8b2c92814c\",\"name\":\"temp circular\",\"image\":{\"@type\":\"ImageObject\",\"inLanguage\":\"it-IT\",\"@id\":\"https:\/\/www.ranciliogroup.com\/it\/#\/schema\/person\/image\/\",\"url\":\"https:\/\/secure.gravatar.com\/avatar\/569e71c3b97b8bcad1854d6579b35c5f?s=96&d=mm&r=g\",\"contentUrl\":\"https:\/\/secure.gravatar.com\/avatar\/569e71c3b97b8bcad1854d6579b35c5f?s=96&d=mm&r=g\",\"caption\":\"temp circular\"}}]}<\/script>\n<!-- \/ Yoast SEO plugin. -->","yoast_head_json":{"title":"A History of Coffee podcast al London Coffee Festival insieme a Rancilio - Rancilio Group","description":"La nuova serie del podcast \u00e8 stata sviluppata con contenuti editoriali gratuiti offerti da Rancilio ed \u00e8 ospitata dal documentarista e creatore del podcast a tema caff\u00e8 Filter Stories James Harper, e dal professor Jonathan Morris, storico professionista e autore di Coffee: A Global History.","robots":{"index":"index","follow":"follow","max-snippet":"max-snippet:-1","max-image-preview":"max-image-preview:large","max-video-preview":"max-video-preview:-1"},"canonical":"https:\/\/www.ranciliogroup.com\/it\/a-history-of-coffee-podcast-al-london-coffee-festival-insieme-a-rancilio\/","og_locale":"it_IT","og_type":"article","og_title":"A History of Coffee podcast al London Coffee Festival insieme a Rancilio - Rancilio Group","og_description":"La nuova serie del podcast \u00e8 stata sviluppata con contenuti editoriali gratuiti offerti da Rancilio ed \u00e8 ospitata dal documentarista e creatore del podcast a tema caff\u00e8 Filter Stories James Harper, e dal professor Jonathan Morris, storico professionista e autore di Coffee: A Global History.","og_url":"https:\/\/www.ranciliogroup.com\/it\/a-history-of-coffee-podcast-al-london-coffee-festival-insieme-a-rancilio\/","og_site_name":"Rancilio Group","article_publisher":"https:\/\/www.facebook.com\/RancilioGroup","article_published_time":"2023-04-05T08:09:50+00:00","article_modified_time":"2023-05-05T09:25:21+00:00","og_image":[{"width":1280,"height":720,"url":"https:\/\/www.ranciliogroup.com\/app\/uploads\/2023\/04\/Rancilio-A-History-of-Coffee_web02.jpg","type":"image\/jpeg"}],"author":"temp circular","twitter_card":"summary_large_image","twitter_creator":"@ranciliogroup","twitter_site":"@ranciliogroup","twitter_misc":{"Scritto da":"temp circular","Tempo di lettura stimato":"2 minuti"},"schema":{"@context":"https:\/\/schema.org","@graph":[{"@type":"Article","@id":"https:\/\/www.ranciliogroup.com\/it\/a-history-of-coffee-podcast-al-london-coffee-festival-insieme-a-rancilio\/#article","isPartOf":{"@id":"https:\/\/www.ranciliogroup.com\/it\/a-history-of-coffee-podcast-al-london-coffee-festival-insieme-a-rancilio\/"},"author":{"name":"temp circular","@id":"https:\/\/www.ranciliogroup.com\/it\/#\/schema\/person\/d6bf0a7dfe74cded3d64da8b2c92814c"},"headline":"A History of Coffee podcast al London Coffee Festival insieme a Rancilio","datePublished":"2023-04-05T08:09:50+00:00","dateModified":"2023-05-05T09:25:21+00:00","mainEntityOfPage":{"@id":"https:\/\/www.ranciliogroup.com\/it\/a-history-of-coffee-podcast-al-london-coffee-festival-insieme-a-rancilio\/"},"wordCount":290,"publisher":{"@id":"https:\/\/www.ranciliogroup.com\/it\/#organization"},"keywords":["Podcast","London Coffee Festival","Rancilio"],"articleSection":["Eventi"],"inLanguage":"it-IT"},{"@type":"WebPage","@id":"https:\/\/www.ranciliogroup.com\/it\/a-history-of-coffee-podcast-al-london-coffee-festival-insieme-a-rancilio\/","url":"https:\/\/www.ranciliogroup.com\/it\/a-history-of-coffee-podcast-al-london-coffee-festival-insieme-a-rancilio\/","name":"A History of Coffee podcast al London Coffee Festival insieme a Rancilio - Rancilio Group","isPartOf":{"@id":"https:\/\/www.ranciliogroup.com\/it\/#website"},"datePublished":"2023-04-05T08:09:50+00:00","dateModified":"2023-05-05T09:25:21+00:00","description":"La nuova serie del podcast \u00e8 stata sviluppata con contenuti editoriali gratuiti offerti da Rancilio ed \u00e8 ospitata dal documentarista e creatore del podcast a tema caff\u00e8 Filter Stories James Harper, e dal professor Jonathan Morris, storico professionista e autore di Coffee: A Global History.","breadcrumb":{"@id":"https:\/\/www.ranciliogroup.com\/it\/a-history-of-coffee-podcast-al-london-coffee-festival-insieme-a-rancilio\/#breadcrumb"},"inLanguage":"it-IT","potentialAction":[{"@type":"ReadAction","target":["https:\/\/www.ranciliogroup.com\/it\/a-history-of-coffee-podcast-al-london-coffee-festival-insieme-a-rancilio\/"]}]},{"@type":"BreadcrumbList","@id":"https:\/\/www.ranciliogroup.com\/it\/a-history-of-coffee-podcast-al-london-coffee-festival-insieme-a-rancilio\/#breadcrumb","itemListElement":[{"@type":"ListItem","position":1,"name":"Home","item":"https:\/\/www.ranciliogroup.com\/it\/"},{"@type":"ListItem","position":2,"name":"A History of Coffee podcast al London Coffee Festival insieme a Rancilio"}]},{"@type":"WebSite","@id":"https:\/\/www.ranciliogroup.com\/it\/#website","url":"https:\/\/www.ranciliogroup.com\/it\/","name":"Rancilio Group","description":"Leader delle Macchine da Caff\u00e8 Professionali","publisher":{"@id":"https:\/\/www.ranciliogroup.com\/it\/#organization"},"potentialAction":[{"@type":"SearchAction","target":{"@type":"EntryPoint","urlTemplate":"https:\/\/www.ranciliogroup.com\/it\/?s={search_term_string}"},"query-input":"required name=search_term_string"}],"inLanguage":"it-IT"},{"@type":"Organization","@id":"https:\/\/www.ranciliogroup.com\/it\/#organization","name":"Rancilio Group","url":"https:\/\/www.ranciliogroup.com\/it\/","logo":{"@type":"ImageObject","inLanguage":"it-IT","@id":"https:\/\/www.ranciliogroup.com\/it\/#\/schema\/logo\/image\/","url":"https:\/\/www.ranciliogroup.com\/app\/uploads\/2019\/07\/rancilio_black_logo.png","contentUrl":"https:\/\/www.ranciliogroup.com\/app\/uploads\/2019\/07\/rancilio_black_logo.png","width":447,"height":57,"caption":"Rancilio Group"},"image":{"@id":"https:\/\/www.ranciliogroup.com\/it\/#\/schema\/logo\/image\/"},"sameAs":["https:\/\/www.facebook.com\/RancilioGroup","https:\/\/twitter.com\/ranciliogroup","https:\/\/www.instagram.com\/rancilio_official\/","https:\/\/www.linkedin.com\/company\/ranciliogroup\/","https:\/\/www.youtube.com\/user\/rancilioadmin"]},{"@type":"Person","@id":"https:\/\/www.ranciliogroup.com\/it\/#\/schema\/person\/d6bf0a7dfe74cded3d64da8b2c92814c","name":"temp circular","image":{"@type":"ImageObject","inLanguage":"it-IT","@id":"https:\/\/www.ranciliogroup.com\/it\/#\/schema\/person\/image\/","url":"https:\/\/secure.gravatar.com\/avatar\/569e71c3b97b8bcad1854d6579b35c5f?s=96&d=mm&r=g","contentUrl":"https:\/\/secure.gravatar.com\/avatar\/569e71c3b97b8bcad1854d6579b35c5f?s=96&d=mm&r=g","caption":"temp circular"}}]}},"_links":{"self":[{"href":"https:\/\/www.ranciliogroup.com\/it\/wp-json\/wp\/v2\/posts\/66091"}],"collection":[{"href":"https:\/\/www.ranciliogroup.com\/it\/wp-json\/wp\/v2\/posts"}],"about":[{"href":"https:\/\/www.ranciliogroup.com\/it\/wp-json\/wp\/v2\/types\/post"}],"author":[{"embeddable":true,"href":"https:\/\/www.ranciliogroup.com\/it\/wp-json\/wp\/v2\/users\/5"}],"replies":[{"embeddable":true,"href":"https:\/\/www.ranciliogroup.com\/it\/wp-json\/wp\/v2\/comments?post=66091"}],"version-history":[{"count":7,"href":"https:\/\/www.ranciliogroup.com\/it\/wp-json\/wp\/v2\/posts\/66091\/revisions"}],"predecessor-version":[{"id":66209,"href":"https:\/\/www.ranciliogroup.com\/it\/wp-json\/wp\/v2\/posts\/66091\/revisions\/66209"}],"wp:featuredmedia":[{"embeddable":true,"href":"https:\/\/www.ranciliogroup.com\/it\/wp-json\/wp\/v2\/media\/66107"}],"wp:attachment":[{"href":"https:\/\/www.ranciliogroup.com\/it\/wp-json\/wp\/v2\/media?parent=66091"}],"wp:term":[{"taxonomy":"category","embeddable":true,"href":"https:\/\/www.ranciliogroup.com\/it\/wp-json\/wp\/v2\/categories?post=66091"},{"taxonomy":"post_tag","embeddable":true,"href":"https:\/\/www.ranciliogroup.com\/it\/wp-json\/wp\/v2\/tags?post=66091"}],"curies":[{"name":"wp","href":"https:\/\/api.w.org\/{rel}","templated":true}]}}