{"id":66135,"date":"2023-04-06T10:04:27","date_gmt":"2023-04-06T08:04:27","guid":{"rendered":"https:\/\/www.ranciliogroup.com\/?p=66135"},"modified":"2023-05-05T11:24:20","modified_gmt":"2023-05-05T09:24:20","slug":"rancilio-group-vola-a-portland-per-lo-specialty-coffee-expo","status":"publish","type":"post","link":"https:\/\/www.ranciliogroup.com\/it\/rancilio-group-vola-a-portland-per-lo-specialty-coffee-expo\/","title":{"rendered":"Rancilio Group vola a Portland per lo Specialty Coffee Expo"},"content":{"rendered":"<p>Dal 21 al 23 aprile, torrefattori, distributori e professionisti del caff\u00e8 si riuniranno allo Specialty Coffee Expo 2023 nella citt\u00e0 pi\u00f9 grande dell&#8217;Oregon, Portland.<\/p>\n<p>Il team North America di Rancilio Group \u00e8 pronto ad accogliere tutti i visitatori dello stand con una speciale selezione di prodotti pensati appositamente per questo straordinario evento organizzato dalla SCA.<\/p>\n<p>La macchina espresso a un gruppo con tecnologia a doppia caldaia Silvia Pro X sar\u00e0 presente insieme al nuovo macinacaff\u00e8 ultracompatto Stile per tutti gli amanti del caff\u00e8 a casa.<\/p>\n<p>Tutti gli appassionati del caff\u00e8 filtro avranno la possibilit\u00e0 di provare Egro Touch Coffee, la macchina da caff\u00e8 superautomatica progettata per caff\u00e8 filtro di qualit\u00e0. Egro Next Top Milk ed Egro One completeranno la linea di macchine da caff\u00e8 superautomatiche Egro presenti all\u2019evento.<\/p>\n<p>Infine, Rancilio Specialty ha allestito un corner per tutti gli estimatori di caff\u00e8 specialty che verranno allo stand per vedere all&#8217;opera RS1 e Invicta. Invicta \u00e8 stata inoltre selezionata come la macchina espresso ufficiale degli US Latte Art Championships che si svolgeranno allo SCA Expo.<\/p>\n<p>Workshop, dimostrazioni dal vivo, concorsi e talks speciali si terranno per tutti i professionisti del caff\u00e8 che verranno all&#8217;evento per offrire un&#8217;opportunit\u00e0 unica di networking, apprendimento e scambio di opinioni sull&#8217;industria del caff\u00e8.<\/p>\n<p><strong>\u00a0<\/strong><\/p>\n<p><strong>Specialty Coffee Expo \/ Rancilio Group<\/strong><br \/>\n21-23 Aprile 2023<br \/>\nStand #1955<br \/>\n<a href=\"https:\/\/www.google.com\/maps\/place\/Oregon+Convention+Center\/@45.5293588,-122.6624767,15z\/data=!4m2!3m1!1s0x0:0x610cf37babf5b9df?sa=X&amp;ved=2ahUKEwj_z9HW9-z9AhXiSPEDHbcTD-4Q_BJ6BQiOARAI\">Oregon Convention Center<\/a><br \/>\n777 NE Martin Luther King Jr Blvd<br \/>\nPortland, Stati Uniti<\/p>\n<p>&nbsp;<\/p>\n<p><strong>Per ulteriori informazioni sull&#8217;evento<\/strong><br \/>\n<a href=\"https:\/\/www.coffeeexpo.org\/\">https:\/\/www.coffeeexpo.org\/<\/a><\/p>\n<p>&nbsp;<\/p>\n<p><strong>Scopri i nostri prodotti in esposizione<\/strong><br \/>\n<a href=\"https:\/\/www.ranciliogroup.com\/it\/rancilio\/classe-5\/\">Rancilio Classe 5<\/a><br \/>\n<a href=\"https:\/\/www.ranciliogroup.com\/it\/rancilio\/classe-7\/\">Rancilio Classe 7<\/a><br \/>\n<a href=\"https:\/\/www.ranciliogroup.com\/it\/rancilio\/classe-20\/\">Rancilio Classe 20<\/a><br \/>\n<a href=\"https:\/\/www.ranciliogroup.com\/it\/rancilio\/kryo\/\">Rancilio Kryo<\/a><br \/>\n<a href=\"https:\/\/www.ranciliogroup.com\/it\/rancilio\/stile\/\">Rancilio Stile<\/a><br \/>\n<a href=\"https:\/\/www.ranciliogroup.com\/it\/rancilio\/silvia-pro-x\/\">Rancilio Silvia Pro X<\/a><br \/>\n<a href=\"https:\/\/www.ranciliogroup.com\/it\/specialty\/rs1\/\">Rancilio Specialty RS1<\/a><br \/>\n<a href=\"https:\/\/www.ranciliogroup.com\/it\/specialty\/invicta\/\">Rancilio Specialty Invicta<\/a><br \/>\n<a href=\"https:\/\/www.ranciliogroup.com\/it\/egro\/touch-coffee\/\">Egro Touch Coffee<\/a><br \/>\n<a href=\"https:\/\/www.ranciliogroup.com\/it\/egro\/one\/\">Egro One<\/a><br \/>\n<a href=\"https:\/\/www.ranciliogroup.com\/it\/egro\/next\/\">Egro Next<\/a><\/p>\n","protected":false},"excerpt":{"rendered":"<p>Dal 21 al 23 aprile, torrefattori, distributori e professionisti del caff\u00e8 si riuniranno allo Specialty Coffee Expo 2023 nella citt\u00e0&#8230;<\/p>\n","protected":false},"author":5,"featured_media":66123,"comment_status":"closed","ping_status":"closed","sticky":false,"template":"","format":"standard","meta":[],"categories":[465],"tags":[2915,2916,2917,2871,2868,2869,2830,2782,2748,2729,2645,2619,2618,2587,2542,2528],"acf":[],"yoast_head":"<!-- This site is optimized with the Yoast SEO plugin v21.5 - https:\/\/yoast.com\/wordpress\/plugins\/seo\/ -->\n<title>Rancilio Group vola a Portland per lo Specialty Coffee Expo - Rancilio Group<\/title>\n<meta name=\"description\" content=\"Dal 21 al 23 aprile, torrefattori, distributori e professionisti del caff\u00e8 si riuniranno allo Specialty Coffee Expo 2023 nella citt\u00e0 pi\u00f9 grande dell&#039;Oregon, Portland.\" \/>\n<meta name=\"robots\" content=\"index, follow, max-snippet:-1, max-image-preview:large, max-video-preview:-1\" \/>\n<link rel=\"canonical\" href=\"https:\/\/www.ranciliogroup.com\/it\/rancilio-group-vola-a-portland-per-lo-specialty-coffee-expo\/\" \/>\n<meta property=\"og:locale\" content=\"it_IT\" \/>\n<meta property=\"og:type\" content=\"article\" \/>\n<meta property=\"og:title\" content=\"Rancilio Group vola a Portland per lo Specialty Coffee Expo - Rancilio Group\" \/>\n<meta property=\"og:description\" content=\"Dal 21 al 23 aprile, torrefattori, distributori e professionisti del caff\u00e8 si riuniranno allo Specialty Coffee Expo 2023 nella citt\u00e0 pi\u00f9 grande dell&#039;Oregon, Portland.\" \/>\n<meta property=\"og:url\" content=\"https:\/\/www.ranciliogroup.com\/it\/rancilio-group-vola-a-portland-per-lo-specialty-coffee-expo\/\" \/>\n<meta property=\"og:site_name\" content=\"Rancilio Group\" \/>\n<meta property=\"article:publisher\" content=\"https:\/\/www.facebook.com\/RancilioGroup\" \/>\n<meta property=\"article:published_time\" content=\"2023-04-06T08:04:27+00:00\" \/>\n<meta property=\"article:modified_time\" content=\"2023-05-05T09:24:20+00:00\" \/>\n<meta property=\"og:image\" content=\"https:\/\/www.ranciliogroup.com\/app\/uploads\/2023\/04\/SCA_Expo_Rancilio_web.jpg\" \/>\n\t<meta property=\"og:image:width\" content=\"1080\" \/>\n\t<meta property=\"og:image:height\" content=\"590\" \/>\n\t<meta property=\"og:image:type\" content=\"image\/jpeg\" \/>\n<meta name=\"author\" content=\"temp circular\" \/>\n<meta name=\"twitter:card\" content=\"summary_large_image\" \/>\n<meta name=\"twitter:creator\" content=\"@ranciliogroup\" \/>\n<meta name=\"twitter:site\" content=\"@ranciliogroup\" \/>\n<meta name=\"twitter:label1\" content=\"Scritto da\" \/>\n\t<meta name=\"twitter:data1\" content=\"temp circular\" \/>\n\t<meta name=\"twitter:label2\" content=\"Tempo di lettura stimato\" \/>\n\t<meta name=\"twitter:data2\" content=\"1 minuto\" \/>\n<script type=\"application\/ld+json\" class=\"yoast-schema-graph\">{\"@context\":\"https:\/\/schema.org\",\"@graph\":[{\"@type\":\"Article\",\"@id\":\"https:\/\/www.ranciliogroup.com\/it\/rancilio-group-vola-a-portland-per-lo-specialty-coffee-expo\/#article\",\"isPartOf\":{\"@id\":\"https:\/\/www.ranciliogroup.com\/it\/rancilio-group-vola-a-portland-per-lo-specialty-coffee-expo\/\"},\"author\":{\"name\":\"temp circular\",\"@id\":\"https:\/\/www.ranciliogroup.com\/it\/#\/schema\/person\/d6bf0a7dfe74cded3d64da8b2c92814c\"},\"headline\":\"Rancilio Group vola a Portland per lo Specialty Coffee Expo\",\"datePublished\":\"2023-04-06T08:04:27+00:00\",\"dateModified\":\"2023-05-05T09:24:20+00:00\",\"mainEntityOfPage\":{\"@id\":\"https:\/\/www.ranciliogroup.com\/it\/rancilio-group-vola-a-portland-per-lo-specialty-coffee-expo\/\"},\"wordCount\":275,\"publisher\":{\"@id\":\"https:\/\/www.ranciliogroup.com\/it\/#organization\"},\"keywords\":[\"SCA Expo\",\"Portland\",\"Touch Coffee\",\"One\",\"Classe 5\",\"Classe 7\",\"Classe 20\",\"Stile\",\"Rancilio\",\"Silvia Pro X\",\"Next\",\"Kryo\",\"Invicta\",\"RS1\",\"Egro\",\"Rancilio Specialty\"],\"articleSection\":[\"Eventi\"],\"inLanguage\":\"it-IT\"},{\"@type\":\"WebPage\",\"@id\":\"https:\/\/www.ranciliogroup.com\/it\/rancilio-group-vola-a-portland-per-lo-specialty-coffee-expo\/\",\"url\":\"https:\/\/www.ranciliogroup.com\/it\/rancilio-group-vola-a-portland-per-lo-specialty-coffee-expo\/\",\"name\":\"Rancilio Group vola a Portland per lo Specialty Coffee Expo - Rancilio Group\",\"isPartOf\":{\"@id\":\"https:\/\/www.ranciliogroup.com\/it\/#website\"},\"datePublished\":\"2023-04-06T08:04:27+00:00\",\"dateModified\":\"2023-05-05T09:24:20+00:00\",\"description\":\"Dal 21 al 23 aprile, torrefattori, distributori e professionisti del caff\u00e8 si riuniranno allo Specialty Coffee Expo 2023 nella citt\u00e0 pi\u00f9 grande dell'Oregon, Portland.\",\"breadcrumb\":{\"@id\":\"https:\/\/www.ranciliogroup.com\/it\/rancilio-group-vola-a-portland-per-lo-specialty-coffee-expo\/#breadcrumb\"},\"inLanguage\":\"it-IT\",\"potentialAction\":[{\"@type\":\"ReadAction\",\"target\":[\"https:\/\/www.ranciliogroup.com\/it\/rancilio-group-vola-a-portland-per-lo-specialty-coffee-expo\/\"]}]},{\"@type\":\"BreadcrumbList\",\"@id\":\"https:\/\/www.ranciliogroup.com\/it\/rancilio-group-vola-a-portland-per-lo-specialty-coffee-expo\/#breadcrumb\",\"itemListElement\":[{\"@type\":\"ListItem\",\"position\":1,\"name\":\"Home\",\"item\":\"https:\/\/www.ranciliogroup.com\/it\/\"},{\"@type\":\"ListItem\",\"position\":2,\"name\":\"Rancilio Group vola a Portland per lo Specialty Coffee Expo\"}]},{\"@type\":\"WebSite\",\"@id\":\"https:\/\/www.ranciliogroup.com\/it\/#website\",\"url\":\"https:\/\/www.ranciliogroup.com\/it\/\",\"name\":\"Rancilio Group\",\"description\":\"Leader delle Macchine da Caff\u00e8 Professionali\",\"publisher\":{\"@id\":\"https:\/\/www.ranciliogroup.com\/it\/#organization\"},\"potentialAction\":[{\"@type\":\"SearchAction\",\"target\":{\"@type\":\"EntryPoint\",\"urlTemplate\":\"https:\/\/www.ranciliogroup.com\/it\/?s={search_term_string}\"},\"query-input\":\"required name=search_term_string\"}],\"inLanguage\":\"it-IT\"},{\"@type\":\"Organization\",\"@id\":\"https:\/\/www.ranciliogroup.com\/it\/#organization\",\"name\":\"Rancilio Group\",\"url\":\"https:\/\/www.ranciliogroup.com\/it\/\",\"logo\":{\"@type\":\"ImageObject\",\"inLanguage\":\"it-IT\",\"@id\":\"https:\/\/www.ranciliogroup.com\/it\/#\/schema\/logo\/image\/\",\"url\":\"https:\/\/www.ranciliogroup.com\/app\/uploads\/2019\/07\/rancilio_black_logo.png\",\"contentUrl\":\"https:\/\/www.ranciliogroup.com\/app\/uploads\/2019\/07\/rancilio_black_logo.png\",\"width\":447,\"height\":57,\"caption\":\"Rancilio Group\"},\"image\":{\"@id\":\"https:\/\/www.ranciliogroup.com\/it\/#\/schema\/logo\/image\/\"},\"sameAs\":[\"https:\/\/www.facebook.com\/RancilioGroup\",\"https:\/\/twitter.com\/ranciliogroup\",\"https:\/\/www.instagram.com\/rancilio_official\/\",\"https:\/\/www.linkedin.com\/company\/ranciliogroup\/\",\"https:\/\/www.youtube.com\/user\/rancilioadmin\"]},{\"@type\":\"Person\",\"@id\":\"https:\/\/www.ranciliogroup.com\/it\/#\/schema\/person\/d6bf0a7dfe74cded3d64da8b2c92814c\",\"name\":\"temp circular\",\"image\":{\"@type\":\"ImageObject\",\"inLanguage\":\"it-IT\",\"@id\":\"https:\/\/www.ranciliogroup.com\/it\/#\/schema\/person\/image\/\",\"url\":\"https:\/\/secure.gravatar.com\/avatar\/569e71c3b97b8bcad1854d6579b35c5f?s=96&d=mm&r=g\",\"contentUrl\":\"https:\/\/secure.gravatar.com\/avatar\/569e71c3b97b8bcad1854d6579b35c5f?s=96&d=mm&r=g\",\"caption\":\"temp circular\"}}]}<\/script>\n<!-- \/ Yoast SEO plugin. -->","yoast_head_json":{"title":"Rancilio Group vola a Portland per lo Specialty Coffee Expo - Rancilio Group","description":"Dal 21 al 23 aprile, torrefattori, distributori e professionisti del caff\u00e8 si riuniranno allo Specialty Coffee Expo 2023 nella citt\u00e0 pi\u00f9 grande dell'Oregon, Portland.","robots":{"index":"index","follow":"follow","max-snippet":"max-snippet:-1","max-image-preview":"max-image-preview:large","max-video-preview":"max-video-preview:-1"},"canonical":"https:\/\/www.ranciliogroup.com\/it\/rancilio-group-vola-a-portland-per-lo-specialty-coffee-expo\/","og_locale":"it_IT","og_type":"article","og_title":"Rancilio Group vola a Portland per lo Specialty Coffee Expo - Rancilio Group","og_description":"Dal 21 al 23 aprile, torrefattori, distributori e professionisti del caff\u00e8 si riuniranno allo Specialty Coffee Expo 2023 nella citt\u00e0 pi\u00f9 grande dell'Oregon, Portland.","og_url":"https:\/\/www.ranciliogroup.com\/it\/rancilio-group-vola-a-portland-per-lo-specialty-coffee-expo\/","og_site_name":"Rancilio Group","article_publisher":"https:\/\/www.facebook.com\/RancilioGroup","article_published_time":"2023-04-06T08:04:27+00:00","article_modified_time":"2023-05-05T09:24:20+00:00","og_image":[{"width":1080,"height":590,"url":"https:\/\/www.ranciliogroup.com\/app\/uploads\/2023\/04\/SCA_Expo_Rancilio_web.jpg","type":"image\/jpeg"}],"author":"temp circular","twitter_card":"summary_large_image","twitter_creator":"@ranciliogroup","twitter_site":"@ranciliogroup","twitter_misc":{"Scritto da":"temp circular","Tempo di lettura stimato":"1 minuto"},"schema":{"@context":"https:\/\/schema.org","@graph":[{"@type":"Article","@id":"https:\/\/www.ranciliogroup.com\/it\/rancilio-group-vola-a-portland-per-lo-specialty-coffee-expo\/#article","isPartOf":{"@id":"https:\/\/www.ranciliogroup.com\/it\/rancilio-group-vola-a-portland-per-lo-specialty-coffee-expo\/"},"author":{"name":"temp circular","@id":"https:\/\/www.ranciliogroup.com\/it\/#\/schema\/person\/d6bf0a7dfe74cded3d64da8b2c92814c"},"headline":"Rancilio Group vola a Portland per lo Specialty Coffee Expo","datePublished":"2023-04-06T08:04:27+00:00","dateModified":"2023-05-05T09:24:20+00:00","mainEntityOfPage":{"@id":"https:\/\/www.ranciliogroup.com\/it\/rancilio-group-vola-a-portland-per-lo-specialty-coffee-expo\/"},"wordCount":275,"publisher":{"@id":"https:\/\/www.ranciliogroup.com\/it\/#organization"},"keywords":["SCA Expo","Portland","Touch Coffee","One","Classe 5","Classe 7","Classe 20","Stile","Rancilio","Silvia Pro X","Next","Kryo","Invicta","RS1","Egro","Rancilio Specialty"],"articleSection":["Eventi"],"inLanguage":"it-IT"},{"@type":"WebPage","@id":"https:\/\/www.ranciliogroup.com\/it\/rancilio-group-vola-a-portland-per-lo-specialty-coffee-expo\/","url":"https:\/\/www.ranciliogroup.com\/it\/rancilio-group-vola-a-portland-per-lo-specialty-coffee-expo\/","name":"Rancilio Group vola a Portland per lo Specialty Coffee Expo - Rancilio Group","isPartOf":{"@id":"https:\/\/www.ranciliogroup.com\/it\/#website"},"datePublished":"2023-04-06T08:04:27+00:00","dateModified":"2023-05-05T09:24:20+00:00","description":"Dal 21 al 23 aprile, torrefattori, distributori e professionisti del caff\u00e8 si riuniranno allo Specialty Coffee Expo 2023 nella citt\u00e0 pi\u00f9 grande dell'Oregon, Portland.","breadcrumb":{"@id":"https:\/\/www.ranciliogroup.com\/it\/rancilio-group-vola-a-portland-per-lo-specialty-coffee-expo\/#breadcrumb"},"inLanguage":"it-IT","potentialAction":[{"@type":"ReadAction","target":["https:\/\/www.ranciliogroup.com\/it\/rancilio-group-vola-a-portland-per-lo-specialty-coffee-expo\/"]}]},{"@type":"BreadcrumbList","@id":"https:\/\/www.ranciliogroup.com\/it\/rancilio-group-vola-a-portland-per-lo-specialty-coffee-expo\/#breadcrumb","itemListElement":[{"@type":"ListItem","position":1,"name":"Home","item":"https:\/\/www.ranciliogroup.com\/it\/"},{"@type":"ListItem","position":2,"name":"Rancilio Group vola a Portland per lo Specialty Coffee Expo"}]},{"@type":"WebSite","@id":"https:\/\/www.ranciliogroup.com\/it\/#website","url":"https:\/\/www.ranciliogroup.com\/it\/","name":"Rancilio Group","description":"Leader delle Macchine da Caff\u00e8 Professionali","publisher":{"@id":"https:\/\/www.ranciliogroup.com\/it\/#organization"},"potentialAction":[{"@type":"SearchAction","target":{"@type":"EntryPoint","urlTemplate":"https:\/\/www.ranciliogroup.com\/it\/?s={search_term_string}"},"query-input":"required name=search_term_string"}],"inLanguage":"it-IT"},{"@type":"Organization","@id":"https:\/\/www.ranciliogroup.com\/it\/#organization","name":"Rancilio Group","url":"https:\/\/www.ranciliogroup.com\/it\/","logo":{"@type":"ImageObject","inLanguage":"it-IT","@id":"https:\/\/www.ranciliogroup.com\/it\/#\/schema\/logo\/image\/","url":"https:\/\/www.ranciliogroup.com\/app\/uploads\/2019\/07\/rancilio_black_logo.png","contentUrl":"https:\/\/www.ranciliogroup.com\/app\/uploads\/2019\/07\/rancilio_black_logo.png","width":447,"height":57,"caption":"Rancilio Group"},"image":{"@id":"https:\/\/www.ranciliogroup.com\/it\/#\/schema\/logo\/image\/"},"sameAs":["https:\/\/www.facebook.com\/RancilioGroup","https:\/\/twitter.com\/ranciliogroup","https:\/\/www.instagram.com\/rancilio_official\/","https:\/\/www.linkedin.com\/company\/ranciliogroup\/","https:\/\/www.youtube.com\/user\/rancilioadmin"]},{"@type":"Person","@id":"https:\/\/www.ranciliogroup.com\/it\/#\/schema\/person\/d6bf0a7dfe74cded3d64da8b2c92814c","name":"temp circular","image":{"@type":"ImageObject","inLanguage":"it-IT","@id":"https:\/\/www.ranciliogroup.com\/it\/#\/schema\/person\/image\/","url":"https:\/\/secure.gravatar.com\/avatar\/569e71c3b97b8bcad1854d6579b35c5f?s=96&d=mm&r=g","contentUrl":"https:\/\/secure.gravatar.com\/avatar\/569e71c3b97b8bcad1854d6579b35c5f?s=96&d=mm&r=g","caption":"temp circular"}}]}},"_links":{"self":[{"href":"https:\/\/www.ranciliogroup.com\/it\/wp-json\/wp\/v2\/posts\/66135"}],"collection":[{"href":"https:\/\/www.ranciliogroup.com\/it\/wp-json\/wp\/v2\/posts"}],"about":[{"href":"https:\/\/www.ranciliogroup.com\/it\/wp-json\/wp\/v2\/types\/post"}],"author":[{"embeddable":true,"href":"https:\/\/www.ranciliogroup.com\/it\/wp-json\/wp\/v2\/users\/5"}],"replies":[{"embeddable":true,"href":"https:\/\/www.ranciliogroup.com\/it\/wp-json\/wp\/v2\/comments?post=66135"}],"version-history":[{"count":1,"href":"https:\/\/www.ranciliogroup.com\/it\/wp-json\/wp\/v2\/posts\/66135\/revisions"}],"predecessor-version":[{"id":66136,"href":"https:\/\/www.ranciliogroup.com\/it\/wp-json\/wp\/v2\/posts\/66135\/revisions\/66136"}],"wp:featuredmedia":[{"embeddable":true,"href":"https:\/\/www.ranciliogroup.com\/it\/wp-json\/wp\/v2\/media\/66123"}],"wp:attachment":[{"href":"https:\/\/www.ranciliogroup.com\/it\/wp-json\/wp\/v2\/media?parent=66135"}],"wp:term":[{"taxonomy":"category","embeddable":true,"href":"https:\/\/www.ranciliogroup.com\/it\/wp-json\/wp\/v2\/categories?post=66135"},{"taxonomy":"post_tag","embeddable":true,"href":"https:\/\/www.ranciliogroup.com\/it\/wp-json\/wp\/v2\/tags?post=66135"}],"curies":[{"name":"wp","href":"https:\/\/api.w.org\/{rel}","templated":true}]}}