{"id":66335,"date":"2023-04-21T10:41:10","date_gmt":"2023-04-21T08:41:10","guid":{"rendered":"https:\/\/www.ranciliogroup.com\/?p=66335"},"modified":"2023-05-05T11:22:50","modified_gmt":"2023-05-05T09:22:50","slug":"rancilio-presenta-la-seconda-stagione-del-podcast-a-history-of-coffee","status":"publish","type":"post","link":"https:\/\/www.ranciliogroup.com\/it\/rancilio-presenta-la-seconda-stagione-del-podcast-a-history-of-coffee\/","title":{"rendered":"Rancilio presenta la seconda stagione del podcast A History of Coffee"},"content":{"rendered":"<p>Il podcast <em>A History of Coffee<\/em> torna per la sua seconda stagione esplorando nuove affascinanti storie sul caff\u00e8, con contenuti educativi gratuiti offerti da Rancilio.<\/p>\n<p>Gli autori di questa serie \u2013 il documentarista e creatore del podcast sul caff\u00e8 Filter Stories James Harper, e lo storico professionista e autore di <em>Coffee: A Global History <\/em>Professor Jonathan Morris \u2013 sono pronti a scoprire la storia nascosta del caff\u00e8 in quattro nuovi coinvolgenti episodi dedicati a tutti gli amanti del caff\u00e8.<\/p>\n<p>A partire dal suo esordio, <em>A History of Coffee<\/em> segue la storia di come un minuscolo seme psicoattivo ha cambiato il mondo e continua a plasmare le nostre vite oggi. La prima serie ha illustrato una panoramica cronologica sulla storia del caff\u00e8 con un focus sulla sostenibilit\u00e0: sociale, ambientale ed economica.<\/p>\n<p>Nella seconda serie, James Harper e il professor Jonathan Morris rivelano come l&#8217;invenzione dei coffee shop abbia rivoluzionato le comunit\u00e0; perch\u00e9 il colonialismo, il razzismo e il caff\u00e8 hanno mantenuto povera Haiti, una volta prospera; e sfatano molti miti sulla presunta storia d&#8217;amore dell&#8217;America con il caff\u00e8.<\/p>\n<p>Scopri con Rancilio come \u00e8 stata creata la venerata cultura dell&#8217;espresso in Italia, segui le tracce di Rancilio dal 1926 alla nascita della sua prima officina e scopri di pi\u00f9 della visione di Rancilio sul futuro del caff\u00e8 in un episodio speciale tutto dedicato all&#8217;espresso italiano.<\/p>\n<p>Il podcast \u00e8 rivolto a tutti i professionisti e gli appassionati di caff\u00e8 che vogliono rendere il caff\u00e8 un&#8217;industria pi\u00f9 equa e rispettosa dell&#8217;ambiente. Il modo migliore per iniziare questo cambiamento \u00e8 capire le storie e i sistemi che ogni mattina mettono il caff\u00e8 nella nostra tazzina.<\/p>\n<p>La serie \u00e8 disponibile da luned\u00ec 17 aprile 2023 su Spotify e Apple Podcast.<\/p>\n<p>&nbsp;<\/p>\n<p><strong>A proposito degli autori<\/strong><\/p>\n<p>James Harper \u00e8 il creatore di <em>Filter Stories<\/em>, un podcast documentario che usa il nostro caff\u00e8 mattutino come lente per capire il mondo. Le sue narrazioni esplorano la storia, la scienza e la sostenibilit\u00e0, e scrive la musica per pianoforte che sottolinea le storie.<\/p>\n<p>Il professor Jonathan Morris \u00e8 direttore della ricerca su cultura e ambiente presso l&#8217;Universit\u00e0 dell&#8217;Hertfordshire e vicepresidente della Royal Historical Society. \u00c8 l&#8217;autore di <em>Coffee: A Global History<\/em>.<\/p>\n<p>&nbsp;<\/p>\n<p><strong>Ascolta ora<\/strong><\/p>\n<p><a href=\"https:\/\/spoti.fi\/3zRXV0B\">Spotify<\/a><\/p>\n","protected":false},"excerpt":{"rendered":"<p>Il podcast A History of Coffee torna per la sua seconda stagione esplorando nuove affascinanti storie sul caff\u00e8, con contenuti&#8230;<\/p>\n","protected":false},"author":5,"featured_media":66330,"comment_status":"closed","ping_status":"closed","sticky":false,"template":"","format":"standard","meta":[],"categories":[539],"tags":[2951,2908,2748],"acf":[],"yoast_head":"<!-- This site is optimized with the Yoast SEO plugin v21.5 - https:\/\/yoast.com\/wordpress\/plugins\/seo\/ -->\n<title>Rancilio presenta la seconda stagione del podcast A History of Coffee - Rancilio Group<\/title>\n<meta name=\"description\" content=\"Gli autori di questa serie \u2013 il documentarista e creatore del podcast sul caff\u00e8 Filter Stories James Harper, e lo storico professionista e autore di Coffee: A Global History Professor Jonathan Morris \u2013 sono pronti a scoprire la storia nascosta del caff\u00e8 in quattro nuovi coinvolgenti episodi dedicati a tutti gli amanti del caff\u00e8.\" \/>\n<meta name=\"robots\" content=\"index, follow, max-snippet:-1, max-image-preview:large, max-video-preview:-1\" \/>\n<link rel=\"canonical\" href=\"https:\/\/www.ranciliogroup.com\/it\/rancilio-presenta-la-seconda-stagione-del-podcast-a-history-of-coffee\/\" \/>\n<meta property=\"og:locale\" content=\"it_IT\" \/>\n<meta property=\"og:type\" content=\"article\" \/>\n<meta property=\"og:title\" content=\"Rancilio presenta la seconda stagione del podcast A History of Coffee - Rancilio Group\" \/>\n<meta property=\"og:description\" content=\"Gli autori di questa serie \u2013 il documentarista e creatore del podcast sul caff\u00e8 Filter Stories James Harper, e lo storico professionista e autore di Coffee: A Global History Professor Jonathan Morris \u2013 sono pronti a scoprire la storia nascosta del caff\u00e8 in quattro nuovi coinvolgenti episodi dedicati a tutti gli amanti del caff\u00e8.\" \/>\n<meta property=\"og:url\" content=\"https:\/\/www.ranciliogroup.com\/it\/rancilio-presenta-la-seconda-stagione-del-podcast-a-history-of-coffee\/\" \/>\n<meta property=\"og:site_name\" content=\"Rancilio Group\" \/>\n<meta property=\"article:publisher\" content=\"https:\/\/www.facebook.com\/RancilioGroup\" \/>\n<meta property=\"article:published_time\" content=\"2023-04-21T08:41:10+00:00\" \/>\n<meta property=\"article:modified_time\" content=\"2023-05-05T09:22:50+00:00\" \/>\n<meta property=\"og:image\" content=\"https:\/\/www.ranciliogroup.com\/app\/uploads\/2023\/04\/PODCAST_web.jpg\" \/>\n\t<meta property=\"og:image:width\" content=\"1080\" \/>\n\t<meta property=\"og:image:height\" content=\"720\" \/>\n\t<meta property=\"og:image:type\" content=\"image\/jpeg\" \/>\n<meta name=\"author\" content=\"temp circular\" \/>\n<meta name=\"twitter:card\" content=\"summary_large_image\" \/>\n<meta name=\"twitter:creator\" content=\"@ranciliogroup\" \/>\n<meta name=\"twitter:site\" content=\"@ranciliogroup\" \/>\n<meta name=\"twitter:label1\" content=\"Scritto da\" \/>\n\t<meta name=\"twitter:data1\" content=\"temp circular\" \/>\n\t<meta name=\"twitter:label2\" content=\"Tempo di lettura stimato\" \/>\n\t<meta name=\"twitter:data2\" content=\"2 minuti\" \/>\n<script type=\"application\/ld+json\" class=\"yoast-schema-graph\">{\"@context\":\"https:\/\/schema.org\",\"@graph\":[{\"@type\":\"Article\",\"@id\":\"https:\/\/www.ranciliogroup.com\/it\/rancilio-presenta-la-seconda-stagione-del-podcast-a-history-of-coffee\/#article\",\"isPartOf\":{\"@id\":\"https:\/\/www.ranciliogroup.com\/it\/rancilio-presenta-la-seconda-stagione-del-podcast-a-history-of-coffee\/\"},\"author\":{\"name\":\"temp circular\",\"@id\":\"https:\/\/www.ranciliogroup.com\/it\/#\/schema\/person\/d6bf0a7dfe74cded3d64da8b2c92814c\"},\"headline\":\"Rancilio presenta la seconda stagione del podcast A History of Coffee\",\"datePublished\":\"2023-04-21T08:41:10+00:00\",\"dateModified\":\"2023-05-05T09:22:50+00:00\",\"mainEntityOfPage\":{\"@id\":\"https:\/\/www.ranciliogroup.com\/it\/rancilio-presenta-la-seconda-stagione-del-podcast-a-history-of-coffee\/\"},\"wordCount\":364,\"publisher\":{\"@id\":\"https:\/\/www.ranciliogroup.com\/it\/#organization\"},\"keywords\":[\"A History of Coffee\",\"Podcast\",\"Rancilio\"],\"articleSection\":[\"News\"],\"inLanguage\":\"it-IT\"},{\"@type\":\"WebPage\",\"@id\":\"https:\/\/www.ranciliogroup.com\/it\/rancilio-presenta-la-seconda-stagione-del-podcast-a-history-of-coffee\/\",\"url\":\"https:\/\/www.ranciliogroup.com\/it\/rancilio-presenta-la-seconda-stagione-del-podcast-a-history-of-coffee\/\",\"name\":\"Rancilio presenta la seconda stagione del podcast A History of Coffee - Rancilio Group\",\"isPartOf\":{\"@id\":\"https:\/\/www.ranciliogroup.com\/it\/#website\"},\"datePublished\":\"2023-04-21T08:41:10+00:00\",\"dateModified\":\"2023-05-05T09:22:50+00:00\",\"description\":\"Gli autori di questa serie \u2013 il documentarista e creatore del podcast sul caff\u00e8 Filter Stories James Harper, e lo storico professionista e autore di Coffee: A Global History Professor Jonathan Morris \u2013 sono pronti a scoprire la storia nascosta del caff\u00e8 in quattro nuovi coinvolgenti episodi dedicati a tutti gli amanti del caff\u00e8.\",\"breadcrumb\":{\"@id\":\"https:\/\/www.ranciliogroup.com\/it\/rancilio-presenta-la-seconda-stagione-del-podcast-a-history-of-coffee\/#breadcrumb\"},\"inLanguage\":\"it-IT\",\"potentialAction\":[{\"@type\":\"ReadAction\",\"target\":[\"https:\/\/www.ranciliogroup.com\/it\/rancilio-presenta-la-seconda-stagione-del-podcast-a-history-of-coffee\/\"]}]},{\"@type\":\"BreadcrumbList\",\"@id\":\"https:\/\/www.ranciliogroup.com\/it\/rancilio-presenta-la-seconda-stagione-del-podcast-a-history-of-coffee\/#breadcrumb\",\"itemListElement\":[{\"@type\":\"ListItem\",\"position\":1,\"name\":\"Home\",\"item\":\"https:\/\/www.ranciliogroup.com\/it\/\"},{\"@type\":\"ListItem\",\"position\":2,\"name\":\"Rancilio presenta la seconda stagione del podcast A History of Coffee\"}]},{\"@type\":\"WebSite\",\"@id\":\"https:\/\/www.ranciliogroup.com\/it\/#website\",\"url\":\"https:\/\/www.ranciliogroup.com\/it\/\",\"name\":\"Rancilio Group\",\"description\":\"Leader delle Macchine da Caff\u00e8 Professionali\",\"publisher\":{\"@id\":\"https:\/\/www.ranciliogroup.com\/it\/#organization\"},\"potentialAction\":[{\"@type\":\"SearchAction\",\"target\":{\"@type\":\"EntryPoint\",\"urlTemplate\":\"https:\/\/www.ranciliogroup.com\/it\/?s={search_term_string}\"},\"query-input\":\"required name=search_term_string\"}],\"inLanguage\":\"it-IT\"},{\"@type\":\"Organization\",\"@id\":\"https:\/\/www.ranciliogroup.com\/it\/#organization\",\"name\":\"Rancilio Group\",\"url\":\"https:\/\/www.ranciliogroup.com\/it\/\",\"logo\":{\"@type\":\"ImageObject\",\"inLanguage\":\"it-IT\",\"@id\":\"https:\/\/www.ranciliogroup.com\/it\/#\/schema\/logo\/image\/\",\"url\":\"https:\/\/www.ranciliogroup.com\/app\/uploads\/2019\/07\/rancilio_black_logo.png\",\"contentUrl\":\"https:\/\/www.ranciliogroup.com\/app\/uploads\/2019\/07\/rancilio_black_logo.png\",\"width\":447,\"height\":57,\"caption\":\"Rancilio Group\"},\"image\":{\"@id\":\"https:\/\/www.ranciliogroup.com\/it\/#\/schema\/logo\/image\/\"},\"sameAs\":[\"https:\/\/www.facebook.com\/RancilioGroup\",\"https:\/\/twitter.com\/ranciliogroup\",\"https:\/\/www.instagram.com\/rancilio_official\/\",\"https:\/\/www.linkedin.com\/company\/ranciliogroup\/\",\"https:\/\/www.youtube.com\/user\/rancilioadmin\"]},{\"@type\":\"Person\",\"@id\":\"https:\/\/www.ranciliogroup.com\/it\/#\/schema\/person\/d6bf0a7dfe74cded3d64da8b2c92814c\",\"name\":\"temp circular\",\"image\":{\"@type\":\"ImageObject\",\"inLanguage\":\"it-IT\",\"@id\":\"https:\/\/www.ranciliogroup.com\/it\/#\/schema\/person\/image\/\",\"url\":\"https:\/\/secure.gravatar.com\/avatar\/569e71c3b97b8bcad1854d6579b35c5f?s=96&d=mm&r=g\",\"contentUrl\":\"https:\/\/secure.gravatar.com\/avatar\/569e71c3b97b8bcad1854d6579b35c5f?s=96&d=mm&r=g\",\"caption\":\"temp circular\"}}]}<\/script>\n<!-- \/ Yoast SEO plugin. -->","yoast_head_json":{"title":"Rancilio presenta la seconda stagione del podcast A History of Coffee - Rancilio Group","description":"Gli autori di questa serie \u2013 il documentarista e creatore del podcast sul caff\u00e8 Filter Stories James Harper, e lo storico professionista e autore di Coffee: A Global History Professor Jonathan Morris \u2013 sono pronti a scoprire la storia nascosta del caff\u00e8 in quattro nuovi coinvolgenti episodi dedicati a tutti gli amanti del caff\u00e8.","robots":{"index":"index","follow":"follow","max-snippet":"max-snippet:-1","max-image-preview":"max-image-preview:large","max-video-preview":"max-video-preview:-1"},"canonical":"https:\/\/www.ranciliogroup.com\/it\/rancilio-presenta-la-seconda-stagione-del-podcast-a-history-of-coffee\/","og_locale":"it_IT","og_type":"article","og_title":"Rancilio presenta la seconda stagione del podcast A History of Coffee - Rancilio Group","og_description":"Gli autori di questa serie \u2013 il documentarista e creatore del podcast sul caff\u00e8 Filter Stories James Harper, e lo storico professionista e autore di Coffee: A Global History Professor Jonathan Morris \u2013 sono pronti a scoprire la storia nascosta del caff\u00e8 in quattro nuovi coinvolgenti episodi dedicati a tutti gli amanti del caff\u00e8.","og_url":"https:\/\/www.ranciliogroup.com\/it\/rancilio-presenta-la-seconda-stagione-del-podcast-a-history-of-coffee\/","og_site_name":"Rancilio Group","article_publisher":"https:\/\/www.facebook.com\/RancilioGroup","article_published_time":"2023-04-21T08:41:10+00:00","article_modified_time":"2023-05-05T09:22:50+00:00","og_image":[{"width":1080,"height":720,"url":"https:\/\/www.ranciliogroup.com\/app\/uploads\/2023\/04\/PODCAST_web.jpg","type":"image\/jpeg"}],"author":"temp circular","twitter_card":"summary_large_image","twitter_creator":"@ranciliogroup","twitter_site":"@ranciliogroup","twitter_misc":{"Scritto da":"temp circular","Tempo di lettura stimato":"2 minuti"},"schema":{"@context":"https:\/\/schema.org","@graph":[{"@type":"Article","@id":"https:\/\/www.ranciliogroup.com\/it\/rancilio-presenta-la-seconda-stagione-del-podcast-a-history-of-coffee\/#article","isPartOf":{"@id":"https:\/\/www.ranciliogroup.com\/it\/rancilio-presenta-la-seconda-stagione-del-podcast-a-history-of-coffee\/"},"author":{"name":"temp circular","@id":"https:\/\/www.ranciliogroup.com\/it\/#\/schema\/person\/d6bf0a7dfe74cded3d64da8b2c92814c"},"headline":"Rancilio presenta la seconda stagione del podcast A History of Coffee","datePublished":"2023-04-21T08:41:10+00:00","dateModified":"2023-05-05T09:22:50+00:00","mainEntityOfPage":{"@id":"https:\/\/www.ranciliogroup.com\/it\/rancilio-presenta-la-seconda-stagione-del-podcast-a-history-of-coffee\/"},"wordCount":364,"publisher":{"@id":"https:\/\/www.ranciliogroup.com\/it\/#organization"},"keywords":["A History of Coffee","Podcast","Rancilio"],"articleSection":["News"],"inLanguage":"it-IT"},{"@type":"WebPage","@id":"https:\/\/www.ranciliogroup.com\/it\/rancilio-presenta-la-seconda-stagione-del-podcast-a-history-of-coffee\/","url":"https:\/\/www.ranciliogroup.com\/it\/rancilio-presenta-la-seconda-stagione-del-podcast-a-history-of-coffee\/","name":"Rancilio presenta la seconda stagione del podcast A History of Coffee - Rancilio Group","isPartOf":{"@id":"https:\/\/www.ranciliogroup.com\/it\/#website"},"datePublished":"2023-04-21T08:41:10+00:00","dateModified":"2023-05-05T09:22:50+00:00","description":"Gli autori di questa serie \u2013 il documentarista e creatore del podcast sul caff\u00e8 Filter Stories James Harper, e lo storico professionista e autore di Coffee: A Global History Professor Jonathan Morris \u2013 sono pronti a scoprire la storia nascosta del caff\u00e8 in quattro nuovi coinvolgenti episodi dedicati a tutti gli amanti del caff\u00e8.","breadcrumb":{"@id":"https:\/\/www.ranciliogroup.com\/it\/rancilio-presenta-la-seconda-stagione-del-podcast-a-history-of-coffee\/#breadcrumb"},"inLanguage":"it-IT","potentialAction":[{"@type":"ReadAction","target":["https:\/\/www.ranciliogroup.com\/it\/rancilio-presenta-la-seconda-stagione-del-podcast-a-history-of-coffee\/"]}]},{"@type":"BreadcrumbList","@id":"https:\/\/www.ranciliogroup.com\/it\/rancilio-presenta-la-seconda-stagione-del-podcast-a-history-of-coffee\/#breadcrumb","itemListElement":[{"@type":"ListItem","position":1,"name":"Home","item":"https:\/\/www.ranciliogroup.com\/it\/"},{"@type":"ListItem","position":2,"name":"Rancilio presenta la seconda stagione del podcast A History of Coffee"}]},{"@type":"WebSite","@id":"https:\/\/www.ranciliogroup.com\/it\/#website","url":"https:\/\/www.ranciliogroup.com\/it\/","name":"Rancilio Group","description":"Leader delle Macchine da Caff\u00e8 Professionali","publisher":{"@id":"https:\/\/www.ranciliogroup.com\/it\/#organization"},"potentialAction":[{"@type":"SearchAction","target":{"@type":"EntryPoint","urlTemplate":"https:\/\/www.ranciliogroup.com\/it\/?s={search_term_string}"},"query-input":"required name=search_term_string"}],"inLanguage":"it-IT"},{"@type":"Organization","@id":"https:\/\/www.ranciliogroup.com\/it\/#organization","name":"Rancilio Group","url":"https:\/\/www.ranciliogroup.com\/it\/","logo":{"@type":"ImageObject","inLanguage":"it-IT","@id":"https:\/\/www.ranciliogroup.com\/it\/#\/schema\/logo\/image\/","url":"https:\/\/www.ranciliogroup.com\/app\/uploads\/2019\/07\/rancilio_black_logo.png","contentUrl":"https:\/\/www.ranciliogroup.com\/app\/uploads\/2019\/07\/rancilio_black_logo.png","width":447,"height":57,"caption":"Rancilio Group"},"image":{"@id":"https:\/\/www.ranciliogroup.com\/it\/#\/schema\/logo\/image\/"},"sameAs":["https:\/\/www.facebook.com\/RancilioGroup","https:\/\/twitter.com\/ranciliogroup","https:\/\/www.instagram.com\/rancilio_official\/","https:\/\/www.linkedin.com\/company\/ranciliogroup\/","https:\/\/www.youtube.com\/user\/rancilioadmin"]},{"@type":"Person","@id":"https:\/\/www.ranciliogroup.com\/it\/#\/schema\/person\/d6bf0a7dfe74cded3d64da8b2c92814c","name":"temp circular","image":{"@type":"ImageObject","inLanguage":"it-IT","@id":"https:\/\/www.ranciliogroup.com\/it\/#\/schema\/person\/image\/","url":"https:\/\/secure.gravatar.com\/avatar\/569e71c3b97b8bcad1854d6579b35c5f?s=96&d=mm&r=g","contentUrl":"https:\/\/secure.gravatar.com\/avatar\/569e71c3b97b8bcad1854d6579b35c5f?s=96&d=mm&r=g","caption":"temp circular"}}]}},"_links":{"self":[{"href":"https:\/\/www.ranciliogroup.com\/it\/wp-json\/wp\/v2\/posts\/66335"}],"collection":[{"href":"https:\/\/www.ranciliogroup.com\/it\/wp-json\/wp\/v2\/posts"}],"about":[{"href":"https:\/\/www.ranciliogroup.com\/it\/wp-json\/wp\/v2\/types\/post"}],"author":[{"embeddable":true,"href":"https:\/\/www.ranciliogroup.com\/it\/wp-json\/wp\/v2\/users\/5"}],"replies":[{"embeddable":true,"href":"https:\/\/www.ranciliogroup.com\/it\/wp-json\/wp\/v2\/comments?post=66335"}],"version-history":[{"count":1,"href":"https:\/\/www.ranciliogroup.com\/it\/wp-json\/wp\/v2\/posts\/66335\/revisions"}],"predecessor-version":[{"id":66336,"href":"https:\/\/www.ranciliogroup.com\/it\/wp-json\/wp\/v2\/posts\/66335\/revisions\/66336"}],"wp:featuredmedia":[{"embeddable":true,"href":"https:\/\/www.ranciliogroup.com\/it\/wp-json\/wp\/v2\/media\/66330"}],"wp:attachment":[{"href":"https:\/\/www.ranciliogroup.com\/it\/wp-json\/wp\/v2\/media?parent=66335"}],"wp:term":[{"taxonomy":"category","embeddable":true,"href":"https:\/\/www.ranciliogroup.com\/it\/wp-json\/wp\/v2\/categories?post=66335"},{"taxonomy":"post_tag","embeddable":true,"href":"https:\/\/www.ranciliogroup.com\/it\/wp-json\/wp\/v2\/tags?post=66335"}],"curies":[{"name":"wp","href":"https:\/\/api.w.org\/{rel}","templated":true}]}}