{"id":66424,"date":"2023-05-03T15:05:39","date_gmt":"2023-05-03T13:05:39","guid":{"rendered":"https:\/\/www.ranciliogroup.com\/?p=66424"},"modified":"2023-05-05T11:21:25","modified_gmt":"2023-05-05T09:21:25","slug":"rancilio-classe-20-a-napoli-per-la-terza-tappa-lags","status":"publish","type":"post","link":"https:\/\/www.ranciliogroup.com\/it\/rancilio-classe-20-a-napoli-per-la-terza-tappa-lags\/","title":{"rendered":"Rancilio Classe 20 a Napoli per la terza tappa LAGS"},"content":{"rendered":"<p>Con la conclusione delle selezioni di Firenze, il 29 maggio la LAGS Battle si sposta nella vivace e calorosa Napoli per proclamare i migliori artisti di Latte Art che accederanno alla finale di Host Milano 2023.<\/p>\n<p>I concorrenti potranno fare affidamento su Rancilio Classe 20 SB, sponsor ufficiale dell\u2019evento, che anche in questa occasione potr\u00e0 dar man forte ai professionisti in gara grazie alla sua avanzata tecnologia di estrazione caff\u00e8 ed erogazione vapore, essenziali per chi come i concorrenti, dovr\u00e0 realizzare cappuccini ineccepibili.<\/p>\n<p>Anche per la tappa di Napoli, i baristi selezionati dovranno sfidarsi sui livelli verde, rosso e nero, dando prova non solo della loro creativit\u00e0 ma anche delle loro capacit\u00e0 tecniche, richieste a tutti i professionisti di Latte Art Grading System.<\/p>\n<p>Sempre a Host Milano 2023 l\u2019appuntamento per il Campionato del Mondo di Latte Art Grading (WLAGS), che si svolger\u00e0 a breve distanza dalla finalissima italiana.<\/p>\n<p><strong>\u00a0<\/strong><\/p>\n<p><strong>LAGS Battle Napoli<\/strong><br \/>\n29 maggio 2023<br \/>\n<a href=\"https:\/\/www.google.com\/maps\/place\/Torrefazione+Tafuri+Sas+Di+Tafuri+Rosaria+%26+C.\/@40.9165544,14.2035666,15z\/data=!4m6!3m5!1s0x133b067d3938ce79:0x9c6b406bdc22b9d4!8m2!3d40.9165544!4d14.2035666!16s%2Fg%2F1ptx88w0_\">Saka Caff\u00e8<\/a><br \/>\nCorso Europa, 14<br \/>\n80010 Villaricca NA<\/p>\n<p>&nbsp;<\/p>\n<p><a href=\"https:\/\/www.ranciliogroup.com\/it\/rancilio\/classe-20\/\"><strong>Scopri di pi\u00f9 su Rancilio Classe 20<\/strong><\/a><\/p>\n<p>&nbsp;<\/p>\n<p><a href=\"https:\/\/www.latteartgrading.com\/home.php\"><strong>Scopri le certificazioni e gli eventi di Latte Art Grading System<\/strong><\/a><\/p>\n<p>&nbsp;<\/p>\n","protected":false},"excerpt":{"rendered":"<p>Con la conclusione delle selezioni di Firenze, il 29 maggio la LAGS Battle si sposta nella vivace e calorosa Napoli&#8230;<\/p>\n","protected":false},"author":5,"featured_media":66425,"comment_status":"closed","ping_status":"closed","sticky":false,"template":"","format":"standard","meta":[],"categories":[465],"tags":[2829,2830,2748],"acf":[],"yoast_head":"<!-- This site is optimized with the Yoast SEO plugin v21.5 - https:\/\/yoast.com\/wordpress\/plugins\/seo\/ -->\n<title>Rancilio Classe 20 a Napoli per la terza tappa LAGS - Rancilio Group<\/title>\n<meta name=\"description\" content=\"Con la conclusione delle selezioni di Firenze, il 29 maggio la LAGS Battle si sposta nella vivace e calorosa Napoli per proclamare i migliori artisti di Latte Art che accederanno alla finale di Host Milano 2023.\" \/>\n<meta name=\"robots\" content=\"index, follow, max-snippet:-1, max-image-preview:large, max-video-preview:-1\" \/>\n<link rel=\"canonical\" href=\"https:\/\/www.ranciliogroup.com\/it\/rancilio-classe-20-a-napoli-per-la-terza-tappa-lags\/\" \/>\n<meta property=\"og:locale\" content=\"it_IT\" \/>\n<meta property=\"og:type\" content=\"article\" \/>\n<meta property=\"og:title\" content=\"Rancilio Classe 20 a Napoli per la terza tappa LAGS - Rancilio Group\" \/>\n<meta property=\"og:description\" content=\"Con la conclusione delle selezioni di Firenze, il 29 maggio la LAGS Battle si sposta nella vivace e calorosa Napoli per proclamare i migliori artisti di Latte Art che accederanno alla finale di Host Milano 2023.\" \/>\n<meta property=\"og:url\" content=\"https:\/\/www.ranciliogroup.com\/it\/rancilio-classe-20-a-napoli-per-la-terza-tappa-lags\/\" \/>\n<meta property=\"og:site_name\" content=\"Rancilio Group\" \/>\n<meta property=\"article:publisher\" content=\"https:\/\/www.facebook.com\/RancilioGroup\" \/>\n<meta property=\"article:published_time\" content=\"2023-05-03T13:05:39+00:00\" \/>\n<meta property=\"article:modified_time\" content=\"2023-05-05T09:21:25+00:00\" \/>\n<meta property=\"og:image\" content=\"https:\/\/www.ranciliogroup.com\/app\/uploads\/2023\/05\/RancilioGroup-Classe20-LAGS-1.jpg\" \/>\n\t<meta property=\"og:image:width\" content=\"1080\" \/>\n\t<meta property=\"og:image:height\" content=\"720\" \/>\n\t<meta property=\"og:image:type\" content=\"image\/jpeg\" \/>\n<meta name=\"author\" content=\"temp circular\" \/>\n<meta name=\"twitter:card\" content=\"summary_large_image\" \/>\n<meta name=\"twitter:creator\" content=\"@ranciliogroup\" \/>\n<meta name=\"twitter:site\" content=\"@ranciliogroup\" \/>\n<meta name=\"twitter:label1\" content=\"Scritto da\" \/>\n\t<meta name=\"twitter:data1\" content=\"temp circular\" \/>\n\t<meta name=\"twitter:label2\" content=\"Tempo di lettura stimato\" \/>\n\t<meta name=\"twitter:data2\" content=\"1 minuto\" \/>\n<script type=\"application\/ld+json\" class=\"yoast-schema-graph\">{\"@context\":\"https:\/\/schema.org\",\"@graph\":[{\"@type\":\"Article\",\"@id\":\"https:\/\/www.ranciliogroup.com\/it\/rancilio-classe-20-a-napoli-per-la-terza-tappa-lags\/#article\",\"isPartOf\":{\"@id\":\"https:\/\/www.ranciliogroup.com\/it\/rancilio-classe-20-a-napoli-per-la-terza-tappa-lags\/\"},\"author\":{\"name\":\"temp circular\",\"@id\":\"https:\/\/www.ranciliogroup.com\/it\/#\/schema\/person\/d6bf0a7dfe74cded3d64da8b2c92814c\"},\"headline\":\"Rancilio Classe 20 a Napoli per la terza tappa LAGS\",\"datePublished\":\"2023-05-03T13:05:39+00:00\",\"dateModified\":\"2023-05-05T09:21:25+00:00\",\"mainEntityOfPage\":{\"@id\":\"https:\/\/www.ranciliogroup.com\/it\/rancilio-classe-20-a-napoli-per-la-terza-tappa-lags\/\"},\"wordCount\":185,\"publisher\":{\"@id\":\"https:\/\/www.ranciliogroup.com\/it\/#organization\"},\"keywords\":[\"LAGS\",\"Classe 20\",\"Rancilio\"],\"articleSection\":[\"Eventi\"],\"inLanguage\":\"it-IT\"},{\"@type\":\"WebPage\",\"@id\":\"https:\/\/www.ranciliogroup.com\/it\/rancilio-classe-20-a-napoli-per-la-terza-tappa-lags\/\",\"url\":\"https:\/\/www.ranciliogroup.com\/it\/rancilio-classe-20-a-napoli-per-la-terza-tappa-lags\/\",\"name\":\"Rancilio Classe 20 a Napoli per la terza tappa LAGS - Rancilio Group\",\"isPartOf\":{\"@id\":\"https:\/\/www.ranciliogroup.com\/it\/#website\"},\"datePublished\":\"2023-05-03T13:05:39+00:00\",\"dateModified\":\"2023-05-05T09:21:25+00:00\",\"description\":\"Con la conclusione delle selezioni di Firenze, il 29 maggio la LAGS Battle si sposta nella vivace e calorosa Napoli per proclamare i migliori artisti di Latte Art che accederanno alla finale di Host Milano 2023.\",\"breadcrumb\":{\"@id\":\"https:\/\/www.ranciliogroup.com\/it\/rancilio-classe-20-a-napoli-per-la-terza-tappa-lags\/#breadcrumb\"},\"inLanguage\":\"it-IT\",\"potentialAction\":[{\"@type\":\"ReadAction\",\"target\":[\"https:\/\/www.ranciliogroup.com\/it\/rancilio-classe-20-a-napoli-per-la-terza-tappa-lags\/\"]}]},{\"@type\":\"BreadcrumbList\",\"@id\":\"https:\/\/www.ranciliogroup.com\/it\/rancilio-classe-20-a-napoli-per-la-terza-tappa-lags\/#breadcrumb\",\"itemListElement\":[{\"@type\":\"ListItem\",\"position\":1,\"name\":\"Home\",\"item\":\"https:\/\/www.ranciliogroup.com\/it\/\"},{\"@type\":\"ListItem\",\"position\":2,\"name\":\"Rancilio Classe 20 a Napoli per la terza tappa LAGS\"}]},{\"@type\":\"WebSite\",\"@id\":\"https:\/\/www.ranciliogroup.com\/it\/#website\",\"url\":\"https:\/\/www.ranciliogroup.com\/it\/\",\"name\":\"Rancilio Group\",\"description\":\"Leader delle Macchine da Caff\u00e8 Professionali\",\"publisher\":{\"@id\":\"https:\/\/www.ranciliogroup.com\/it\/#organization\"},\"potentialAction\":[{\"@type\":\"SearchAction\",\"target\":{\"@type\":\"EntryPoint\",\"urlTemplate\":\"https:\/\/www.ranciliogroup.com\/it\/?s={search_term_string}\"},\"query-input\":\"required name=search_term_string\"}],\"inLanguage\":\"it-IT\"},{\"@type\":\"Organization\",\"@id\":\"https:\/\/www.ranciliogroup.com\/it\/#organization\",\"name\":\"Rancilio Group\",\"url\":\"https:\/\/www.ranciliogroup.com\/it\/\",\"logo\":{\"@type\":\"ImageObject\",\"inLanguage\":\"it-IT\",\"@id\":\"https:\/\/www.ranciliogroup.com\/it\/#\/schema\/logo\/image\/\",\"url\":\"https:\/\/www.ranciliogroup.com\/app\/uploads\/2019\/07\/rancilio_black_logo.png\",\"contentUrl\":\"https:\/\/www.ranciliogroup.com\/app\/uploads\/2019\/07\/rancilio_black_logo.png\",\"width\":447,\"height\":57,\"caption\":\"Rancilio Group\"},\"image\":{\"@id\":\"https:\/\/www.ranciliogroup.com\/it\/#\/schema\/logo\/image\/\"},\"sameAs\":[\"https:\/\/www.facebook.com\/RancilioGroup\",\"https:\/\/twitter.com\/ranciliogroup\",\"https:\/\/www.instagram.com\/rancilio_official\/\",\"https:\/\/www.linkedin.com\/company\/ranciliogroup\/\",\"https:\/\/www.youtube.com\/user\/rancilioadmin\"]},{\"@type\":\"Person\",\"@id\":\"https:\/\/www.ranciliogroup.com\/it\/#\/schema\/person\/d6bf0a7dfe74cded3d64da8b2c92814c\",\"name\":\"temp circular\",\"image\":{\"@type\":\"ImageObject\",\"inLanguage\":\"it-IT\",\"@id\":\"https:\/\/www.ranciliogroup.com\/it\/#\/schema\/person\/image\/\",\"url\":\"https:\/\/secure.gravatar.com\/avatar\/569e71c3b97b8bcad1854d6579b35c5f?s=96&d=mm&r=g\",\"contentUrl\":\"https:\/\/secure.gravatar.com\/avatar\/569e71c3b97b8bcad1854d6579b35c5f?s=96&d=mm&r=g\",\"caption\":\"temp circular\"}}]}<\/script>\n<!-- \/ Yoast SEO plugin. -->","yoast_head_json":{"title":"Rancilio Classe 20 a Napoli per la terza tappa LAGS - Rancilio Group","description":"Con la conclusione delle selezioni di Firenze, il 29 maggio la LAGS Battle si sposta nella vivace e calorosa Napoli per proclamare i migliori artisti di Latte Art che accederanno alla finale di Host Milano 2023.","robots":{"index":"index","follow":"follow","max-snippet":"max-snippet:-1","max-image-preview":"max-image-preview:large","max-video-preview":"max-video-preview:-1"},"canonical":"https:\/\/www.ranciliogroup.com\/it\/rancilio-classe-20-a-napoli-per-la-terza-tappa-lags\/","og_locale":"it_IT","og_type":"article","og_title":"Rancilio Classe 20 a Napoli per la terza tappa LAGS - Rancilio Group","og_description":"Con la conclusione delle selezioni di Firenze, il 29 maggio la LAGS Battle si sposta nella vivace e calorosa Napoli per proclamare i migliori artisti di Latte Art che accederanno alla finale di Host Milano 2023.","og_url":"https:\/\/www.ranciliogroup.com\/it\/rancilio-classe-20-a-napoli-per-la-terza-tappa-lags\/","og_site_name":"Rancilio Group","article_publisher":"https:\/\/www.facebook.com\/RancilioGroup","article_published_time":"2023-05-03T13:05:39+00:00","article_modified_time":"2023-05-05T09:21:25+00:00","og_image":[{"width":1080,"height":720,"url":"https:\/\/www.ranciliogroup.com\/app\/uploads\/2023\/05\/RancilioGroup-Classe20-LAGS-1.jpg","type":"image\/jpeg"}],"author":"temp circular","twitter_card":"summary_large_image","twitter_creator":"@ranciliogroup","twitter_site":"@ranciliogroup","twitter_misc":{"Scritto da":"temp circular","Tempo di lettura stimato":"1 minuto"},"schema":{"@context":"https:\/\/schema.org","@graph":[{"@type":"Article","@id":"https:\/\/www.ranciliogroup.com\/it\/rancilio-classe-20-a-napoli-per-la-terza-tappa-lags\/#article","isPartOf":{"@id":"https:\/\/www.ranciliogroup.com\/it\/rancilio-classe-20-a-napoli-per-la-terza-tappa-lags\/"},"author":{"name":"temp circular","@id":"https:\/\/www.ranciliogroup.com\/it\/#\/schema\/person\/d6bf0a7dfe74cded3d64da8b2c92814c"},"headline":"Rancilio Classe 20 a Napoli per la terza tappa LAGS","datePublished":"2023-05-03T13:05:39+00:00","dateModified":"2023-05-05T09:21:25+00:00","mainEntityOfPage":{"@id":"https:\/\/www.ranciliogroup.com\/it\/rancilio-classe-20-a-napoli-per-la-terza-tappa-lags\/"},"wordCount":185,"publisher":{"@id":"https:\/\/www.ranciliogroup.com\/it\/#organization"},"keywords":["LAGS","Classe 20","Rancilio"],"articleSection":["Eventi"],"inLanguage":"it-IT"},{"@type":"WebPage","@id":"https:\/\/www.ranciliogroup.com\/it\/rancilio-classe-20-a-napoli-per-la-terza-tappa-lags\/","url":"https:\/\/www.ranciliogroup.com\/it\/rancilio-classe-20-a-napoli-per-la-terza-tappa-lags\/","name":"Rancilio Classe 20 a Napoli per la terza tappa LAGS - Rancilio Group","isPartOf":{"@id":"https:\/\/www.ranciliogroup.com\/it\/#website"},"datePublished":"2023-05-03T13:05:39+00:00","dateModified":"2023-05-05T09:21:25+00:00","description":"Con la conclusione delle selezioni di Firenze, il 29 maggio la LAGS Battle si sposta nella vivace e calorosa Napoli per proclamare i migliori artisti di Latte Art che accederanno alla finale di Host Milano 2023.","breadcrumb":{"@id":"https:\/\/www.ranciliogroup.com\/it\/rancilio-classe-20-a-napoli-per-la-terza-tappa-lags\/#breadcrumb"},"inLanguage":"it-IT","potentialAction":[{"@type":"ReadAction","target":["https:\/\/www.ranciliogroup.com\/it\/rancilio-classe-20-a-napoli-per-la-terza-tappa-lags\/"]}]},{"@type":"BreadcrumbList","@id":"https:\/\/www.ranciliogroup.com\/it\/rancilio-classe-20-a-napoli-per-la-terza-tappa-lags\/#breadcrumb","itemListElement":[{"@type":"ListItem","position":1,"name":"Home","item":"https:\/\/www.ranciliogroup.com\/it\/"},{"@type":"ListItem","position":2,"name":"Rancilio Classe 20 a Napoli per la terza tappa LAGS"}]},{"@type":"WebSite","@id":"https:\/\/www.ranciliogroup.com\/it\/#website","url":"https:\/\/www.ranciliogroup.com\/it\/","name":"Rancilio Group","description":"Leader delle Macchine da Caff\u00e8 Professionali","publisher":{"@id":"https:\/\/www.ranciliogroup.com\/it\/#organization"},"potentialAction":[{"@type":"SearchAction","target":{"@type":"EntryPoint","urlTemplate":"https:\/\/www.ranciliogroup.com\/it\/?s={search_term_string}"},"query-input":"required name=search_term_string"}],"inLanguage":"it-IT"},{"@type":"Organization","@id":"https:\/\/www.ranciliogroup.com\/it\/#organization","name":"Rancilio Group","url":"https:\/\/www.ranciliogroup.com\/it\/","logo":{"@type":"ImageObject","inLanguage":"it-IT","@id":"https:\/\/www.ranciliogroup.com\/it\/#\/schema\/logo\/image\/","url":"https:\/\/www.ranciliogroup.com\/app\/uploads\/2019\/07\/rancilio_black_logo.png","contentUrl":"https:\/\/www.ranciliogroup.com\/app\/uploads\/2019\/07\/rancilio_black_logo.png","width":447,"height":57,"caption":"Rancilio Group"},"image":{"@id":"https:\/\/www.ranciliogroup.com\/it\/#\/schema\/logo\/image\/"},"sameAs":["https:\/\/www.facebook.com\/RancilioGroup","https:\/\/twitter.com\/ranciliogroup","https:\/\/www.instagram.com\/rancilio_official\/","https:\/\/www.linkedin.com\/company\/ranciliogroup\/","https:\/\/www.youtube.com\/user\/rancilioadmin"]},{"@type":"Person","@id":"https:\/\/www.ranciliogroup.com\/it\/#\/schema\/person\/d6bf0a7dfe74cded3d64da8b2c92814c","name":"temp circular","image":{"@type":"ImageObject","inLanguage":"it-IT","@id":"https:\/\/www.ranciliogroup.com\/it\/#\/schema\/person\/image\/","url":"https:\/\/secure.gravatar.com\/avatar\/569e71c3b97b8bcad1854d6579b35c5f?s=96&d=mm&r=g","contentUrl":"https:\/\/secure.gravatar.com\/avatar\/569e71c3b97b8bcad1854d6579b35c5f?s=96&d=mm&r=g","caption":"temp circular"}}]}},"_links":{"self":[{"href":"https:\/\/www.ranciliogroup.com\/it\/wp-json\/wp\/v2\/posts\/66424"}],"collection":[{"href":"https:\/\/www.ranciliogroup.com\/it\/wp-json\/wp\/v2\/posts"}],"about":[{"href":"https:\/\/www.ranciliogroup.com\/it\/wp-json\/wp\/v2\/types\/post"}],"author":[{"embeddable":true,"href":"https:\/\/www.ranciliogroup.com\/it\/wp-json\/wp\/v2\/users\/5"}],"replies":[{"embeddable":true,"href":"https:\/\/www.ranciliogroup.com\/it\/wp-json\/wp\/v2\/comments?post=66424"}],"version-history":[{"count":1,"href":"https:\/\/www.ranciliogroup.com\/it\/wp-json\/wp\/v2\/posts\/66424\/revisions"}],"predecessor-version":[{"id":66432,"href":"https:\/\/www.ranciliogroup.com\/it\/wp-json\/wp\/v2\/posts\/66424\/revisions\/66432"}],"wp:featuredmedia":[{"embeddable":true,"href":"https:\/\/www.ranciliogroup.com\/it\/wp-json\/wp\/v2\/media\/66425"}],"wp:attachment":[{"href":"https:\/\/www.ranciliogroup.com\/it\/wp-json\/wp\/v2\/media?parent=66424"}],"wp:term":[{"taxonomy":"category","embeddable":true,"href":"https:\/\/www.ranciliogroup.com\/it\/wp-json\/wp\/v2\/categories?post=66424"},{"taxonomy":"post_tag","embeddable":true,"href":"https:\/\/www.ranciliogroup.com\/it\/wp-json\/wp\/v2\/tags?post=66424"}],"curies":[{"name":"wp","href":"https:\/\/api.w.org\/{rel}","templated":true}]}}