{"id":68487,"date":"2023-06-06T11:57:10","date_gmt":"2023-06-06T09:57:10","guid":{"rendered":"https:\/\/www.ranciliogroup.com\/?p=68487"},"modified":"2023-06-06T11:57:10","modified_gmt":"2023-06-06T09:57:10","slug":"rancilio-group-al-world-of-coffee-di-atene-2023","status":"publish","type":"post","link":"https:\/\/www.ranciliogroup.com\/it\/rancilio-group-al-world-of-coffee-di-atene-2023\/","title":{"rendered":"Rancilio Group al World of Coffee di Atene 2023"},"content":{"rendered":"<p>Dal 22 al 24 giugno Rancilio Group si dirige verso la fiorente metropoli di Atene per unirsi alla vibrante scena del caff\u00e8 in Grecia per il tanto atteso World of Coffee 2023.<\/p>\n<p>Nella culla della civilt\u00e0 occidentale, Rancilio Group accoglie tutti i professionisti e gli appassionati di caff\u00e8 specialty a questo evento organizzato dalla Specialty Coffee Association.<\/p>\n<p>Rancilio Specialty RS1 e Invicta sono pronte a rubare la scena con un nuovo abito disegnato appositamente per onorare l&#8217;iconica bandiera della Grecia e la sua magnifica capitale. Come parte del team Rancilio Group per questo evento, Andrea Guerra &#8211; master trainer dell&#8217;Accademia Baristi la Tosteria di Firenze e istruttore autorizzato SCA &#8211; presenter\u00e0 la tecnologia di estrazione RS1 e Advanced Temperature Profiling per offrire ai visitatori dello stand degustazioni speciali.<\/p>\n<p>Per tutti gli appassionati di Rancilio Home Line, una propizia versione blu della macchina espresso a doppia caldaia Silvia Pro X lavorer\u00e0 fianco a fianco con il nuovo macinadosatore domestico ultracompatto Stile.<\/p>\n<p>Saranno presenti anche Egro Next NMS+ ed Egro Touch Coffee per preparare una selezione di bevande di alta qualit\u00e0 per tutti i partecipanti interessati al mondo delle macchine da caff\u00e8 superautomatiche. Con il suo innovativo sistema latte NMS+, Next offre un&#8217;ampia gamma di bevande a base di caff\u00e8, latte e solubili; mentre Egro Touch Coffee \u00e8 la scelta naturale per tutti gli intenditori di caff\u00e8 filtro.<\/p>\n<p>Tra competizioni, conferenze, dimostrazioni dal vivo e workshop dedicati alla qualit\u00e0, alla sostenibilit\u00e0 e all&#8217;equit\u00e0 nell&#8217;industria del caff\u00e8 specialty, i visitatori possono vivere tre giorni interi di immersione nella dinamica scena del caff\u00e8 specialty.<\/p>\n<p>&nbsp;<\/p>\n<p><strong>World of Coffee Athens \/ Rancilio Group<\/strong><br \/>\n22-24 giugno 2023<br \/>\nDalle 10:00 alle 17:00<br \/>\nStand 3-F24<br \/>\n<a href=\"https:\/\/www.google.com\/maps\/place\/Metropolitan+Expo\/@37.9534414,23.9585232,15z\/data=!4m6!3m5!1s0x14a1901bb4ad1373:0x6774dd64b0abd049!8m2!3d37.9534414!4d23.9585232!16s%2Fg%2F1td3_4wr\">Expo Metropolitana di Atene<\/a><br \/>\nAeroporto Internazionale di Atene &#8220;El. Venizelos&#8221;<br \/>\nSpata 190 19, Grecia<\/p>\n<p>&nbsp;<\/p>\n<p><a href=\"https:\/\/www.linkedin.com\/company\/ranciliogroup\/posts\/\"><strong>Segui l&#8217;evento su Linkedin<\/strong><\/a><\/p>\n<p>&nbsp;<\/p>\n<p><strong>Scopri l&#8217;evento<\/strong><br \/>\n<a href=\"https:\/\/www.worldofcoffee.org\/\">https:\/\/www.worldofcoffee.org\/<\/a><\/p>\n<p>&nbsp;<\/p>\n","protected":false},"excerpt":{"rendered":"<p>Dal 22 al 24 giugno Rancilio Group si dirige verso la fiorente metropoli di Atene per unirsi alla vibrante scena&#8230;<\/p>\n","protected":false},"author":5,"featured_media":68474,"comment_status":"closed","ping_status":"closed","sticky":false,"template":"","format":"standard","meta":[],"categories":[465],"tags":[3030,3031,2917,2782,2727,2729,2645,2646,2618,2587],"acf":[],"yoast_head":"<!-- This site is optimized with the Yoast SEO plugin v21.5 - https:\/\/yoast.com\/wordpress\/plugins\/seo\/ -->\n<title>Latest update about Rancilio Group al World of Coffee di Atene 2023 - Rancilio Group<\/title>\n<meta name=\"description\" content=\"Read Rancilio Group&#039;s latest news about Rancilio Group al World of Coffee di Atene 2023\" \/>\n<meta name=\"robots\" content=\"index, follow, max-snippet:-1, max-image-preview:large, max-video-preview:-1\" \/>\n<link rel=\"canonical\" href=\"https:\/\/www.ranciliogroup.com\/it\/rancilio-group-al-world-of-coffee-di-atene-2023\/\" \/>\n<meta property=\"og:locale\" content=\"it_IT\" \/>\n<meta property=\"og:type\" content=\"article\" \/>\n<meta property=\"og:title\" content=\"Latest update about Rancilio Group al World of Coffee di Atene 2023 - Rancilio Group\" \/>\n<meta property=\"og:description\" content=\"Read Rancilio Group&#039;s latest news about Rancilio Group al World of Coffee di Atene 2023\" \/>\n<meta property=\"og:url\" content=\"https:\/\/www.ranciliogroup.com\/it\/rancilio-group-al-world-of-coffee-di-atene-2023\/\" \/>\n<meta property=\"og:site_name\" content=\"Rancilio Group\" \/>\n<meta property=\"article:publisher\" content=\"https:\/\/www.facebook.com\/RancilioGroup\" \/>\n<meta property=\"article:published_time\" content=\"2023-06-06T09:57:10+00:00\" \/>\n<meta property=\"og:image\" content=\"https:\/\/www.ranciliogroup.com\/app\/uploads\/2023\/06\/WOC-Athens-2023.jpg\" \/>\n\t<meta property=\"og:image:width\" content=\"1080\" \/>\n\t<meta property=\"og:image:height\" content=\"810\" \/>\n\t<meta property=\"og:image:type\" content=\"image\/jpeg\" \/>\n<meta name=\"author\" content=\"temp circular\" \/>\n<meta name=\"twitter:card\" content=\"summary_large_image\" \/>\n<meta name=\"twitter:creator\" content=\"@ranciliogroup\" \/>\n<meta name=\"twitter:site\" content=\"@ranciliogroup\" \/>\n<meta name=\"twitter:label1\" content=\"Scritto da\" \/>\n\t<meta name=\"twitter:data1\" content=\"temp circular\" \/>\n\t<meta name=\"twitter:label2\" content=\"Tempo di lettura stimato\" \/>\n\t<meta name=\"twitter:data2\" content=\"2 minuti\" \/>\n<script type=\"application\/ld+json\" class=\"yoast-schema-graph\">{\"@context\":\"https:\/\/schema.org\",\"@graph\":[{\"@type\":\"Article\",\"@id\":\"https:\/\/www.ranciliogroup.com\/it\/rancilio-group-al-world-of-coffee-di-atene-2023\/#article\",\"isPartOf\":{\"@id\":\"https:\/\/www.ranciliogroup.com\/it\/rancilio-group-al-world-of-coffee-di-atene-2023\/\"},\"author\":{\"name\":\"temp circular\",\"@id\":\"https:\/\/www.ranciliogroup.com\/it\/#\/schema\/person\/d6bf0a7dfe74cded3d64da8b2c92814c\"},\"headline\":\"Rancilio Group al World of Coffee di Atene 2023\",\"datePublished\":\"2023-06-06T09:57:10+00:00\",\"dateModified\":\"2023-06-06T09:57:10+00:00\",\"mainEntityOfPage\":{\"@id\":\"https:\/\/www.ranciliogroup.com\/it\/rancilio-group-al-world-of-coffee-di-atene-2023\/\"},\"wordCount\":302,\"publisher\":{\"@id\":\"https:\/\/www.ranciliogroup.com\/it\/#organization\"},\"keywords\":[\"Athens\",\"SCA\",\"Touch Coffee\",\"Stile\",\"WOC\",\"Silvia Pro X\",\"Next\",\"NMS+\",\"Invicta\",\"RS1\"],\"articleSection\":[\"Eventi\"],\"inLanguage\":\"it-IT\"},{\"@type\":\"WebPage\",\"@id\":\"https:\/\/www.ranciliogroup.com\/it\/rancilio-group-al-world-of-coffee-di-atene-2023\/\",\"url\":\"https:\/\/www.ranciliogroup.com\/it\/rancilio-group-al-world-of-coffee-di-atene-2023\/\",\"name\":\"Latest update about Rancilio Group al World of Coffee di Atene 2023 - Rancilio Group\",\"isPartOf\":{\"@id\":\"https:\/\/www.ranciliogroup.com\/it\/#website\"},\"datePublished\":\"2023-06-06T09:57:10+00:00\",\"dateModified\":\"2023-06-06T09:57:10+00:00\",\"description\":\"Read Rancilio Group's latest news about Rancilio Group al World of Coffee di Atene 2023\",\"breadcrumb\":{\"@id\":\"https:\/\/www.ranciliogroup.com\/it\/rancilio-group-al-world-of-coffee-di-atene-2023\/#breadcrumb\"},\"inLanguage\":\"it-IT\",\"potentialAction\":[{\"@type\":\"ReadAction\",\"target\":[\"https:\/\/www.ranciliogroup.com\/it\/rancilio-group-al-world-of-coffee-di-atene-2023\/\"]}]},{\"@type\":\"BreadcrumbList\",\"@id\":\"https:\/\/www.ranciliogroup.com\/it\/rancilio-group-al-world-of-coffee-di-atene-2023\/#breadcrumb\",\"itemListElement\":[{\"@type\":\"ListItem\",\"position\":1,\"name\":\"Home\",\"item\":\"https:\/\/www.ranciliogroup.com\/it\/\"},{\"@type\":\"ListItem\",\"position\":2,\"name\":\"Rancilio Group al World of Coffee di Atene 2023\"}]},{\"@type\":\"WebSite\",\"@id\":\"https:\/\/www.ranciliogroup.com\/it\/#website\",\"url\":\"https:\/\/www.ranciliogroup.com\/it\/\",\"name\":\"Rancilio Group\",\"description\":\"Leader delle Macchine da Caff\u00e8 Professionali\",\"publisher\":{\"@id\":\"https:\/\/www.ranciliogroup.com\/it\/#organization\"},\"potentialAction\":[{\"@type\":\"SearchAction\",\"target\":{\"@type\":\"EntryPoint\",\"urlTemplate\":\"https:\/\/www.ranciliogroup.com\/it\/?s={search_term_string}\"},\"query-input\":\"required name=search_term_string\"}],\"inLanguage\":\"it-IT\"},{\"@type\":\"Organization\",\"@id\":\"https:\/\/www.ranciliogroup.com\/it\/#organization\",\"name\":\"Rancilio Group\",\"url\":\"https:\/\/www.ranciliogroup.com\/it\/\",\"logo\":{\"@type\":\"ImageObject\",\"inLanguage\":\"it-IT\",\"@id\":\"https:\/\/www.ranciliogroup.com\/it\/#\/schema\/logo\/image\/\",\"url\":\"https:\/\/www.ranciliogroup.com\/app\/uploads\/2019\/07\/rancilio_black_logo.png\",\"contentUrl\":\"https:\/\/www.ranciliogroup.com\/app\/uploads\/2019\/07\/rancilio_black_logo.png\",\"width\":447,\"height\":57,\"caption\":\"Rancilio Group\"},\"image\":{\"@id\":\"https:\/\/www.ranciliogroup.com\/it\/#\/schema\/logo\/image\/\"},\"sameAs\":[\"https:\/\/www.facebook.com\/RancilioGroup\",\"https:\/\/twitter.com\/ranciliogroup\",\"https:\/\/www.instagram.com\/rancilio_official\/\",\"https:\/\/www.linkedin.com\/company\/ranciliogroup\/\",\"https:\/\/www.youtube.com\/user\/rancilioadmin\"]},{\"@type\":\"Person\",\"@id\":\"https:\/\/www.ranciliogroup.com\/it\/#\/schema\/person\/d6bf0a7dfe74cded3d64da8b2c92814c\",\"name\":\"temp circular\",\"image\":{\"@type\":\"ImageObject\",\"inLanguage\":\"it-IT\",\"@id\":\"https:\/\/www.ranciliogroup.com\/it\/#\/schema\/person\/image\/\",\"url\":\"https:\/\/secure.gravatar.com\/avatar\/569e71c3b97b8bcad1854d6579b35c5f?s=96&d=mm&r=g\",\"contentUrl\":\"https:\/\/secure.gravatar.com\/avatar\/569e71c3b97b8bcad1854d6579b35c5f?s=96&d=mm&r=g\",\"caption\":\"temp circular\"}}]}<\/script>\n<!-- \/ Yoast SEO plugin. -->","yoast_head_json":{"title":"Latest update about Rancilio Group al World of Coffee di Atene 2023 - Rancilio Group","description":"Read Rancilio Group's latest news about Rancilio Group al World of Coffee di Atene 2023","robots":{"index":"index","follow":"follow","max-snippet":"max-snippet:-1","max-image-preview":"max-image-preview:large","max-video-preview":"max-video-preview:-1"},"canonical":"https:\/\/www.ranciliogroup.com\/it\/rancilio-group-al-world-of-coffee-di-atene-2023\/","og_locale":"it_IT","og_type":"article","og_title":"Latest update about Rancilio Group al World of Coffee di Atene 2023 - Rancilio Group","og_description":"Read Rancilio Group's latest news about Rancilio Group al World of Coffee di Atene 2023","og_url":"https:\/\/www.ranciliogroup.com\/it\/rancilio-group-al-world-of-coffee-di-atene-2023\/","og_site_name":"Rancilio Group","article_publisher":"https:\/\/www.facebook.com\/RancilioGroup","article_published_time":"2023-06-06T09:57:10+00:00","og_image":[{"width":1080,"height":810,"url":"https:\/\/www.ranciliogroup.com\/app\/uploads\/2023\/06\/WOC-Athens-2023.jpg","type":"image\/jpeg"}],"author":"temp circular","twitter_card":"summary_large_image","twitter_creator":"@ranciliogroup","twitter_site":"@ranciliogroup","twitter_misc":{"Scritto da":"temp circular","Tempo di lettura stimato":"2 minuti"},"schema":{"@context":"https:\/\/schema.org","@graph":[{"@type":"Article","@id":"https:\/\/www.ranciliogroup.com\/it\/rancilio-group-al-world-of-coffee-di-atene-2023\/#article","isPartOf":{"@id":"https:\/\/www.ranciliogroup.com\/it\/rancilio-group-al-world-of-coffee-di-atene-2023\/"},"author":{"name":"temp circular","@id":"https:\/\/www.ranciliogroup.com\/it\/#\/schema\/person\/d6bf0a7dfe74cded3d64da8b2c92814c"},"headline":"Rancilio Group al World of Coffee di Atene 2023","datePublished":"2023-06-06T09:57:10+00:00","dateModified":"2023-06-06T09:57:10+00:00","mainEntityOfPage":{"@id":"https:\/\/www.ranciliogroup.com\/it\/rancilio-group-al-world-of-coffee-di-atene-2023\/"},"wordCount":302,"publisher":{"@id":"https:\/\/www.ranciliogroup.com\/it\/#organization"},"keywords":["Athens","SCA","Touch Coffee","Stile","WOC","Silvia Pro X","Next","NMS+","Invicta","RS1"],"articleSection":["Eventi"],"inLanguage":"it-IT"},{"@type":"WebPage","@id":"https:\/\/www.ranciliogroup.com\/it\/rancilio-group-al-world-of-coffee-di-atene-2023\/","url":"https:\/\/www.ranciliogroup.com\/it\/rancilio-group-al-world-of-coffee-di-atene-2023\/","name":"Latest update about Rancilio Group al World of Coffee di Atene 2023 - Rancilio Group","isPartOf":{"@id":"https:\/\/www.ranciliogroup.com\/it\/#website"},"datePublished":"2023-06-06T09:57:10+00:00","dateModified":"2023-06-06T09:57:10+00:00","description":"Read Rancilio Group's latest news about Rancilio Group al World of Coffee di Atene 2023","breadcrumb":{"@id":"https:\/\/www.ranciliogroup.com\/it\/rancilio-group-al-world-of-coffee-di-atene-2023\/#breadcrumb"},"inLanguage":"it-IT","potentialAction":[{"@type":"ReadAction","target":["https:\/\/www.ranciliogroup.com\/it\/rancilio-group-al-world-of-coffee-di-atene-2023\/"]}]},{"@type":"BreadcrumbList","@id":"https:\/\/www.ranciliogroup.com\/it\/rancilio-group-al-world-of-coffee-di-atene-2023\/#breadcrumb","itemListElement":[{"@type":"ListItem","position":1,"name":"Home","item":"https:\/\/www.ranciliogroup.com\/it\/"},{"@type":"ListItem","position":2,"name":"Rancilio Group al World of Coffee di Atene 2023"}]},{"@type":"WebSite","@id":"https:\/\/www.ranciliogroup.com\/it\/#website","url":"https:\/\/www.ranciliogroup.com\/it\/","name":"Rancilio Group","description":"Leader delle Macchine da Caff\u00e8 Professionali","publisher":{"@id":"https:\/\/www.ranciliogroup.com\/it\/#organization"},"potentialAction":[{"@type":"SearchAction","target":{"@type":"EntryPoint","urlTemplate":"https:\/\/www.ranciliogroup.com\/it\/?s={search_term_string}"},"query-input":"required name=search_term_string"}],"inLanguage":"it-IT"},{"@type":"Organization","@id":"https:\/\/www.ranciliogroup.com\/it\/#organization","name":"Rancilio Group","url":"https:\/\/www.ranciliogroup.com\/it\/","logo":{"@type":"ImageObject","inLanguage":"it-IT","@id":"https:\/\/www.ranciliogroup.com\/it\/#\/schema\/logo\/image\/","url":"https:\/\/www.ranciliogroup.com\/app\/uploads\/2019\/07\/rancilio_black_logo.png","contentUrl":"https:\/\/www.ranciliogroup.com\/app\/uploads\/2019\/07\/rancilio_black_logo.png","width":447,"height":57,"caption":"Rancilio Group"},"image":{"@id":"https:\/\/www.ranciliogroup.com\/it\/#\/schema\/logo\/image\/"},"sameAs":["https:\/\/www.facebook.com\/RancilioGroup","https:\/\/twitter.com\/ranciliogroup","https:\/\/www.instagram.com\/rancilio_official\/","https:\/\/www.linkedin.com\/company\/ranciliogroup\/","https:\/\/www.youtube.com\/user\/rancilioadmin"]},{"@type":"Person","@id":"https:\/\/www.ranciliogroup.com\/it\/#\/schema\/person\/d6bf0a7dfe74cded3d64da8b2c92814c","name":"temp circular","image":{"@type":"ImageObject","inLanguage":"it-IT","@id":"https:\/\/www.ranciliogroup.com\/it\/#\/schema\/person\/image\/","url":"https:\/\/secure.gravatar.com\/avatar\/569e71c3b97b8bcad1854d6579b35c5f?s=96&d=mm&r=g","contentUrl":"https:\/\/secure.gravatar.com\/avatar\/569e71c3b97b8bcad1854d6579b35c5f?s=96&d=mm&r=g","caption":"temp circular"}}]}},"_links":{"self":[{"href":"https:\/\/www.ranciliogroup.com\/it\/wp-json\/wp\/v2\/posts\/68487"}],"collection":[{"href":"https:\/\/www.ranciliogroup.com\/it\/wp-json\/wp\/v2\/posts"}],"about":[{"href":"https:\/\/www.ranciliogroup.com\/it\/wp-json\/wp\/v2\/types\/post"}],"author":[{"embeddable":true,"href":"https:\/\/www.ranciliogroup.com\/it\/wp-json\/wp\/v2\/users\/5"}],"replies":[{"embeddable":true,"href":"https:\/\/www.ranciliogroup.com\/it\/wp-json\/wp\/v2\/comments?post=68487"}],"version-history":[{"count":1,"href":"https:\/\/www.ranciliogroup.com\/it\/wp-json\/wp\/v2\/posts\/68487\/revisions"}],"predecessor-version":[{"id":68488,"href":"https:\/\/www.ranciliogroup.com\/it\/wp-json\/wp\/v2\/posts\/68487\/revisions\/68488"}],"wp:featuredmedia":[{"embeddable":true,"href":"https:\/\/www.ranciliogroup.com\/it\/wp-json\/wp\/v2\/media\/68474"}],"wp:attachment":[{"href":"https:\/\/www.ranciliogroup.com\/it\/wp-json\/wp\/v2\/media?parent=68487"}],"wp:term":[{"taxonomy":"category","embeddable":true,"href":"https:\/\/www.ranciliogroup.com\/it\/wp-json\/wp\/v2\/categories?post=68487"},{"taxonomy":"post_tag","embeddable":true,"href":"https:\/\/www.ranciliogroup.com\/it\/wp-json\/wp\/v2\/tags?post=68487"}],"curies":[{"name":"wp","href":"https:\/\/api.w.org\/{rel}","templated":true}]}}