{"id":69979,"date":"2023-08-28T17:11:10","date_gmt":"2023-08-28T15:11:10","guid":{"rendered":"https:\/\/www.ranciliogroup.com\/?p=69979"},"modified":"2023-08-28T17:22:51","modified_gmt":"2023-08-28T15:22:51","slug":"rancilio-specialty-a-melbourne-si-prepara-per-la-prossima-competizione-di-barista-league","status":"publish","type":"post","link":"https:\/\/www.ranciliogroup.com\/it\/rancilio-specialty-a-melbourne-si-prepara-per-la-prossima-competizione-di-barista-league\/","title":{"rendered":"Rancilio Specialty a Melbourne si prepara per la prossima competizione di Barista League"},"content":{"rendered":"<p>Il 22 settembre, Rancilio Specialty si allea nuovamente con Barista League per ospitare una serie di sfide sfrenate nella vibrante e cosmopolita citt\u00e0 di Melbourne, in Australia.<\/p>\n<p>In qualit\u00e0 di sponsor ufficiale dell&#8217;evento, Rancilio Specialty presenter\u00e0 la sua macchina da caff\u00e8 multi-boiler RS1, dotata di un&#8217;avanzata tecnologia di pre-infusione ed estrazione del caff\u00e8, fornendo un supporto fondamentale agli audaci partecipanti nella loro conquista della vittoria.<\/p>\n<p>Una giuria di sei stimati esperti di caff\u00e8 valuter\u00e0 le performance dei baristi, valutando le loro conoscenze, l&#8217;esecuzione e la creativit\u00e0 nel creare esperienze di caff\u00e8 eccezionali.<\/p>\n<p>L&#8217;evento si svolger\u00e0 nell&#8217;ambiente industriale e alla moda di Aunty Peg&#8217;s &#8211; Proud Mary Coffee, offrendo agli ospiti un&#8217;esperienza incredibile con musica fantastica, cibo gustoso e caff\u00e8 squisiti provenienti dalle migliori torrefazioni locali dell&#8217;area di Melbourne.<\/p>\n<p>I biglietti sono in vendita su <a href=\"https:\/\/www.tickettailor.com\/events\/thebaristaleague\/822531\">tickettailor.com<\/a><\/p>\n<p>&nbsp;<\/p>\n<p>&nbsp;<\/p>\n<p>&nbsp;<\/p>\n<p><strong>Barista League Melbourne<\/strong><br \/>\nVenerd\u00ec 22 settembre 2023<br \/>\nDalle 18.00 alle 23.00<br \/>\n<a href=\"https:\/\/www.google.com\/maps\/place\/Aunty+Peg's\/@-37.802809,144.987005,16z\/data=!4m6!3m5!1s0x6ad642e1c595cd39:0xc128396c750f78ec!8m2!3d-37.8028093!4d144.9870052!16s%2Fg%2F11b6qjf6k1?hl=en-US&amp;entry=ttu\">Proud Mary Coffee Roasters<\/a><br \/>\n200 Wellington St<br \/>\nCollingwood, VIC, 3066, Australia<\/p>\n<p>&nbsp;<\/p>\n<p><strong>Segui l&#8217;evento sulla nostra pagina ufficiale di Instagram<\/strong><br \/>\n@ranciliospecialty #ranciliospecialty<\/p>\n<p>&nbsp;<\/p>\n<p><a href=\"https:\/\/www.ranciliogroup.com\/it\/specialty\/RS1\/\"><strong>Scopri di pi\u00f9 su Rancilio Specialty RS1<\/strong><\/a><\/p>\n<p>&nbsp;<\/p>\n","protected":false},"excerpt":{"rendered":"<p>Il 22 settembre, Rancilio Specialty si allea nuovamente con Barista League per ospitare una serie di sfide sfrenate nella vibrante&#8230;<\/p>\n","protected":false},"author":5,"featured_media":69956,"comment_status":"closed","ping_status":"closed","sticky":false,"template":"","format":"standard","meta":[],"categories":[465],"tags":[3126,2587,2528,2530],"acf":[],"yoast_head":"<!-- This site is optimized with the Yoast SEO plugin v21.5 - https:\/\/yoast.com\/wordpress\/plugins\/seo\/ -->\n<title>Latest update about Rancilio Specialty a Melbourne si prepara per la prossima competizione di Barista League - Rancilio Group<\/title>\n<meta name=\"description\" content=\"Read Rancilio Group&#039;s latest news about Rancilio Specialty a Melbourne si prepara per la prossima competizione di Barista League\" \/>\n<meta name=\"robots\" content=\"index, follow, max-snippet:-1, max-image-preview:large, max-video-preview:-1\" \/>\n<link rel=\"canonical\" href=\"https:\/\/www.ranciliogroup.com\/it\/rancilio-specialty-a-melbourne-si-prepara-per-la-prossima-competizione-di-barista-league\/\" \/>\n<meta property=\"og:locale\" content=\"it_IT\" \/>\n<meta property=\"og:type\" content=\"article\" \/>\n<meta property=\"og:title\" content=\"Latest update about Rancilio Specialty a Melbourne si prepara per la prossima competizione di Barista League - Rancilio Group\" \/>\n<meta property=\"og:description\" content=\"Read Rancilio Group&#039;s latest news about Rancilio Specialty a Melbourne si prepara per la prossima competizione di Barista League\" \/>\n<meta property=\"og:url\" content=\"https:\/\/www.ranciliogroup.com\/it\/rancilio-specialty-a-melbourne-si-prepara-per-la-prossima-competizione-di-barista-league\/\" \/>\n<meta property=\"og:site_name\" content=\"Rancilio Group\" \/>\n<meta property=\"article:publisher\" content=\"https:\/\/www.facebook.com\/RancilioGroup\" \/>\n<meta property=\"article:published_time\" content=\"2023-08-28T15:11:10+00:00\" \/>\n<meta property=\"article:modified_time\" content=\"2023-08-28T15:22:51+00:00\" \/>\n<meta property=\"og:image\" content=\"https:\/\/www.ranciliogroup.com\/app\/uploads\/2023\/08\/the-barista-league-2023-melbourne-Rancilio-Specialty.jpg\" \/>\n\t<meta property=\"og:image:width\" content=\"1080\" \/>\n\t<meta property=\"og:image:height\" content=\"720\" \/>\n\t<meta property=\"og:image:type\" content=\"image\/jpeg\" \/>\n<meta name=\"author\" content=\"temp circular\" \/>\n<meta name=\"twitter:card\" content=\"summary_large_image\" \/>\n<meta name=\"twitter:creator\" content=\"@ranciliogroup\" \/>\n<meta name=\"twitter:site\" content=\"@ranciliogroup\" \/>\n<meta name=\"twitter:label1\" content=\"Scritto da\" \/>\n\t<meta name=\"twitter:data1\" content=\"temp circular\" \/>\n\t<meta name=\"twitter:label2\" content=\"Tempo di lettura stimato\" \/>\n\t<meta name=\"twitter:data2\" content=\"1 minuto\" \/>\n<script type=\"application\/ld+json\" class=\"yoast-schema-graph\">{\"@context\":\"https:\/\/schema.org\",\"@graph\":[{\"@type\":\"Article\",\"@id\":\"https:\/\/www.ranciliogroup.com\/it\/rancilio-specialty-a-melbourne-si-prepara-per-la-prossima-competizione-di-barista-league\/#article\",\"isPartOf\":{\"@id\":\"https:\/\/www.ranciliogroup.com\/it\/rancilio-specialty-a-melbourne-si-prepara-per-la-prossima-competizione-di-barista-league\/\"},\"author\":{\"name\":\"temp circular\",\"@id\":\"https:\/\/www.ranciliogroup.com\/it\/#\/schema\/person\/d6bf0a7dfe74cded3d64da8b2c92814c\"},\"headline\":\"Rancilio Specialty a Melbourne si prepara per la prossima competizione di Barista League\",\"datePublished\":\"2023-08-28T15:11:10+00:00\",\"dateModified\":\"2023-08-28T15:22:51+00:00\",\"mainEntityOfPage\":{\"@id\":\"https:\/\/www.ranciliogroup.com\/it\/rancilio-specialty-a-melbourne-si-prepara-per-la-prossima-competizione-di-barista-league\/\"},\"wordCount\":187,\"publisher\":{\"@id\":\"https:\/\/www.ranciliogroup.com\/it\/#organization\"},\"keywords\":[\"Melbourne\",\"RS1\",\"Rancilio Specialty\",\"Barista League\"],\"articleSection\":[\"Eventi\"],\"inLanguage\":\"it-IT\"},{\"@type\":\"WebPage\",\"@id\":\"https:\/\/www.ranciliogroup.com\/it\/rancilio-specialty-a-melbourne-si-prepara-per-la-prossima-competizione-di-barista-league\/\",\"url\":\"https:\/\/www.ranciliogroup.com\/it\/rancilio-specialty-a-melbourne-si-prepara-per-la-prossima-competizione-di-barista-league\/\",\"name\":\"Latest update about Rancilio Specialty a Melbourne si prepara per la prossima competizione di Barista League - Rancilio Group\",\"isPartOf\":{\"@id\":\"https:\/\/www.ranciliogroup.com\/it\/#website\"},\"datePublished\":\"2023-08-28T15:11:10+00:00\",\"dateModified\":\"2023-08-28T15:22:51+00:00\",\"description\":\"Read Rancilio Group's latest news about Rancilio Specialty a Melbourne si prepara per la prossima competizione di Barista League\",\"breadcrumb\":{\"@id\":\"https:\/\/www.ranciliogroup.com\/it\/rancilio-specialty-a-melbourne-si-prepara-per-la-prossima-competizione-di-barista-league\/#breadcrumb\"},\"inLanguage\":\"it-IT\",\"potentialAction\":[{\"@type\":\"ReadAction\",\"target\":[\"https:\/\/www.ranciliogroup.com\/it\/rancilio-specialty-a-melbourne-si-prepara-per-la-prossima-competizione-di-barista-league\/\"]}]},{\"@type\":\"BreadcrumbList\",\"@id\":\"https:\/\/www.ranciliogroup.com\/it\/rancilio-specialty-a-melbourne-si-prepara-per-la-prossima-competizione-di-barista-league\/#breadcrumb\",\"itemListElement\":[{\"@type\":\"ListItem\",\"position\":1,\"name\":\"Home\",\"item\":\"https:\/\/www.ranciliogroup.com\/it\/\"},{\"@type\":\"ListItem\",\"position\":2,\"name\":\"Rancilio Specialty a Melbourne si prepara per la prossima competizione di Barista League\"}]},{\"@type\":\"WebSite\",\"@id\":\"https:\/\/www.ranciliogroup.com\/it\/#website\",\"url\":\"https:\/\/www.ranciliogroup.com\/it\/\",\"name\":\"Rancilio Group\",\"description\":\"Leader delle Macchine da Caff\u00e8 Professionali\",\"publisher\":{\"@id\":\"https:\/\/www.ranciliogroup.com\/it\/#organization\"},\"potentialAction\":[{\"@type\":\"SearchAction\",\"target\":{\"@type\":\"EntryPoint\",\"urlTemplate\":\"https:\/\/www.ranciliogroup.com\/it\/?s={search_term_string}\"},\"query-input\":\"required name=search_term_string\"}],\"inLanguage\":\"it-IT\"},{\"@type\":\"Organization\",\"@id\":\"https:\/\/www.ranciliogroup.com\/it\/#organization\",\"name\":\"Rancilio Group\",\"url\":\"https:\/\/www.ranciliogroup.com\/it\/\",\"logo\":{\"@type\":\"ImageObject\",\"inLanguage\":\"it-IT\",\"@id\":\"https:\/\/www.ranciliogroup.com\/it\/#\/schema\/logo\/image\/\",\"url\":\"https:\/\/www.ranciliogroup.com\/app\/uploads\/2019\/07\/rancilio_black_logo.png\",\"contentUrl\":\"https:\/\/www.ranciliogroup.com\/app\/uploads\/2019\/07\/rancilio_black_logo.png\",\"width\":447,\"height\":57,\"caption\":\"Rancilio Group\"},\"image\":{\"@id\":\"https:\/\/www.ranciliogroup.com\/it\/#\/schema\/logo\/image\/\"},\"sameAs\":[\"https:\/\/www.facebook.com\/RancilioGroup\",\"https:\/\/twitter.com\/ranciliogroup\",\"https:\/\/www.instagram.com\/rancilio_official\/\",\"https:\/\/www.linkedin.com\/company\/ranciliogroup\/\",\"https:\/\/www.youtube.com\/user\/rancilioadmin\"]},{\"@type\":\"Person\",\"@id\":\"https:\/\/www.ranciliogroup.com\/it\/#\/schema\/person\/d6bf0a7dfe74cded3d64da8b2c92814c\",\"name\":\"temp circular\",\"image\":{\"@type\":\"ImageObject\",\"inLanguage\":\"it-IT\",\"@id\":\"https:\/\/www.ranciliogroup.com\/it\/#\/schema\/person\/image\/\",\"url\":\"https:\/\/secure.gravatar.com\/avatar\/569e71c3b97b8bcad1854d6579b35c5f?s=96&d=mm&r=g\",\"contentUrl\":\"https:\/\/secure.gravatar.com\/avatar\/569e71c3b97b8bcad1854d6579b35c5f?s=96&d=mm&r=g\",\"caption\":\"temp circular\"}}]}<\/script>\n<!-- \/ Yoast SEO plugin. -->","yoast_head_json":{"title":"Latest update about Rancilio Specialty a Melbourne si prepara per la prossima competizione di Barista League - Rancilio Group","description":"Read Rancilio Group's latest news about Rancilio Specialty a Melbourne si prepara per la prossima competizione di Barista League","robots":{"index":"index","follow":"follow","max-snippet":"max-snippet:-1","max-image-preview":"max-image-preview:large","max-video-preview":"max-video-preview:-1"},"canonical":"https:\/\/www.ranciliogroup.com\/it\/rancilio-specialty-a-melbourne-si-prepara-per-la-prossima-competizione-di-barista-league\/","og_locale":"it_IT","og_type":"article","og_title":"Latest update about Rancilio Specialty a Melbourne si prepara per la prossima competizione di Barista League - Rancilio Group","og_description":"Read Rancilio Group's latest news about Rancilio Specialty a Melbourne si prepara per la prossima competizione di Barista League","og_url":"https:\/\/www.ranciliogroup.com\/it\/rancilio-specialty-a-melbourne-si-prepara-per-la-prossima-competizione-di-barista-league\/","og_site_name":"Rancilio Group","article_publisher":"https:\/\/www.facebook.com\/RancilioGroup","article_published_time":"2023-08-28T15:11:10+00:00","article_modified_time":"2023-08-28T15:22:51+00:00","og_image":[{"width":1080,"height":720,"url":"https:\/\/www.ranciliogroup.com\/app\/uploads\/2023\/08\/the-barista-league-2023-melbourne-Rancilio-Specialty.jpg","type":"image\/jpeg"}],"author":"temp circular","twitter_card":"summary_large_image","twitter_creator":"@ranciliogroup","twitter_site":"@ranciliogroup","twitter_misc":{"Scritto da":"temp circular","Tempo di lettura stimato":"1 minuto"},"schema":{"@context":"https:\/\/schema.org","@graph":[{"@type":"Article","@id":"https:\/\/www.ranciliogroup.com\/it\/rancilio-specialty-a-melbourne-si-prepara-per-la-prossima-competizione-di-barista-league\/#article","isPartOf":{"@id":"https:\/\/www.ranciliogroup.com\/it\/rancilio-specialty-a-melbourne-si-prepara-per-la-prossima-competizione-di-barista-league\/"},"author":{"name":"temp circular","@id":"https:\/\/www.ranciliogroup.com\/it\/#\/schema\/person\/d6bf0a7dfe74cded3d64da8b2c92814c"},"headline":"Rancilio Specialty a Melbourne si prepara per la prossima competizione di Barista League","datePublished":"2023-08-28T15:11:10+00:00","dateModified":"2023-08-28T15:22:51+00:00","mainEntityOfPage":{"@id":"https:\/\/www.ranciliogroup.com\/it\/rancilio-specialty-a-melbourne-si-prepara-per-la-prossima-competizione-di-barista-league\/"},"wordCount":187,"publisher":{"@id":"https:\/\/www.ranciliogroup.com\/it\/#organization"},"keywords":["Melbourne","RS1","Rancilio Specialty","Barista League"],"articleSection":["Eventi"],"inLanguage":"it-IT"},{"@type":"WebPage","@id":"https:\/\/www.ranciliogroup.com\/it\/rancilio-specialty-a-melbourne-si-prepara-per-la-prossima-competizione-di-barista-league\/","url":"https:\/\/www.ranciliogroup.com\/it\/rancilio-specialty-a-melbourne-si-prepara-per-la-prossima-competizione-di-barista-league\/","name":"Latest update about Rancilio Specialty a Melbourne si prepara per la prossima competizione di Barista League - Rancilio Group","isPartOf":{"@id":"https:\/\/www.ranciliogroup.com\/it\/#website"},"datePublished":"2023-08-28T15:11:10+00:00","dateModified":"2023-08-28T15:22:51+00:00","description":"Read Rancilio Group's latest news about Rancilio Specialty a Melbourne si prepara per la prossima competizione di Barista League","breadcrumb":{"@id":"https:\/\/www.ranciliogroup.com\/it\/rancilio-specialty-a-melbourne-si-prepara-per-la-prossima-competizione-di-barista-league\/#breadcrumb"},"inLanguage":"it-IT","potentialAction":[{"@type":"ReadAction","target":["https:\/\/www.ranciliogroup.com\/it\/rancilio-specialty-a-melbourne-si-prepara-per-la-prossima-competizione-di-barista-league\/"]}]},{"@type":"BreadcrumbList","@id":"https:\/\/www.ranciliogroup.com\/it\/rancilio-specialty-a-melbourne-si-prepara-per-la-prossima-competizione-di-barista-league\/#breadcrumb","itemListElement":[{"@type":"ListItem","position":1,"name":"Home","item":"https:\/\/www.ranciliogroup.com\/it\/"},{"@type":"ListItem","position":2,"name":"Rancilio Specialty a Melbourne si prepara per la prossima competizione di Barista League"}]},{"@type":"WebSite","@id":"https:\/\/www.ranciliogroup.com\/it\/#website","url":"https:\/\/www.ranciliogroup.com\/it\/","name":"Rancilio Group","description":"Leader delle Macchine da Caff\u00e8 Professionali","publisher":{"@id":"https:\/\/www.ranciliogroup.com\/it\/#organization"},"potentialAction":[{"@type":"SearchAction","target":{"@type":"EntryPoint","urlTemplate":"https:\/\/www.ranciliogroup.com\/it\/?s={search_term_string}"},"query-input":"required name=search_term_string"}],"inLanguage":"it-IT"},{"@type":"Organization","@id":"https:\/\/www.ranciliogroup.com\/it\/#organization","name":"Rancilio Group","url":"https:\/\/www.ranciliogroup.com\/it\/","logo":{"@type":"ImageObject","inLanguage":"it-IT","@id":"https:\/\/www.ranciliogroup.com\/it\/#\/schema\/logo\/image\/","url":"https:\/\/www.ranciliogroup.com\/app\/uploads\/2019\/07\/rancilio_black_logo.png","contentUrl":"https:\/\/www.ranciliogroup.com\/app\/uploads\/2019\/07\/rancilio_black_logo.png","width":447,"height":57,"caption":"Rancilio Group"},"image":{"@id":"https:\/\/www.ranciliogroup.com\/it\/#\/schema\/logo\/image\/"},"sameAs":["https:\/\/www.facebook.com\/RancilioGroup","https:\/\/twitter.com\/ranciliogroup","https:\/\/www.instagram.com\/rancilio_official\/","https:\/\/www.linkedin.com\/company\/ranciliogroup\/","https:\/\/www.youtube.com\/user\/rancilioadmin"]},{"@type":"Person","@id":"https:\/\/www.ranciliogroup.com\/it\/#\/schema\/person\/d6bf0a7dfe74cded3d64da8b2c92814c","name":"temp circular","image":{"@type":"ImageObject","inLanguage":"it-IT","@id":"https:\/\/www.ranciliogroup.com\/it\/#\/schema\/person\/image\/","url":"https:\/\/secure.gravatar.com\/avatar\/569e71c3b97b8bcad1854d6579b35c5f?s=96&d=mm&r=g","contentUrl":"https:\/\/secure.gravatar.com\/avatar\/569e71c3b97b8bcad1854d6579b35c5f?s=96&d=mm&r=g","caption":"temp circular"}}]}},"_links":{"self":[{"href":"https:\/\/www.ranciliogroup.com\/it\/wp-json\/wp\/v2\/posts\/69979"}],"collection":[{"href":"https:\/\/www.ranciliogroup.com\/it\/wp-json\/wp\/v2\/posts"}],"about":[{"href":"https:\/\/www.ranciliogroup.com\/it\/wp-json\/wp\/v2\/types\/post"}],"author":[{"embeddable":true,"href":"https:\/\/www.ranciliogroup.com\/it\/wp-json\/wp\/v2\/users\/5"}],"replies":[{"embeddable":true,"href":"https:\/\/www.ranciliogroup.com\/it\/wp-json\/wp\/v2\/comments?post=69979"}],"version-history":[{"count":4,"href":"https:\/\/www.ranciliogroup.com\/it\/wp-json\/wp\/v2\/posts\/69979\/revisions"}],"predecessor-version":[{"id":70006,"href":"https:\/\/www.ranciliogroup.com\/it\/wp-json\/wp\/v2\/posts\/69979\/revisions\/70006"}],"wp:featuredmedia":[{"embeddable":true,"href":"https:\/\/www.ranciliogroup.com\/it\/wp-json\/wp\/v2\/media\/69956"}],"wp:attachment":[{"href":"https:\/\/www.ranciliogroup.com\/it\/wp-json\/wp\/v2\/media?parent=69979"}],"wp:term":[{"taxonomy":"category","embeddable":true,"href":"https:\/\/www.ranciliogroup.com\/it\/wp-json\/wp\/v2\/categories?post=69979"},{"taxonomy":"post_tag","embeddable":true,"href":"https:\/\/www.ranciliogroup.com\/it\/wp-json\/wp\/v2\/tags?post=69979"}],"curies":[{"name":"wp","href":"https:\/\/api.w.org\/{rel}","templated":true}]}}