{"id":70168,"date":"2023-09-05T10:15:33","date_gmt":"2023-09-05T08:15:33","guid":{"rendered":"https:\/\/www.ranciliogroup.com\/?p=70168"},"modified":"2023-09-05T10:15:33","modified_gmt":"2023-09-05T08:15:33","slug":"rancilio-group-alla-43a-edizione-di-hostmilano-2023","status":"publish","type":"post","link":"https:\/\/www.ranciliogroup.com\/it\/rancilio-group-alla-43a-edizione-di-hostmilano-2023\/","title":{"rendered":"Rancilio Group alla 43a edizione di HostMilano 2023"},"content":{"rendered":"<p>Dal 13 al 17 ottobre 2023, Rancilio Group vi aspetta per l\u2019attesissima 43<sup>a<\/sup> edizione di HostMilano 2023. L\u2019imperdibile appuntamento biennale per il mondo della ristorazione e dell\u2019accoglienza internazionale apre ancora una volta le proprie porte a torrefattori, importatori, produttori e operatori provenienti da tutto il mondo.<\/p>\n<p>Allo stand Rancilio Group, i visitatori potranno godere di un\u2019esperienza immersiva, dedicata alla scoperta delle iniziative e progetti dell\u2019azienda nel campo della ricerca tecnologica, dell\u2019innovazione e della sostenibilit\u00e0.<\/p>\n<p>Rancilio Specialty incoraggia i torrefattori a esaltare le caratteristiche aromatiche dei propri caff\u00e8 specialty nella propria area dedicata, sperimentando la rivoluzionaria tecnologia dell\u2019Advance Temperature Profiling di RS1, la macchina per caff\u00e8 professionale certificata SCA e IEI Premium.<\/p>\n<p>Anche Rancilio Grindtec non si lascia mancare le novit\u00e0, ampliando la sua famiglia di macinadosatori professionali con l&#8217;introduzione di Bond, appositamente progettato per soddisfare le esigenze delle grandi catene, e Kryo Elite 65 OD, la nuova versione dotata del sistema di macinatura intelligente (SAS).<\/p>\n<p>Il riflettore nell\u2019angolo delle superautomatiche, invece, sar\u00e0 puntato sulla nuova Egro MoDe. Dal formato compatto e progettata per tutti i locali del settore Ho.Re.Ca. con consumi medi, Egro MoDe \u00e8 la macchina superautomatica ideale per chi desidera un menu caffetteria di qualit\u00e0 con bevande a base di caff\u00e8, latte fresco e prodotti solubili.<\/p>\n<p>E per ogni momento di pausa durante la fiera, la caffetteria dello stand \u00e8 sempre aperta, pronta ad offrire un&#8217;esperienza sensoriale unica con un autentico espresso o un cremoso cappuccino, e speciali menu degustazione con caff\u00e8 pregiati e monorigini provenienti da ogni angolo del mondo.<\/p>\n<p>In qualit\u00e0 di Main Sponsor, Rancilio Group sostiene numerose gare per baristi in programma a Host \u2013 \u201cMilano Latte Art Challenge\u201d di Trismoka, \u201cItalian Latte Art Grading Battle Championship\u201d e la finale internazionale di \u201cEspresso Italiano Champion\u201d organizzata da IEI.<\/p>\n<p>&nbsp;<\/p>\n<p>&nbsp;<\/p>\n<p><strong>HostMilano 2023 | Rancilio Group<\/strong><br \/>\nDal 13 al 17 ottobre 2023<br \/>\ndalle ore 9.30 alle 18.30<br \/>\nHall 24 stand P11 P21\/ R12 R22<br \/>\n<a href=\"https:\/\/www.google.com\/maps\/place\/Fiera+Milano\/@45.5197708,9.0788296,15z\/data=!4m2!3m1!1s0x0:0x53b06f34dffa3b19?sa=X&amp;ved=2ahUKEwjD1ZPgv7uAAxWvQfEDHdQ2CSgQ_BJ6BAhPEAA&amp;ved=2ahUKEwjD1ZPgv7uAAxWvQfEDHdQ2CSgQ_BJ6BAhsEAg\">Fiera Milano (Rho)<\/a><br \/>\nStrada Statale del Sempione n. 28<br \/>\n20017 Rho (MI)<\/p>\n<p>&nbsp;<\/p>\n<p><strong>Scopri l\u2019evento<\/strong><br \/>\n<a href=\"https:\/\/host.fieramilano.it\/\">https:\/\/host.fieramilano.it\/<\/a><\/p>\n","protected":false},"excerpt":{"rendered":"<p>Dal 13 al 17 ottobre 2023, Rancilio Group vi aspetta per l\u2019attesissima 43a edizione di HostMilano 2023. L\u2019imperdibile appuntamento biennale&#8230;<\/p>\n","protected":false},"author":5,"featured_media":70160,"comment_status":"closed","ping_status":"closed","sticky":false,"template":"","format":"standard","meta":[],"categories":[465],"tags":[3143,3144,3145,3146,3147,3149,3148,3150,2829,2748,2709,2619,2587,2542,2528],"acf":[],"yoast_head":"<!-- This site is optimized with the Yoast SEO plugin v21.5 - https:\/\/yoast.com\/wordpress\/plugins\/seo\/ -->\n<title>Latest update about Rancilio Group alla 43a edizione di HostMilano 2023 - Rancilio Group<\/title>\n<meta name=\"description\" content=\"Read Rancilio Group&#039;s latest news about Rancilio Group alla 43a edizione di HostMilano 2023\" \/>\n<meta name=\"robots\" content=\"index, follow, max-snippet:-1, max-image-preview:large, max-video-preview:-1\" \/>\n<link rel=\"canonical\" href=\"https:\/\/www.ranciliogroup.com\/it\/rancilio-group-alla-43a-edizione-di-hostmilano-2023\/\" \/>\n<meta property=\"og:locale\" content=\"it_IT\" \/>\n<meta property=\"og:type\" content=\"article\" \/>\n<meta property=\"og:title\" content=\"Latest update about Rancilio Group alla 43a edizione di HostMilano 2023 - Rancilio Group\" \/>\n<meta property=\"og:description\" content=\"Read Rancilio Group&#039;s latest news about Rancilio Group alla 43a edizione di HostMilano 2023\" \/>\n<meta property=\"og:url\" content=\"https:\/\/www.ranciliogroup.com\/it\/rancilio-group-alla-43a-edizione-di-hostmilano-2023\/\" \/>\n<meta property=\"og:site_name\" content=\"Rancilio Group\" \/>\n<meta property=\"article:publisher\" content=\"https:\/\/www.facebook.com\/RancilioGroup\" \/>\n<meta property=\"article:published_time\" content=\"2023-09-05T08:15:33+00:00\" \/>\n<meta property=\"og:image\" content=\"https:\/\/www.ranciliogroup.com\/app\/uploads\/2023\/09\/host-2023-RG.jpg\" \/>\n\t<meta property=\"og:image:width\" content=\"1080\" \/>\n\t<meta property=\"og:image:height\" content=\"717\" \/>\n\t<meta property=\"og:image:type\" content=\"image\/jpeg\" \/>\n<meta name=\"author\" content=\"temp circular\" \/>\n<meta name=\"twitter:card\" content=\"summary_large_image\" \/>\n<meta name=\"twitter:creator\" content=\"@ranciliogroup\" \/>\n<meta name=\"twitter:site\" content=\"@ranciliogroup\" \/>\n<meta name=\"twitter:label1\" content=\"Scritto da\" \/>\n\t<meta name=\"twitter:data1\" content=\"temp circular\" \/>\n\t<meta name=\"twitter:label2\" content=\"Tempo di lettura stimato\" \/>\n\t<meta name=\"twitter:data2\" content=\"2 minuti\" \/>\n<script type=\"application\/ld+json\" class=\"yoast-schema-graph\">{\"@context\":\"https:\/\/schema.org\",\"@graph\":[{\"@type\":\"Article\",\"@id\":\"https:\/\/www.ranciliogroup.com\/it\/rancilio-group-alla-43a-edizione-di-hostmilano-2023\/#article\",\"isPartOf\":{\"@id\":\"https:\/\/www.ranciliogroup.com\/it\/rancilio-group-alla-43a-edizione-di-hostmilano-2023\/\"},\"author\":{\"name\":\"temp circular\",\"@id\":\"https:\/\/www.ranciliogroup.com\/it\/#\/schema\/person\/d6bf0a7dfe74cded3d64da8b2c92814c\"},\"headline\":\"Rancilio Group alla 43a edizione di HostMilano 2023\",\"datePublished\":\"2023-09-05T08:15:33+00:00\",\"dateModified\":\"2023-09-05T08:15:33+00:00\",\"mainEntityOfPage\":{\"@id\":\"https:\/\/www.ranciliogroup.com\/it\/rancilio-group-alla-43a-edizione-di-hostmilano-2023\/\"},\"wordCount\":337,\"publisher\":{\"@id\":\"https:\/\/www.ranciliogroup.com\/it\/#organization\"},\"keywords\":[\"Host\",\"Bond\",\"MoDe\",\"Espresso Italiano Champion\",\"Altoga\",\"Trismoka\",\"Aicaf\",\"Milano Latte Art Challenge\",\"LAGS\",\"Rancilio\",\"IEI\",\"Kryo\",\"RS1\",\"Egro\",\"Rancilio Specialty\"],\"articleSection\":[\"Eventi\"],\"inLanguage\":\"it-IT\"},{\"@type\":\"WebPage\",\"@id\":\"https:\/\/www.ranciliogroup.com\/it\/rancilio-group-alla-43a-edizione-di-hostmilano-2023\/\",\"url\":\"https:\/\/www.ranciliogroup.com\/it\/rancilio-group-alla-43a-edizione-di-hostmilano-2023\/\",\"name\":\"Latest update about Rancilio Group alla 43a edizione di HostMilano 2023 - Rancilio Group\",\"isPartOf\":{\"@id\":\"https:\/\/www.ranciliogroup.com\/it\/#website\"},\"datePublished\":\"2023-09-05T08:15:33+00:00\",\"dateModified\":\"2023-09-05T08:15:33+00:00\",\"description\":\"Read Rancilio Group's latest news about Rancilio Group alla 43a edizione di HostMilano 2023\",\"breadcrumb\":{\"@id\":\"https:\/\/www.ranciliogroup.com\/it\/rancilio-group-alla-43a-edizione-di-hostmilano-2023\/#breadcrumb\"},\"inLanguage\":\"it-IT\",\"potentialAction\":[{\"@type\":\"ReadAction\",\"target\":[\"https:\/\/www.ranciliogroup.com\/it\/rancilio-group-alla-43a-edizione-di-hostmilano-2023\/\"]}]},{\"@type\":\"BreadcrumbList\",\"@id\":\"https:\/\/www.ranciliogroup.com\/it\/rancilio-group-alla-43a-edizione-di-hostmilano-2023\/#breadcrumb\",\"itemListElement\":[{\"@type\":\"ListItem\",\"position\":1,\"name\":\"Home\",\"item\":\"https:\/\/www.ranciliogroup.com\/it\/\"},{\"@type\":\"ListItem\",\"position\":2,\"name\":\"Rancilio Group alla 43a edizione di HostMilano 2023\"}]},{\"@type\":\"WebSite\",\"@id\":\"https:\/\/www.ranciliogroup.com\/it\/#website\",\"url\":\"https:\/\/www.ranciliogroup.com\/it\/\",\"name\":\"Rancilio Group\",\"description\":\"Leader delle Macchine da Caff\u00e8 Professionali\",\"publisher\":{\"@id\":\"https:\/\/www.ranciliogroup.com\/it\/#organization\"},\"potentialAction\":[{\"@type\":\"SearchAction\",\"target\":{\"@type\":\"EntryPoint\",\"urlTemplate\":\"https:\/\/www.ranciliogroup.com\/it\/?s={search_term_string}\"},\"query-input\":\"required name=search_term_string\"}],\"inLanguage\":\"it-IT\"},{\"@type\":\"Organization\",\"@id\":\"https:\/\/www.ranciliogroup.com\/it\/#organization\",\"name\":\"Rancilio Group\",\"url\":\"https:\/\/www.ranciliogroup.com\/it\/\",\"logo\":{\"@type\":\"ImageObject\",\"inLanguage\":\"it-IT\",\"@id\":\"https:\/\/www.ranciliogroup.com\/it\/#\/schema\/logo\/image\/\",\"url\":\"https:\/\/www.ranciliogroup.com\/app\/uploads\/2019\/07\/rancilio_black_logo.png\",\"contentUrl\":\"https:\/\/www.ranciliogroup.com\/app\/uploads\/2019\/07\/rancilio_black_logo.png\",\"width\":447,\"height\":57,\"caption\":\"Rancilio Group\"},\"image\":{\"@id\":\"https:\/\/www.ranciliogroup.com\/it\/#\/schema\/logo\/image\/\"},\"sameAs\":[\"https:\/\/www.facebook.com\/RancilioGroup\",\"https:\/\/twitter.com\/ranciliogroup\",\"https:\/\/www.instagram.com\/rancilio_official\/\",\"https:\/\/www.linkedin.com\/company\/ranciliogroup\/\",\"https:\/\/www.youtube.com\/user\/rancilioadmin\"]},{\"@type\":\"Person\",\"@id\":\"https:\/\/www.ranciliogroup.com\/it\/#\/schema\/person\/d6bf0a7dfe74cded3d64da8b2c92814c\",\"name\":\"temp circular\",\"image\":{\"@type\":\"ImageObject\",\"inLanguage\":\"it-IT\",\"@id\":\"https:\/\/www.ranciliogroup.com\/it\/#\/schema\/person\/image\/\",\"url\":\"https:\/\/secure.gravatar.com\/avatar\/569e71c3b97b8bcad1854d6579b35c5f?s=96&d=mm&r=g\",\"contentUrl\":\"https:\/\/secure.gravatar.com\/avatar\/569e71c3b97b8bcad1854d6579b35c5f?s=96&d=mm&r=g\",\"caption\":\"temp circular\"}}]}<\/script>\n<!-- \/ Yoast SEO plugin. -->","yoast_head_json":{"title":"Latest update about Rancilio Group alla 43a edizione di HostMilano 2023 - Rancilio Group","description":"Read Rancilio Group's latest news about Rancilio Group alla 43a edizione di HostMilano 2023","robots":{"index":"index","follow":"follow","max-snippet":"max-snippet:-1","max-image-preview":"max-image-preview:large","max-video-preview":"max-video-preview:-1"},"canonical":"https:\/\/www.ranciliogroup.com\/it\/rancilio-group-alla-43a-edizione-di-hostmilano-2023\/","og_locale":"it_IT","og_type":"article","og_title":"Latest update about Rancilio Group alla 43a edizione di HostMilano 2023 - Rancilio Group","og_description":"Read Rancilio Group's latest news about Rancilio Group alla 43a edizione di HostMilano 2023","og_url":"https:\/\/www.ranciliogroup.com\/it\/rancilio-group-alla-43a-edizione-di-hostmilano-2023\/","og_site_name":"Rancilio Group","article_publisher":"https:\/\/www.facebook.com\/RancilioGroup","article_published_time":"2023-09-05T08:15:33+00:00","og_image":[{"width":1080,"height":717,"url":"https:\/\/www.ranciliogroup.com\/app\/uploads\/2023\/09\/host-2023-RG.jpg","type":"image\/jpeg"}],"author":"temp circular","twitter_card":"summary_large_image","twitter_creator":"@ranciliogroup","twitter_site":"@ranciliogroup","twitter_misc":{"Scritto da":"temp circular","Tempo di lettura stimato":"2 minuti"},"schema":{"@context":"https:\/\/schema.org","@graph":[{"@type":"Article","@id":"https:\/\/www.ranciliogroup.com\/it\/rancilio-group-alla-43a-edizione-di-hostmilano-2023\/#article","isPartOf":{"@id":"https:\/\/www.ranciliogroup.com\/it\/rancilio-group-alla-43a-edizione-di-hostmilano-2023\/"},"author":{"name":"temp circular","@id":"https:\/\/www.ranciliogroup.com\/it\/#\/schema\/person\/d6bf0a7dfe74cded3d64da8b2c92814c"},"headline":"Rancilio Group alla 43a edizione di HostMilano 2023","datePublished":"2023-09-05T08:15:33+00:00","dateModified":"2023-09-05T08:15:33+00:00","mainEntityOfPage":{"@id":"https:\/\/www.ranciliogroup.com\/it\/rancilio-group-alla-43a-edizione-di-hostmilano-2023\/"},"wordCount":337,"publisher":{"@id":"https:\/\/www.ranciliogroup.com\/it\/#organization"},"keywords":["Host","Bond","MoDe","Espresso Italiano Champion","Altoga","Trismoka","Aicaf","Milano Latte Art Challenge","LAGS","Rancilio","IEI","Kryo","RS1","Egro","Rancilio Specialty"],"articleSection":["Eventi"],"inLanguage":"it-IT"},{"@type":"WebPage","@id":"https:\/\/www.ranciliogroup.com\/it\/rancilio-group-alla-43a-edizione-di-hostmilano-2023\/","url":"https:\/\/www.ranciliogroup.com\/it\/rancilio-group-alla-43a-edizione-di-hostmilano-2023\/","name":"Latest update about Rancilio Group alla 43a edizione di HostMilano 2023 - Rancilio Group","isPartOf":{"@id":"https:\/\/www.ranciliogroup.com\/it\/#website"},"datePublished":"2023-09-05T08:15:33+00:00","dateModified":"2023-09-05T08:15:33+00:00","description":"Read Rancilio Group's latest news about Rancilio Group alla 43a edizione di HostMilano 2023","breadcrumb":{"@id":"https:\/\/www.ranciliogroup.com\/it\/rancilio-group-alla-43a-edizione-di-hostmilano-2023\/#breadcrumb"},"inLanguage":"it-IT","potentialAction":[{"@type":"ReadAction","target":["https:\/\/www.ranciliogroup.com\/it\/rancilio-group-alla-43a-edizione-di-hostmilano-2023\/"]}]},{"@type":"BreadcrumbList","@id":"https:\/\/www.ranciliogroup.com\/it\/rancilio-group-alla-43a-edizione-di-hostmilano-2023\/#breadcrumb","itemListElement":[{"@type":"ListItem","position":1,"name":"Home","item":"https:\/\/www.ranciliogroup.com\/it\/"},{"@type":"ListItem","position":2,"name":"Rancilio Group alla 43a edizione di HostMilano 2023"}]},{"@type":"WebSite","@id":"https:\/\/www.ranciliogroup.com\/it\/#website","url":"https:\/\/www.ranciliogroup.com\/it\/","name":"Rancilio Group","description":"Leader delle Macchine da Caff\u00e8 Professionali","publisher":{"@id":"https:\/\/www.ranciliogroup.com\/it\/#organization"},"potentialAction":[{"@type":"SearchAction","target":{"@type":"EntryPoint","urlTemplate":"https:\/\/www.ranciliogroup.com\/it\/?s={search_term_string}"},"query-input":"required name=search_term_string"}],"inLanguage":"it-IT"},{"@type":"Organization","@id":"https:\/\/www.ranciliogroup.com\/it\/#organization","name":"Rancilio Group","url":"https:\/\/www.ranciliogroup.com\/it\/","logo":{"@type":"ImageObject","inLanguage":"it-IT","@id":"https:\/\/www.ranciliogroup.com\/it\/#\/schema\/logo\/image\/","url":"https:\/\/www.ranciliogroup.com\/app\/uploads\/2019\/07\/rancilio_black_logo.png","contentUrl":"https:\/\/www.ranciliogroup.com\/app\/uploads\/2019\/07\/rancilio_black_logo.png","width":447,"height":57,"caption":"Rancilio Group"},"image":{"@id":"https:\/\/www.ranciliogroup.com\/it\/#\/schema\/logo\/image\/"},"sameAs":["https:\/\/www.facebook.com\/RancilioGroup","https:\/\/twitter.com\/ranciliogroup","https:\/\/www.instagram.com\/rancilio_official\/","https:\/\/www.linkedin.com\/company\/ranciliogroup\/","https:\/\/www.youtube.com\/user\/rancilioadmin"]},{"@type":"Person","@id":"https:\/\/www.ranciliogroup.com\/it\/#\/schema\/person\/d6bf0a7dfe74cded3d64da8b2c92814c","name":"temp circular","image":{"@type":"ImageObject","inLanguage":"it-IT","@id":"https:\/\/www.ranciliogroup.com\/it\/#\/schema\/person\/image\/","url":"https:\/\/secure.gravatar.com\/avatar\/569e71c3b97b8bcad1854d6579b35c5f?s=96&d=mm&r=g","contentUrl":"https:\/\/secure.gravatar.com\/avatar\/569e71c3b97b8bcad1854d6579b35c5f?s=96&d=mm&r=g","caption":"temp circular"}}]}},"_links":{"self":[{"href":"https:\/\/www.ranciliogroup.com\/it\/wp-json\/wp\/v2\/posts\/70168"}],"collection":[{"href":"https:\/\/www.ranciliogroup.com\/it\/wp-json\/wp\/v2\/posts"}],"about":[{"href":"https:\/\/www.ranciliogroup.com\/it\/wp-json\/wp\/v2\/types\/post"}],"author":[{"embeddable":true,"href":"https:\/\/www.ranciliogroup.com\/it\/wp-json\/wp\/v2\/users\/5"}],"replies":[{"embeddable":true,"href":"https:\/\/www.ranciliogroup.com\/it\/wp-json\/wp\/v2\/comments?post=70168"}],"version-history":[{"count":2,"href":"https:\/\/www.ranciliogroup.com\/it\/wp-json\/wp\/v2\/posts\/70168\/revisions"}],"predecessor-version":[{"id":70174,"href":"https:\/\/www.ranciliogroup.com\/it\/wp-json\/wp\/v2\/posts\/70168\/revisions\/70174"}],"wp:featuredmedia":[{"embeddable":true,"href":"https:\/\/www.ranciliogroup.com\/it\/wp-json\/wp\/v2\/media\/70160"}],"wp:attachment":[{"href":"https:\/\/www.ranciliogroup.com\/it\/wp-json\/wp\/v2\/media?parent=70168"}],"wp:term":[{"taxonomy":"category","embeddable":true,"href":"https:\/\/www.ranciliogroup.com\/it\/wp-json\/wp\/v2\/categories?post=70168"},{"taxonomy":"post_tag","embeddable":true,"href":"https:\/\/www.ranciliogroup.com\/it\/wp-json\/wp\/v2\/tags?post=70168"}],"curies":[{"name":"wp","href":"https:\/\/api.w.org\/{rel}","templated":true}]}}