{"id":72506,"date":"2023-10-25T16:40:46","date_gmt":"2023-10-25T14:40:46","guid":{"rendered":"https:\/\/www.ranciliogroup.com\/?p=72506"},"modified":"2023-10-25T16:40:46","modified_gmt":"2023-10-25T14:40:46","slug":"rancilio-group-unisce-le-forze-con-enr-international-alla-22esima-edizione-dellinternational-cafe-show-seoul","status":"publish","type":"post","link":"https:\/\/www.ranciliogroup.com\/it\/rancilio-group-unisce-le-forze-con-enr-international-alla-22esima-edizione-dellinternational-cafe-show-seoul\/","title":{"rendered":"Rancilio Group unisce le forze con ENR International alla 22esima edizione dell&#8217;International Caf\u00e9 Show Seoul"},"content":{"rendered":"<p>Dall&#8217;8 all&#8217;11 novembre, Rancilio Group vi invita alla 22a edizione dell&#8217;International Caf\u00e9 Show a Seoul, una delle pi\u00f9 grandi piattaforme asiatiche nel settore globale del caff\u00e8 e della cultura F&amp;B. All\u2019evento di quest\u2019anno sono attesi pi\u00f9 di 600 espositori provenienti da 40 paesi e 160.000 visitatori provenienti da 80 paesi.<\/p>\n<p>Presso lo stand di ENR International \u2013 stimato partner di lunga data di Rancilio Group \u2013 i partecipanti potranno esplorare le ultime innovazioni delle macchine per caff\u00e8 professionali Rancilio e Rancilio Specialty, nonch\u00e9 dei macinadosatori Rancilio Grindtec e delle macchine per caff\u00e8 superautomatiche Egro.<\/p>\n<p>Inoltre, per tutti gli appassionati di Latte Art, Rancilio Specialty Invicta parteciper\u00e0 alla <strong>World Latte Art Battle<\/strong> insieme a 32 audaci baristi presso lo Special Stage del Seoul International Cafe Show. Ai concorrenti verr\u00e0 richiesto di utilizzare la tecnologia avanzata di caff\u00e8, acqua e vapore di Invicta per creare due innovativi modelli di latte art, con l\u2019obiettivo di conquistare il favore sia dei giudici che del pubblico.<\/p>\n<p>L&#8217;International Caf\u00e9 Show di Seoul offre un&#8217;opportunit\u00e0 unica per entrare in contatto con altri professionisti del settore e scambiare esperienze, conoscenze e cultura presso l&#8217;ampio Seoul Coex Convention &amp; Exhibition Center.<\/p>\n<p><strong>\u00a0<\/strong><\/p>\n<p>&nbsp;<\/p>\n<p><strong>International <\/strong><strong>Caf\u00e9 <\/strong><strong>Show Seoul<\/strong><br \/>\n<strong>Rancilio Group | ENR International<\/strong><br \/>\nStand D417<br \/>\nDall\u20198 all\u201911 Novembre<br \/>\n<a href=\"https:\/\/www.google.com\/maps\/place\/COEX\/@37.5116828,127.059151,15z\/data=!4m5!3m4!1s0x0:0x336c7537649c9fe4!8m2!3d37.5116828!4d127.059151\">Coex Convention &amp; Exhibition Center (Coex)<\/a><br \/>\nHall A-E<br \/>\n513, Yeongdong-daero, Gangnam-gu,<br \/>\n06164, Seoul, Repubblica di Corea<\/p>\n<p>&nbsp;<\/p>\n","protected":false},"excerpt":{"rendered":"<p>Dall&#8217;8 all&#8217;11 novembre, Rancilio Group vi invita alla 22a edizione dell&#8217;International Caf\u00e9 Show a Seoul, una delle pi\u00f9 grandi piattaforme&#8230;<\/p>\n","protected":false},"author":5,"featured_media":72502,"comment_status":"closed","ping_status":"closed","sticky":false,"template":"","format":"standard","meta":[],"categories":[465],"tags":[3246,3247,3248,2618],"acf":[],"yoast_head":"<!-- This site is optimized with the Yoast SEO plugin v21.5 - https:\/\/yoast.com\/wordpress\/plugins\/seo\/ -->\n<title>Latest update about Rancilio Group unisce le forze con ENR International alla 22esima edizione dell&#039;International Caf\u00e9 Show Seoul - Rancilio Group<\/title>\n<meta name=\"description\" content=\"Read Rancilio Group&#039;s latest news about Rancilio Group unisce le forze con ENR International alla 22esima edizione dell&#039;International Caf\u00e9 Show Seoul\" \/>\n<meta name=\"robots\" content=\"index, follow, max-snippet:-1, max-image-preview:large, max-video-preview:-1\" \/>\n<link rel=\"canonical\" href=\"https:\/\/www.ranciliogroup.com\/it\/rancilio-group-unisce-le-forze-con-enr-international-alla-22esima-edizione-dellinternational-cafe-show-seoul\/\" \/>\n<meta property=\"og:locale\" content=\"it_IT\" \/>\n<meta property=\"og:type\" content=\"article\" \/>\n<meta property=\"og:title\" content=\"Latest update about Rancilio Group unisce le forze con ENR International alla 22esima edizione dell&#039;International Caf\u00e9 Show Seoul - Rancilio Group\" \/>\n<meta property=\"og:description\" content=\"Read Rancilio Group&#039;s latest news about Rancilio Group unisce le forze con ENR International alla 22esima edizione dell&#039;International Caf\u00e9 Show Seoul\" \/>\n<meta property=\"og:url\" content=\"https:\/\/www.ranciliogroup.com\/it\/rancilio-group-unisce-le-forze-con-enr-international-alla-22esima-edizione-dellinternational-cafe-show-seoul\/\" \/>\n<meta property=\"og:site_name\" content=\"Rancilio Group\" \/>\n<meta property=\"article:publisher\" content=\"https:\/\/www.facebook.com\/RancilioGroup\" \/>\n<meta property=\"article:published_time\" content=\"2023-10-25T14:40:46+00:00\" \/>\n<meta property=\"og:image\" content=\"https:\/\/www.ranciliogroup.com\/app\/uploads\/2023\/10\/cafe-show-seoul.jpg\" \/>\n\t<meta property=\"og:image:width\" content=\"1201\" \/>\n\t<meta property=\"og:image:height\" content=\"621\" \/>\n\t<meta property=\"og:image:type\" content=\"image\/jpeg\" \/>\n<meta name=\"author\" content=\"temp circular\" \/>\n<meta name=\"twitter:card\" content=\"summary_large_image\" \/>\n<meta name=\"twitter:creator\" content=\"@ranciliogroup\" \/>\n<meta name=\"twitter:site\" content=\"@ranciliogroup\" \/>\n<meta name=\"twitter:label1\" content=\"Scritto da\" \/>\n\t<meta name=\"twitter:data1\" content=\"temp circular\" \/>\n\t<meta name=\"twitter:label2\" content=\"Tempo di lettura stimato\" \/>\n\t<meta name=\"twitter:data2\" content=\"1 minuto\" \/>\n<script type=\"application\/ld+json\" class=\"yoast-schema-graph\">{\"@context\":\"https:\/\/schema.org\",\"@graph\":[{\"@type\":\"Article\",\"@id\":\"https:\/\/www.ranciliogroup.com\/it\/rancilio-group-unisce-le-forze-con-enr-international-alla-22esima-edizione-dellinternational-cafe-show-seoul\/#article\",\"isPartOf\":{\"@id\":\"https:\/\/www.ranciliogroup.com\/it\/rancilio-group-unisce-le-forze-con-enr-international-alla-22esima-edizione-dellinternational-cafe-show-seoul\/\"},\"author\":{\"name\":\"temp circular\",\"@id\":\"https:\/\/www.ranciliogroup.com\/it\/#\/schema\/person\/d6bf0a7dfe74cded3d64da8b2c92814c\"},\"headline\":\"Rancilio Group unisce le forze con ENR International alla 22esima edizione dell&#8217;International Caf\u00e9 Show Seoul\",\"datePublished\":\"2023-10-25T14:40:46+00:00\",\"dateModified\":\"2023-10-25T14:40:46+00:00\",\"mainEntityOfPage\":{\"@id\":\"https:\/\/www.ranciliogroup.com\/it\/rancilio-group-unisce-le-forze-con-enr-international-alla-22esima-edizione-dellinternational-cafe-show-seoul\/\"},\"wordCount\":234,\"publisher\":{\"@id\":\"https:\/\/www.ranciliogroup.com\/it\/#organization\"},\"keywords\":[\"Caf\u00e9 Show\",\"Seoul\",\"World Latte Art Battle\",\"Invicta\"],\"articleSection\":[\"Eventi\"],\"inLanguage\":\"it-IT\"},{\"@type\":\"WebPage\",\"@id\":\"https:\/\/www.ranciliogroup.com\/it\/rancilio-group-unisce-le-forze-con-enr-international-alla-22esima-edizione-dellinternational-cafe-show-seoul\/\",\"url\":\"https:\/\/www.ranciliogroup.com\/it\/rancilio-group-unisce-le-forze-con-enr-international-alla-22esima-edizione-dellinternational-cafe-show-seoul\/\",\"name\":\"Latest update about Rancilio Group unisce le forze con ENR International alla 22esima edizione dell'International Caf\u00e9 Show Seoul - Rancilio Group\",\"isPartOf\":{\"@id\":\"https:\/\/www.ranciliogroup.com\/it\/#website\"},\"datePublished\":\"2023-10-25T14:40:46+00:00\",\"dateModified\":\"2023-10-25T14:40:46+00:00\",\"description\":\"Read Rancilio Group's latest news about Rancilio Group unisce le forze con ENR International alla 22esima edizione dell'International Caf\u00e9 Show Seoul\",\"breadcrumb\":{\"@id\":\"https:\/\/www.ranciliogroup.com\/it\/rancilio-group-unisce-le-forze-con-enr-international-alla-22esima-edizione-dellinternational-cafe-show-seoul\/#breadcrumb\"},\"inLanguage\":\"it-IT\",\"potentialAction\":[{\"@type\":\"ReadAction\",\"target\":[\"https:\/\/www.ranciliogroup.com\/it\/rancilio-group-unisce-le-forze-con-enr-international-alla-22esima-edizione-dellinternational-cafe-show-seoul\/\"]}]},{\"@type\":\"BreadcrumbList\",\"@id\":\"https:\/\/www.ranciliogroup.com\/it\/rancilio-group-unisce-le-forze-con-enr-international-alla-22esima-edizione-dellinternational-cafe-show-seoul\/#breadcrumb\",\"itemListElement\":[{\"@type\":\"ListItem\",\"position\":1,\"name\":\"Home\",\"item\":\"https:\/\/www.ranciliogroup.com\/it\/\"},{\"@type\":\"ListItem\",\"position\":2,\"name\":\"Rancilio Group unisce le forze con ENR International alla 22esima edizione dell&#8217;International Caf\u00e9 Show Seoul\"}]},{\"@type\":\"WebSite\",\"@id\":\"https:\/\/www.ranciliogroup.com\/it\/#website\",\"url\":\"https:\/\/www.ranciliogroup.com\/it\/\",\"name\":\"Rancilio Group\",\"description\":\"Leader delle Macchine da Caff\u00e8 Professionali\",\"publisher\":{\"@id\":\"https:\/\/www.ranciliogroup.com\/it\/#organization\"},\"potentialAction\":[{\"@type\":\"SearchAction\",\"target\":{\"@type\":\"EntryPoint\",\"urlTemplate\":\"https:\/\/www.ranciliogroup.com\/it\/?s={search_term_string}\"},\"query-input\":\"required name=search_term_string\"}],\"inLanguage\":\"it-IT\"},{\"@type\":\"Organization\",\"@id\":\"https:\/\/www.ranciliogroup.com\/it\/#organization\",\"name\":\"Rancilio Group\",\"url\":\"https:\/\/www.ranciliogroup.com\/it\/\",\"logo\":{\"@type\":\"ImageObject\",\"inLanguage\":\"it-IT\",\"@id\":\"https:\/\/www.ranciliogroup.com\/it\/#\/schema\/logo\/image\/\",\"url\":\"https:\/\/www.ranciliogroup.com\/app\/uploads\/2019\/07\/rancilio_black_logo.png\",\"contentUrl\":\"https:\/\/www.ranciliogroup.com\/app\/uploads\/2019\/07\/rancilio_black_logo.png\",\"width\":447,\"height\":57,\"caption\":\"Rancilio Group\"},\"image\":{\"@id\":\"https:\/\/www.ranciliogroup.com\/it\/#\/schema\/logo\/image\/\"},\"sameAs\":[\"https:\/\/www.facebook.com\/RancilioGroup\",\"https:\/\/twitter.com\/ranciliogroup\",\"https:\/\/www.instagram.com\/rancilio_official\/\",\"https:\/\/www.linkedin.com\/company\/ranciliogroup\/\",\"https:\/\/www.youtube.com\/user\/rancilioadmin\"]},{\"@type\":\"Person\",\"@id\":\"https:\/\/www.ranciliogroup.com\/it\/#\/schema\/person\/d6bf0a7dfe74cded3d64da8b2c92814c\",\"name\":\"temp circular\",\"image\":{\"@type\":\"ImageObject\",\"inLanguage\":\"it-IT\",\"@id\":\"https:\/\/www.ranciliogroup.com\/it\/#\/schema\/person\/image\/\",\"url\":\"https:\/\/secure.gravatar.com\/avatar\/569e71c3b97b8bcad1854d6579b35c5f?s=96&d=mm&r=g\",\"contentUrl\":\"https:\/\/secure.gravatar.com\/avatar\/569e71c3b97b8bcad1854d6579b35c5f?s=96&d=mm&r=g\",\"caption\":\"temp circular\"}}]}<\/script>\n<!-- \/ Yoast SEO plugin. -->","yoast_head_json":{"title":"Latest update about Rancilio Group unisce le forze con ENR International alla 22esima edizione dell'International Caf\u00e9 Show Seoul - Rancilio Group","description":"Read Rancilio Group's latest news about Rancilio Group unisce le forze con ENR International alla 22esima edizione dell'International Caf\u00e9 Show Seoul","robots":{"index":"index","follow":"follow","max-snippet":"max-snippet:-1","max-image-preview":"max-image-preview:large","max-video-preview":"max-video-preview:-1"},"canonical":"https:\/\/www.ranciliogroup.com\/it\/rancilio-group-unisce-le-forze-con-enr-international-alla-22esima-edizione-dellinternational-cafe-show-seoul\/","og_locale":"it_IT","og_type":"article","og_title":"Latest update about Rancilio Group unisce le forze con ENR International alla 22esima edizione dell'International Caf\u00e9 Show Seoul - Rancilio Group","og_description":"Read Rancilio Group's latest news about Rancilio Group unisce le forze con ENR International alla 22esima edizione dell'International Caf\u00e9 Show Seoul","og_url":"https:\/\/www.ranciliogroup.com\/it\/rancilio-group-unisce-le-forze-con-enr-international-alla-22esima-edizione-dellinternational-cafe-show-seoul\/","og_site_name":"Rancilio Group","article_publisher":"https:\/\/www.facebook.com\/RancilioGroup","article_published_time":"2023-10-25T14:40:46+00:00","og_image":[{"width":1201,"height":621,"url":"https:\/\/www.ranciliogroup.com\/app\/uploads\/2023\/10\/cafe-show-seoul.jpg","type":"image\/jpeg"}],"author":"temp circular","twitter_card":"summary_large_image","twitter_creator":"@ranciliogroup","twitter_site":"@ranciliogroup","twitter_misc":{"Scritto da":"temp circular","Tempo di lettura stimato":"1 minuto"},"schema":{"@context":"https:\/\/schema.org","@graph":[{"@type":"Article","@id":"https:\/\/www.ranciliogroup.com\/it\/rancilio-group-unisce-le-forze-con-enr-international-alla-22esima-edizione-dellinternational-cafe-show-seoul\/#article","isPartOf":{"@id":"https:\/\/www.ranciliogroup.com\/it\/rancilio-group-unisce-le-forze-con-enr-international-alla-22esima-edizione-dellinternational-cafe-show-seoul\/"},"author":{"name":"temp circular","@id":"https:\/\/www.ranciliogroup.com\/it\/#\/schema\/person\/d6bf0a7dfe74cded3d64da8b2c92814c"},"headline":"Rancilio Group unisce le forze con ENR International alla 22esima edizione dell&#8217;International Caf\u00e9 Show Seoul","datePublished":"2023-10-25T14:40:46+00:00","dateModified":"2023-10-25T14:40:46+00:00","mainEntityOfPage":{"@id":"https:\/\/www.ranciliogroup.com\/it\/rancilio-group-unisce-le-forze-con-enr-international-alla-22esima-edizione-dellinternational-cafe-show-seoul\/"},"wordCount":234,"publisher":{"@id":"https:\/\/www.ranciliogroup.com\/it\/#organization"},"keywords":["Caf\u00e9 Show","Seoul","World Latte Art Battle","Invicta"],"articleSection":["Eventi"],"inLanguage":"it-IT"},{"@type":"WebPage","@id":"https:\/\/www.ranciliogroup.com\/it\/rancilio-group-unisce-le-forze-con-enr-international-alla-22esima-edizione-dellinternational-cafe-show-seoul\/","url":"https:\/\/www.ranciliogroup.com\/it\/rancilio-group-unisce-le-forze-con-enr-international-alla-22esima-edizione-dellinternational-cafe-show-seoul\/","name":"Latest update about Rancilio Group unisce le forze con ENR International alla 22esima edizione dell'International Caf\u00e9 Show Seoul - Rancilio Group","isPartOf":{"@id":"https:\/\/www.ranciliogroup.com\/it\/#website"},"datePublished":"2023-10-25T14:40:46+00:00","dateModified":"2023-10-25T14:40:46+00:00","description":"Read Rancilio Group's latest news about Rancilio Group unisce le forze con ENR International alla 22esima edizione dell'International Caf\u00e9 Show Seoul","breadcrumb":{"@id":"https:\/\/www.ranciliogroup.com\/it\/rancilio-group-unisce-le-forze-con-enr-international-alla-22esima-edizione-dellinternational-cafe-show-seoul\/#breadcrumb"},"inLanguage":"it-IT","potentialAction":[{"@type":"ReadAction","target":["https:\/\/www.ranciliogroup.com\/it\/rancilio-group-unisce-le-forze-con-enr-international-alla-22esima-edizione-dellinternational-cafe-show-seoul\/"]}]},{"@type":"BreadcrumbList","@id":"https:\/\/www.ranciliogroup.com\/it\/rancilio-group-unisce-le-forze-con-enr-international-alla-22esima-edizione-dellinternational-cafe-show-seoul\/#breadcrumb","itemListElement":[{"@type":"ListItem","position":1,"name":"Home","item":"https:\/\/www.ranciliogroup.com\/it\/"},{"@type":"ListItem","position":2,"name":"Rancilio Group unisce le forze con ENR International alla 22esima edizione dell&#8217;International Caf\u00e9 Show Seoul"}]},{"@type":"WebSite","@id":"https:\/\/www.ranciliogroup.com\/it\/#website","url":"https:\/\/www.ranciliogroup.com\/it\/","name":"Rancilio Group","description":"Leader delle Macchine da Caff\u00e8 Professionali","publisher":{"@id":"https:\/\/www.ranciliogroup.com\/it\/#organization"},"potentialAction":[{"@type":"SearchAction","target":{"@type":"EntryPoint","urlTemplate":"https:\/\/www.ranciliogroup.com\/it\/?s={search_term_string}"},"query-input":"required name=search_term_string"}],"inLanguage":"it-IT"},{"@type":"Organization","@id":"https:\/\/www.ranciliogroup.com\/it\/#organization","name":"Rancilio Group","url":"https:\/\/www.ranciliogroup.com\/it\/","logo":{"@type":"ImageObject","inLanguage":"it-IT","@id":"https:\/\/www.ranciliogroup.com\/it\/#\/schema\/logo\/image\/","url":"https:\/\/www.ranciliogroup.com\/app\/uploads\/2019\/07\/rancilio_black_logo.png","contentUrl":"https:\/\/www.ranciliogroup.com\/app\/uploads\/2019\/07\/rancilio_black_logo.png","width":447,"height":57,"caption":"Rancilio Group"},"image":{"@id":"https:\/\/www.ranciliogroup.com\/it\/#\/schema\/logo\/image\/"},"sameAs":["https:\/\/www.facebook.com\/RancilioGroup","https:\/\/twitter.com\/ranciliogroup","https:\/\/www.instagram.com\/rancilio_official\/","https:\/\/www.linkedin.com\/company\/ranciliogroup\/","https:\/\/www.youtube.com\/user\/rancilioadmin"]},{"@type":"Person","@id":"https:\/\/www.ranciliogroup.com\/it\/#\/schema\/person\/d6bf0a7dfe74cded3d64da8b2c92814c","name":"temp circular","image":{"@type":"ImageObject","inLanguage":"it-IT","@id":"https:\/\/www.ranciliogroup.com\/it\/#\/schema\/person\/image\/","url":"https:\/\/secure.gravatar.com\/avatar\/569e71c3b97b8bcad1854d6579b35c5f?s=96&d=mm&r=g","contentUrl":"https:\/\/secure.gravatar.com\/avatar\/569e71c3b97b8bcad1854d6579b35c5f?s=96&d=mm&r=g","caption":"temp circular"}}]}},"_links":{"self":[{"href":"https:\/\/www.ranciliogroup.com\/it\/wp-json\/wp\/v2\/posts\/72506"}],"collection":[{"href":"https:\/\/www.ranciliogroup.com\/it\/wp-json\/wp\/v2\/posts"}],"about":[{"href":"https:\/\/www.ranciliogroup.com\/it\/wp-json\/wp\/v2\/types\/post"}],"author":[{"embeddable":true,"href":"https:\/\/www.ranciliogroup.com\/it\/wp-json\/wp\/v2\/users\/5"}],"replies":[{"embeddable":true,"href":"https:\/\/www.ranciliogroup.com\/it\/wp-json\/wp\/v2\/comments?post=72506"}],"version-history":[{"count":2,"href":"https:\/\/www.ranciliogroup.com\/it\/wp-json\/wp\/v2\/posts\/72506\/revisions"}],"predecessor-version":[{"id":72508,"href":"https:\/\/www.ranciliogroup.com\/it\/wp-json\/wp\/v2\/posts\/72506\/revisions\/72508"}],"wp:featuredmedia":[{"embeddable":true,"href":"https:\/\/www.ranciliogroup.com\/it\/wp-json\/wp\/v2\/media\/72502"}],"wp:attachment":[{"href":"https:\/\/www.ranciliogroup.com\/it\/wp-json\/wp\/v2\/media?parent=72506"}],"wp:term":[{"taxonomy":"category","embeddable":true,"href":"https:\/\/www.ranciliogroup.com\/it\/wp-json\/wp\/v2\/categories?post=72506"},{"taxonomy":"post_tag","embeddable":true,"href":"https:\/\/www.ranciliogroup.com\/it\/wp-json\/wp\/v2\/tags?post=72506"}],"curies":[{"name":"wp","href":"https:\/\/api.w.org\/{rel}","templated":true}]}}