{"id":72772,"date":"2023-12-15T14:23:19","date_gmt":"2023-12-15T13:23:19","guid":{"rendered":"https:\/\/www.ranciliogroup.com\/?p=72772"},"modified":"2023-12-15T14:23:19","modified_gmt":"2023-12-15T13:23:19","slug":"rancilio-group-a-dubai-per-il-world-of-coffee-2024","status":"publish","type":"post","link":"https:\/\/www.ranciliogroup.com\/it\/rancilio-group-a-dubai-per-il-world-of-coffee-2024\/","title":{"rendered":"Rancilio Group a Dubai per il World of Coffee 2024"},"content":{"rendered":"<p>Dal 21 al 23 gennaio Rancilio Group vi invita all&#8217;atteso World of Coffee presso il World Trade Center di Dubai. Dopo il successo delle passate edizioni, il World of Coffee Dubai torna con un nuovo appuntamento per ricevere il pubblico proveniente dall&#8217;industria emergente del caff\u00e8 del Medio Oriente e non solo.<\/p>\n<p>Rancilio Specialty \u00e8 pronta a stupire tutti i professionisti del caff\u00e8 che verranno in fiera con una versione originale della macchina per caff\u00e8 professionale multi-caldaia RS1, pensata appositamente per rendere omaggio agli Emirati Arabi Uniti, nostro Paese ospitante. A complemento della selezione Rancilio Specialty, sar\u00e0 presente all&#8217;evento la macchina per caff\u00e8 monocaldaia Invicta, vestita di un affascinante abito verde reseda.<\/p>\n<p>Anche Rancilio Grindtec \u00e8 pronta a presentare le sue ultime novit\u00e0: il macinacaff\u00e8 professionale Bond, nato per soddisfare le esigenze delle grandi catene, e Kryo Elite, il macinadosatore professionale pensato per chi cerca una soluzione intelligente per velocizzare le operazioni, regolando automaticamente tempo e dose della macinatura caff\u00e8.<\/p>\n<p>Gli appassionati della Linea Casa Rancilio avranno l&#8217;opportunit\u00e0 di scoprire la macchina per caff\u00e8 a caldaia singola Silvia e la macchina per caff\u00e8 a doppia caldaia Silvia Pro X, entrambe dal design elegante per l&#8217;uso casalingo, insieme al macinadosatore domestico Stile.<\/p>\n<p>Tra conferenze, workshop, concorsi e premi coinvolgenti, il World of Coffee \u00e8 fatto su misura per connettere produttori, rivenditori, commercianti di caff\u00e8 e l&#8217;industria in generale in un&#8217;imperdibile opportunit\u00e0.<\/p>\n<p>&nbsp;<\/p>\n<p>&nbsp;<\/p>\n<p><strong>WOC DUBAI \/ Rancilio Group<\/strong><br \/>\nDal 21 al 23 gennaio 2024<br \/>\nDalle 10:00 alle 18:00<br \/>\nStand Z5-C70<br \/>\n<a href=\"https:\/\/www.google.com\/maps?ll=25.2257,55.29134&amp;z=16&amp;t=m&amp;hl=en&amp;gl=AE&amp;mapclient=embed&amp;cid=2967151958706249861\">Za\u2019abeel Padiglioni 4 &#8211; 5 \u2013 6, Dubai World Trade Center<\/a><br \/>\n67FP+8Q Dubai, Emirati Arabi Uniti<\/p>\n<p>&nbsp;<\/p>\n<p><strong><a href=\"https:\/\/www.linkedin.com\/company\/ranciliogroup\/posts\/?feedView=all\">Segui l&#8217;evento sulla nostra pagina LinkedIn<\/a><\/strong><\/p>\n<p>&nbsp;<\/p>\n<p><strong>Informazioni sull&#8217;evento:<\/strong><br \/>\n<a href=\"https:\/\/dubai.worldofcoffee.org\/\">https:\/\/dubai.worldofcoffee.org\/<\/a><\/p>\n","protected":false},"excerpt":{"rendered":"<p>Dal 21 al 23 gennaio Rancilio Group vi invita all&#8217;atteso World of Coffee presso il World Trade Center di Dubai&#8230;.<\/p>\n","protected":false},"author":5,"featured_media":72758,"comment_status":"closed","ping_status":"closed","sticky":false,"template":"","format":"standard","meta":[],"categories":[465],"tags":[3144,2849,2782,2727,2728,2729,2619,2618,2587],"acf":[],"yoast_head":"<!-- This site is optimized with the Yoast SEO plugin v21.5 - https:\/\/yoast.com\/wordpress\/plugins\/seo\/ -->\n<title>Latest update about Rancilio Group a Dubai per il World of Coffee 2024 - Rancilio Group<\/title>\n<meta name=\"description\" content=\"Read Rancilio Group&#039;s latest news about Rancilio Group a Dubai per il World of Coffee 2024\" \/>\n<meta name=\"robots\" content=\"index, follow, max-snippet:-1, max-image-preview:large, max-video-preview:-1\" \/>\n<link rel=\"canonical\" href=\"https:\/\/www.ranciliogroup.com\/it\/rancilio-group-a-dubai-per-il-world-of-coffee-2024\/\" \/>\n<meta property=\"og:locale\" content=\"it_IT\" \/>\n<meta property=\"og:type\" content=\"article\" \/>\n<meta property=\"og:title\" content=\"Latest update about Rancilio Group a Dubai per il World of Coffee 2024 - Rancilio Group\" \/>\n<meta property=\"og:description\" content=\"Read Rancilio Group&#039;s latest news about Rancilio Group a Dubai per il World of Coffee 2024\" \/>\n<meta property=\"og:url\" content=\"https:\/\/www.ranciliogroup.com\/it\/rancilio-group-a-dubai-per-il-world-of-coffee-2024\/\" \/>\n<meta property=\"og:site_name\" content=\"Rancilio Group\" \/>\n<meta property=\"article:publisher\" content=\"https:\/\/www.facebook.com\/RancilioGroup\" \/>\n<meta property=\"article:published_time\" content=\"2023-12-15T13:23:19+00:00\" \/>\n<meta property=\"og:image\" content=\"https:\/\/www.ranciliogroup.com\/app\/uploads\/2023\/12\/WOC_DUBAI_RG_01.jpg\" \/>\n\t<meta property=\"og:image:width\" content=\"1080\" \/>\n\t<meta property=\"og:image:height\" content=\"720\" \/>\n\t<meta property=\"og:image:type\" content=\"image\/jpeg\" \/>\n<meta name=\"author\" content=\"temp circular\" \/>\n<meta name=\"twitter:card\" content=\"summary_large_image\" \/>\n<meta name=\"twitter:creator\" content=\"@ranciliogroup\" \/>\n<meta name=\"twitter:site\" content=\"@ranciliogroup\" \/>\n<meta name=\"twitter:label1\" content=\"Scritto da\" \/>\n\t<meta name=\"twitter:data1\" content=\"temp circular\" \/>\n\t<meta name=\"twitter:label2\" content=\"Tempo di lettura stimato\" \/>\n\t<meta name=\"twitter:data2\" content=\"2 minuti\" \/>\n<script type=\"application\/ld+json\" class=\"yoast-schema-graph\">{\"@context\":\"https:\/\/schema.org\",\"@graph\":[{\"@type\":\"Article\",\"@id\":\"https:\/\/www.ranciliogroup.com\/it\/rancilio-group-a-dubai-per-il-world-of-coffee-2024\/#article\",\"isPartOf\":{\"@id\":\"https:\/\/www.ranciliogroup.com\/it\/rancilio-group-a-dubai-per-il-world-of-coffee-2024\/\"},\"author\":{\"name\":\"temp circular\",\"@id\":\"https:\/\/www.ranciliogroup.com\/it\/#\/schema\/person\/d6bf0a7dfe74cded3d64da8b2c92814c\"},\"headline\":\"Rancilio Group a Dubai per il World of Coffee 2024\",\"datePublished\":\"2023-12-15T13:23:19+00:00\",\"dateModified\":\"2023-12-15T13:23:19+00:00\",\"mainEntityOfPage\":{\"@id\":\"https:\/\/www.ranciliogroup.com\/it\/rancilio-group-a-dubai-per-il-world-of-coffee-2024\/\"},\"wordCount\":275,\"publisher\":{\"@id\":\"https:\/\/www.ranciliogroup.com\/it\/#organization\"},\"keywords\":[\"Bond\",\"Silvia\",\"Stile\",\"WOC\",\"Dubai\",\"Silvia Pro X\",\"Kryo\",\"Invicta\",\"RS1\"],\"articleSection\":[\"Eventi\"],\"inLanguage\":\"it-IT\"},{\"@type\":\"WebPage\",\"@id\":\"https:\/\/www.ranciliogroup.com\/it\/rancilio-group-a-dubai-per-il-world-of-coffee-2024\/\",\"url\":\"https:\/\/www.ranciliogroup.com\/it\/rancilio-group-a-dubai-per-il-world-of-coffee-2024\/\",\"name\":\"Latest update about Rancilio Group a Dubai per il World of Coffee 2024 - Rancilio Group\",\"isPartOf\":{\"@id\":\"https:\/\/www.ranciliogroup.com\/it\/#website\"},\"datePublished\":\"2023-12-15T13:23:19+00:00\",\"dateModified\":\"2023-12-15T13:23:19+00:00\",\"description\":\"Read Rancilio Group's latest news about Rancilio Group a Dubai per il World of Coffee 2024\",\"breadcrumb\":{\"@id\":\"https:\/\/www.ranciliogroup.com\/it\/rancilio-group-a-dubai-per-il-world-of-coffee-2024\/#breadcrumb\"},\"inLanguage\":\"it-IT\",\"potentialAction\":[{\"@type\":\"ReadAction\",\"target\":[\"https:\/\/www.ranciliogroup.com\/it\/rancilio-group-a-dubai-per-il-world-of-coffee-2024\/\"]}]},{\"@type\":\"BreadcrumbList\",\"@id\":\"https:\/\/www.ranciliogroup.com\/it\/rancilio-group-a-dubai-per-il-world-of-coffee-2024\/#breadcrumb\",\"itemListElement\":[{\"@type\":\"ListItem\",\"position\":1,\"name\":\"Home\",\"item\":\"https:\/\/www.ranciliogroup.com\/it\/\"},{\"@type\":\"ListItem\",\"position\":2,\"name\":\"Rancilio Group a Dubai per il World of Coffee 2024\"}]},{\"@type\":\"WebSite\",\"@id\":\"https:\/\/www.ranciliogroup.com\/it\/#website\",\"url\":\"https:\/\/www.ranciliogroup.com\/it\/\",\"name\":\"Rancilio Group\",\"description\":\"Leader delle Macchine da Caff\u00e8 Professionali\",\"publisher\":{\"@id\":\"https:\/\/www.ranciliogroup.com\/it\/#organization\"},\"potentialAction\":[{\"@type\":\"SearchAction\",\"target\":{\"@type\":\"EntryPoint\",\"urlTemplate\":\"https:\/\/www.ranciliogroup.com\/it\/?s={search_term_string}\"},\"query-input\":\"required name=search_term_string\"}],\"inLanguage\":\"it-IT\"},{\"@type\":\"Organization\",\"@id\":\"https:\/\/www.ranciliogroup.com\/it\/#organization\",\"name\":\"Rancilio Group\",\"url\":\"https:\/\/www.ranciliogroup.com\/it\/\",\"logo\":{\"@type\":\"ImageObject\",\"inLanguage\":\"it-IT\",\"@id\":\"https:\/\/www.ranciliogroup.com\/it\/#\/schema\/logo\/image\/\",\"url\":\"https:\/\/www.ranciliogroup.com\/app\/uploads\/2019\/07\/rancilio_black_logo.png\",\"contentUrl\":\"https:\/\/www.ranciliogroup.com\/app\/uploads\/2019\/07\/rancilio_black_logo.png\",\"width\":447,\"height\":57,\"caption\":\"Rancilio Group\"},\"image\":{\"@id\":\"https:\/\/www.ranciliogroup.com\/it\/#\/schema\/logo\/image\/\"},\"sameAs\":[\"https:\/\/www.facebook.com\/RancilioGroup\",\"https:\/\/twitter.com\/ranciliogroup\",\"https:\/\/www.instagram.com\/rancilio_official\/\",\"https:\/\/www.linkedin.com\/company\/ranciliogroup\/\",\"https:\/\/www.youtube.com\/user\/rancilioadmin\"]},{\"@type\":\"Person\",\"@id\":\"https:\/\/www.ranciliogroup.com\/it\/#\/schema\/person\/d6bf0a7dfe74cded3d64da8b2c92814c\",\"name\":\"temp circular\",\"image\":{\"@type\":\"ImageObject\",\"inLanguage\":\"it-IT\",\"@id\":\"https:\/\/www.ranciliogroup.com\/it\/#\/schema\/person\/image\/\",\"url\":\"https:\/\/secure.gravatar.com\/avatar\/569e71c3b97b8bcad1854d6579b35c5f?s=96&d=mm&r=g\",\"contentUrl\":\"https:\/\/secure.gravatar.com\/avatar\/569e71c3b97b8bcad1854d6579b35c5f?s=96&d=mm&r=g\",\"caption\":\"temp circular\"}}]}<\/script>\n<!-- \/ Yoast SEO plugin. -->","yoast_head_json":{"title":"Latest update about Rancilio Group a Dubai per il World of Coffee 2024 - Rancilio Group","description":"Read Rancilio Group's latest news about Rancilio Group a Dubai per il World of Coffee 2024","robots":{"index":"index","follow":"follow","max-snippet":"max-snippet:-1","max-image-preview":"max-image-preview:large","max-video-preview":"max-video-preview:-1"},"canonical":"https:\/\/www.ranciliogroup.com\/it\/rancilio-group-a-dubai-per-il-world-of-coffee-2024\/","og_locale":"it_IT","og_type":"article","og_title":"Latest update about Rancilio Group a Dubai per il World of Coffee 2024 - Rancilio Group","og_description":"Read Rancilio Group's latest news about Rancilio Group a Dubai per il World of Coffee 2024","og_url":"https:\/\/www.ranciliogroup.com\/it\/rancilio-group-a-dubai-per-il-world-of-coffee-2024\/","og_site_name":"Rancilio Group","article_publisher":"https:\/\/www.facebook.com\/RancilioGroup","article_published_time":"2023-12-15T13:23:19+00:00","og_image":[{"width":1080,"height":720,"url":"https:\/\/www.ranciliogroup.com\/app\/uploads\/2023\/12\/WOC_DUBAI_RG_01.jpg","type":"image\/jpeg"}],"author":"temp circular","twitter_card":"summary_large_image","twitter_creator":"@ranciliogroup","twitter_site":"@ranciliogroup","twitter_misc":{"Scritto da":"temp circular","Tempo di lettura stimato":"2 minuti"},"schema":{"@context":"https:\/\/schema.org","@graph":[{"@type":"Article","@id":"https:\/\/www.ranciliogroup.com\/it\/rancilio-group-a-dubai-per-il-world-of-coffee-2024\/#article","isPartOf":{"@id":"https:\/\/www.ranciliogroup.com\/it\/rancilio-group-a-dubai-per-il-world-of-coffee-2024\/"},"author":{"name":"temp circular","@id":"https:\/\/www.ranciliogroup.com\/it\/#\/schema\/person\/d6bf0a7dfe74cded3d64da8b2c92814c"},"headline":"Rancilio Group a Dubai per il World of Coffee 2024","datePublished":"2023-12-15T13:23:19+00:00","dateModified":"2023-12-15T13:23:19+00:00","mainEntityOfPage":{"@id":"https:\/\/www.ranciliogroup.com\/it\/rancilio-group-a-dubai-per-il-world-of-coffee-2024\/"},"wordCount":275,"publisher":{"@id":"https:\/\/www.ranciliogroup.com\/it\/#organization"},"keywords":["Bond","Silvia","Stile","WOC","Dubai","Silvia Pro X","Kryo","Invicta","RS1"],"articleSection":["Eventi"],"inLanguage":"it-IT"},{"@type":"WebPage","@id":"https:\/\/www.ranciliogroup.com\/it\/rancilio-group-a-dubai-per-il-world-of-coffee-2024\/","url":"https:\/\/www.ranciliogroup.com\/it\/rancilio-group-a-dubai-per-il-world-of-coffee-2024\/","name":"Latest update about Rancilio Group a Dubai per il World of Coffee 2024 - Rancilio Group","isPartOf":{"@id":"https:\/\/www.ranciliogroup.com\/it\/#website"},"datePublished":"2023-12-15T13:23:19+00:00","dateModified":"2023-12-15T13:23:19+00:00","description":"Read Rancilio Group's latest news about Rancilio Group a Dubai per il World of Coffee 2024","breadcrumb":{"@id":"https:\/\/www.ranciliogroup.com\/it\/rancilio-group-a-dubai-per-il-world-of-coffee-2024\/#breadcrumb"},"inLanguage":"it-IT","potentialAction":[{"@type":"ReadAction","target":["https:\/\/www.ranciliogroup.com\/it\/rancilio-group-a-dubai-per-il-world-of-coffee-2024\/"]}]},{"@type":"BreadcrumbList","@id":"https:\/\/www.ranciliogroup.com\/it\/rancilio-group-a-dubai-per-il-world-of-coffee-2024\/#breadcrumb","itemListElement":[{"@type":"ListItem","position":1,"name":"Home","item":"https:\/\/www.ranciliogroup.com\/it\/"},{"@type":"ListItem","position":2,"name":"Rancilio Group a Dubai per il World of Coffee 2024"}]},{"@type":"WebSite","@id":"https:\/\/www.ranciliogroup.com\/it\/#website","url":"https:\/\/www.ranciliogroup.com\/it\/","name":"Rancilio Group","description":"Leader delle Macchine da Caff\u00e8 Professionali","publisher":{"@id":"https:\/\/www.ranciliogroup.com\/it\/#organization"},"potentialAction":[{"@type":"SearchAction","target":{"@type":"EntryPoint","urlTemplate":"https:\/\/www.ranciliogroup.com\/it\/?s={search_term_string}"},"query-input":"required name=search_term_string"}],"inLanguage":"it-IT"},{"@type":"Organization","@id":"https:\/\/www.ranciliogroup.com\/it\/#organization","name":"Rancilio Group","url":"https:\/\/www.ranciliogroup.com\/it\/","logo":{"@type":"ImageObject","inLanguage":"it-IT","@id":"https:\/\/www.ranciliogroup.com\/it\/#\/schema\/logo\/image\/","url":"https:\/\/www.ranciliogroup.com\/app\/uploads\/2019\/07\/rancilio_black_logo.png","contentUrl":"https:\/\/www.ranciliogroup.com\/app\/uploads\/2019\/07\/rancilio_black_logo.png","width":447,"height":57,"caption":"Rancilio Group"},"image":{"@id":"https:\/\/www.ranciliogroup.com\/it\/#\/schema\/logo\/image\/"},"sameAs":["https:\/\/www.facebook.com\/RancilioGroup","https:\/\/twitter.com\/ranciliogroup","https:\/\/www.instagram.com\/rancilio_official\/","https:\/\/www.linkedin.com\/company\/ranciliogroup\/","https:\/\/www.youtube.com\/user\/rancilioadmin"]},{"@type":"Person","@id":"https:\/\/www.ranciliogroup.com\/it\/#\/schema\/person\/d6bf0a7dfe74cded3d64da8b2c92814c","name":"temp circular","image":{"@type":"ImageObject","inLanguage":"it-IT","@id":"https:\/\/www.ranciliogroup.com\/it\/#\/schema\/person\/image\/","url":"https:\/\/secure.gravatar.com\/avatar\/569e71c3b97b8bcad1854d6579b35c5f?s=96&d=mm&r=g","contentUrl":"https:\/\/secure.gravatar.com\/avatar\/569e71c3b97b8bcad1854d6579b35c5f?s=96&d=mm&r=g","caption":"temp circular"}}]}},"_links":{"self":[{"href":"https:\/\/www.ranciliogroup.com\/it\/wp-json\/wp\/v2\/posts\/72772"}],"collection":[{"href":"https:\/\/www.ranciliogroup.com\/it\/wp-json\/wp\/v2\/posts"}],"about":[{"href":"https:\/\/www.ranciliogroup.com\/it\/wp-json\/wp\/v2\/types\/post"}],"author":[{"embeddable":true,"href":"https:\/\/www.ranciliogroup.com\/it\/wp-json\/wp\/v2\/users\/5"}],"replies":[{"embeddable":true,"href":"https:\/\/www.ranciliogroup.com\/it\/wp-json\/wp\/v2\/comments?post=72772"}],"version-history":[{"count":3,"href":"https:\/\/www.ranciliogroup.com\/it\/wp-json\/wp\/v2\/posts\/72772\/revisions"}],"predecessor-version":[{"id":72775,"href":"https:\/\/www.ranciliogroup.com\/it\/wp-json\/wp\/v2\/posts\/72772\/revisions\/72775"}],"wp:featuredmedia":[{"embeddable":true,"href":"https:\/\/www.ranciliogroup.com\/it\/wp-json\/wp\/v2\/media\/72758"}],"wp:attachment":[{"href":"https:\/\/www.ranciliogroup.com\/it\/wp-json\/wp\/v2\/media?parent=72772"}],"wp:term":[{"taxonomy":"category","embeddable":true,"href":"https:\/\/www.ranciliogroup.com\/it\/wp-json\/wp\/v2\/categories?post=72772"},{"taxonomy":"post_tag","embeddable":true,"href":"https:\/\/www.ranciliogroup.com\/it\/wp-json\/wp\/v2\/tags?post=72772"}],"curies":[{"name":"wp","href":"https:\/\/api.w.org\/{rel}","templated":true}]}}