{"id":72833,"date":"2024-01-12T11:25:46","date_gmt":"2024-01-12T10:25:46","guid":{"rendered":"https:\/\/www.ranciliogroup.com\/?p=72833"},"modified":"2024-01-12T11:25:46","modified_gmt":"2024-01-12T10:25:46","slug":"rancilio-classe-20-sb-a-sigep-per-la-prima-tappa-lags","status":"publish","type":"post","link":"https:\/\/www.ranciliogroup.com\/it\/rancilio-classe-20-sb-a-sigep-per-la-prima-tappa-lags\/","title":{"rendered":"Rancilio Classe 20 SB a SIGEP per la prima tappa LAGS"},"content":{"rendered":"<p>Il 23 gennaio presso la fiera SIGEP, Rancilio Classe 20 SB sar\u00e0 sponsor ufficiale della prima tappa di selezione italiana del circuito di competizioni di Latte Art Grading System 2024.<\/p>\n<p>I concorrenti dei livelli verde, rosso e nero avranno la possibilit\u00e0 di sfidarsi utilizzando l\u2019avanzata tecnologia Steady Brew di Classe 20. Questa funzione permette di mantenere un\u2019eccellente stabilit\u00e0 termica durante l\u2019estrazione e, di conseguenza, un\u2019elevata affidabilit\u00e0 e massima ripetibilit\u00e0. La pratica leva C-lever sar\u00e0, inoltre, un altro asset a disposizione dei giovani concorrenti nella preparazione di latte art a regola d\u2019arte.<\/p>\n<p>Il circuito Latte Art Grading \u00e8 un sistema di qualificazione volto a valutare i concorrenti in base alla loro capacit\u00e0 tecnica e creativa. Anche quest\u2019anno i nuovi talenti provenienti da tutta Italia avranno modo di testare le loro abilit\u00e0 per vincere il titolo nazionale. Il campione italiano avr\u00e0 inoltre l\u2019opportunit\u00e0 di rappresentare l\u2019Italia ai campionati mondiali The World LAGS Battle 2024 affianco ai finalisti provenienti da tutti i Paesi parte del circuito LAGS.<\/p>\n<p>&nbsp;<\/p>\n<p><strong>LAGS Battle Italia 2024<\/strong><br \/>\n23 gennaio 2024<br \/>\nDalle 09.30 alle 18.00<br \/>\nPad. B1 Stand 074<br \/>\n<a href=\"https:\/\/www.google.com\/maps\/place\/Fiera+di+Rimini\/@44.0720967,12.5232486,17z\/data=!3m1!4b1!4m6!3m5!1s0x132cc154ddb709ed:0x1bd184dcbd7c352f!8m2!3d44.0720929!4d12.5258289!16s%2Fg%2F1tl6n18k?authuser=0&amp;entry=ttu\">Fiera di Rimini<\/a><br \/>\nVia Emilia, 155<br \/>\n47921 Rimini RN, Italia<\/p>\n<p>&nbsp;<\/p>\n<p><strong>Scopri di pi\u00f9 su Latte Art Grading System:<\/strong><br \/>\n<a href=\"https:\/\/www.latteartgrading.com\/\">https:\/\/www.latteartgrading.com\/<\/a><\/p>\n<p>&nbsp;<\/p>\n<p>&nbsp;<\/p>\n","protected":false},"excerpt":{"rendered":"<p>Il 23 gennaio presso la fiera SIGEP, Rancilio Classe 20 SB sar\u00e0 sponsor ufficiale della prima tappa di selezione italiana&#8230;<\/p>\n","protected":false},"author":5,"featured_media":72836,"comment_status":"closed","ping_status":"closed","sticky":false,"template":"","format":"standard","meta":[],"categories":[465],"tags":[3318,2949,2829,2748],"acf":[],"yoast_head":"<!-- This site is optimized with the Yoast SEO plugin v21.5 - https:\/\/yoast.com\/wordpress\/plugins\/seo\/ -->\n<title>Latest update about Rancilio Classe 20 SB a SIGEP per la prima tappa LAGS - Rancilio Group<\/title>\n<meta name=\"description\" content=\"Read Rancilio Group&#039;s latest news about Rancilio Classe 20 SB a SIGEP per la prima tappa LAGS\" \/>\n<meta name=\"robots\" content=\"index, follow, max-snippet:-1, max-image-preview:large, max-video-preview:-1\" \/>\n<link rel=\"canonical\" href=\"https:\/\/www.ranciliogroup.com\/it\/rancilio-classe-20-sb-a-sigep-per-la-prima-tappa-lags\/\" \/>\n<meta property=\"og:locale\" content=\"it_IT\" \/>\n<meta property=\"og:type\" content=\"article\" \/>\n<meta property=\"og:title\" content=\"Latest update about Rancilio Classe 20 SB a SIGEP per la prima tappa LAGS - Rancilio Group\" \/>\n<meta property=\"og:description\" content=\"Read Rancilio Group&#039;s latest news about Rancilio Classe 20 SB a SIGEP per la prima tappa LAGS\" \/>\n<meta property=\"og:url\" content=\"https:\/\/www.ranciliogroup.com\/it\/rancilio-classe-20-sb-a-sigep-per-la-prima-tappa-lags\/\" \/>\n<meta property=\"og:site_name\" content=\"Rancilio Group\" \/>\n<meta property=\"article:publisher\" content=\"https:\/\/www.facebook.com\/RancilioGroup\" \/>\n<meta property=\"article:published_time\" content=\"2024-01-12T10:25:46+00:00\" \/>\n<meta property=\"og:image\" content=\"https:\/\/www.ranciliogroup.com\/app\/uploads\/2024\/01\/Rancilio-LAGS-2023.jpg\" \/>\n\t<meta property=\"og:image:width\" content=\"1080\" \/>\n\t<meta property=\"og:image:height\" content=\"720\" \/>\n\t<meta property=\"og:image:type\" content=\"image\/jpeg\" \/>\n<meta name=\"author\" content=\"temp circular\" \/>\n<meta name=\"twitter:card\" content=\"summary_large_image\" \/>\n<meta name=\"twitter:creator\" content=\"@ranciliogroup\" \/>\n<meta name=\"twitter:site\" content=\"@ranciliogroup\" \/>\n<meta name=\"twitter:label1\" content=\"Scritto da\" \/>\n\t<meta name=\"twitter:data1\" content=\"temp circular\" \/>\n\t<meta name=\"twitter:label2\" content=\"Tempo di lettura stimato\" \/>\n\t<meta name=\"twitter:data2\" content=\"1 minuto\" \/>\n<script type=\"application\/ld+json\" class=\"yoast-schema-graph\">{\"@context\":\"https:\/\/schema.org\",\"@graph\":[{\"@type\":\"Article\",\"@id\":\"https:\/\/www.ranciliogroup.com\/it\/rancilio-classe-20-sb-a-sigep-per-la-prima-tappa-lags\/#article\",\"isPartOf\":{\"@id\":\"https:\/\/www.ranciliogroup.com\/it\/rancilio-classe-20-sb-a-sigep-per-la-prima-tappa-lags\/\"},\"author\":{\"name\":\"temp circular\",\"@id\":\"https:\/\/www.ranciliogroup.com\/it\/#\/schema\/person\/d6bf0a7dfe74cded3d64da8b2c92814c\"},\"headline\":\"Rancilio Classe 20 SB a SIGEP per la prima tappa LAGS\",\"datePublished\":\"2024-01-12T10:25:46+00:00\",\"dateModified\":\"2024-01-12T10:25:46+00:00\",\"mainEntityOfPage\":{\"@id\":\"https:\/\/www.ranciliogroup.com\/it\/rancilio-classe-20-sb-a-sigep-per-la-prima-tappa-lags\/\"},\"wordCount\":209,\"publisher\":{\"@id\":\"https:\/\/www.ranciliogroup.com\/it\/#organization\"},\"keywords\":[\"C20\",\"Steady Brew\",\"LAGS\",\"Rancilio\"],\"articleSection\":[\"Eventi\"],\"inLanguage\":\"it-IT\"},{\"@type\":\"WebPage\",\"@id\":\"https:\/\/www.ranciliogroup.com\/it\/rancilio-classe-20-sb-a-sigep-per-la-prima-tappa-lags\/\",\"url\":\"https:\/\/www.ranciliogroup.com\/it\/rancilio-classe-20-sb-a-sigep-per-la-prima-tappa-lags\/\",\"name\":\"Latest update about Rancilio Classe 20 SB a SIGEP per la prima tappa LAGS - Rancilio Group\",\"isPartOf\":{\"@id\":\"https:\/\/www.ranciliogroup.com\/it\/#website\"},\"datePublished\":\"2024-01-12T10:25:46+00:00\",\"dateModified\":\"2024-01-12T10:25:46+00:00\",\"description\":\"Read Rancilio Group's latest news about Rancilio Classe 20 SB a SIGEP per la prima tappa LAGS\",\"breadcrumb\":{\"@id\":\"https:\/\/www.ranciliogroup.com\/it\/rancilio-classe-20-sb-a-sigep-per-la-prima-tappa-lags\/#breadcrumb\"},\"inLanguage\":\"it-IT\",\"potentialAction\":[{\"@type\":\"ReadAction\",\"target\":[\"https:\/\/www.ranciliogroup.com\/it\/rancilio-classe-20-sb-a-sigep-per-la-prima-tappa-lags\/\"]}]},{\"@type\":\"BreadcrumbList\",\"@id\":\"https:\/\/www.ranciliogroup.com\/it\/rancilio-classe-20-sb-a-sigep-per-la-prima-tappa-lags\/#breadcrumb\",\"itemListElement\":[{\"@type\":\"ListItem\",\"position\":1,\"name\":\"Home\",\"item\":\"https:\/\/www.ranciliogroup.com\/it\/\"},{\"@type\":\"ListItem\",\"position\":2,\"name\":\"Rancilio Classe 20 SB a SIGEP per la prima tappa LAGS\"}]},{\"@type\":\"WebSite\",\"@id\":\"https:\/\/www.ranciliogroup.com\/it\/#website\",\"url\":\"https:\/\/www.ranciliogroup.com\/it\/\",\"name\":\"Rancilio Group\",\"description\":\"Leader delle Macchine da Caff\u00e8 Professionali\",\"publisher\":{\"@id\":\"https:\/\/www.ranciliogroup.com\/it\/#organization\"},\"potentialAction\":[{\"@type\":\"SearchAction\",\"target\":{\"@type\":\"EntryPoint\",\"urlTemplate\":\"https:\/\/www.ranciliogroup.com\/it\/?s={search_term_string}\"},\"query-input\":\"required name=search_term_string\"}],\"inLanguage\":\"it-IT\"},{\"@type\":\"Organization\",\"@id\":\"https:\/\/www.ranciliogroup.com\/it\/#organization\",\"name\":\"Rancilio Group\",\"url\":\"https:\/\/www.ranciliogroup.com\/it\/\",\"logo\":{\"@type\":\"ImageObject\",\"inLanguage\":\"it-IT\",\"@id\":\"https:\/\/www.ranciliogroup.com\/it\/#\/schema\/logo\/image\/\",\"url\":\"https:\/\/www.ranciliogroup.com\/app\/uploads\/2019\/07\/rancilio_black_logo.png\",\"contentUrl\":\"https:\/\/www.ranciliogroup.com\/app\/uploads\/2019\/07\/rancilio_black_logo.png\",\"width\":447,\"height\":57,\"caption\":\"Rancilio Group\"},\"image\":{\"@id\":\"https:\/\/www.ranciliogroup.com\/it\/#\/schema\/logo\/image\/\"},\"sameAs\":[\"https:\/\/www.facebook.com\/RancilioGroup\",\"https:\/\/twitter.com\/ranciliogroup\",\"https:\/\/www.instagram.com\/rancilio_official\/\",\"https:\/\/www.linkedin.com\/company\/ranciliogroup\/\",\"https:\/\/www.youtube.com\/user\/rancilioadmin\"]},{\"@type\":\"Person\",\"@id\":\"https:\/\/www.ranciliogroup.com\/it\/#\/schema\/person\/d6bf0a7dfe74cded3d64da8b2c92814c\",\"name\":\"temp circular\",\"image\":{\"@type\":\"ImageObject\",\"inLanguage\":\"it-IT\",\"@id\":\"https:\/\/www.ranciliogroup.com\/it\/#\/schema\/person\/image\/\",\"url\":\"https:\/\/secure.gravatar.com\/avatar\/569e71c3b97b8bcad1854d6579b35c5f?s=96&d=mm&r=g\",\"contentUrl\":\"https:\/\/secure.gravatar.com\/avatar\/569e71c3b97b8bcad1854d6579b35c5f?s=96&d=mm&r=g\",\"caption\":\"temp circular\"}}]}<\/script>\n<!-- \/ Yoast SEO plugin. -->","yoast_head_json":{"title":"Latest update about Rancilio Classe 20 SB a SIGEP per la prima tappa LAGS - Rancilio Group","description":"Read Rancilio Group's latest news about Rancilio Classe 20 SB a SIGEP per la prima tappa LAGS","robots":{"index":"index","follow":"follow","max-snippet":"max-snippet:-1","max-image-preview":"max-image-preview:large","max-video-preview":"max-video-preview:-1"},"canonical":"https:\/\/www.ranciliogroup.com\/it\/rancilio-classe-20-sb-a-sigep-per-la-prima-tappa-lags\/","og_locale":"it_IT","og_type":"article","og_title":"Latest update about Rancilio Classe 20 SB a SIGEP per la prima tappa LAGS - Rancilio Group","og_description":"Read Rancilio Group's latest news about Rancilio Classe 20 SB a SIGEP per la prima tappa LAGS","og_url":"https:\/\/www.ranciliogroup.com\/it\/rancilio-classe-20-sb-a-sigep-per-la-prima-tappa-lags\/","og_site_name":"Rancilio Group","article_publisher":"https:\/\/www.facebook.com\/RancilioGroup","article_published_time":"2024-01-12T10:25:46+00:00","og_image":[{"width":1080,"height":720,"url":"https:\/\/www.ranciliogroup.com\/app\/uploads\/2024\/01\/Rancilio-LAGS-2023.jpg","type":"image\/jpeg"}],"author":"temp circular","twitter_card":"summary_large_image","twitter_creator":"@ranciliogroup","twitter_site":"@ranciliogroup","twitter_misc":{"Scritto da":"temp circular","Tempo di lettura stimato":"1 minuto"},"schema":{"@context":"https:\/\/schema.org","@graph":[{"@type":"Article","@id":"https:\/\/www.ranciliogroup.com\/it\/rancilio-classe-20-sb-a-sigep-per-la-prima-tappa-lags\/#article","isPartOf":{"@id":"https:\/\/www.ranciliogroup.com\/it\/rancilio-classe-20-sb-a-sigep-per-la-prima-tappa-lags\/"},"author":{"name":"temp circular","@id":"https:\/\/www.ranciliogroup.com\/it\/#\/schema\/person\/d6bf0a7dfe74cded3d64da8b2c92814c"},"headline":"Rancilio Classe 20 SB a SIGEP per la prima tappa LAGS","datePublished":"2024-01-12T10:25:46+00:00","dateModified":"2024-01-12T10:25:46+00:00","mainEntityOfPage":{"@id":"https:\/\/www.ranciliogroup.com\/it\/rancilio-classe-20-sb-a-sigep-per-la-prima-tappa-lags\/"},"wordCount":209,"publisher":{"@id":"https:\/\/www.ranciliogroup.com\/it\/#organization"},"keywords":["C20","Steady Brew","LAGS","Rancilio"],"articleSection":["Eventi"],"inLanguage":"it-IT"},{"@type":"WebPage","@id":"https:\/\/www.ranciliogroup.com\/it\/rancilio-classe-20-sb-a-sigep-per-la-prima-tappa-lags\/","url":"https:\/\/www.ranciliogroup.com\/it\/rancilio-classe-20-sb-a-sigep-per-la-prima-tappa-lags\/","name":"Latest update about Rancilio Classe 20 SB a SIGEP per la prima tappa LAGS - Rancilio Group","isPartOf":{"@id":"https:\/\/www.ranciliogroup.com\/it\/#website"},"datePublished":"2024-01-12T10:25:46+00:00","dateModified":"2024-01-12T10:25:46+00:00","description":"Read Rancilio Group's latest news about Rancilio Classe 20 SB a SIGEP per la prima tappa LAGS","breadcrumb":{"@id":"https:\/\/www.ranciliogroup.com\/it\/rancilio-classe-20-sb-a-sigep-per-la-prima-tappa-lags\/#breadcrumb"},"inLanguage":"it-IT","potentialAction":[{"@type":"ReadAction","target":["https:\/\/www.ranciliogroup.com\/it\/rancilio-classe-20-sb-a-sigep-per-la-prima-tappa-lags\/"]}]},{"@type":"BreadcrumbList","@id":"https:\/\/www.ranciliogroup.com\/it\/rancilio-classe-20-sb-a-sigep-per-la-prima-tappa-lags\/#breadcrumb","itemListElement":[{"@type":"ListItem","position":1,"name":"Home","item":"https:\/\/www.ranciliogroup.com\/it\/"},{"@type":"ListItem","position":2,"name":"Rancilio Classe 20 SB a SIGEP per la prima tappa LAGS"}]},{"@type":"WebSite","@id":"https:\/\/www.ranciliogroup.com\/it\/#website","url":"https:\/\/www.ranciliogroup.com\/it\/","name":"Rancilio Group","description":"Leader delle Macchine da Caff\u00e8 Professionali","publisher":{"@id":"https:\/\/www.ranciliogroup.com\/it\/#organization"},"potentialAction":[{"@type":"SearchAction","target":{"@type":"EntryPoint","urlTemplate":"https:\/\/www.ranciliogroup.com\/it\/?s={search_term_string}"},"query-input":"required name=search_term_string"}],"inLanguage":"it-IT"},{"@type":"Organization","@id":"https:\/\/www.ranciliogroup.com\/it\/#organization","name":"Rancilio Group","url":"https:\/\/www.ranciliogroup.com\/it\/","logo":{"@type":"ImageObject","inLanguage":"it-IT","@id":"https:\/\/www.ranciliogroup.com\/it\/#\/schema\/logo\/image\/","url":"https:\/\/www.ranciliogroup.com\/app\/uploads\/2019\/07\/rancilio_black_logo.png","contentUrl":"https:\/\/www.ranciliogroup.com\/app\/uploads\/2019\/07\/rancilio_black_logo.png","width":447,"height":57,"caption":"Rancilio Group"},"image":{"@id":"https:\/\/www.ranciliogroup.com\/it\/#\/schema\/logo\/image\/"},"sameAs":["https:\/\/www.facebook.com\/RancilioGroup","https:\/\/twitter.com\/ranciliogroup","https:\/\/www.instagram.com\/rancilio_official\/","https:\/\/www.linkedin.com\/company\/ranciliogroup\/","https:\/\/www.youtube.com\/user\/rancilioadmin"]},{"@type":"Person","@id":"https:\/\/www.ranciliogroup.com\/it\/#\/schema\/person\/d6bf0a7dfe74cded3d64da8b2c92814c","name":"temp circular","image":{"@type":"ImageObject","inLanguage":"it-IT","@id":"https:\/\/www.ranciliogroup.com\/it\/#\/schema\/person\/image\/","url":"https:\/\/secure.gravatar.com\/avatar\/569e71c3b97b8bcad1854d6579b35c5f?s=96&d=mm&r=g","contentUrl":"https:\/\/secure.gravatar.com\/avatar\/569e71c3b97b8bcad1854d6579b35c5f?s=96&d=mm&r=g","caption":"temp circular"}}]}},"_links":{"self":[{"href":"https:\/\/www.ranciliogroup.com\/it\/wp-json\/wp\/v2\/posts\/72833"}],"collection":[{"href":"https:\/\/www.ranciliogroup.com\/it\/wp-json\/wp\/v2\/posts"}],"about":[{"href":"https:\/\/www.ranciliogroup.com\/it\/wp-json\/wp\/v2\/types\/post"}],"author":[{"embeddable":true,"href":"https:\/\/www.ranciliogroup.com\/it\/wp-json\/wp\/v2\/users\/5"}],"replies":[{"embeddable":true,"href":"https:\/\/www.ranciliogroup.com\/it\/wp-json\/wp\/v2\/comments?post=72833"}],"version-history":[{"count":2,"href":"https:\/\/www.ranciliogroup.com\/it\/wp-json\/wp\/v2\/posts\/72833\/revisions"}],"predecessor-version":[{"id":72835,"href":"https:\/\/www.ranciliogroup.com\/it\/wp-json\/wp\/v2\/posts\/72833\/revisions\/72835"}],"wp:featuredmedia":[{"embeddable":true,"href":"https:\/\/www.ranciliogroup.com\/it\/wp-json\/wp\/v2\/media\/72836"}],"wp:attachment":[{"href":"https:\/\/www.ranciliogroup.com\/it\/wp-json\/wp\/v2\/media?parent=72833"}],"wp:term":[{"taxonomy":"category","embeddable":true,"href":"https:\/\/www.ranciliogroup.com\/it\/wp-json\/wp\/v2\/categories?post=72833"},{"taxonomy":"post_tag","embeddable":true,"href":"https:\/\/www.ranciliogroup.com\/it\/wp-json\/wp\/v2\/tags?post=72833"}],"curies":[{"name":"wp","href":"https:\/\/api.w.org\/{rel}","templated":true}]}}