{"id":73231,"date":"2024-02-09T12:02:16","date_gmt":"2024-02-09T11:02:16","guid":{"rendered":"https:\/\/www.ranciliogroup.com\/?p=73231"},"modified":"2024-02-12T11:34:17","modified_gmt":"2024-02-12T10:34:17","slug":"the-barista-league-torna-a-casa-con-rancilio-specialty","status":"publish","type":"post","link":"https:\/\/www.ranciliogroup.com\/it\/the-barista-league-torna-a-casa-con-rancilio-specialty\/","title":{"rendered":"The Barista League torna a casa con Rancilio Specialty"},"content":{"rendered":"<p>Per la prima volta dal 2019, The Barista League fa ritorno in Svezia insieme a Rancilio Specialty Invicta per un weekend emozionante carico di caff\u00e8. Il 24 febbraio, in concomitanza con il primo Nordic Coffee Fest di sempre, 12 squadre di due baristi ciascuna si sfideranno nella pittoresca e vivace citt\u00e0 di G\u00f6teborg.<\/p>\n<p>I baristi affronteranno la sfida di preparare una serie di bevande a base di caff\u00e8 per una giuria VIP &#8211; Matija Belcovic, Rob Stein e Kaisa Kokkonen &#8211; insieme a due misteriosi ospiti speciali. Dalla loro parte, la macchina per caff\u00e8 a caldaia singola Invicta sar\u00e0 pronta a fornire ai concorrenti la propria tecnologia caff\u00e8 all&#8217;avanguardia e facilit\u00e0 d&#8217;uso. Inoltre, la tecnologia di pre-infusione di Invicta sar\u00e0 un elemento decisivo, consentendo ai partecipanti di estrarre le migliori sfumature e sapori dalle loro creazioni caff\u00e8.<\/p>\n<p>Tra giochi, caff\u00e8 proveniente dai migliori torrefattori locali della Svezia, drink speciali, musica accattivante e cibo strepitoso, gli ospiti possono aspettarsi un&#8217;altra serata indimenticabile firmata Barista League, segnando l&#8217;entusiasmante inizio della stagione competitiva 2024.<\/p>\n<p>I biglietti sono disponibili su <a href=\"https:\/\/www.tickettailor.com\/events\/thebaristaleague\/959446?\">www.tickettailor.com<\/a><\/p>\n<p>&nbsp;<\/p>\n<p><strong>The Barista League G\u00f6teborg<\/strong><br \/>\nSabato 24 febbraio 2024<br \/>\nDalle 18:00 alle 23:00<br \/>\n<a href=\"https:\/\/www.google.com\/maps\/place\/Eriksbergshallen\/@57.7009851,11.9120382,17z\/data=!3m1!4b1!4m6!3m5!1s0x464f8d2a9c1112fd:0x867582da0264a1a3!8m2!3d57.7009823!4d11.9146131!16s%2Fg%2F11dyh_l44?entry=tts\"><strong>Eriksbergshallen<\/strong><\/a><br \/>\nSjoportsgatan 5<br \/>\n417 64 G\u00f6teborg<\/p>\n<p>&nbsp;<\/p>\n<p><strong>Segui l&#8217;evento sulla nostra pagina ufficiale Instagram<\/strong><br \/>\n@ranciliospecialty #ranciliospecialty<\/p>\n<p>&nbsp;<\/p>\n<p><a href=\"https:\/\/www.ranciliogroup.com\/it\/specialty\/invicta\/\"><strong>Scopri Rancilio Specialty Invicta<\/strong><\/a><\/p>\n<p>&nbsp;<\/p>\n","protected":false},"excerpt":{"rendered":"<p>Per la prima volta dal 2019, The Barista League fa ritorno in Svezia insieme a Rancilio Specialty Invicta per un&#8230;<\/p>\n","protected":false},"author":5,"featured_media":73238,"comment_status":"closed","ping_status":"closed","sticky":false,"template":"","format":"standard","meta":[],"categories":[465],"tags":[2618,2530],"acf":[],"yoast_head":"<!-- This site is optimized with the Yoast SEO plugin v21.5 - https:\/\/yoast.com\/wordpress\/plugins\/seo\/ -->\n<title>Latest update about The Barista League torna a casa con Rancilio Specialty - Rancilio Group<\/title>\n<meta name=\"description\" content=\"Read Rancilio Group&#039;s latest news about The Barista League torna a casa con Rancilio Specialty\" \/>\n<meta name=\"robots\" content=\"index, follow, max-snippet:-1, max-image-preview:large, max-video-preview:-1\" \/>\n<link rel=\"canonical\" href=\"https:\/\/www.ranciliogroup.com\/it\/the-barista-league-torna-a-casa-con-rancilio-specialty\/\" \/>\n<meta property=\"og:locale\" content=\"it_IT\" \/>\n<meta property=\"og:type\" content=\"article\" \/>\n<meta property=\"og:title\" content=\"Latest update about The Barista League torna a casa con Rancilio Specialty - Rancilio Group\" \/>\n<meta property=\"og:description\" content=\"Read Rancilio Group&#039;s latest news about The Barista League torna a casa con Rancilio Specialty\" \/>\n<meta property=\"og:url\" content=\"https:\/\/www.ranciliogroup.com\/it\/the-barista-league-torna-a-casa-con-rancilio-specialty\/\" \/>\n<meta property=\"og:site_name\" content=\"Rancilio Group\" \/>\n<meta property=\"article:publisher\" content=\"https:\/\/www.facebook.com\/RancilioGroup\" \/>\n<meta property=\"article:published_time\" content=\"2024-02-09T11:02:16+00:00\" \/>\n<meta property=\"article:modified_time\" content=\"2024-02-12T10:34:17+00:00\" \/>\n<meta property=\"og:image\" content=\"https:\/\/www.ranciliogroup.com\/app\/uploads\/2024\/02\/the-barista-league-dubai-rancilio-specialty-1.jpg\" \/>\n\t<meta property=\"og:image:width\" content=\"1080\" \/>\n\t<meta property=\"og:image:height\" content=\"720\" \/>\n\t<meta property=\"og:image:type\" content=\"image\/jpeg\" \/>\n<meta name=\"author\" content=\"temp circular\" \/>\n<meta name=\"twitter:card\" content=\"summary_large_image\" \/>\n<meta name=\"twitter:creator\" content=\"@ranciliogroup\" \/>\n<meta name=\"twitter:site\" content=\"@ranciliogroup\" \/>\n<meta name=\"twitter:label1\" content=\"Scritto da\" \/>\n\t<meta name=\"twitter:data1\" content=\"temp circular\" \/>\n\t<meta name=\"twitter:label2\" content=\"Tempo di lettura stimato\" \/>\n\t<meta name=\"twitter:data2\" content=\"1 minuto\" \/>\n<script type=\"application\/ld+json\" class=\"yoast-schema-graph\">{\"@context\":\"https:\/\/schema.org\",\"@graph\":[{\"@type\":\"Article\",\"@id\":\"https:\/\/www.ranciliogroup.com\/it\/the-barista-league-torna-a-casa-con-rancilio-specialty\/#article\",\"isPartOf\":{\"@id\":\"https:\/\/www.ranciliogroup.com\/it\/the-barista-league-torna-a-casa-con-rancilio-specialty\/\"},\"author\":{\"name\":\"temp circular\",\"@id\":\"https:\/\/www.ranciliogroup.com\/it\/#\/schema\/person\/d6bf0a7dfe74cded3d64da8b2c92814c\"},\"headline\":\"The Barista League torna a casa con Rancilio Specialty\",\"datePublished\":\"2024-02-09T11:02:16+00:00\",\"dateModified\":\"2024-02-12T10:34:17+00:00\",\"mainEntityOfPage\":{\"@id\":\"https:\/\/www.ranciliogroup.com\/it\/the-barista-league-torna-a-casa-con-rancilio-specialty\/\"},\"wordCount\":215,\"publisher\":{\"@id\":\"https:\/\/www.ranciliogroup.com\/it\/#organization\"},\"keywords\":[\"Invicta\",\"Barista League\"],\"articleSection\":[\"Eventi\"],\"inLanguage\":\"it-IT\"},{\"@type\":\"WebPage\",\"@id\":\"https:\/\/www.ranciliogroup.com\/it\/the-barista-league-torna-a-casa-con-rancilio-specialty\/\",\"url\":\"https:\/\/www.ranciliogroup.com\/it\/the-barista-league-torna-a-casa-con-rancilio-specialty\/\",\"name\":\"Latest update about The Barista League torna a casa con Rancilio Specialty - Rancilio Group\",\"isPartOf\":{\"@id\":\"https:\/\/www.ranciliogroup.com\/it\/#website\"},\"datePublished\":\"2024-02-09T11:02:16+00:00\",\"dateModified\":\"2024-02-12T10:34:17+00:00\",\"description\":\"Read Rancilio Group's latest news about The Barista League torna a casa con Rancilio Specialty\",\"breadcrumb\":{\"@id\":\"https:\/\/www.ranciliogroup.com\/it\/the-barista-league-torna-a-casa-con-rancilio-specialty\/#breadcrumb\"},\"inLanguage\":\"it-IT\",\"potentialAction\":[{\"@type\":\"ReadAction\",\"target\":[\"https:\/\/www.ranciliogroup.com\/it\/the-barista-league-torna-a-casa-con-rancilio-specialty\/\"]}]},{\"@type\":\"BreadcrumbList\",\"@id\":\"https:\/\/www.ranciliogroup.com\/it\/the-barista-league-torna-a-casa-con-rancilio-specialty\/#breadcrumb\",\"itemListElement\":[{\"@type\":\"ListItem\",\"position\":1,\"name\":\"Home\",\"item\":\"https:\/\/www.ranciliogroup.com\/it\/\"},{\"@type\":\"ListItem\",\"position\":2,\"name\":\"The Barista League torna a casa con Rancilio Specialty\"}]},{\"@type\":\"WebSite\",\"@id\":\"https:\/\/www.ranciliogroup.com\/it\/#website\",\"url\":\"https:\/\/www.ranciliogroup.com\/it\/\",\"name\":\"Rancilio Group\",\"description\":\"Leader delle Macchine da Caff\u00e8 Professionali\",\"publisher\":{\"@id\":\"https:\/\/www.ranciliogroup.com\/it\/#organization\"},\"potentialAction\":[{\"@type\":\"SearchAction\",\"target\":{\"@type\":\"EntryPoint\",\"urlTemplate\":\"https:\/\/www.ranciliogroup.com\/it\/?s={search_term_string}\"},\"query-input\":\"required name=search_term_string\"}],\"inLanguage\":\"it-IT\"},{\"@type\":\"Organization\",\"@id\":\"https:\/\/www.ranciliogroup.com\/it\/#organization\",\"name\":\"Rancilio Group\",\"url\":\"https:\/\/www.ranciliogroup.com\/it\/\",\"logo\":{\"@type\":\"ImageObject\",\"inLanguage\":\"it-IT\",\"@id\":\"https:\/\/www.ranciliogroup.com\/it\/#\/schema\/logo\/image\/\",\"url\":\"https:\/\/www.ranciliogroup.com\/app\/uploads\/2019\/07\/rancilio_black_logo.png\",\"contentUrl\":\"https:\/\/www.ranciliogroup.com\/app\/uploads\/2019\/07\/rancilio_black_logo.png\",\"width\":447,\"height\":57,\"caption\":\"Rancilio Group\"},\"image\":{\"@id\":\"https:\/\/www.ranciliogroup.com\/it\/#\/schema\/logo\/image\/\"},\"sameAs\":[\"https:\/\/www.facebook.com\/RancilioGroup\",\"https:\/\/twitter.com\/ranciliogroup\",\"https:\/\/www.instagram.com\/rancilio_official\/\",\"https:\/\/www.linkedin.com\/company\/ranciliogroup\/\",\"https:\/\/www.youtube.com\/user\/rancilioadmin\"]},{\"@type\":\"Person\",\"@id\":\"https:\/\/www.ranciliogroup.com\/it\/#\/schema\/person\/d6bf0a7dfe74cded3d64da8b2c92814c\",\"name\":\"temp circular\",\"image\":{\"@type\":\"ImageObject\",\"inLanguage\":\"it-IT\",\"@id\":\"https:\/\/www.ranciliogroup.com\/it\/#\/schema\/person\/image\/\",\"url\":\"https:\/\/secure.gravatar.com\/avatar\/569e71c3b97b8bcad1854d6579b35c5f?s=96&d=mm&r=g\",\"contentUrl\":\"https:\/\/secure.gravatar.com\/avatar\/569e71c3b97b8bcad1854d6579b35c5f?s=96&d=mm&r=g\",\"caption\":\"temp circular\"}}]}<\/script>\n<!-- \/ Yoast SEO plugin. -->","yoast_head_json":{"title":"Latest update about The Barista League torna a casa con Rancilio Specialty - Rancilio Group","description":"Read Rancilio Group's latest news about The Barista League torna a casa con Rancilio Specialty","robots":{"index":"index","follow":"follow","max-snippet":"max-snippet:-1","max-image-preview":"max-image-preview:large","max-video-preview":"max-video-preview:-1"},"canonical":"https:\/\/www.ranciliogroup.com\/it\/the-barista-league-torna-a-casa-con-rancilio-specialty\/","og_locale":"it_IT","og_type":"article","og_title":"Latest update about The Barista League torna a casa con Rancilio Specialty - Rancilio Group","og_description":"Read Rancilio Group's latest news about The Barista League torna a casa con Rancilio Specialty","og_url":"https:\/\/www.ranciliogroup.com\/it\/the-barista-league-torna-a-casa-con-rancilio-specialty\/","og_site_name":"Rancilio Group","article_publisher":"https:\/\/www.facebook.com\/RancilioGroup","article_published_time":"2024-02-09T11:02:16+00:00","article_modified_time":"2024-02-12T10:34:17+00:00","og_image":[{"width":1080,"height":720,"url":"https:\/\/www.ranciliogroup.com\/app\/uploads\/2024\/02\/the-barista-league-dubai-rancilio-specialty-1.jpg","type":"image\/jpeg"}],"author":"temp circular","twitter_card":"summary_large_image","twitter_creator":"@ranciliogroup","twitter_site":"@ranciliogroup","twitter_misc":{"Scritto da":"temp circular","Tempo di lettura stimato":"1 minuto"},"schema":{"@context":"https:\/\/schema.org","@graph":[{"@type":"Article","@id":"https:\/\/www.ranciliogroup.com\/it\/the-barista-league-torna-a-casa-con-rancilio-specialty\/#article","isPartOf":{"@id":"https:\/\/www.ranciliogroup.com\/it\/the-barista-league-torna-a-casa-con-rancilio-specialty\/"},"author":{"name":"temp circular","@id":"https:\/\/www.ranciliogroup.com\/it\/#\/schema\/person\/d6bf0a7dfe74cded3d64da8b2c92814c"},"headline":"The Barista League torna a casa con Rancilio Specialty","datePublished":"2024-02-09T11:02:16+00:00","dateModified":"2024-02-12T10:34:17+00:00","mainEntityOfPage":{"@id":"https:\/\/www.ranciliogroup.com\/it\/the-barista-league-torna-a-casa-con-rancilio-specialty\/"},"wordCount":215,"publisher":{"@id":"https:\/\/www.ranciliogroup.com\/it\/#organization"},"keywords":["Invicta","Barista League"],"articleSection":["Eventi"],"inLanguage":"it-IT"},{"@type":"WebPage","@id":"https:\/\/www.ranciliogroup.com\/it\/the-barista-league-torna-a-casa-con-rancilio-specialty\/","url":"https:\/\/www.ranciliogroup.com\/it\/the-barista-league-torna-a-casa-con-rancilio-specialty\/","name":"Latest update about The Barista League torna a casa con Rancilio Specialty - Rancilio Group","isPartOf":{"@id":"https:\/\/www.ranciliogroup.com\/it\/#website"},"datePublished":"2024-02-09T11:02:16+00:00","dateModified":"2024-02-12T10:34:17+00:00","description":"Read Rancilio Group's latest news about The Barista League torna a casa con Rancilio Specialty","breadcrumb":{"@id":"https:\/\/www.ranciliogroup.com\/it\/the-barista-league-torna-a-casa-con-rancilio-specialty\/#breadcrumb"},"inLanguage":"it-IT","potentialAction":[{"@type":"ReadAction","target":["https:\/\/www.ranciliogroup.com\/it\/the-barista-league-torna-a-casa-con-rancilio-specialty\/"]}]},{"@type":"BreadcrumbList","@id":"https:\/\/www.ranciliogroup.com\/it\/the-barista-league-torna-a-casa-con-rancilio-specialty\/#breadcrumb","itemListElement":[{"@type":"ListItem","position":1,"name":"Home","item":"https:\/\/www.ranciliogroup.com\/it\/"},{"@type":"ListItem","position":2,"name":"The Barista League torna a casa con Rancilio Specialty"}]},{"@type":"WebSite","@id":"https:\/\/www.ranciliogroup.com\/it\/#website","url":"https:\/\/www.ranciliogroup.com\/it\/","name":"Rancilio Group","description":"Leader delle Macchine da Caff\u00e8 Professionali","publisher":{"@id":"https:\/\/www.ranciliogroup.com\/it\/#organization"},"potentialAction":[{"@type":"SearchAction","target":{"@type":"EntryPoint","urlTemplate":"https:\/\/www.ranciliogroup.com\/it\/?s={search_term_string}"},"query-input":"required name=search_term_string"}],"inLanguage":"it-IT"},{"@type":"Organization","@id":"https:\/\/www.ranciliogroup.com\/it\/#organization","name":"Rancilio Group","url":"https:\/\/www.ranciliogroup.com\/it\/","logo":{"@type":"ImageObject","inLanguage":"it-IT","@id":"https:\/\/www.ranciliogroup.com\/it\/#\/schema\/logo\/image\/","url":"https:\/\/www.ranciliogroup.com\/app\/uploads\/2019\/07\/rancilio_black_logo.png","contentUrl":"https:\/\/www.ranciliogroup.com\/app\/uploads\/2019\/07\/rancilio_black_logo.png","width":447,"height":57,"caption":"Rancilio Group"},"image":{"@id":"https:\/\/www.ranciliogroup.com\/it\/#\/schema\/logo\/image\/"},"sameAs":["https:\/\/www.facebook.com\/RancilioGroup","https:\/\/twitter.com\/ranciliogroup","https:\/\/www.instagram.com\/rancilio_official\/","https:\/\/www.linkedin.com\/company\/ranciliogroup\/","https:\/\/www.youtube.com\/user\/rancilioadmin"]},{"@type":"Person","@id":"https:\/\/www.ranciliogroup.com\/it\/#\/schema\/person\/d6bf0a7dfe74cded3d64da8b2c92814c","name":"temp circular","image":{"@type":"ImageObject","inLanguage":"it-IT","@id":"https:\/\/www.ranciliogroup.com\/it\/#\/schema\/person\/image\/","url":"https:\/\/secure.gravatar.com\/avatar\/569e71c3b97b8bcad1854d6579b35c5f?s=96&d=mm&r=g","contentUrl":"https:\/\/secure.gravatar.com\/avatar\/569e71c3b97b8bcad1854d6579b35c5f?s=96&d=mm&r=g","caption":"temp circular"}}]}},"_links":{"self":[{"href":"https:\/\/www.ranciliogroup.com\/it\/wp-json\/wp\/v2\/posts\/73231"}],"collection":[{"href":"https:\/\/www.ranciliogroup.com\/it\/wp-json\/wp\/v2\/posts"}],"about":[{"href":"https:\/\/www.ranciliogroup.com\/it\/wp-json\/wp\/v2\/types\/post"}],"author":[{"embeddable":true,"href":"https:\/\/www.ranciliogroup.com\/it\/wp-json\/wp\/v2\/users\/5"}],"replies":[{"embeddable":true,"href":"https:\/\/www.ranciliogroup.com\/it\/wp-json\/wp\/v2\/comments?post=73231"}],"version-history":[{"count":4,"href":"https:\/\/www.ranciliogroup.com\/it\/wp-json\/wp\/v2\/posts\/73231\/revisions"}],"predecessor-version":[{"id":73287,"href":"https:\/\/www.ranciliogroup.com\/it\/wp-json\/wp\/v2\/posts\/73231\/revisions\/73287"}],"wp:featuredmedia":[{"embeddable":true,"href":"https:\/\/www.ranciliogroup.com\/it\/wp-json\/wp\/v2\/media\/73238"}],"wp:attachment":[{"href":"https:\/\/www.ranciliogroup.com\/it\/wp-json\/wp\/v2\/media?parent=73231"}],"wp:term":[{"taxonomy":"category","embeddable":true,"href":"https:\/\/www.ranciliogroup.com\/it\/wp-json\/wp\/v2\/categories?post=73231"},{"taxonomy":"post_tag","embeddable":true,"href":"https:\/\/www.ranciliogroup.com\/it\/wp-json\/wp\/v2\/tags?post=73231"}],"curies":[{"name":"wp","href":"https:\/\/api.w.org\/{rel}","templated":true}]}}