{"id":73357,"date":"2024-02-21T12:08:49","date_gmt":"2024-02-21T11:08:49","guid":{"rendered":"https:\/\/www.ranciliogroup.com\/?p=73357"},"modified":"2024-02-22T11:56:40","modified_gmt":"2024-02-22T10:56:40","slug":"rancilio-classe-20-sb-protagonista-della-seconda-tappa-lags","status":"publish","type":"post","link":"https:\/\/www.ranciliogroup.com\/it\/rancilio-classe-20-sb-protagonista-della-seconda-tappa-lags\/","title":{"rendered":"Rancilio Classe 20 SB protagonista della seconda tappa LAGS"},"content":{"rendered":"<p>Il 15 marzo, Rancilio Classe 20 SB accompagner\u00e0 i coraggiosi concorrenti della Latte Art Grading System Battle in questa seconda tappa italiana che si terr\u00e0 presso BRITA Italia, nella storica citt\u00e0 di Bergamo.<\/p>\n<p>Classe 20, sponsor ufficiale dell\u2019evento, offrir\u00e0 ai baristi in gara la possibilit\u00e0 di eseguire latte art di elevata qualit\u00e0 seguendo il complesso sistema di valutazione LAGS, grazie all\u2019intuitiva lancia a vapore C-lever. L\u2019avanzata tecnologia Steady Brew di Classe 20 sar\u00e0 inoltre un importante vantaggio nell\u2019estrazione dell\u2019espresso, garantendo un\u2019elevata affidabilit\u00e0 e consistenza nelle estrazioni.<\/p>\n<p>Il circuito Latte Art Grading \u00e8 un sistema di qualificazione che mira a valutare i concorrenti in base alla loro capacit\u00e0 tecnica e creativa grazie all\u2019attento giudizio di una giuria di esperti. La gara che assegner\u00e0 il titolo nazionale nei livelli verde, rosso e nero permetter\u00e0 ai finalisti di sfidarsi per diventare campioni italiani e contendersi il titolo mondiale ai campionati The World LAGS Battle 2024, che si terranno il prossimo novembre negli Emirati Arabi Uniti.<\/p>\n<p>&nbsp;<\/p>\n<p><strong>LAGS Battle Italia 2024<\/strong><br \/>\n15 marzo 2024<br \/>\nDalle 09.00 alle 18.00<br \/>\n<a href=\"https:\/\/www.google.com\/maps\/place\/BRITA+Italia+S.r.l.\/@45.648403,9.7072217,17z\/data=!3m1!4b1!4m6!3m5!1s0x47815006b9e227ed:0x136c54e5f8f09705!8m2!3d45.648403!4d9.709802!16s%2Fg%2F11b6jh4pb3?authuser=0&amp;entry=ttu\">BRITA Italia<\/a><br \/>\nVia Zanica, 19<br \/>\n24050 Grassobbio BG<\/p>\n<p>&nbsp;<\/p>\n<p>&nbsp;<\/p>\n<p><strong>Scopri di pi\u00f9 su Latte Art Grading System:<\/strong><br \/>\n<a href=\"https:\/\/www.latteartgrading.com\/\">https:\/\/www.latteartgrading.com\/<\/a><\/p>\n<p>&nbsp;<\/p>\n<p>&nbsp;<\/p>\n","protected":false},"excerpt":{"rendered":"<p>Il 15 marzo, Rancilio Classe 20 SB accompagner\u00e0 i coraggiosi concorrenti della Latte Art Grading System Battle in questa seconda&#8230;<\/p>\n","protected":false},"author":5,"featured_media":73350,"comment_status":"closed","ping_status":"closed","sticky":false,"template":"","format":"standard","meta":[],"categories":[465],"tags":[2949,2829,2830],"acf":[],"yoast_head":"<!-- This site is optimized with the Yoast SEO plugin v21.5 - https:\/\/yoast.com\/wordpress\/plugins\/seo\/ -->\n<title>Latest update about Rancilio Classe 20 SB protagonista della seconda tappa LAGS - Rancilio Group<\/title>\n<meta name=\"description\" content=\"Read Rancilio Group&#039;s latest news about Rancilio Classe 20 SB protagonista della seconda tappa LAGS\" \/>\n<meta name=\"robots\" content=\"index, follow, max-snippet:-1, max-image-preview:large, max-video-preview:-1\" \/>\n<link rel=\"canonical\" href=\"https:\/\/www.ranciliogroup.com\/it\/rancilio-classe-20-sb-protagonista-della-seconda-tappa-lags\/\" \/>\n<meta property=\"og:locale\" content=\"it_IT\" \/>\n<meta property=\"og:type\" content=\"article\" \/>\n<meta property=\"og:title\" content=\"Latest update about Rancilio Classe 20 SB protagonista della seconda tappa LAGS - Rancilio Group\" \/>\n<meta property=\"og:description\" content=\"Read Rancilio Group&#039;s latest news about Rancilio Classe 20 SB protagonista della seconda tappa LAGS\" \/>\n<meta property=\"og:url\" content=\"https:\/\/www.ranciliogroup.com\/it\/rancilio-classe-20-sb-protagonista-della-seconda-tappa-lags\/\" \/>\n<meta property=\"og:site_name\" content=\"Rancilio Group\" \/>\n<meta property=\"article:publisher\" content=\"https:\/\/www.facebook.com\/RancilioGroup\" \/>\n<meta property=\"article:published_time\" content=\"2024-02-21T11:08:49+00:00\" \/>\n<meta property=\"article:modified_time\" content=\"2024-02-22T10:56:40+00:00\" \/>\n<meta property=\"og:image\" content=\"https:\/\/www.ranciliogroup.com\/app\/uploads\/2024\/02\/LAGS-Rancilio.jpg\" \/>\n\t<meta property=\"og:image:width\" content=\"1080\" \/>\n\t<meta property=\"og:image:height\" content=\"720\" \/>\n\t<meta property=\"og:image:type\" content=\"image\/jpeg\" \/>\n<meta name=\"author\" content=\"temp circular\" \/>\n<meta name=\"twitter:card\" content=\"summary_large_image\" \/>\n<meta name=\"twitter:creator\" content=\"@ranciliogroup\" \/>\n<meta name=\"twitter:site\" content=\"@ranciliogroup\" \/>\n<meta name=\"twitter:label1\" content=\"Scritto da\" \/>\n\t<meta name=\"twitter:data1\" content=\"temp circular\" \/>\n\t<meta name=\"twitter:label2\" content=\"Tempo di lettura stimato\" \/>\n\t<meta name=\"twitter:data2\" content=\"1 minuto\" \/>\n<script type=\"application\/ld+json\" class=\"yoast-schema-graph\">{\"@context\":\"https:\/\/schema.org\",\"@graph\":[{\"@type\":\"Article\",\"@id\":\"https:\/\/www.ranciliogroup.com\/it\/rancilio-classe-20-sb-protagonista-della-seconda-tappa-lags\/#article\",\"isPartOf\":{\"@id\":\"https:\/\/www.ranciliogroup.com\/it\/rancilio-classe-20-sb-protagonista-della-seconda-tappa-lags\/\"},\"author\":{\"name\":\"temp circular\",\"@id\":\"https:\/\/www.ranciliogroup.com\/it\/#\/schema\/person\/d6bf0a7dfe74cded3d64da8b2c92814c\"},\"headline\":\"Rancilio Classe 20 SB protagonista della seconda tappa LAGS\",\"datePublished\":\"2024-02-21T11:08:49+00:00\",\"dateModified\":\"2024-02-22T10:56:40+00:00\",\"mainEntityOfPage\":{\"@id\":\"https:\/\/www.ranciliogroup.com\/it\/rancilio-classe-20-sb-protagonista-della-seconda-tappa-lags\/\"},\"wordCount\":200,\"publisher\":{\"@id\":\"https:\/\/www.ranciliogroup.com\/it\/#organization\"},\"keywords\":[\"Steady Brew\",\"LAGS\",\"Classe 20\"],\"articleSection\":[\"Eventi\"],\"inLanguage\":\"it-IT\"},{\"@type\":\"WebPage\",\"@id\":\"https:\/\/www.ranciliogroup.com\/it\/rancilio-classe-20-sb-protagonista-della-seconda-tappa-lags\/\",\"url\":\"https:\/\/www.ranciliogroup.com\/it\/rancilio-classe-20-sb-protagonista-della-seconda-tappa-lags\/\",\"name\":\"Latest update about Rancilio Classe 20 SB protagonista della seconda tappa LAGS - Rancilio Group\",\"isPartOf\":{\"@id\":\"https:\/\/www.ranciliogroup.com\/it\/#website\"},\"datePublished\":\"2024-02-21T11:08:49+00:00\",\"dateModified\":\"2024-02-22T10:56:40+00:00\",\"description\":\"Read Rancilio Group's latest news about Rancilio Classe 20 SB protagonista della seconda tappa LAGS\",\"breadcrumb\":{\"@id\":\"https:\/\/www.ranciliogroup.com\/it\/rancilio-classe-20-sb-protagonista-della-seconda-tappa-lags\/#breadcrumb\"},\"inLanguage\":\"it-IT\",\"potentialAction\":[{\"@type\":\"ReadAction\",\"target\":[\"https:\/\/www.ranciliogroup.com\/it\/rancilio-classe-20-sb-protagonista-della-seconda-tappa-lags\/\"]}]},{\"@type\":\"BreadcrumbList\",\"@id\":\"https:\/\/www.ranciliogroup.com\/it\/rancilio-classe-20-sb-protagonista-della-seconda-tappa-lags\/#breadcrumb\",\"itemListElement\":[{\"@type\":\"ListItem\",\"position\":1,\"name\":\"Home\",\"item\":\"https:\/\/www.ranciliogroup.com\/it\/\"},{\"@type\":\"ListItem\",\"position\":2,\"name\":\"Rancilio Classe 20 SB protagonista della seconda tappa LAGS\"}]},{\"@type\":\"WebSite\",\"@id\":\"https:\/\/www.ranciliogroup.com\/it\/#website\",\"url\":\"https:\/\/www.ranciliogroup.com\/it\/\",\"name\":\"Rancilio Group\",\"description\":\"Leader delle Macchine da Caff\u00e8 Professionali\",\"publisher\":{\"@id\":\"https:\/\/www.ranciliogroup.com\/it\/#organization\"},\"potentialAction\":[{\"@type\":\"SearchAction\",\"target\":{\"@type\":\"EntryPoint\",\"urlTemplate\":\"https:\/\/www.ranciliogroup.com\/it\/?s={search_term_string}\"},\"query-input\":\"required name=search_term_string\"}],\"inLanguage\":\"it-IT\"},{\"@type\":\"Organization\",\"@id\":\"https:\/\/www.ranciliogroup.com\/it\/#organization\",\"name\":\"Rancilio Group\",\"url\":\"https:\/\/www.ranciliogroup.com\/it\/\",\"logo\":{\"@type\":\"ImageObject\",\"inLanguage\":\"it-IT\",\"@id\":\"https:\/\/www.ranciliogroup.com\/it\/#\/schema\/logo\/image\/\",\"url\":\"https:\/\/www.ranciliogroup.com\/app\/uploads\/2019\/07\/rancilio_black_logo.png\",\"contentUrl\":\"https:\/\/www.ranciliogroup.com\/app\/uploads\/2019\/07\/rancilio_black_logo.png\",\"width\":447,\"height\":57,\"caption\":\"Rancilio Group\"},\"image\":{\"@id\":\"https:\/\/www.ranciliogroup.com\/it\/#\/schema\/logo\/image\/\"},\"sameAs\":[\"https:\/\/www.facebook.com\/RancilioGroup\",\"https:\/\/twitter.com\/ranciliogroup\",\"https:\/\/www.instagram.com\/rancilio_official\/\",\"https:\/\/www.linkedin.com\/company\/ranciliogroup\/\",\"https:\/\/www.youtube.com\/user\/rancilioadmin\"]},{\"@type\":\"Person\",\"@id\":\"https:\/\/www.ranciliogroup.com\/it\/#\/schema\/person\/d6bf0a7dfe74cded3d64da8b2c92814c\",\"name\":\"temp circular\",\"image\":{\"@type\":\"ImageObject\",\"inLanguage\":\"it-IT\",\"@id\":\"https:\/\/www.ranciliogroup.com\/it\/#\/schema\/person\/image\/\",\"url\":\"https:\/\/secure.gravatar.com\/avatar\/569e71c3b97b8bcad1854d6579b35c5f?s=96&d=mm&r=g\",\"contentUrl\":\"https:\/\/secure.gravatar.com\/avatar\/569e71c3b97b8bcad1854d6579b35c5f?s=96&d=mm&r=g\",\"caption\":\"temp circular\"}}]}<\/script>\n<!-- \/ Yoast SEO plugin. -->","yoast_head_json":{"title":"Latest update about Rancilio Classe 20 SB protagonista della seconda tappa LAGS - Rancilio Group","description":"Read Rancilio Group's latest news about Rancilio Classe 20 SB protagonista della seconda tappa LAGS","robots":{"index":"index","follow":"follow","max-snippet":"max-snippet:-1","max-image-preview":"max-image-preview:large","max-video-preview":"max-video-preview:-1"},"canonical":"https:\/\/www.ranciliogroup.com\/it\/rancilio-classe-20-sb-protagonista-della-seconda-tappa-lags\/","og_locale":"it_IT","og_type":"article","og_title":"Latest update about Rancilio Classe 20 SB protagonista della seconda tappa LAGS - Rancilio Group","og_description":"Read Rancilio Group's latest news about Rancilio Classe 20 SB protagonista della seconda tappa LAGS","og_url":"https:\/\/www.ranciliogroup.com\/it\/rancilio-classe-20-sb-protagonista-della-seconda-tappa-lags\/","og_site_name":"Rancilio Group","article_publisher":"https:\/\/www.facebook.com\/RancilioGroup","article_published_time":"2024-02-21T11:08:49+00:00","article_modified_time":"2024-02-22T10:56:40+00:00","og_image":[{"width":1080,"height":720,"url":"https:\/\/www.ranciliogroup.com\/app\/uploads\/2024\/02\/LAGS-Rancilio.jpg","type":"image\/jpeg"}],"author":"temp circular","twitter_card":"summary_large_image","twitter_creator":"@ranciliogroup","twitter_site":"@ranciliogroup","twitter_misc":{"Scritto da":"temp circular","Tempo di lettura stimato":"1 minuto"},"schema":{"@context":"https:\/\/schema.org","@graph":[{"@type":"Article","@id":"https:\/\/www.ranciliogroup.com\/it\/rancilio-classe-20-sb-protagonista-della-seconda-tappa-lags\/#article","isPartOf":{"@id":"https:\/\/www.ranciliogroup.com\/it\/rancilio-classe-20-sb-protagonista-della-seconda-tappa-lags\/"},"author":{"name":"temp circular","@id":"https:\/\/www.ranciliogroup.com\/it\/#\/schema\/person\/d6bf0a7dfe74cded3d64da8b2c92814c"},"headline":"Rancilio Classe 20 SB protagonista della seconda tappa LAGS","datePublished":"2024-02-21T11:08:49+00:00","dateModified":"2024-02-22T10:56:40+00:00","mainEntityOfPage":{"@id":"https:\/\/www.ranciliogroup.com\/it\/rancilio-classe-20-sb-protagonista-della-seconda-tappa-lags\/"},"wordCount":200,"publisher":{"@id":"https:\/\/www.ranciliogroup.com\/it\/#organization"},"keywords":["Steady Brew","LAGS","Classe 20"],"articleSection":["Eventi"],"inLanguage":"it-IT"},{"@type":"WebPage","@id":"https:\/\/www.ranciliogroup.com\/it\/rancilio-classe-20-sb-protagonista-della-seconda-tappa-lags\/","url":"https:\/\/www.ranciliogroup.com\/it\/rancilio-classe-20-sb-protagonista-della-seconda-tappa-lags\/","name":"Latest update about Rancilio Classe 20 SB protagonista della seconda tappa LAGS - Rancilio Group","isPartOf":{"@id":"https:\/\/www.ranciliogroup.com\/it\/#website"},"datePublished":"2024-02-21T11:08:49+00:00","dateModified":"2024-02-22T10:56:40+00:00","description":"Read Rancilio Group's latest news about Rancilio Classe 20 SB protagonista della seconda tappa LAGS","breadcrumb":{"@id":"https:\/\/www.ranciliogroup.com\/it\/rancilio-classe-20-sb-protagonista-della-seconda-tappa-lags\/#breadcrumb"},"inLanguage":"it-IT","potentialAction":[{"@type":"ReadAction","target":["https:\/\/www.ranciliogroup.com\/it\/rancilio-classe-20-sb-protagonista-della-seconda-tappa-lags\/"]}]},{"@type":"BreadcrumbList","@id":"https:\/\/www.ranciliogroup.com\/it\/rancilio-classe-20-sb-protagonista-della-seconda-tappa-lags\/#breadcrumb","itemListElement":[{"@type":"ListItem","position":1,"name":"Home","item":"https:\/\/www.ranciliogroup.com\/it\/"},{"@type":"ListItem","position":2,"name":"Rancilio Classe 20 SB protagonista della seconda tappa LAGS"}]},{"@type":"WebSite","@id":"https:\/\/www.ranciliogroup.com\/it\/#website","url":"https:\/\/www.ranciliogroup.com\/it\/","name":"Rancilio Group","description":"Leader delle Macchine da Caff\u00e8 Professionali","publisher":{"@id":"https:\/\/www.ranciliogroup.com\/it\/#organization"},"potentialAction":[{"@type":"SearchAction","target":{"@type":"EntryPoint","urlTemplate":"https:\/\/www.ranciliogroup.com\/it\/?s={search_term_string}"},"query-input":"required name=search_term_string"}],"inLanguage":"it-IT"},{"@type":"Organization","@id":"https:\/\/www.ranciliogroup.com\/it\/#organization","name":"Rancilio Group","url":"https:\/\/www.ranciliogroup.com\/it\/","logo":{"@type":"ImageObject","inLanguage":"it-IT","@id":"https:\/\/www.ranciliogroup.com\/it\/#\/schema\/logo\/image\/","url":"https:\/\/www.ranciliogroup.com\/app\/uploads\/2019\/07\/rancilio_black_logo.png","contentUrl":"https:\/\/www.ranciliogroup.com\/app\/uploads\/2019\/07\/rancilio_black_logo.png","width":447,"height":57,"caption":"Rancilio Group"},"image":{"@id":"https:\/\/www.ranciliogroup.com\/it\/#\/schema\/logo\/image\/"},"sameAs":["https:\/\/www.facebook.com\/RancilioGroup","https:\/\/twitter.com\/ranciliogroup","https:\/\/www.instagram.com\/rancilio_official\/","https:\/\/www.linkedin.com\/company\/ranciliogroup\/","https:\/\/www.youtube.com\/user\/rancilioadmin"]},{"@type":"Person","@id":"https:\/\/www.ranciliogroup.com\/it\/#\/schema\/person\/d6bf0a7dfe74cded3d64da8b2c92814c","name":"temp circular","image":{"@type":"ImageObject","inLanguage":"it-IT","@id":"https:\/\/www.ranciliogroup.com\/it\/#\/schema\/person\/image\/","url":"https:\/\/secure.gravatar.com\/avatar\/569e71c3b97b8bcad1854d6579b35c5f?s=96&d=mm&r=g","contentUrl":"https:\/\/secure.gravatar.com\/avatar\/569e71c3b97b8bcad1854d6579b35c5f?s=96&d=mm&r=g","caption":"temp circular"}}]}},"_links":{"self":[{"href":"https:\/\/www.ranciliogroup.com\/it\/wp-json\/wp\/v2\/posts\/73357"}],"collection":[{"href":"https:\/\/www.ranciliogroup.com\/it\/wp-json\/wp\/v2\/posts"}],"about":[{"href":"https:\/\/www.ranciliogroup.com\/it\/wp-json\/wp\/v2\/types\/post"}],"author":[{"embeddable":true,"href":"https:\/\/www.ranciliogroup.com\/it\/wp-json\/wp\/v2\/users\/5"}],"replies":[{"embeddable":true,"href":"https:\/\/www.ranciliogroup.com\/it\/wp-json\/wp\/v2\/comments?post=73357"}],"version-history":[{"count":4,"href":"https:\/\/www.ranciliogroup.com\/it\/wp-json\/wp\/v2\/posts\/73357\/revisions"}],"predecessor-version":[{"id":73389,"href":"https:\/\/www.ranciliogroup.com\/it\/wp-json\/wp\/v2\/posts\/73357\/revisions\/73389"}],"wp:featuredmedia":[{"embeddable":true,"href":"https:\/\/www.ranciliogroup.com\/it\/wp-json\/wp\/v2\/media\/73350"}],"wp:attachment":[{"href":"https:\/\/www.ranciliogroup.com\/it\/wp-json\/wp\/v2\/media?parent=73357"}],"wp:term":[{"taxonomy":"category","embeddable":true,"href":"https:\/\/www.ranciliogroup.com\/it\/wp-json\/wp\/v2\/categories?post=73357"},{"taxonomy":"post_tag","embeddable":true,"href":"https:\/\/www.ranciliogroup.com\/it\/wp-json\/wp\/v2\/tags?post=73357"}],"curies":[{"name":"wp","href":"https:\/\/api.w.org\/{rel}","templated":true}]}}