{"id":73361,"date":"2024-02-21T12:15:24","date_gmt":"2024-02-21T11:15:24","guid":{"rendered":"https:\/\/www.ranciliogroup.com\/?p=73361"},"modified":"2024-02-21T12:15:24","modified_gmt":"2024-02-21T11:15:24","slug":"rancilio-group-al-coffee-fest-di-new-york","status":"publish","type":"post","link":"https:\/\/www.ranciliogroup.com\/it\/rancilio-group-al-coffee-fest-di-new-york\/","title":{"rendered":"Rancilio Group al Coffee Fest di New York"},"content":{"rendered":"<p>Dal 3 marzo al 5 marzo 2024, il Gruppo Rancilio vi d\u00e0 il benvenuto al Coffee Fest presso il Javits Center di New York, dove saranno presentate le ultime innovazioni da Rancilio, Rancilio Specialty, Rancilio Grindtec ed Egro.<\/p>\n<p>Presso lo stand Rancilio Group, potrete scoprire la macchina per caff\u00e8 professionale tradizionale Classe 5, rinomata per la sua tecnologia di stabilit\u00e0 termica che garantisce qualit\u00e0 in ogni tazza, facilit\u00e0 d&#8217;uso e affidabilit\u00e0. I visitatori potranno esplorare il nuovo Kryo Elite della linea Rancilio Grindtec, un macinacaff\u00e8 professionale dotato del sistema Smart Adjusting System (SAS) che regola automaticamente il tempo di macinatura per garantire una dose uniforme ogni volta.<\/p>\n<p>Con materiali di alta qualit\u00e0 e affidabilit\u00e0, la macchina da caff\u00e8 a caldaia singola Rancilio Specialty Invicta accoglier\u00e0 gli ospiti con caff\u00e8 speciali di alta qualit\u00e0 serviti utilizzando le sue funzioni avanzate di caff\u00e8, acqua e vapore.<\/p>\n<p>La nuova macchina per caff\u00e8 superautomatica, MoDe, attende tutti i professionisti in cerca di una macchina per caff\u00e8 affidabile con prestazioni elevate, affidabilit\u00e0 e versatilit\u00e0 per migliorare l&#8217;efficienza degli operatori e accelerare il servizio. MoDe \u00e8 la soluzione ideale per coloro che desiderano un menu di caffetteria di qualit\u00e0 che offre bevande a base di caff\u00e8, latte fresco e prodotti istantanei. Egro \u00e8 anche presente con Next, la macchina da caff\u00e8 completamente automatica che garantisce risultati superiori per ogni tipo di bevanda, sia calda che fredda, a base di caff\u00e8, latte fresco o prodotti istantanei.<\/p>\n<p>Il Coffee Fest attira professionisti del caff\u00e8 specialty e appassionati allo stesso modo. L&#8217;evento a New York offrir\u00e0 un&#8217;ottima opportunit\u00e0 per ampliare la propria rete di fornitori, educatori, esperti, mentre si apprezza il miglior caff\u00e8 dei migliori torrefattori locali della citt\u00e0.<\/p>\n<p>&nbsp;<\/p>\n<p><strong>New York Coffee Fest<\/strong><br \/>\nDal 3 al 5 marzo 2024<br \/>\nDalle 10:00 alle 17:00<br \/>\nStand n. 2306<br \/>\n<a href=\"https:\/\/www.google.com\/maps\/place\/Jacob+Javits+Convention+Center\/@40.7575545,-74.0050494,17z\/data=!3m2!4b1!5s0x89c2584a54a8579d:0xc064d2a3ccac8fb0!4m6!3m5!1s0x89c2596b0b3394a7:0x8461e42130f7d0a6!8m2!3d40.7575505!4d-74.0024691!16zL20vMDdmbnJj?hl=en&amp;entry=ttu\">Jacob Javits Convention Center<\/a><br \/>\n429 11th Ave, New York<br \/>\nNY 10001, USA<\/p>\n","protected":false},"excerpt":{"rendered":"<p>Dal 3 marzo al 5 marzo 2024, il Gruppo Rancilio vi d\u00e0 il benvenuto al Coffee Fest presso il Javits&#8230;<\/p>\n","protected":false},"author":5,"featured_media":73363,"comment_status":"closed","ping_status":"closed","sticky":false,"template":"","format":"standard","meta":[],"categories":[465],"tags":[3419,3418,3145,2868,2645,2619,2618],"acf":[],"yoast_head":"<!-- This site is optimized with the Yoast SEO plugin v21.5 - https:\/\/yoast.com\/wordpress\/plugins\/seo\/ -->\n<title>Latest update about Rancilio Group al Coffee Fest di New York - Rancilio Group<\/title>\n<meta name=\"description\" content=\"Read Rancilio Group&#039;s latest news about Rancilio Group al Coffee Fest di New York\" \/>\n<meta name=\"robots\" content=\"index, follow, max-snippet:-1, max-image-preview:large, max-video-preview:-1\" \/>\n<link rel=\"canonical\" href=\"https:\/\/www.ranciliogroup.com\/it\/rancilio-group-al-coffee-fest-di-new-york\/\" \/>\n<meta property=\"og:locale\" content=\"it_IT\" \/>\n<meta property=\"og:type\" content=\"article\" \/>\n<meta property=\"og:title\" content=\"Latest update about Rancilio Group al Coffee Fest di New York - Rancilio Group\" \/>\n<meta property=\"og:description\" content=\"Read Rancilio Group&#039;s latest news about Rancilio Group al Coffee Fest di New York\" \/>\n<meta property=\"og:url\" content=\"https:\/\/www.ranciliogroup.com\/it\/rancilio-group-al-coffee-fest-di-new-york\/\" \/>\n<meta property=\"og:site_name\" content=\"Rancilio Group\" \/>\n<meta property=\"article:publisher\" content=\"https:\/\/www.facebook.com\/RancilioGroup\" \/>\n<meta property=\"article:published_time\" content=\"2024-02-21T11:15:24+00:00\" \/>\n<meta property=\"og:image\" content=\"https:\/\/www.ranciliogroup.com\/app\/uploads\/2024\/02\/banner_cfest.jpg\" \/>\n\t<meta property=\"og:image:width\" content=\"1080\" \/>\n\t<meta property=\"og:image:height\" content=\"617\" \/>\n\t<meta property=\"og:image:type\" content=\"image\/jpeg\" \/>\n<meta name=\"author\" content=\"temp circular\" \/>\n<meta name=\"twitter:card\" content=\"summary_large_image\" \/>\n<meta name=\"twitter:creator\" content=\"@ranciliogroup\" \/>\n<meta name=\"twitter:site\" content=\"@ranciliogroup\" \/>\n<meta name=\"twitter:label1\" content=\"Scritto da\" \/>\n\t<meta name=\"twitter:data1\" content=\"temp circular\" \/>\n\t<meta name=\"twitter:label2\" content=\"Tempo di lettura stimato\" \/>\n\t<meta name=\"twitter:data2\" content=\"2 minuti\" \/>\n<script type=\"application\/ld+json\" class=\"yoast-schema-graph\">{\"@context\":\"https:\/\/schema.org\",\"@graph\":[{\"@type\":\"Article\",\"@id\":\"https:\/\/www.ranciliogroup.com\/it\/rancilio-group-al-coffee-fest-di-new-york\/#article\",\"isPartOf\":{\"@id\":\"https:\/\/www.ranciliogroup.com\/it\/rancilio-group-al-coffee-fest-di-new-york\/\"},\"author\":{\"name\":\"temp circular\",\"@id\":\"https:\/\/www.ranciliogroup.com\/it\/#\/schema\/person\/d6bf0a7dfe74cded3d64da8b2c92814c\"},\"headline\":\"Rancilio Group al Coffee Fest di New York\",\"datePublished\":\"2024-02-21T11:15:24+00:00\",\"dateModified\":\"2024-02-21T11:15:24+00:00\",\"mainEntityOfPage\":{\"@id\":\"https:\/\/www.ranciliogroup.com\/it\/rancilio-group-al-coffee-fest-di-new-york\/\"},\"wordCount\":304,\"publisher\":{\"@id\":\"https:\/\/www.ranciliogroup.com\/it\/#organization\"},\"keywords\":[\"New York\",\"Coffee Fest\",\"MoDe\",\"Classe 5\",\"Next\",\"Kryo\",\"Invicta\"],\"articleSection\":[\"Eventi\"],\"inLanguage\":\"it-IT\"},{\"@type\":\"WebPage\",\"@id\":\"https:\/\/www.ranciliogroup.com\/it\/rancilio-group-al-coffee-fest-di-new-york\/\",\"url\":\"https:\/\/www.ranciliogroup.com\/it\/rancilio-group-al-coffee-fest-di-new-york\/\",\"name\":\"Latest update about Rancilio Group al Coffee Fest di New York - Rancilio Group\",\"isPartOf\":{\"@id\":\"https:\/\/www.ranciliogroup.com\/it\/#website\"},\"datePublished\":\"2024-02-21T11:15:24+00:00\",\"dateModified\":\"2024-02-21T11:15:24+00:00\",\"description\":\"Read Rancilio Group's latest news about Rancilio Group al Coffee Fest di New York\",\"breadcrumb\":{\"@id\":\"https:\/\/www.ranciliogroup.com\/it\/rancilio-group-al-coffee-fest-di-new-york\/#breadcrumb\"},\"inLanguage\":\"it-IT\",\"potentialAction\":[{\"@type\":\"ReadAction\",\"target\":[\"https:\/\/www.ranciliogroup.com\/it\/rancilio-group-al-coffee-fest-di-new-york\/\"]}]},{\"@type\":\"BreadcrumbList\",\"@id\":\"https:\/\/www.ranciliogroup.com\/it\/rancilio-group-al-coffee-fest-di-new-york\/#breadcrumb\",\"itemListElement\":[{\"@type\":\"ListItem\",\"position\":1,\"name\":\"Home\",\"item\":\"https:\/\/www.ranciliogroup.com\/it\/\"},{\"@type\":\"ListItem\",\"position\":2,\"name\":\"Rancilio Group al Coffee Fest di New York\"}]},{\"@type\":\"WebSite\",\"@id\":\"https:\/\/www.ranciliogroup.com\/it\/#website\",\"url\":\"https:\/\/www.ranciliogroup.com\/it\/\",\"name\":\"Rancilio Group\",\"description\":\"Leader delle Macchine da Caff\u00e8 Professionali\",\"publisher\":{\"@id\":\"https:\/\/www.ranciliogroup.com\/it\/#organization\"},\"potentialAction\":[{\"@type\":\"SearchAction\",\"target\":{\"@type\":\"EntryPoint\",\"urlTemplate\":\"https:\/\/www.ranciliogroup.com\/it\/?s={search_term_string}\"},\"query-input\":\"required name=search_term_string\"}],\"inLanguage\":\"it-IT\"},{\"@type\":\"Organization\",\"@id\":\"https:\/\/www.ranciliogroup.com\/it\/#organization\",\"name\":\"Rancilio Group\",\"url\":\"https:\/\/www.ranciliogroup.com\/it\/\",\"logo\":{\"@type\":\"ImageObject\",\"inLanguage\":\"it-IT\",\"@id\":\"https:\/\/www.ranciliogroup.com\/it\/#\/schema\/logo\/image\/\",\"url\":\"https:\/\/www.ranciliogroup.com\/app\/uploads\/2019\/07\/rancilio_black_logo.png\",\"contentUrl\":\"https:\/\/www.ranciliogroup.com\/app\/uploads\/2019\/07\/rancilio_black_logo.png\",\"width\":447,\"height\":57,\"caption\":\"Rancilio Group\"},\"image\":{\"@id\":\"https:\/\/www.ranciliogroup.com\/it\/#\/schema\/logo\/image\/\"},\"sameAs\":[\"https:\/\/www.facebook.com\/RancilioGroup\",\"https:\/\/twitter.com\/ranciliogroup\",\"https:\/\/www.instagram.com\/rancilio_official\/\",\"https:\/\/www.linkedin.com\/company\/ranciliogroup\/\",\"https:\/\/www.youtube.com\/user\/rancilioadmin\"]},{\"@type\":\"Person\",\"@id\":\"https:\/\/www.ranciliogroup.com\/it\/#\/schema\/person\/d6bf0a7dfe74cded3d64da8b2c92814c\",\"name\":\"temp circular\",\"image\":{\"@type\":\"ImageObject\",\"inLanguage\":\"it-IT\",\"@id\":\"https:\/\/www.ranciliogroup.com\/it\/#\/schema\/person\/image\/\",\"url\":\"https:\/\/secure.gravatar.com\/avatar\/569e71c3b97b8bcad1854d6579b35c5f?s=96&d=mm&r=g\",\"contentUrl\":\"https:\/\/secure.gravatar.com\/avatar\/569e71c3b97b8bcad1854d6579b35c5f?s=96&d=mm&r=g\",\"caption\":\"temp circular\"}}]}<\/script>\n<!-- \/ Yoast SEO plugin. -->","yoast_head_json":{"title":"Latest update about Rancilio Group al Coffee Fest di New York - Rancilio Group","description":"Read Rancilio Group's latest news about Rancilio Group al Coffee Fest di New York","robots":{"index":"index","follow":"follow","max-snippet":"max-snippet:-1","max-image-preview":"max-image-preview:large","max-video-preview":"max-video-preview:-1"},"canonical":"https:\/\/www.ranciliogroup.com\/it\/rancilio-group-al-coffee-fest-di-new-york\/","og_locale":"it_IT","og_type":"article","og_title":"Latest update about Rancilio Group al Coffee Fest di New York - Rancilio Group","og_description":"Read Rancilio Group's latest news about Rancilio Group al Coffee Fest di New York","og_url":"https:\/\/www.ranciliogroup.com\/it\/rancilio-group-al-coffee-fest-di-new-york\/","og_site_name":"Rancilio Group","article_publisher":"https:\/\/www.facebook.com\/RancilioGroup","article_published_time":"2024-02-21T11:15:24+00:00","og_image":[{"width":1080,"height":617,"url":"https:\/\/www.ranciliogroup.com\/app\/uploads\/2024\/02\/banner_cfest.jpg","type":"image\/jpeg"}],"author":"temp circular","twitter_card":"summary_large_image","twitter_creator":"@ranciliogroup","twitter_site":"@ranciliogroup","twitter_misc":{"Scritto da":"temp circular","Tempo di lettura stimato":"2 minuti"},"schema":{"@context":"https:\/\/schema.org","@graph":[{"@type":"Article","@id":"https:\/\/www.ranciliogroup.com\/it\/rancilio-group-al-coffee-fest-di-new-york\/#article","isPartOf":{"@id":"https:\/\/www.ranciliogroup.com\/it\/rancilio-group-al-coffee-fest-di-new-york\/"},"author":{"name":"temp circular","@id":"https:\/\/www.ranciliogroup.com\/it\/#\/schema\/person\/d6bf0a7dfe74cded3d64da8b2c92814c"},"headline":"Rancilio Group al Coffee Fest di New York","datePublished":"2024-02-21T11:15:24+00:00","dateModified":"2024-02-21T11:15:24+00:00","mainEntityOfPage":{"@id":"https:\/\/www.ranciliogroup.com\/it\/rancilio-group-al-coffee-fest-di-new-york\/"},"wordCount":304,"publisher":{"@id":"https:\/\/www.ranciliogroup.com\/it\/#organization"},"keywords":["New York","Coffee Fest","MoDe","Classe 5","Next","Kryo","Invicta"],"articleSection":["Eventi"],"inLanguage":"it-IT"},{"@type":"WebPage","@id":"https:\/\/www.ranciliogroup.com\/it\/rancilio-group-al-coffee-fest-di-new-york\/","url":"https:\/\/www.ranciliogroup.com\/it\/rancilio-group-al-coffee-fest-di-new-york\/","name":"Latest update about Rancilio Group al Coffee Fest di New York - Rancilio Group","isPartOf":{"@id":"https:\/\/www.ranciliogroup.com\/it\/#website"},"datePublished":"2024-02-21T11:15:24+00:00","dateModified":"2024-02-21T11:15:24+00:00","description":"Read Rancilio Group's latest news about Rancilio Group al Coffee Fest di New York","breadcrumb":{"@id":"https:\/\/www.ranciliogroup.com\/it\/rancilio-group-al-coffee-fest-di-new-york\/#breadcrumb"},"inLanguage":"it-IT","potentialAction":[{"@type":"ReadAction","target":["https:\/\/www.ranciliogroup.com\/it\/rancilio-group-al-coffee-fest-di-new-york\/"]}]},{"@type":"BreadcrumbList","@id":"https:\/\/www.ranciliogroup.com\/it\/rancilio-group-al-coffee-fest-di-new-york\/#breadcrumb","itemListElement":[{"@type":"ListItem","position":1,"name":"Home","item":"https:\/\/www.ranciliogroup.com\/it\/"},{"@type":"ListItem","position":2,"name":"Rancilio Group al Coffee Fest di New York"}]},{"@type":"WebSite","@id":"https:\/\/www.ranciliogroup.com\/it\/#website","url":"https:\/\/www.ranciliogroup.com\/it\/","name":"Rancilio Group","description":"Leader delle Macchine da Caff\u00e8 Professionali","publisher":{"@id":"https:\/\/www.ranciliogroup.com\/it\/#organization"},"potentialAction":[{"@type":"SearchAction","target":{"@type":"EntryPoint","urlTemplate":"https:\/\/www.ranciliogroup.com\/it\/?s={search_term_string}"},"query-input":"required name=search_term_string"}],"inLanguage":"it-IT"},{"@type":"Organization","@id":"https:\/\/www.ranciliogroup.com\/it\/#organization","name":"Rancilio Group","url":"https:\/\/www.ranciliogroup.com\/it\/","logo":{"@type":"ImageObject","inLanguage":"it-IT","@id":"https:\/\/www.ranciliogroup.com\/it\/#\/schema\/logo\/image\/","url":"https:\/\/www.ranciliogroup.com\/app\/uploads\/2019\/07\/rancilio_black_logo.png","contentUrl":"https:\/\/www.ranciliogroup.com\/app\/uploads\/2019\/07\/rancilio_black_logo.png","width":447,"height":57,"caption":"Rancilio Group"},"image":{"@id":"https:\/\/www.ranciliogroup.com\/it\/#\/schema\/logo\/image\/"},"sameAs":["https:\/\/www.facebook.com\/RancilioGroup","https:\/\/twitter.com\/ranciliogroup","https:\/\/www.instagram.com\/rancilio_official\/","https:\/\/www.linkedin.com\/company\/ranciliogroup\/","https:\/\/www.youtube.com\/user\/rancilioadmin"]},{"@type":"Person","@id":"https:\/\/www.ranciliogroup.com\/it\/#\/schema\/person\/d6bf0a7dfe74cded3d64da8b2c92814c","name":"temp circular","image":{"@type":"ImageObject","inLanguage":"it-IT","@id":"https:\/\/www.ranciliogroup.com\/it\/#\/schema\/person\/image\/","url":"https:\/\/secure.gravatar.com\/avatar\/569e71c3b97b8bcad1854d6579b35c5f?s=96&d=mm&r=g","contentUrl":"https:\/\/secure.gravatar.com\/avatar\/569e71c3b97b8bcad1854d6579b35c5f?s=96&d=mm&r=g","caption":"temp circular"}}]}},"_links":{"self":[{"href":"https:\/\/www.ranciliogroup.com\/it\/wp-json\/wp\/v2\/posts\/73361"}],"collection":[{"href":"https:\/\/www.ranciliogroup.com\/it\/wp-json\/wp\/v2\/posts"}],"about":[{"href":"https:\/\/www.ranciliogroup.com\/it\/wp-json\/wp\/v2\/types\/post"}],"author":[{"embeddable":true,"href":"https:\/\/www.ranciliogroup.com\/it\/wp-json\/wp\/v2\/users\/5"}],"replies":[{"embeddable":true,"href":"https:\/\/www.ranciliogroup.com\/it\/wp-json\/wp\/v2\/comments?post=73361"}],"version-history":[{"count":1,"href":"https:\/\/www.ranciliogroup.com\/it\/wp-json\/wp\/v2\/posts\/73361\/revisions"}],"predecessor-version":[{"id":73362,"href":"https:\/\/www.ranciliogroup.com\/it\/wp-json\/wp\/v2\/posts\/73361\/revisions\/73362"}],"wp:featuredmedia":[{"embeddable":true,"href":"https:\/\/www.ranciliogroup.com\/it\/wp-json\/wp\/v2\/media\/73363"}],"wp:attachment":[{"href":"https:\/\/www.ranciliogroup.com\/it\/wp-json\/wp\/v2\/media?parent=73361"}],"wp:term":[{"taxonomy":"category","embeddable":true,"href":"https:\/\/www.ranciliogroup.com\/it\/wp-json\/wp\/v2\/categories?post=73361"},{"taxonomy":"post_tag","embeddable":true,"href":"https:\/\/www.ranciliogroup.com\/it\/wp-json\/wp\/v2\/tags?post=73361"}],"curies":[{"name":"wp","href":"https:\/\/api.w.org\/{rel}","templated":true}]}}