{"id":73506,"date":"2024-03-22T12:58:19","date_gmt":"2024-03-22T11:58:19","guid":{"rendered":"https:\/\/www.ranciliogroup.com\/?p=73506"},"modified":"2024-03-22T12:58:19","modified_gmt":"2024-03-22T11:58:19","slug":"ctw-china-riunisce-rancilio-group-e-crem-international-alla-32a-edizione-di-hotelex-shanghai","status":"publish","type":"post","link":"https:\/\/www.ranciliogroup.com\/it\/ctw-china-riunisce-rancilio-group-e-crem-international-alla-32a-edizione-di-hotelex-shanghai\/","title":{"rendered":"CTW China riunisce Rancilio Group e Crem International alla 32\u00aa edizione di Hotelex Shanghai"},"content":{"rendered":"<p>Dal 27 al 30 marzo, Hotelex aprir\u00e0 le porte per accogliere oltre 200.000 professionisti del settore Ho.re.ca, provenienti da oltre 116 Paesi. CTW China \u2013 la nuova filiale nata dalla collaborazione tra CTW Coffee Division e Welbilt China \u2013 invita i visitatori a esplorare il suo stand, che presenta le ultime innovazioni dei brand Rancilio, Rancilio Specialty, Egro e Crem International.<\/p>\n<p>Per gli appassionati di caff\u00e8 specialty, la macchina per caff\u00e8 professionale multi-caldaia RS1 e la macchina da caff\u00e8 a caldaia singola Invicta di <strong>Rancilio Specialty<\/strong> presenteranno le funzioni Advanced Temperature Profiling e Pre-infusion, offrendo spunti per esaltare gli aromi e le caratteristiche migliori di ogni caff\u00e8 o miscela monorigine.<\/p>\n<p>Gli appassionati di <strong>Egro<\/strong> avranno l&#8217;opportunit\u00e0 di scoprire la nuova Egro Mode nelle sue configurazioni Pure Coffee e Pro Milk, presentando un design modulare e accattivante che offre un&#8217;ampia variet\u00e0 di bevande a base di caff\u00e8 e latte.<\/p>\n<p><strong>Rancilio<\/strong> sar\u00e0 presente con la macchina per caff\u00e8 tradizionale Classe 20 ASB e con la nuova Classe 5 Eco, destinata ai baristi che cercano soluzioni ad alta efficienza energetica per i loro locali. Inoltre, <strong>Rancilio Grindtec<\/strong> presenter\u00e0 i nuovi macinini professionali Kryo Elite e Bond, progettati per migliorare la velocit\u00e0 e garantire un servizio di qualit\u00e0 costante. Un accogliente angolo introdurr\u00e0 gli ospiti alla <strong>Linea Home<\/strong> di Rancilio, con la macchina da caff\u00e8 Silvia Pro X e il nuovo macinino Stile, progettato per l&#8217;uso domestico.<\/p>\n<p>Gli ospiti avranno anche l&#8217;opportunit\u00e0 di esplorare le ultime novit\u00e0 di Crem International, con CTW China che presenter\u00e0 le macchine da caff\u00e8 professionali EX3, EX2 e il macinacaff\u00e8 professionale Pulse 75.<\/p>\n<p>Hotelex si distingue come una fiera internazionale di primo piano, in grado di attirare acquirenti professionali, distributori e agenti da tutto il mondo.<\/p>\n<p>&nbsp;<\/p>\n<p><strong>Hotelex Shanghai<\/strong><br \/>\n27-30 marzo 2024<br \/>\nStand 1.2K70<br \/>\n<a href=\"https:\/\/www.google.com\/maps\/place\/National+Convention+%26+Exhibition+Center\/@31.190706,121.306102,17z\/data=!3m1!4b1!4m9!3m8!1s0x35b26720dafeb5a3:0x1d337367692cd85e!5m2!4m1!1i2!8m2!3d31.190706!4d121.306102!16s%2Fg%2F11b6v12yx8?hl=en&amp;entry=ttu\">National Exhibition &amp; Convention Center (Shanghai)<\/a><br \/>\n58R4+7CQ, Laigang Rd, distretto di Qingpu<br \/>\nShanghai, Cina, 201106<\/p>\n<p>&nbsp;<\/p>\n<p>&nbsp;<\/p>\n","protected":false},"excerpt":{"rendered":"<p>Dal 27 al 30 marzo, Hotelex aprir\u00e0 le porte per accogliere oltre 200.000 professionisti del settore Ho.re.ca, provenienti da oltre&#8230;<\/p>\n","protected":false},"author":5,"featured_media":73502,"comment_status":"closed","ping_status":"closed","sticky":false,"template":"","format":"standard","meta":[],"categories":[465],"tags":[3446,3144,3145,2958,2959,2830,2782,2729,2644,2618,2587],"acf":[],"yoast_head":"<!-- This site is optimized with the Yoast SEO plugin v21.5 - https:\/\/yoast.com\/wordpress\/plugins\/seo\/ -->\n<title>Latest update about CTW China riunisce Rancilio Group e Crem International alla 32\u00aa edizione di Hotelex Shanghai - Rancilio Group<\/title>\n<meta name=\"description\" content=\"Read Rancilio Group&#039;s latest news about CTW China riunisce Rancilio Group e Crem International alla 32\u00aa edizione di Hotelex Shanghai\" \/>\n<meta name=\"robots\" content=\"index, follow, max-snippet:-1, max-image-preview:large, max-video-preview:-1\" \/>\n<link rel=\"canonical\" href=\"https:\/\/www.ranciliogroup.com\/it\/ctw-china-riunisce-rancilio-group-e-crem-international-alla-32a-edizione-di-hotelex-shanghai\/\" \/>\n<meta property=\"og:locale\" content=\"it_IT\" \/>\n<meta property=\"og:type\" content=\"article\" \/>\n<meta property=\"og:title\" content=\"Latest update about CTW China riunisce Rancilio Group e Crem International alla 32\u00aa edizione di Hotelex Shanghai - Rancilio Group\" \/>\n<meta property=\"og:description\" content=\"Read Rancilio Group&#039;s latest news about CTW China riunisce Rancilio Group e Crem International alla 32\u00aa edizione di Hotelex Shanghai\" \/>\n<meta property=\"og:url\" content=\"https:\/\/www.ranciliogroup.com\/it\/ctw-china-riunisce-rancilio-group-e-crem-international-alla-32a-edizione-di-hotelex-shanghai\/\" \/>\n<meta property=\"og:site_name\" content=\"Rancilio Group\" \/>\n<meta property=\"article:publisher\" content=\"https:\/\/www.facebook.com\/RancilioGroup\" \/>\n<meta property=\"article:published_time\" content=\"2024-03-22T11:58:19+00:00\" \/>\n<meta property=\"og:image\" content=\"https:\/\/www.ranciliogroup.com\/app\/uploads\/2024\/03\/Hotelex_Shanghai.jpg\" \/>\n\t<meta property=\"og:image:width\" content=\"1080\" \/>\n\t<meta property=\"og:image:height\" content=\"720\" \/>\n\t<meta property=\"og:image:type\" content=\"image\/jpeg\" \/>\n<meta name=\"author\" content=\"temp circular\" \/>\n<meta name=\"twitter:card\" content=\"summary_large_image\" \/>\n<meta name=\"twitter:creator\" content=\"@ranciliogroup\" \/>\n<meta name=\"twitter:site\" content=\"@ranciliogroup\" \/>\n<meta name=\"twitter:label1\" content=\"Scritto da\" \/>\n\t<meta name=\"twitter:data1\" content=\"temp circular\" \/>\n\t<meta name=\"twitter:label2\" content=\"Tempo di lettura stimato\" \/>\n\t<meta name=\"twitter:data2\" content=\"2 minuti\" \/>\n<script type=\"application\/ld+json\" class=\"yoast-schema-graph\">{\"@context\":\"https:\/\/schema.org\",\"@graph\":[{\"@type\":\"Article\",\"@id\":\"https:\/\/www.ranciliogroup.com\/it\/ctw-china-riunisce-rancilio-group-e-crem-international-alla-32a-edizione-di-hotelex-shanghai\/#article\",\"isPartOf\":{\"@id\":\"https:\/\/www.ranciliogroup.com\/it\/ctw-china-riunisce-rancilio-group-e-crem-international-alla-32a-edizione-di-hotelex-shanghai\/\"},\"author\":{\"name\":\"temp circular\",\"@id\":\"https:\/\/www.ranciliogroup.com\/it\/#\/schema\/person\/d6bf0a7dfe74cded3d64da8b2c92814c\"},\"headline\":\"CTW China riunisce Rancilio Group e Crem International alla 32\u00aa edizione di Hotelex Shanghai\",\"datePublished\":\"2024-03-22T11:58:19+00:00\",\"dateModified\":\"2024-03-22T11:58:19+00:00\",\"mainEntityOfPage\":{\"@id\":\"https:\/\/www.ranciliogroup.com\/it\/ctw-china-riunisce-rancilio-group-e-crem-international-alla-32a-edizione-di-hotelex-shanghai\/\"},\"wordCount\":317,\"publisher\":{\"@id\":\"https:\/\/www.ranciliogroup.com\/it\/#organization\"},\"keywords\":[\"Kryo Elite\",\"Bond\",\"MoDe\",\"Hotelex\",\"Classe 5 Eco\",\"Classe 20\",\"Stile\",\"Silvia Pro X\",\"Shanghai\",\"Invicta\",\"RS1\"],\"articleSection\":[\"Eventi\"],\"inLanguage\":\"it-IT\"},{\"@type\":\"WebPage\",\"@id\":\"https:\/\/www.ranciliogroup.com\/it\/ctw-china-riunisce-rancilio-group-e-crem-international-alla-32a-edizione-di-hotelex-shanghai\/\",\"url\":\"https:\/\/www.ranciliogroup.com\/it\/ctw-china-riunisce-rancilio-group-e-crem-international-alla-32a-edizione-di-hotelex-shanghai\/\",\"name\":\"Latest update about CTW China riunisce Rancilio Group e Crem International alla 32\u00aa edizione di Hotelex Shanghai - Rancilio Group\",\"isPartOf\":{\"@id\":\"https:\/\/www.ranciliogroup.com\/it\/#website\"},\"datePublished\":\"2024-03-22T11:58:19+00:00\",\"dateModified\":\"2024-03-22T11:58:19+00:00\",\"description\":\"Read Rancilio Group's latest news about CTW China riunisce Rancilio Group e Crem International alla 32\u00aa edizione di Hotelex Shanghai\",\"breadcrumb\":{\"@id\":\"https:\/\/www.ranciliogroup.com\/it\/ctw-china-riunisce-rancilio-group-e-crem-international-alla-32a-edizione-di-hotelex-shanghai\/#breadcrumb\"},\"inLanguage\":\"it-IT\",\"potentialAction\":[{\"@type\":\"ReadAction\",\"target\":[\"https:\/\/www.ranciliogroup.com\/it\/ctw-china-riunisce-rancilio-group-e-crem-international-alla-32a-edizione-di-hotelex-shanghai\/\"]}]},{\"@type\":\"BreadcrumbList\",\"@id\":\"https:\/\/www.ranciliogroup.com\/it\/ctw-china-riunisce-rancilio-group-e-crem-international-alla-32a-edizione-di-hotelex-shanghai\/#breadcrumb\",\"itemListElement\":[{\"@type\":\"ListItem\",\"position\":1,\"name\":\"Home\",\"item\":\"https:\/\/www.ranciliogroup.com\/it\/\"},{\"@type\":\"ListItem\",\"position\":2,\"name\":\"CTW China riunisce Rancilio Group e Crem International alla 32\u00aa edizione di Hotelex Shanghai\"}]},{\"@type\":\"WebSite\",\"@id\":\"https:\/\/www.ranciliogroup.com\/it\/#website\",\"url\":\"https:\/\/www.ranciliogroup.com\/it\/\",\"name\":\"Rancilio Group\",\"description\":\"Leader delle Macchine da Caff\u00e8 Professionali\",\"publisher\":{\"@id\":\"https:\/\/www.ranciliogroup.com\/it\/#organization\"},\"potentialAction\":[{\"@type\":\"SearchAction\",\"target\":{\"@type\":\"EntryPoint\",\"urlTemplate\":\"https:\/\/www.ranciliogroup.com\/it\/?s={search_term_string}\"},\"query-input\":\"required name=search_term_string\"}],\"inLanguage\":\"it-IT\"},{\"@type\":\"Organization\",\"@id\":\"https:\/\/www.ranciliogroup.com\/it\/#organization\",\"name\":\"Rancilio Group\",\"url\":\"https:\/\/www.ranciliogroup.com\/it\/\",\"logo\":{\"@type\":\"ImageObject\",\"inLanguage\":\"it-IT\",\"@id\":\"https:\/\/www.ranciliogroup.com\/it\/#\/schema\/logo\/image\/\",\"url\":\"https:\/\/www.ranciliogroup.com\/app\/uploads\/2019\/07\/rancilio_black_logo.png\",\"contentUrl\":\"https:\/\/www.ranciliogroup.com\/app\/uploads\/2019\/07\/rancilio_black_logo.png\",\"width\":447,\"height\":57,\"caption\":\"Rancilio Group\"},\"image\":{\"@id\":\"https:\/\/www.ranciliogroup.com\/it\/#\/schema\/logo\/image\/\"},\"sameAs\":[\"https:\/\/www.facebook.com\/RancilioGroup\",\"https:\/\/twitter.com\/ranciliogroup\",\"https:\/\/www.instagram.com\/rancilio_official\/\",\"https:\/\/www.linkedin.com\/company\/ranciliogroup\/\",\"https:\/\/www.youtube.com\/user\/rancilioadmin\"]},{\"@type\":\"Person\",\"@id\":\"https:\/\/www.ranciliogroup.com\/it\/#\/schema\/person\/d6bf0a7dfe74cded3d64da8b2c92814c\",\"name\":\"temp circular\",\"image\":{\"@type\":\"ImageObject\",\"inLanguage\":\"it-IT\",\"@id\":\"https:\/\/www.ranciliogroup.com\/it\/#\/schema\/person\/image\/\",\"url\":\"https:\/\/secure.gravatar.com\/avatar\/569e71c3b97b8bcad1854d6579b35c5f?s=96&d=mm&r=g\",\"contentUrl\":\"https:\/\/secure.gravatar.com\/avatar\/569e71c3b97b8bcad1854d6579b35c5f?s=96&d=mm&r=g\",\"caption\":\"temp circular\"}}]}<\/script>\n<!-- \/ Yoast SEO plugin. -->","yoast_head_json":{"title":"Latest update about CTW China riunisce Rancilio Group e Crem International alla 32\u00aa edizione di Hotelex Shanghai - Rancilio Group","description":"Read Rancilio Group's latest news about CTW China riunisce Rancilio Group e Crem International alla 32\u00aa edizione di Hotelex Shanghai","robots":{"index":"index","follow":"follow","max-snippet":"max-snippet:-1","max-image-preview":"max-image-preview:large","max-video-preview":"max-video-preview:-1"},"canonical":"https:\/\/www.ranciliogroup.com\/it\/ctw-china-riunisce-rancilio-group-e-crem-international-alla-32a-edizione-di-hotelex-shanghai\/","og_locale":"it_IT","og_type":"article","og_title":"Latest update about CTW China riunisce Rancilio Group e Crem International alla 32\u00aa edizione di Hotelex Shanghai - Rancilio Group","og_description":"Read Rancilio Group's latest news about CTW China riunisce Rancilio Group e Crem International alla 32\u00aa edizione di Hotelex Shanghai","og_url":"https:\/\/www.ranciliogroup.com\/it\/ctw-china-riunisce-rancilio-group-e-crem-international-alla-32a-edizione-di-hotelex-shanghai\/","og_site_name":"Rancilio Group","article_publisher":"https:\/\/www.facebook.com\/RancilioGroup","article_published_time":"2024-03-22T11:58:19+00:00","og_image":[{"width":1080,"height":720,"url":"https:\/\/www.ranciliogroup.com\/app\/uploads\/2024\/03\/Hotelex_Shanghai.jpg","type":"image\/jpeg"}],"author":"temp circular","twitter_card":"summary_large_image","twitter_creator":"@ranciliogroup","twitter_site":"@ranciliogroup","twitter_misc":{"Scritto da":"temp circular","Tempo di lettura stimato":"2 minuti"},"schema":{"@context":"https:\/\/schema.org","@graph":[{"@type":"Article","@id":"https:\/\/www.ranciliogroup.com\/it\/ctw-china-riunisce-rancilio-group-e-crem-international-alla-32a-edizione-di-hotelex-shanghai\/#article","isPartOf":{"@id":"https:\/\/www.ranciliogroup.com\/it\/ctw-china-riunisce-rancilio-group-e-crem-international-alla-32a-edizione-di-hotelex-shanghai\/"},"author":{"name":"temp circular","@id":"https:\/\/www.ranciliogroup.com\/it\/#\/schema\/person\/d6bf0a7dfe74cded3d64da8b2c92814c"},"headline":"CTW China riunisce Rancilio Group e Crem International alla 32\u00aa edizione di Hotelex Shanghai","datePublished":"2024-03-22T11:58:19+00:00","dateModified":"2024-03-22T11:58:19+00:00","mainEntityOfPage":{"@id":"https:\/\/www.ranciliogroup.com\/it\/ctw-china-riunisce-rancilio-group-e-crem-international-alla-32a-edizione-di-hotelex-shanghai\/"},"wordCount":317,"publisher":{"@id":"https:\/\/www.ranciliogroup.com\/it\/#organization"},"keywords":["Kryo Elite","Bond","MoDe","Hotelex","Classe 5 Eco","Classe 20","Stile","Silvia Pro X","Shanghai","Invicta","RS1"],"articleSection":["Eventi"],"inLanguage":"it-IT"},{"@type":"WebPage","@id":"https:\/\/www.ranciliogroup.com\/it\/ctw-china-riunisce-rancilio-group-e-crem-international-alla-32a-edizione-di-hotelex-shanghai\/","url":"https:\/\/www.ranciliogroup.com\/it\/ctw-china-riunisce-rancilio-group-e-crem-international-alla-32a-edizione-di-hotelex-shanghai\/","name":"Latest update about CTW China riunisce Rancilio Group e Crem International alla 32\u00aa edizione di Hotelex Shanghai - Rancilio Group","isPartOf":{"@id":"https:\/\/www.ranciliogroup.com\/it\/#website"},"datePublished":"2024-03-22T11:58:19+00:00","dateModified":"2024-03-22T11:58:19+00:00","description":"Read Rancilio Group's latest news about CTW China riunisce Rancilio Group e Crem International alla 32\u00aa edizione di Hotelex Shanghai","breadcrumb":{"@id":"https:\/\/www.ranciliogroup.com\/it\/ctw-china-riunisce-rancilio-group-e-crem-international-alla-32a-edizione-di-hotelex-shanghai\/#breadcrumb"},"inLanguage":"it-IT","potentialAction":[{"@type":"ReadAction","target":["https:\/\/www.ranciliogroup.com\/it\/ctw-china-riunisce-rancilio-group-e-crem-international-alla-32a-edizione-di-hotelex-shanghai\/"]}]},{"@type":"BreadcrumbList","@id":"https:\/\/www.ranciliogroup.com\/it\/ctw-china-riunisce-rancilio-group-e-crem-international-alla-32a-edizione-di-hotelex-shanghai\/#breadcrumb","itemListElement":[{"@type":"ListItem","position":1,"name":"Home","item":"https:\/\/www.ranciliogroup.com\/it\/"},{"@type":"ListItem","position":2,"name":"CTW China riunisce Rancilio Group e Crem International alla 32\u00aa edizione di Hotelex Shanghai"}]},{"@type":"WebSite","@id":"https:\/\/www.ranciliogroup.com\/it\/#website","url":"https:\/\/www.ranciliogroup.com\/it\/","name":"Rancilio Group","description":"Leader delle Macchine da Caff\u00e8 Professionali","publisher":{"@id":"https:\/\/www.ranciliogroup.com\/it\/#organization"},"potentialAction":[{"@type":"SearchAction","target":{"@type":"EntryPoint","urlTemplate":"https:\/\/www.ranciliogroup.com\/it\/?s={search_term_string}"},"query-input":"required name=search_term_string"}],"inLanguage":"it-IT"},{"@type":"Organization","@id":"https:\/\/www.ranciliogroup.com\/it\/#organization","name":"Rancilio Group","url":"https:\/\/www.ranciliogroup.com\/it\/","logo":{"@type":"ImageObject","inLanguage":"it-IT","@id":"https:\/\/www.ranciliogroup.com\/it\/#\/schema\/logo\/image\/","url":"https:\/\/www.ranciliogroup.com\/app\/uploads\/2019\/07\/rancilio_black_logo.png","contentUrl":"https:\/\/www.ranciliogroup.com\/app\/uploads\/2019\/07\/rancilio_black_logo.png","width":447,"height":57,"caption":"Rancilio Group"},"image":{"@id":"https:\/\/www.ranciliogroup.com\/it\/#\/schema\/logo\/image\/"},"sameAs":["https:\/\/www.facebook.com\/RancilioGroup","https:\/\/twitter.com\/ranciliogroup","https:\/\/www.instagram.com\/rancilio_official\/","https:\/\/www.linkedin.com\/company\/ranciliogroup\/","https:\/\/www.youtube.com\/user\/rancilioadmin"]},{"@type":"Person","@id":"https:\/\/www.ranciliogroup.com\/it\/#\/schema\/person\/d6bf0a7dfe74cded3d64da8b2c92814c","name":"temp circular","image":{"@type":"ImageObject","inLanguage":"it-IT","@id":"https:\/\/www.ranciliogroup.com\/it\/#\/schema\/person\/image\/","url":"https:\/\/secure.gravatar.com\/avatar\/569e71c3b97b8bcad1854d6579b35c5f?s=96&d=mm&r=g","contentUrl":"https:\/\/secure.gravatar.com\/avatar\/569e71c3b97b8bcad1854d6579b35c5f?s=96&d=mm&r=g","caption":"temp circular"}}]}},"_links":{"self":[{"href":"https:\/\/www.ranciliogroup.com\/it\/wp-json\/wp\/v2\/posts\/73506"}],"collection":[{"href":"https:\/\/www.ranciliogroup.com\/it\/wp-json\/wp\/v2\/posts"}],"about":[{"href":"https:\/\/www.ranciliogroup.com\/it\/wp-json\/wp\/v2\/types\/post"}],"author":[{"embeddable":true,"href":"https:\/\/www.ranciliogroup.com\/it\/wp-json\/wp\/v2\/users\/5"}],"replies":[{"embeddable":true,"href":"https:\/\/www.ranciliogroup.com\/it\/wp-json\/wp\/v2\/comments?post=73506"}],"version-history":[{"count":2,"href":"https:\/\/www.ranciliogroup.com\/it\/wp-json\/wp\/v2\/posts\/73506\/revisions"}],"predecessor-version":[{"id":73508,"href":"https:\/\/www.ranciliogroup.com\/it\/wp-json\/wp\/v2\/posts\/73506\/revisions\/73508"}],"wp:featuredmedia":[{"embeddable":true,"href":"https:\/\/www.ranciliogroup.com\/it\/wp-json\/wp\/v2\/media\/73502"}],"wp:attachment":[{"href":"https:\/\/www.ranciliogroup.com\/it\/wp-json\/wp\/v2\/media?parent=73506"}],"wp:term":[{"taxonomy":"category","embeddable":true,"href":"https:\/\/www.ranciliogroup.com\/it\/wp-json\/wp\/v2\/categories?post=73506"},{"taxonomy":"post_tag","embeddable":true,"href":"https:\/\/www.ranciliogroup.com\/it\/wp-json\/wp\/v2\/tags?post=73506"}],"curies":[{"name":"wp","href":"https:\/\/api.w.org\/{rel}","templated":true}]}}