{"id":73570,"date":"2024-03-28T14:00:50","date_gmt":"2024-03-28T13:00:50","guid":{"rendered":"https:\/\/www.ranciliogroup.com\/?p=73570"},"modified":"2024-03-28T14:00:50","modified_gmt":"2024-03-28T13:00:50","slug":"ctw-uk-partecipa-al-london-coffee-festival-2024-con-rancilio-group-e-crem-international","status":"publish","type":"post","link":"https:\/\/www.ranciliogroup.com\/it\/ctw-uk-partecipa-al-london-coffee-festival-2024-con-rancilio-group-e-crem-international\/","title":{"rendered":"CTW UK partecipa al London Coffee Festival 2024 con Rancilio Group e Crem International"},"content":{"rendered":"<p>Dall&#8217;11 al 14 aprile, immergetevi nel cuore dell&#8217;East End londinese mentre CTW UK \u2013 la nuova filiale di CTW Coffee Division nata dalla collaborazione tra Rancilio Group e Crem International \u2013 si unisce all&#8217;attesissimo London Coffee Festival, uno dei principali eventi globali che celebrano il caff\u00e8 e l&#8217;ospitalit\u00e0.<\/p>\n<p>Rancilio Specialty RS1, la macchina per caff\u00e8 multicaldaia all&#8217;avanguardia dotata di Advanced Temperature Profiling e tecnologia di pre-infusione, \u00e8 pronta a mostrare ai baristi come sprigionare tutto l&#8217;aroma e le caratteristiche intrinseche del loro caff\u00e8 monorigine o miscela.<\/p>\n<p>I visitatori possono scoprire i nuovi macinadosatori professionali Rancilio, Kryo Elite e Bond, meticolosamente progettati per velocizzare il servizio garantendo eccellenza e consistenza in ogni tazza di caff\u00e8. Gli appassionati del caff\u00e8 domestico potranno esplorare le macchine per caff\u00e8 Silvia e Silvia Pro X, che portano la qualit\u00e0 del caff\u00e8 in stile caffetteria a casa.<\/p>\n<p>La nuova Egro MoDe \u00e8 pronta a stupire tutti gli appassionati di macchine per caff\u00e8 superautomatiche. Con la sua interfaccia intuitiva e un ampio menu con ricette a base di latte e solubili, la configurazione Egro MoDe Pro Milk migliorer\u00e0 l&#8217;esperienza caff\u00e8.<\/p>\n<p>Lo stand ospiter\u00e0 anche i prodotti preferiti del marchio Crem International: la macchina da caff\u00e8 professionale EX3 e la macchina da caff\u00e8 One per la casa.<\/p>\n<p>Abbracciando la vivace cultura del caff\u00e8 e le creative sottoculture di Londra, questo festival promette un&#8217;esperienza indimenticabile tra degustazioni, dimostrazioni, workshop interattivi e discorsi approfonditi.<\/p>\n<p>&nbsp;<\/p>\n<p><strong>\u00a0<\/strong><strong>\u00a0<\/strong><\/p>\n<p><strong>\u00a0<\/strong><\/p>\n<p><strong>The London Coffee Festival<\/strong><br \/>\n11-14 aprile 2024<br \/>\nStand G25<br \/>\n<a href=\"https:\/\/www.google.com\/maps\/place\/The+Truman+Brewery\/@51.5212762,-0.0745701,17z\/data=!3m2!4b1!5s0x48761cca7ad8f109:0x76afa4b352d0a421!4m6!3m5!1s0x48761cb681c09d1b:0xffb3966176941f91!8m2!3d51.5212729!4d-0.0719898!16zL20vMDd4cTEx?authuser=0&amp;entry=ttu\">The Truman Brewery<\/a><br \/>\n91 Brick Lane<br \/>\nLondra E1 6QR, UK<\/p>\n<p>&nbsp;<\/p>\n<p>&nbsp;<\/p>\n","protected":false},"excerpt":{"rendered":"<p>Dall&#8217;11 al 14 aprile, immergetevi nel cuore dell&#8217;East End londinese mentre CTW UK \u2013 la nuova filiale di CTW Coffee&#8230;<\/p>\n","protected":false},"author":5,"featured_media":73560,"comment_status":"closed","ping_status":"closed","sticky":false,"template":"","format":"standard","meta":[],"categories":[465],"tags":[3446,3144,3145,2849,2782,2729,2587],"acf":[],"yoast_head":"<!-- This site is optimized with the Yoast SEO plugin v21.5 - https:\/\/yoast.com\/wordpress\/plugins\/seo\/ -->\n<title>Latest update about CTW UK partecipa al London Coffee Festival 2024 con Rancilio Group e Crem International - Rancilio Group<\/title>\n<meta name=\"description\" content=\"Read Rancilio Group&#039;s latest news about CTW UK partecipa al London Coffee Festival 2024 con Rancilio Group e Crem International\" \/>\n<meta name=\"robots\" content=\"index, follow, max-snippet:-1, max-image-preview:large, max-video-preview:-1\" \/>\n<link rel=\"canonical\" href=\"https:\/\/www.ranciliogroup.com\/it\/ctw-uk-partecipa-al-london-coffee-festival-2024-con-rancilio-group-e-crem-international\/\" \/>\n<meta property=\"og:locale\" content=\"it_IT\" \/>\n<meta property=\"og:type\" content=\"article\" \/>\n<meta property=\"og:title\" content=\"Latest update about CTW UK partecipa al London Coffee Festival 2024 con Rancilio Group e Crem International - Rancilio Group\" \/>\n<meta property=\"og:description\" content=\"Read Rancilio Group&#039;s latest news about CTW UK partecipa al London Coffee Festival 2024 con Rancilio Group e Crem International\" \/>\n<meta property=\"og:url\" content=\"https:\/\/www.ranciliogroup.com\/it\/ctw-uk-partecipa-al-london-coffee-festival-2024-con-rancilio-group-e-crem-international\/\" \/>\n<meta property=\"og:site_name\" content=\"Rancilio Group\" \/>\n<meta property=\"article:publisher\" content=\"https:\/\/www.facebook.com\/RancilioGroup\" \/>\n<meta property=\"article:published_time\" content=\"2024-03-28T13:00:50+00:00\" \/>\n<meta property=\"og:image\" content=\"https:\/\/www.ranciliogroup.com\/app\/uploads\/2024\/03\/Rancilio-LCF.jpg\" \/>\n\t<meta property=\"og:image:width\" content=\"1080\" \/>\n\t<meta property=\"og:image:height\" content=\"810\" \/>\n\t<meta property=\"og:image:type\" content=\"image\/jpeg\" \/>\n<meta name=\"author\" content=\"temp circular\" \/>\n<meta name=\"twitter:card\" content=\"summary_large_image\" \/>\n<meta name=\"twitter:creator\" content=\"@ranciliogroup\" \/>\n<meta name=\"twitter:site\" content=\"@ranciliogroup\" \/>\n<meta name=\"twitter:label1\" content=\"Scritto da\" \/>\n\t<meta name=\"twitter:data1\" content=\"temp circular\" \/>\n\t<meta name=\"twitter:label2\" content=\"Tempo di lettura stimato\" \/>\n\t<meta name=\"twitter:data2\" content=\"2 minuti\" \/>\n<script type=\"application\/ld+json\" class=\"yoast-schema-graph\">{\"@context\":\"https:\/\/schema.org\",\"@graph\":[{\"@type\":\"Article\",\"@id\":\"https:\/\/www.ranciliogroup.com\/it\/ctw-uk-partecipa-al-london-coffee-festival-2024-con-rancilio-group-e-crem-international\/#article\",\"isPartOf\":{\"@id\":\"https:\/\/www.ranciliogroup.com\/it\/ctw-uk-partecipa-al-london-coffee-festival-2024-con-rancilio-group-e-crem-international\/\"},\"author\":{\"name\":\"temp circular\",\"@id\":\"https:\/\/www.ranciliogroup.com\/it\/#\/schema\/person\/d6bf0a7dfe74cded3d64da8b2c92814c\"},\"headline\":\"CTW UK partecipa al London Coffee Festival 2024 con Rancilio Group e Crem International\",\"datePublished\":\"2024-03-28T13:00:50+00:00\",\"dateModified\":\"2024-03-28T13:00:50+00:00\",\"mainEntityOfPage\":{\"@id\":\"https:\/\/www.ranciliogroup.com\/it\/ctw-uk-partecipa-al-london-coffee-festival-2024-con-rancilio-group-e-crem-international\/\"},\"wordCount\":262,\"publisher\":{\"@id\":\"https:\/\/www.ranciliogroup.com\/it\/#organization\"},\"keywords\":[\"Kryo Elite\",\"Bond\",\"MoDe\",\"Silvia\",\"Stile\",\"Silvia Pro X\",\"RS1\"],\"articleSection\":[\"Eventi\"],\"inLanguage\":\"it-IT\"},{\"@type\":\"WebPage\",\"@id\":\"https:\/\/www.ranciliogroup.com\/it\/ctw-uk-partecipa-al-london-coffee-festival-2024-con-rancilio-group-e-crem-international\/\",\"url\":\"https:\/\/www.ranciliogroup.com\/it\/ctw-uk-partecipa-al-london-coffee-festival-2024-con-rancilio-group-e-crem-international\/\",\"name\":\"Latest update about CTW UK partecipa al London Coffee Festival 2024 con Rancilio Group e Crem International - Rancilio Group\",\"isPartOf\":{\"@id\":\"https:\/\/www.ranciliogroup.com\/it\/#website\"},\"datePublished\":\"2024-03-28T13:00:50+00:00\",\"dateModified\":\"2024-03-28T13:00:50+00:00\",\"description\":\"Read Rancilio Group's latest news about CTW UK partecipa al London Coffee Festival 2024 con Rancilio Group e Crem International\",\"breadcrumb\":{\"@id\":\"https:\/\/www.ranciliogroup.com\/it\/ctw-uk-partecipa-al-london-coffee-festival-2024-con-rancilio-group-e-crem-international\/#breadcrumb\"},\"inLanguage\":\"it-IT\",\"potentialAction\":[{\"@type\":\"ReadAction\",\"target\":[\"https:\/\/www.ranciliogroup.com\/it\/ctw-uk-partecipa-al-london-coffee-festival-2024-con-rancilio-group-e-crem-international\/\"]}]},{\"@type\":\"BreadcrumbList\",\"@id\":\"https:\/\/www.ranciliogroup.com\/it\/ctw-uk-partecipa-al-london-coffee-festival-2024-con-rancilio-group-e-crem-international\/#breadcrumb\",\"itemListElement\":[{\"@type\":\"ListItem\",\"position\":1,\"name\":\"Home\",\"item\":\"https:\/\/www.ranciliogroup.com\/it\/\"},{\"@type\":\"ListItem\",\"position\":2,\"name\":\"CTW UK partecipa al London Coffee Festival 2024 con Rancilio Group e Crem International\"}]},{\"@type\":\"WebSite\",\"@id\":\"https:\/\/www.ranciliogroup.com\/it\/#website\",\"url\":\"https:\/\/www.ranciliogroup.com\/it\/\",\"name\":\"Rancilio Group\",\"description\":\"Leader delle Macchine da Caff\u00e8 Professionali\",\"publisher\":{\"@id\":\"https:\/\/www.ranciliogroup.com\/it\/#organization\"},\"potentialAction\":[{\"@type\":\"SearchAction\",\"target\":{\"@type\":\"EntryPoint\",\"urlTemplate\":\"https:\/\/www.ranciliogroup.com\/it\/?s={search_term_string}\"},\"query-input\":\"required name=search_term_string\"}],\"inLanguage\":\"it-IT\"},{\"@type\":\"Organization\",\"@id\":\"https:\/\/www.ranciliogroup.com\/it\/#organization\",\"name\":\"Rancilio Group\",\"url\":\"https:\/\/www.ranciliogroup.com\/it\/\",\"logo\":{\"@type\":\"ImageObject\",\"inLanguage\":\"it-IT\",\"@id\":\"https:\/\/www.ranciliogroup.com\/it\/#\/schema\/logo\/image\/\",\"url\":\"https:\/\/www.ranciliogroup.com\/app\/uploads\/2019\/07\/rancilio_black_logo.png\",\"contentUrl\":\"https:\/\/www.ranciliogroup.com\/app\/uploads\/2019\/07\/rancilio_black_logo.png\",\"width\":447,\"height\":57,\"caption\":\"Rancilio Group\"},\"image\":{\"@id\":\"https:\/\/www.ranciliogroup.com\/it\/#\/schema\/logo\/image\/\"},\"sameAs\":[\"https:\/\/www.facebook.com\/RancilioGroup\",\"https:\/\/twitter.com\/ranciliogroup\",\"https:\/\/www.instagram.com\/rancilio_official\/\",\"https:\/\/www.linkedin.com\/company\/ranciliogroup\/\",\"https:\/\/www.youtube.com\/user\/rancilioadmin\"]},{\"@type\":\"Person\",\"@id\":\"https:\/\/www.ranciliogroup.com\/it\/#\/schema\/person\/d6bf0a7dfe74cded3d64da8b2c92814c\",\"name\":\"temp circular\",\"image\":{\"@type\":\"ImageObject\",\"inLanguage\":\"it-IT\",\"@id\":\"https:\/\/www.ranciliogroup.com\/it\/#\/schema\/person\/image\/\",\"url\":\"https:\/\/secure.gravatar.com\/avatar\/569e71c3b97b8bcad1854d6579b35c5f?s=96&d=mm&r=g\",\"contentUrl\":\"https:\/\/secure.gravatar.com\/avatar\/569e71c3b97b8bcad1854d6579b35c5f?s=96&d=mm&r=g\",\"caption\":\"temp circular\"}}]}<\/script>\n<!-- \/ Yoast SEO plugin. -->","yoast_head_json":{"title":"Latest update about CTW UK partecipa al London Coffee Festival 2024 con Rancilio Group e Crem International - Rancilio Group","description":"Read Rancilio Group's latest news about CTW UK partecipa al London Coffee Festival 2024 con Rancilio Group e Crem International","robots":{"index":"index","follow":"follow","max-snippet":"max-snippet:-1","max-image-preview":"max-image-preview:large","max-video-preview":"max-video-preview:-1"},"canonical":"https:\/\/www.ranciliogroup.com\/it\/ctw-uk-partecipa-al-london-coffee-festival-2024-con-rancilio-group-e-crem-international\/","og_locale":"it_IT","og_type":"article","og_title":"Latest update about CTW UK partecipa al London Coffee Festival 2024 con Rancilio Group e Crem International - Rancilio Group","og_description":"Read Rancilio Group's latest news about CTW UK partecipa al London Coffee Festival 2024 con Rancilio Group e Crem International","og_url":"https:\/\/www.ranciliogroup.com\/it\/ctw-uk-partecipa-al-london-coffee-festival-2024-con-rancilio-group-e-crem-international\/","og_site_name":"Rancilio Group","article_publisher":"https:\/\/www.facebook.com\/RancilioGroup","article_published_time":"2024-03-28T13:00:50+00:00","og_image":[{"width":1080,"height":810,"url":"https:\/\/www.ranciliogroup.com\/app\/uploads\/2024\/03\/Rancilio-LCF.jpg","type":"image\/jpeg"}],"author":"temp circular","twitter_card":"summary_large_image","twitter_creator":"@ranciliogroup","twitter_site":"@ranciliogroup","twitter_misc":{"Scritto da":"temp circular","Tempo di lettura stimato":"2 minuti"},"schema":{"@context":"https:\/\/schema.org","@graph":[{"@type":"Article","@id":"https:\/\/www.ranciliogroup.com\/it\/ctw-uk-partecipa-al-london-coffee-festival-2024-con-rancilio-group-e-crem-international\/#article","isPartOf":{"@id":"https:\/\/www.ranciliogroup.com\/it\/ctw-uk-partecipa-al-london-coffee-festival-2024-con-rancilio-group-e-crem-international\/"},"author":{"name":"temp circular","@id":"https:\/\/www.ranciliogroup.com\/it\/#\/schema\/person\/d6bf0a7dfe74cded3d64da8b2c92814c"},"headline":"CTW UK partecipa al London Coffee Festival 2024 con Rancilio Group e Crem International","datePublished":"2024-03-28T13:00:50+00:00","dateModified":"2024-03-28T13:00:50+00:00","mainEntityOfPage":{"@id":"https:\/\/www.ranciliogroup.com\/it\/ctw-uk-partecipa-al-london-coffee-festival-2024-con-rancilio-group-e-crem-international\/"},"wordCount":262,"publisher":{"@id":"https:\/\/www.ranciliogroup.com\/it\/#organization"},"keywords":["Kryo Elite","Bond","MoDe","Silvia","Stile","Silvia Pro X","RS1"],"articleSection":["Eventi"],"inLanguage":"it-IT"},{"@type":"WebPage","@id":"https:\/\/www.ranciliogroup.com\/it\/ctw-uk-partecipa-al-london-coffee-festival-2024-con-rancilio-group-e-crem-international\/","url":"https:\/\/www.ranciliogroup.com\/it\/ctw-uk-partecipa-al-london-coffee-festival-2024-con-rancilio-group-e-crem-international\/","name":"Latest update about CTW UK partecipa al London Coffee Festival 2024 con Rancilio Group e Crem International - Rancilio Group","isPartOf":{"@id":"https:\/\/www.ranciliogroup.com\/it\/#website"},"datePublished":"2024-03-28T13:00:50+00:00","dateModified":"2024-03-28T13:00:50+00:00","description":"Read Rancilio Group's latest news about CTW UK partecipa al London Coffee Festival 2024 con Rancilio Group e Crem International","breadcrumb":{"@id":"https:\/\/www.ranciliogroup.com\/it\/ctw-uk-partecipa-al-london-coffee-festival-2024-con-rancilio-group-e-crem-international\/#breadcrumb"},"inLanguage":"it-IT","potentialAction":[{"@type":"ReadAction","target":["https:\/\/www.ranciliogroup.com\/it\/ctw-uk-partecipa-al-london-coffee-festival-2024-con-rancilio-group-e-crem-international\/"]}]},{"@type":"BreadcrumbList","@id":"https:\/\/www.ranciliogroup.com\/it\/ctw-uk-partecipa-al-london-coffee-festival-2024-con-rancilio-group-e-crem-international\/#breadcrumb","itemListElement":[{"@type":"ListItem","position":1,"name":"Home","item":"https:\/\/www.ranciliogroup.com\/it\/"},{"@type":"ListItem","position":2,"name":"CTW UK partecipa al London Coffee Festival 2024 con Rancilio Group e Crem International"}]},{"@type":"WebSite","@id":"https:\/\/www.ranciliogroup.com\/it\/#website","url":"https:\/\/www.ranciliogroup.com\/it\/","name":"Rancilio Group","description":"Leader delle Macchine da Caff\u00e8 Professionali","publisher":{"@id":"https:\/\/www.ranciliogroup.com\/it\/#organization"},"potentialAction":[{"@type":"SearchAction","target":{"@type":"EntryPoint","urlTemplate":"https:\/\/www.ranciliogroup.com\/it\/?s={search_term_string}"},"query-input":"required name=search_term_string"}],"inLanguage":"it-IT"},{"@type":"Organization","@id":"https:\/\/www.ranciliogroup.com\/it\/#organization","name":"Rancilio Group","url":"https:\/\/www.ranciliogroup.com\/it\/","logo":{"@type":"ImageObject","inLanguage":"it-IT","@id":"https:\/\/www.ranciliogroup.com\/it\/#\/schema\/logo\/image\/","url":"https:\/\/www.ranciliogroup.com\/app\/uploads\/2019\/07\/rancilio_black_logo.png","contentUrl":"https:\/\/www.ranciliogroup.com\/app\/uploads\/2019\/07\/rancilio_black_logo.png","width":447,"height":57,"caption":"Rancilio Group"},"image":{"@id":"https:\/\/www.ranciliogroup.com\/it\/#\/schema\/logo\/image\/"},"sameAs":["https:\/\/www.facebook.com\/RancilioGroup","https:\/\/twitter.com\/ranciliogroup","https:\/\/www.instagram.com\/rancilio_official\/","https:\/\/www.linkedin.com\/company\/ranciliogroup\/","https:\/\/www.youtube.com\/user\/rancilioadmin"]},{"@type":"Person","@id":"https:\/\/www.ranciliogroup.com\/it\/#\/schema\/person\/d6bf0a7dfe74cded3d64da8b2c92814c","name":"temp circular","image":{"@type":"ImageObject","inLanguage":"it-IT","@id":"https:\/\/www.ranciliogroup.com\/it\/#\/schema\/person\/image\/","url":"https:\/\/secure.gravatar.com\/avatar\/569e71c3b97b8bcad1854d6579b35c5f?s=96&d=mm&r=g","contentUrl":"https:\/\/secure.gravatar.com\/avatar\/569e71c3b97b8bcad1854d6579b35c5f?s=96&d=mm&r=g","caption":"temp circular"}}]}},"_links":{"self":[{"href":"https:\/\/www.ranciliogroup.com\/it\/wp-json\/wp\/v2\/posts\/73570"}],"collection":[{"href":"https:\/\/www.ranciliogroup.com\/it\/wp-json\/wp\/v2\/posts"}],"about":[{"href":"https:\/\/www.ranciliogroup.com\/it\/wp-json\/wp\/v2\/types\/post"}],"author":[{"embeddable":true,"href":"https:\/\/www.ranciliogroup.com\/it\/wp-json\/wp\/v2\/users\/5"}],"replies":[{"embeddable":true,"href":"https:\/\/www.ranciliogroup.com\/it\/wp-json\/wp\/v2\/comments?post=73570"}],"version-history":[{"count":2,"href":"https:\/\/www.ranciliogroup.com\/it\/wp-json\/wp\/v2\/posts\/73570\/revisions"}],"predecessor-version":[{"id":73572,"href":"https:\/\/www.ranciliogroup.com\/it\/wp-json\/wp\/v2\/posts\/73570\/revisions\/73572"}],"wp:featuredmedia":[{"embeddable":true,"href":"https:\/\/www.ranciliogroup.com\/it\/wp-json\/wp\/v2\/media\/73560"}],"wp:attachment":[{"href":"https:\/\/www.ranciliogroup.com\/it\/wp-json\/wp\/v2\/media?parent=73570"}],"wp:term":[{"taxonomy":"category","embeddable":true,"href":"https:\/\/www.ranciliogroup.com\/it\/wp-json\/wp\/v2\/categories?post=73570"},{"taxonomy":"post_tag","embeddable":true,"href":"https:\/\/www.ranciliogroup.com\/it\/wp-json\/wp\/v2\/tags?post=73570"}],"curies":[{"name":"wp","href":"https:\/\/api.w.org\/{rel}","templated":true}]}}