{"id":73862,"date":"2024-05-14T09:49:56","date_gmt":"2024-05-14T07:49:56","guid":{"rendered":"https:\/\/www.ranciliogroup.com\/?p=73862"},"modified":"2024-05-14T09:49:56","modified_gmt":"2024-05-14T07:49:56","slug":"il-grande-ritorno-di-the-barista-league-a-berlino-con-rancilio-specialty","status":"publish","type":"post","link":"https:\/\/www.ranciliogroup.com\/it\/il-grande-ritorno-di-the-barista-league-a-berlino-con-rancilio-specialty\/","title":{"rendered":"Il grande ritorno di The Barista League a Berlino con Rancilio Specialty"},"content":{"rendered":"<p>Il 1\u00b0 giugno, The Barista League torna a Berlino insieme a Rancilio Specialty Invicta, per la prima volta dal 2019. Dieci squadre composte da due baristi ciascuna sono pronte per un duello a tema caff\u00e8 nella citt\u00e0 cosmopolita e progressista di Berlino.<\/p>\n<p>Rancilio Specialty Invicta supporter\u00e0 i baristi in gara nella preparazione di una serie di drink a base di caff\u00e8 per una giuria VIP \u2013 Laurel Carmichael, Scott Tedder, Anni Lattunen e Valeriia Kutuzova \u2013 e due ospiti misteriosi speciali. La tecnologia avanzata di Invicta per caff\u00e8 e vapore, inclusa la pre-infusione, aiuter\u00e0 i partecipanti a preparare espressi e bevande a base di caff\u00e8 all\u2019avanguardia.<\/p>\n<p>Come sempre, gli ospiti avranno l&#8217;opportunit\u00e0 di tifare per la loro squadra preferita mentre partecipano a giochi, degustano caff\u00e8 di provenienza locale dalle migliori torrefazioni tedesche e bevande esclusive, ascoltano musica accattivante e assaporano cibo straordinario.<\/p>\n<p>I biglietti sono disponibili su <a href=\"https:\/\/www.tickettailor.com\/events\/thebaristaleague\/1098997?\">www.tickettailor.com<\/a><\/p>\n<p>&nbsp;<\/p>\n<p>&nbsp;<\/p>\n<p>&nbsp;<\/p>\n<p><strong>The Barista League Berlin<\/strong><br \/>\n1 giugno 2024<br \/>\nDalle 17:30 alle 22:00<br \/>\n<a href=\"https:\/\/www.google.com\/maps\/place\/Jules+Biergarten+%26+Caf%C3%A9\/@52.4990714,13.3733478,15z\/data=!4m6!3m5!1s0x47a85164ef7faa8d:0xd24f5f8a2756fe6d!8m2!3d52.4990714!4d13.3733478!16s%2Fg%2F11fmp8kzx9?entry=ttu\">Jules Biergarten &amp; Caf\u00e9<\/a><br \/>\nLuckenwalderStr. 6b<br \/>\n10963 Berlino, Germania<\/p>\n<p>&nbsp;<\/p>\n<p><strong>Segui l&#8217;evento sulla nostra pagina ufficiale Instagram<\/strong><br \/>\n@ranciliospecialty #ranciliospecialty<\/p>\n<p>&nbsp;<\/p>\n<p><a href=\"https:\/\/www.ranciliogroup.com\/it\/specialty\/invicta\/\"><strong>Scopri Rancilio Specialty Invicta<\/strong><\/a><\/p>\n<p>&nbsp;<\/p>\n","protected":false},"excerpt":{"rendered":"<p>Il 1\u00b0 giugno, The Barista League torna a Berlino insieme a Rancilio Specialty Invicta, per la prima volta dal 2019&#8230;.<\/p>\n","protected":false},"author":5,"featured_media":73857,"comment_status":"closed","ping_status":"closed","sticky":false,"template":"","format":"standard","meta":[],"categories":[465],"tags":[3499,3500,2618],"acf":[],"yoast_head":"<!-- This site is optimized with the Yoast SEO plugin v21.5 - https:\/\/yoast.com\/wordpress\/plugins\/seo\/ -->\n<title>Latest update about Il grande ritorno di The Barista League a Berlino con Rancilio Specialty - Rancilio Group<\/title>\n<meta name=\"description\" content=\"Read Rancilio Group&#039;s latest news about Il grande ritorno di The Barista League a Berlino con Rancilio Specialty\" \/>\n<meta name=\"robots\" content=\"index, follow, max-snippet:-1, max-image-preview:large, max-video-preview:-1\" \/>\n<link rel=\"canonical\" href=\"https:\/\/www.ranciliogroup.com\/it\/il-grande-ritorno-di-the-barista-league-a-berlino-con-rancilio-specialty\/\" \/>\n<meta property=\"og:locale\" content=\"it_IT\" \/>\n<meta property=\"og:type\" content=\"article\" \/>\n<meta property=\"og:title\" content=\"Latest update about Il grande ritorno di The Barista League a Berlino con Rancilio Specialty - Rancilio Group\" \/>\n<meta property=\"og:description\" content=\"Read Rancilio Group&#039;s latest news about Il grande ritorno di The Barista League a Berlino con Rancilio Specialty\" \/>\n<meta property=\"og:url\" content=\"https:\/\/www.ranciliogroup.com\/it\/il-grande-ritorno-di-the-barista-league-a-berlino-con-rancilio-specialty\/\" \/>\n<meta property=\"og:site_name\" content=\"Rancilio Group\" \/>\n<meta property=\"article:publisher\" content=\"https:\/\/www.facebook.com\/RancilioGroup\" \/>\n<meta property=\"article:published_time\" content=\"2024-05-14T07:49:56+00:00\" \/>\n<meta property=\"og:image\" content=\"https:\/\/www.ranciliogroup.com\/app\/uploads\/2024\/05\/The-Barista-League-Rancilio-Specialty.jpg\" \/>\n\t<meta property=\"og:image:width\" content=\"1080\" \/>\n\t<meta property=\"og:image:height\" content=\"720\" \/>\n\t<meta property=\"og:image:type\" content=\"image\/jpeg\" \/>\n<meta name=\"author\" content=\"temp circular\" \/>\n<meta name=\"twitter:card\" content=\"summary_large_image\" \/>\n<meta name=\"twitter:creator\" content=\"@ranciliogroup\" \/>\n<meta name=\"twitter:site\" content=\"@ranciliogroup\" \/>\n<meta name=\"twitter:label1\" content=\"Scritto da\" \/>\n\t<meta name=\"twitter:data1\" content=\"temp circular\" \/>\n\t<meta name=\"twitter:label2\" content=\"Tempo di lettura stimato\" \/>\n\t<meta name=\"twitter:data2\" content=\"1 minuto\" \/>\n<script type=\"application\/ld+json\" class=\"yoast-schema-graph\">{\"@context\":\"https:\/\/schema.org\",\"@graph\":[{\"@type\":\"Article\",\"@id\":\"https:\/\/www.ranciliogroup.com\/it\/il-grande-ritorno-di-the-barista-league-a-berlino-con-rancilio-specialty\/#article\",\"isPartOf\":{\"@id\":\"https:\/\/www.ranciliogroup.com\/it\/il-grande-ritorno-di-the-barista-league-a-berlino-con-rancilio-specialty\/\"},\"author\":{\"name\":\"temp circular\",\"@id\":\"https:\/\/www.ranciliogroup.com\/it\/#\/schema\/person\/d6bf0a7dfe74cded3d64da8b2c92814c\"},\"headline\":\"Il grande ritorno di The Barista League a Berlino con Rancilio Specialty\",\"datePublished\":\"2024-05-14T07:49:56+00:00\",\"dateModified\":\"2024-05-14T07:49:56+00:00\",\"mainEntityOfPage\":{\"@id\":\"https:\/\/www.ranciliogroup.com\/it\/il-grande-ritorno-di-the-barista-league-a-berlino-con-rancilio-specialty\/\"},\"wordCount\":193,\"publisher\":{\"@id\":\"https:\/\/www.ranciliogroup.com\/it\/#organization\"},\"keywords\":[\"The Barista League\",\"Berlin\",\"Invicta\"],\"articleSection\":[\"Eventi\"],\"inLanguage\":\"it-IT\"},{\"@type\":\"WebPage\",\"@id\":\"https:\/\/www.ranciliogroup.com\/it\/il-grande-ritorno-di-the-barista-league-a-berlino-con-rancilio-specialty\/\",\"url\":\"https:\/\/www.ranciliogroup.com\/it\/il-grande-ritorno-di-the-barista-league-a-berlino-con-rancilio-specialty\/\",\"name\":\"Latest update about Il grande ritorno di The Barista League a Berlino con Rancilio Specialty - Rancilio Group\",\"isPartOf\":{\"@id\":\"https:\/\/www.ranciliogroup.com\/it\/#website\"},\"datePublished\":\"2024-05-14T07:49:56+00:00\",\"dateModified\":\"2024-05-14T07:49:56+00:00\",\"description\":\"Read Rancilio Group's latest news about Il grande ritorno di The Barista League a Berlino con Rancilio Specialty\",\"breadcrumb\":{\"@id\":\"https:\/\/www.ranciliogroup.com\/it\/il-grande-ritorno-di-the-barista-league-a-berlino-con-rancilio-specialty\/#breadcrumb\"},\"inLanguage\":\"it-IT\",\"potentialAction\":[{\"@type\":\"ReadAction\",\"target\":[\"https:\/\/www.ranciliogroup.com\/it\/il-grande-ritorno-di-the-barista-league-a-berlino-con-rancilio-specialty\/\"]}]},{\"@type\":\"BreadcrumbList\",\"@id\":\"https:\/\/www.ranciliogroup.com\/it\/il-grande-ritorno-di-the-barista-league-a-berlino-con-rancilio-specialty\/#breadcrumb\",\"itemListElement\":[{\"@type\":\"ListItem\",\"position\":1,\"name\":\"Home\",\"item\":\"https:\/\/www.ranciliogroup.com\/it\/\"},{\"@type\":\"ListItem\",\"position\":2,\"name\":\"Il grande ritorno di The Barista League a Berlino con Rancilio Specialty\"}]},{\"@type\":\"WebSite\",\"@id\":\"https:\/\/www.ranciliogroup.com\/it\/#website\",\"url\":\"https:\/\/www.ranciliogroup.com\/it\/\",\"name\":\"Rancilio Group\",\"description\":\"Leader delle Macchine da Caff\u00e8 Professionali\",\"publisher\":{\"@id\":\"https:\/\/www.ranciliogroup.com\/it\/#organization\"},\"potentialAction\":[{\"@type\":\"SearchAction\",\"target\":{\"@type\":\"EntryPoint\",\"urlTemplate\":\"https:\/\/www.ranciliogroup.com\/it\/?s={search_term_string}\"},\"query-input\":\"required name=search_term_string\"}],\"inLanguage\":\"it-IT\"},{\"@type\":\"Organization\",\"@id\":\"https:\/\/www.ranciliogroup.com\/it\/#organization\",\"name\":\"Rancilio Group\",\"url\":\"https:\/\/www.ranciliogroup.com\/it\/\",\"logo\":{\"@type\":\"ImageObject\",\"inLanguage\":\"it-IT\",\"@id\":\"https:\/\/www.ranciliogroup.com\/it\/#\/schema\/logo\/image\/\",\"url\":\"https:\/\/www.ranciliogroup.com\/app\/uploads\/2019\/07\/rancilio_black_logo.png\",\"contentUrl\":\"https:\/\/www.ranciliogroup.com\/app\/uploads\/2019\/07\/rancilio_black_logo.png\",\"width\":447,\"height\":57,\"caption\":\"Rancilio Group\"},\"image\":{\"@id\":\"https:\/\/www.ranciliogroup.com\/it\/#\/schema\/logo\/image\/\"},\"sameAs\":[\"https:\/\/www.facebook.com\/RancilioGroup\",\"https:\/\/twitter.com\/ranciliogroup\",\"https:\/\/www.instagram.com\/rancilio_official\/\",\"https:\/\/www.linkedin.com\/company\/ranciliogroup\/\",\"https:\/\/www.youtube.com\/user\/rancilioadmin\"]},{\"@type\":\"Person\",\"@id\":\"https:\/\/www.ranciliogroup.com\/it\/#\/schema\/person\/d6bf0a7dfe74cded3d64da8b2c92814c\",\"name\":\"temp circular\",\"image\":{\"@type\":\"ImageObject\",\"inLanguage\":\"it-IT\",\"@id\":\"https:\/\/www.ranciliogroup.com\/it\/#\/schema\/person\/image\/\",\"url\":\"https:\/\/secure.gravatar.com\/avatar\/569e71c3b97b8bcad1854d6579b35c5f?s=96&d=mm&r=g\",\"contentUrl\":\"https:\/\/secure.gravatar.com\/avatar\/569e71c3b97b8bcad1854d6579b35c5f?s=96&d=mm&r=g\",\"caption\":\"temp circular\"}}]}<\/script>\n<!-- \/ Yoast SEO plugin. -->","yoast_head_json":{"title":"Latest update about Il grande ritorno di The Barista League a Berlino con Rancilio Specialty - Rancilio Group","description":"Read Rancilio Group's latest news about Il grande ritorno di The Barista League a Berlino con Rancilio Specialty","robots":{"index":"index","follow":"follow","max-snippet":"max-snippet:-1","max-image-preview":"max-image-preview:large","max-video-preview":"max-video-preview:-1"},"canonical":"https:\/\/www.ranciliogroup.com\/it\/il-grande-ritorno-di-the-barista-league-a-berlino-con-rancilio-specialty\/","og_locale":"it_IT","og_type":"article","og_title":"Latest update about Il grande ritorno di The Barista League a Berlino con Rancilio Specialty - Rancilio Group","og_description":"Read Rancilio Group's latest news about Il grande ritorno di The Barista League a Berlino con Rancilio Specialty","og_url":"https:\/\/www.ranciliogroup.com\/it\/il-grande-ritorno-di-the-barista-league-a-berlino-con-rancilio-specialty\/","og_site_name":"Rancilio Group","article_publisher":"https:\/\/www.facebook.com\/RancilioGroup","article_published_time":"2024-05-14T07:49:56+00:00","og_image":[{"width":1080,"height":720,"url":"https:\/\/www.ranciliogroup.com\/app\/uploads\/2024\/05\/The-Barista-League-Rancilio-Specialty.jpg","type":"image\/jpeg"}],"author":"temp circular","twitter_card":"summary_large_image","twitter_creator":"@ranciliogroup","twitter_site":"@ranciliogroup","twitter_misc":{"Scritto da":"temp circular","Tempo di lettura stimato":"1 minuto"},"schema":{"@context":"https:\/\/schema.org","@graph":[{"@type":"Article","@id":"https:\/\/www.ranciliogroup.com\/it\/il-grande-ritorno-di-the-barista-league-a-berlino-con-rancilio-specialty\/#article","isPartOf":{"@id":"https:\/\/www.ranciliogroup.com\/it\/il-grande-ritorno-di-the-barista-league-a-berlino-con-rancilio-specialty\/"},"author":{"name":"temp circular","@id":"https:\/\/www.ranciliogroup.com\/it\/#\/schema\/person\/d6bf0a7dfe74cded3d64da8b2c92814c"},"headline":"Il grande ritorno di The Barista League a Berlino con Rancilio Specialty","datePublished":"2024-05-14T07:49:56+00:00","dateModified":"2024-05-14T07:49:56+00:00","mainEntityOfPage":{"@id":"https:\/\/www.ranciliogroup.com\/it\/il-grande-ritorno-di-the-barista-league-a-berlino-con-rancilio-specialty\/"},"wordCount":193,"publisher":{"@id":"https:\/\/www.ranciliogroup.com\/it\/#organization"},"keywords":["The Barista League","Berlin","Invicta"],"articleSection":["Eventi"],"inLanguage":"it-IT"},{"@type":"WebPage","@id":"https:\/\/www.ranciliogroup.com\/it\/il-grande-ritorno-di-the-barista-league-a-berlino-con-rancilio-specialty\/","url":"https:\/\/www.ranciliogroup.com\/it\/il-grande-ritorno-di-the-barista-league-a-berlino-con-rancilio-specialty\/","name":"Latest update about Il grande ritorno di The Barista League a Berlino con Rancilio Specialty - Rancilio Group","isPartOf":{"@id":"https:\/\/www.ranciliogroup.com\/it\/#website"},"datePublished":"2024-05-14T07:49:56+00:00","dateModified":"2024-05-14T07:49:56+00:00","description":"Read Rancilio Group's latest news about Il grande ritorno di The Barista League a Berlino con Rancilio Specialty","breadcrumb":{"@id":"https:\/\/www.ranciliogroup.com\/it\/il-grande-ritorno-di-the-barista-league-a-berlino-con-rancilio-specialty\/#breadcrumb"},"inLanguage":"it-IT","potentialAction":[{"@type":"ReadAction","target":["https:\/\/www.ranciliogroup.com\/it\/il-grande-ritorno-di-the-barista-league-a-berlino-con-rancilio-specialty\/"]}]},{"@type":"BreadcrumbList","@id":"https:\/\/www.ranciliogroup.com\/it\/il-grande-ritorno-di-the-barista-league-a-berlino-con-rancilio-specialty\/#breadcrumb","itemListElement":[{"@type":"ListItem","position":1,"name":"Home","item":"https:\/\/www.ranciliogroup.com\/it\/"},{"@type":"ListItem","position":2,"name":"Il grande ritorno di The Barista League a Berlino con Rancilio Specialty"}]},{"@type":"WebSite","@id":"https:\/\/www.ranciliogroup.com\/it\/#website","url":"https:\/\/www.ranciliogroup.com\/it\/","name":"Rancilio Group","description":"Leader delle Macchine da Caff\u00e8 Professionali","publisher":{"@id":"https:\/\/www.ranciliogroup.com\/it\/#organization"},"potentialAction":[{"@type":"SearchAction","target":{"@type":"EntryPoint","urlTemplate":"https:\/\/www.ranciliogroup.com\/it\/?s={search_term_string}"},"query-input":"required name=search_term_string"}],"inLanguage":"it-IT"},{"@type":"Organization","@id":"https:\/\/www.ranciliogroup.com\/it\/#organization","name":"Rancilio Group","url":"https:\/\/www.ranciliogroup.com\/it\/","logo":{"@type":"ImageObject","inLanguage":"it-IT","@id":"https:\/\/www.ranciliogroup.com\/it\/#\/schema\/logo\/image\/","url":"https:\/\/www.ranciliogroup.com\/app\/uploads\/2019\/07\/rancilio_black_logo.png","contentUrl":"https:\/\/www.ranciliogroup.com\/app\/uploads\/2019\/07\/rancilio_black_logo.png","width":447,"height":57,"caption":"Rancilio Group"},"image":{"@id":"https:\/\/www.ranciliogroup.com\/it\/#\/schema\/logo\/image\/"},"sameAs":["https:\/\/www.facebook.com\/RancilioGroup","https:\/\/twitter.com\/ranciliogroup","https:\/\/www.instagram.com\/rancilio_official\/","https:\/\/www.linkedin.com\/company\/ranciliogroup\/","https:\/\/www.youtube.com\/user\/rancilioadmin"]},{"@type":"Person","@id":"https:\/\/www.ranciliogroup.com\/it\/#\/schema\/person\/d6bf0a7dfe74cded3d64da8b2c92814c","name":"temp circular","image":{"@type":"ImageObject","inLanguage":"it-IT","@id":"https:\/\/www.ranciliogroup.com\/it\/#\/schema\/person\/image\/","url":"https:\/\/secure.gravatar.com\/avatar\/569e71c3b97b8bcad1854d6579b35c5f?s=96&d=mm&r=g","contentUrl":"https:\/\/secure.gravatar.com\/avatar\/569e71c3b97b8bcad1854d6579b35c5f?s=96&d=mm&r=g","caption":"temp circular"}}]}},"_links":{"self":[{"href":"https:\/\/www.ranciliogroup.com\/it\/wp-json\/wp\/v2\/posts\/73862"}],"collection":[{"href":"https:\/\/www.ranciliogroup.com\/it\/wp-json\/wp\/v2\/posts"}],"about":[{"href":"https:\/\/www.ranciliogroup.com\/it\/wp-json\/wp\/v2\/types\/post"}],"author":[{"embeddable":true,"href":"https:\/\/www.ranciliogroup.com\/it\/wp-json\/wp\/v2\/users\/5"}],"replies":[{"embeddable":true,"href":"https:\/\/www.ranciliogroup.com\/it\/wp-json\/wp\/v2\/comments?post=73862"}],"version-history":[{"count":3,"href":"https:\/\/www.ranciliogroup.com\/it\/wp-json\/wp\/v2\/posts\/73862\/revisions"}],"predecessor-version":[{"id":73865,"href":"https:\/\/www.ranciliogroup.com\/it\/wp-json\/wp\/v2\/posts\/73862\/revisions\/73865"}],"wp:featuredmedia":[{"embeddable":true,"href":"https:\/\/www.ranciliogroup.com\/it\/wp-json\/wp\/v2\/media\/73857"}],"wp:attachment":[{"href":"https:\/\/www.ranciliogroup.com\/it\/wp-json\/wp\/v2\/media?parent=73862"}],"wp:term":[{"taxonomy":"category","embeddable":true,"href":"https:\/\/www.ranciliogroup.com\/it\/wp-json\/wp\/v2\/categories?post=73862"},{"taxonomy":"post_tag","embeddable":true,"href":"https:\/\/www.ranciliogroup.com\/it\/wp-json\/wp\/v2\/tags?post=73862"}],"curies":[{"name":"wp","href":"https:\/\/api.w.org\/{rel}","templated":true}]}}