{"id":73998,"date":"2024-06-03T11:37:57","date_gmt":"2024-06-03T09:37:57","guid":{"rendered":"https:\/\/www.ranciliogroup.com\/?p=73998"},"modified":"2024-06-03T11:46:14","modified_gmt":"2024-06-03T09:46:14","slug":"rancilio-group-al-world-of-coffee-copenhagen-2024","status":"publish","type":"post","link":"https:\/\/www.ranciliogroup.com\/it\/rancilio-group-al-world-of-coffee-copenhagen-2024\/","title":{"rendered":"Rancilio Group al World of Coffee Copenhagen 2024"},"content":{"rendered":"<p>Dal 27 al 29 giugno Rancilio Group vi invita al World of Coffee al Bella Center della pittoresca e vivace citt\u00e0 di Copenaghen.<\/p>\n<p>Rancilio Specialty RS1 si sta preparando ad offrire assaggi, presentando agli ospiti squisiti drink a base di caff\u00e8 espresso e mettendo in mostra la sua tecnologia all&#8217;avanguardia di Advanced Temperature Profiling. Inoltre, la macchina da caff\u00e8 a caldaia singola Invicta servir\u00e0 deliziosi iced coffee presentati da Van Houten\u2019s Ground Chocolates.<\/p>\n<p>Rancilio Classe 5 dimostrer\u00e0 le tecnologie di risparmio energetico e le possibilit\u00e0 di design compatto per baristi e baristi eco-consapevoli. Nel frattempo, i macinini professionali Bond e Kryo Elite garantiranno prestazioni di macinatura elevate. Per gli appassionati della Linea Casa, Silvia Pro X fornir\u00e0 preparazioni eccezionali grazie alla sua tecnologia a doppia caldaia e al controllo della temperatura PID.<\/p>\n<p>Per coloro che preferiscono le macchine superautomatiche, la nuova Egro MoDe servir\u00e0 una variet\u00e0 di bevande a base di caff\u00e8 e latte fresco. Nello stand di Rancilio Group sar\u00e0 presente anche un corner dedicato alle macchine per caff\u00e8 filtro Crem \u2013 Coffee Queen, perfette per chi apprezza una tazza delicata e aromatica.<\/p>\n<p>Con il World Latte Art 2024, il World Coffee in Good Spirits e i World Coffee Roasting Championships, il World of Coffee Copenhagen \u00e8 la principale fiera europea del caff\u00e8 speciality del 2024 e offre un&#8217;imperdibile opportunit\u00e0 per scoprire le ultime tendenze e innovazioni nel settore.<\/p>\n<p>&nbsp;<\/p>\n<p><strong>World of Coffee <\/strong><strong>2024<\/strong><br \/>\n27-29 giugno 2024<br \/>\nStand CF-010<br \/>\n<a href=\"https:\/\/www.google.com\/maps\/place\/Bella+Center+Copenhagen\/@55.6380141,12.576259,17z\/data=!3m2!4b1!5s0x465254a4eeec0777:0x55f95a7fe9ed3f83!4m6!3m5!1s0x465254a363269c3d:0x61db300fc92fb898!8m2!3d55.6380111!4d12.5788393!16s%2Fm%2F02q36f2?authuser=0&amp;entry=ttu\">Bella Center Copenaghen<\/a><br \/>\nCenter Boulevard. 5<br \/>\n2300 Copenhagen S, Danimarca<\/p>\n<p>&nbsp;<\/p>\n<p><a href=\"https:\/\/www.worldofcoffee.org\/\"><strong>Scopri l\u2019evento<\/strong><\/a><\/p>\n<p>&nbsp;<\/p>\n","protected":false},"excerpt":{"rendered":"<p>Dal 27 al 29 giugno Rancilio Group vi invita al World of Coffee al Bella Center della pittoresca e vivace&#8230;<\/p>\n","protected":false},"author":5,"featured_media":74002,"comment_status":"closed","ping_status":"closed","sticky":false,"template":"","format":"standard","meta":[],"categories":[465],"tags":[3519,3144,3145,2959,2782,2727,2729,2645,2619,2618,2587],"acf":[],"yoast_head":"<!-- This site is optimized with the Yoast SEO plugin v21.5 - https:\/\/yoast.com\/wordpress\/plugins\/seo\/ -->\n<title>Latest update about Rancilio Group al World of Coffee Copenhagen 2024 - Rancilio Group<\/title>\n<meta name=\"description\" content=\"Read Rancilio Group&#039;s latest news about Rancilio Group al World of Coffee Copenhagen 2024\" \/>\n<meta name=\"robots\" content=\"index, follow, max-snippet:-1, max-image-preview:large, max-video-preview:-1\" \/>\n<link rel=\"canonical\" href=\"https:\/\/www.ranciliogroup.com\/it\/rancilio-group-al-world-of-coffee-copenhagen-2024\/\" \/>\n<meta property=\"og:locale\" content=\"it_IT\" \/>\n<meta property=\"og:type\" content=\"article\" \/>\n<meta property=\"og:title\" content=\"Latest update about Rancilio Group al World of Coffee Copenhagen 2024 - Rancilio Group\" \/>\n<meta property=\"og:description\" content=\"Read Rancilio Group&#039;s latest news about Rancilio Group al World of Coffee Copenhagen 2024\" \/>\n<meta property=\"og:url\" content=\"https:\/\/www.ranciliogroup.com\/it\/rancilio-group-al-world-of-coffee-copenhagen-2024\/\" \/>\n<meta property=\"og:site_name\" content=\"Rancilio Group\" \/>\n<meta property=\"article:publisher\" content=\"https:\/\/www.facebook.com\/RancilioGroup\" \/>\n<meta property=\"article:published_time\" content=\"2024-06-03T09:37:57+00:00\" \/>\n<meta property=\"article:modified_time\" content=\"2024-06-03T09:46:14+00:00\" \/>\n<meta property=\"og:image\" content=\"https:\/\/www.ranciliogroup.com\/app\/uploads\/2024\/06\/WOC-Copenhagen-02.jpg\" \/>\n\t<meta property=\"og:image:width\" content=\"1375\" \/>\n\t<meta property=\"og:image:height\" content=\"720\" \/>\n\t<meta property=\"og:image:type\" content=\"image\/jpeg\" \/>\n<meta name=\"author\" content=\"temp circular\" \/>\n<meta name=\"twitter:card\" content=\"summary_large_image\" \/>\n<meta name=\"twitter:creator\" content=\"@ranciliogroup\" \/>\n<meta name=\"twitter:site\" content=\"@ranciliogroup\" \/>\n<meta name=\"twitter:label1\" content=\"Scritto da\" \/>\n\t<meta name=\"twitter:data1\" content=\"temp circular\" \/>\n\t<meta name=\"twitter:label2\" content=\"Tempo di lettura stimato\" \/>\n\t<meta name=\"twitter:data2\" content=\"2 minuti\" \/>\n<script type=\"application\/ld+json\" class=\"yoast-schema-graph\">{\"@context\":\"https:\/\/schema.org\",\"@graph\":[{\"@type\":\"Article\",\"@id\":\"https:\/\/www.ranciliogroup.com\/it\/rancilio-group-al-world-of-coffee-copenhagen-2024\/#article\",\"isPartOf\":{\"@id\":\"https:\/\/www.ranciliogroup.com\/it\/rancilio-group-al-world-of-coffee-copenhagen-2024\/\"},\"author\":{\"name\":\"temp circular\",\"@id\":\"https:\/\/www.ranciliogroup.com\/it\/#\/schema\/person\/d6bf0a7dfe74cded3d64da8b2c92814c\"},\"headline\":\"Rancilio Group al World of Coffee Copenhagen 2024\",\"datePublished\":\"2024-06-03T09:37:57+00:00\",\"dateModified\":\"2024-06-03T09:46:14+00:00\",\"mainEntityOfPage\":{\"@id\":\"https:\/\/www.ranciliogroup.com\/it\/rancilio-group-al-world-of-coffee-copenhagen-2024\/\"},\"wordCount\":252,\"publisher\":{\"@id\":\"https:\/\/www.ranciliogroup.com\/it\/#organization\"},\"keywords\":[\"Copenhagen\",\"Bond\",\"MoDe\",\"Classe 5 Eco\",\"Stile\",\"WOC\",\"Silvia Pro X\",\"Next\",\"Kryo\",\"Invicta\",\"RS1\"],\"articleSection\":[\"Eventi\"],\"inLanguage\":\"it-IT\"},{\"@type\":\"WebPage\",\"@id\":\"https:\/\/www.ranciliogroup.com\/it\/rancilio-group-al-world-of-coffee-copenhagen-2024\/\",\"url\":\"https:\/\/www.ranciliogroup.com\/it\/rancilio-group-al-world-of-coffee-copenhagen-2024\/\",\"name\":\"Latest update about Rancilio Group al World of Coffee Copenhagen 2024 - Rancilio Group\",\"isPartOf\":{\"@id\":\"https:\/\/www.ranciliogroup.com\/it\/#website\"},\"datePublished\":\"2024-06-03T09:37:57+00:00\",\"dateModified\":\"2024-06-03T09:46:14+00:00\",\"description\":\"Read Rancilio Group's latest news about Rancilio Group al World of Coffee Copenhagen 2024\",\"breadcrumb\":{\"@id\":\"https:\/\/www.ranciliogroup.com\/it\/rancilio-group-al-world-of-coffee-copenhagen-2024\/#breadcrumb\"},\"inLanguage\":\"it-IT\",\"potentialAction\":[{\"@type\":\"ReadAction\",\"target\":[\"https:\/\/www.ranciliogroup.com\/it\/rancilio-group-al-world-of-coffee-copenhagen-2024\/\"]}]},{\"@type\":\"BreadcrumbList\",\"@id\":\"https:\/\/www.ranciliogroup.com\/it\/rancilio-group-al-world-of-coffee-copenhagen-2024\/#breadcrumb\",\"itemListElement\":[{\"@type\":\"ListItem\",\"position\":1,\"name\":\"Home\",\"item\":\"https:\/\/www.ranciliogroup.com\/it\/\"},{\"@type\":\"ListItem\",\"position\":2,\"name\":\"Rancilio Group al World of Coffee Copenhagen 2024\"}]},{\"@type\":\"WebSite\",\"@id\":\"https:\/\/www.ranciliogroup.com\/it\/#website\",\"url\":\"https:\/\/www.ranciliogroup.com\/it\/\",\"name\":\"Rancilio Group\",\"description\":\"Leader delle Macchine da Caff\u00e8 Professionali\",\"publisher\":{\"@id\":\"https:\/\/www.ranciliogroup.com\/it\/#organization\"},\"potentialAction\":[{\"@type\":\"SearchAction\",\"target\":{\"@type\":\"EntryPoint\",\"urlTemplate\":\"https:\/\/www.ranciliogroup.com\/it\/?s={search_term_string}\"},\"query-input\":\"required name=search_term_string\"}],\"inLanguage\":\"it-IT\"},{\"@type\":\"Organization\",\"@id\":\"https:\/\/www.ranciliogroup.com\/it\/#organization\",\"name\":\"Rancilio Group\",\"url\":\"https:\/\/www.ranciliogroup.com\/it\/\",\"logo\":{\"@type\":\"ImageObject\",\"inLanguage\":\"it-IT\",\"@id\":\"https:\/\/www.ranciliogroup.com\/it\/#\/schema\/logo\/image\/\",\"url\":\"https:\/\/www.ranciliogroup.com\/app\/uploads\/2019\/07\/rancilio_black_logo.png\",\"contentUrl\":\"https:\/\/www.ranciliogroup.com\/app\/uploads\/2019\/07\/rancilio_black_logo.png\",\"width\":447,\"height\":57,\"caption\":\"Rancilio Group\"},\"image\":{\"@id\":\"https:\/\/www.ranciliogroup.com\/it\/#\/schema\/logo\/image\/\"},\"sameAs\":[\"https:\/\/www.facebook.com\/RancilioGroup\",\"https:\/\/twitter.com\/ranciliogroup\",\"https:\/\/www.instagram.com\/rancilio_official\/\",\"https:\/\/www.linkedin.com\/company\/ranciliogroup\/\",\"https:\/\/www.youtube.com\/user\/rancilioadmin\"]},{\"@type\":\"Person\",\"@id\":\"https:\/\/www.ranciliogroup.com\/it\/#\/schema\/person\/d6bf0a7dfe74cded3d64da8b2c92814c\",\"name\":\"temp circular\",\"image\":{\"@type\":\"ImageObject\",\"inLanguage\":\"it-IT\",\"@id\":\"https:\/\/www.ranciliogroup.com\/it\/#\/schema\/person\/image\/\",\"url\":\"https:\/\/secure.gravatar.com\/avatar\/569e71c3b97b8bcad1854d6579b35c5f?s=96&d=mm&r=g\",\"contentUrl\":\"https:\/\/secure.gravatar.com\/avatar\/569e71c3b97b8bcad1854d6579b35c5f?s=96&d=mm&r=g\",\"caption\":\"temp circular\"}}]}<\/script>\n<!-- \/ Yoast SEO plugin. -->","yoast_head_json":{"title":"Latest update about Rancilio Group al World of Coffee Copenhagen 2024 - Rancilio Group","description":"Read Rancilio Group's latest news about Rancilio Group al World of Coffee Copenhagen 2024","robots":{"index":"index","follow":"follow","max-snippet":"max-snippet:-1","max-image-preview":"max-image-preview:large","max-video-preview":"max-video-preview:-1"},"canonical":"https:\/\/www.ranciliogroup.com\/it\/rancilio-group-al-world-of-coffee-copenhagen-2024\/","og_locale":"it_IT","og_type":"article","og_title":"Latest update about Rancilio Group al World of Coffee Copenhagen 2024 - Rancilio Group","og_description":"Read Rancilio Group's latest news about Rancilio Group al World of Coffee Copenhagen 2024","og_url":"https:\/\/www.ranciliogroup.com\/it\/rancilio-group-al-world-of-coffee-copenhagen-2024\/","og_site_name":"Rancilio Group","article_publisher":"https:\/\/www.facebook.com\/RancilioGroup","article_published_time":"2024-06-03T09:37:57+00:00","article_modified_time":"2024-06-03T09:46:14+00:00","og_image":[{"width":1375,"height":720,"url":"https:\/\/www.ranciliogroup.com\/app\/uploads\/2024\/06\/WOC-Copenhagen-02.jpg","type":"image\/jpeg"}],"author":"temp circular","twitter_card":"summary_large_image","twitter_creator":"@ranciliogroup","twitter_site":"@ranciliogroup","twitter_misc":{"Scritto da":"temp circular","Tempo di lettura stimato":"2 minuti"},"schema":{"@context":"https:\/\/schema.org","@graph":[{"@type":"Article","@id":"https:\/\/www.ranciliogroup.com\/it\/rancilio-group-al-world-of-coffee-copenhagen-2024\/#article","isPartOf":{"@id":"https:\/\/www.ranciliogroup.com\/it\/rancilio-group-al-world-of-coffee-copenhagen-2024\/"},"author":{"name":"temp circular","@id":"https:\/\/www.ranciliogroup.com\/it\/#\/schema\/person\/d6bf0a7dfe74cded3d64da8b2c92814c"},"headline":"Rancilio Group al World of Coffee Copenhagen 2024","datePublished":"2024-06-03T09:37:57+00:00","dateModified":"2024-06-03T09:46:14+00:00","mainEntityOfPage":{"@id":"https:\/\/www.ranciliogroup.com\/it\/rancilio-group-al-world-of-coffee-copenhagen-2024\/"},"wordCount":252,"publisher":{"@id":"https:\/\/www.ranciliogroup.com\/it\/#organization"},"keywords":["Copenhagen","Bond","MoDe","Classe 5 Eco","Stile","WOC","Silvia Pro X","Next","Kryo","Invicta","RS1"],"articleSection":["Eventi"],"inLanguage":"it-IT"},{"@type":"WebPage","@id":"https:\/\/www.ranciliogroup.com\/it\/rancilio-group-al-world-of-coffee-copenhagen-2024\/","url":"https:\/\/www.ranciliogroup.com\/it\/rancilio-group-al-world-of-coffee-copenhagen-2024\/","name":"Latest update about Rancilio Group al World of Coffee Copenhagen 2024 - Rancilio Group","isPartOf":{"@id":"https:\/\/www.ranciliogroup.com\/it\/#website"},"datePublished":"2024-06-03T09:37:57+00:00","dateModified":"2024-06-03T09:46:14+00:00","description":"Read Rancilio Group's latest news about Rancilio Group al World of Coffee Copenhagen 2024","breadcrumb":{"@id":"https:\/\/www.ranciliogroup.com\/it\/rancilio-group-al-world-of-coffee-copenhagen-2024\/#breadcrumb"},"inLanguage":"it-IT","potentialAction":[{"@type":"ReadAction","target":["https:\/\/www.ranciliogroup.com\/it\/rancilio-group-al-world-of-coffee-copenhagen-2024\/"]}]},{"@type":"BreadcrumbList","@id":"https:\/\/www.ranciliogroup.com\/it\/rancilio-group-al-world-of-coffee-copenhagen-2024\/#breadcrumb","itemListElement":[{"@type":"ListItem","position":1,"name":"Home","item":"https:\/\/www.ranciliogroup.com\/it\/"},{"@type":"ListItem","position":2,"name":"Rancilio Group al World of Coffee Copenhagen 2024"}]},{"@type":"WebSite","@id":"https:\/\/www.ranciliogroup.com\/it\/#website","url":"https:\/\/www.ranciliogroup.com\/it\/","name":"Rancilio Group","description":"Leader delle Macchine da Caff\u00e8 Professionali","publisher":{"@id":"https:\/\/www.ranciliogroup.com\/it\/#organization"},"potentialAction":[{"@type":"SearchAction","target":{"@type":"EntryPoint","urlTemplate":"https:\/\/www.ranciliogroup.com\/it\/?s={search_term_string}"},"query-input":"required name=search_term_string"}],"inLanguage":"it-IT"},{"@type":"Organization","@id":"https:\/\/www.ranciliogroup.com\/it\/#organization","name":"Rancilio Group","url":"https:\/\/www.ranciliogroup.com\/it\/","logo":{"@type":"ImageObject","inLanguage":"it-IT","@id":"https:\/\/www.ranciliogroup.com\/it\/#\/schema\/logo\/image\/","url":"https:\/\/www.ranciliogroup.com\/app\/uploads\/2019\/07\/rancilio_black_logo.png","contentUrl":"https:\/\/www.ranciliogroup.com\/app\/uploads\/2019\/07\/rancilio_black_logo.png","width":447,"height":57,"caption":"Rancilio Group"},"image":{"@id":"https:\/\/www.ranciliogroup.com\/it\/#\/schema\/logo\/image\/"},"sameAs":["https:\/\/www.facebook.com\/RancilioGroup","https:\/\/twitter.com\/ranciliogroup","https:\/\/www.instagram.com\/rancilio_official\/","https:\/\/www.linkedin.com\/company\/ranciliogroup\/","https:\/\/www.youtube.com\/user\/rancilioadmin"]},{"@type":"Person","@id":"https:\/\/www.ranciliogroup.com\/it\/#\/schema\/person\/d6bf0a7dfe74cded3d64da8b2c92814c","name":"temp circular","image":{"@type":"ImageObject","inLanguage":"it-IT","@id":"https:\/\/www.ranciliogroup.com\/it\/#\/schema\/person\/image\/","url":"https:\/\/secure.gravatar.com\/avatar\/569e71c3b97b8bcad1854d6579b35c5f?s=96&d=mm&r=g","contentUrl":"https:\/\/secure.gravatar.com\/avatar\/569e71c3b97b8bcad1854d6579b35c5f?s=96&d=mm&r=g","caption":"temp circular"}}]}},"_links":{"self":[{"href":"https:\/\/www.ranciliogroup.com\/it\/wp-json\/wp\/v2\/posts\/73998"}],"collection":[{"href":"https:\/\/www.ranciliogroup.com\/it\/wp-json\/wp\/v2\/posts"}],"about":[{"href":"https:\/\/www.ranciliogroup.com\/it\/wp-json\/wp\/v2\/types\/post"}],"author":[{"embeddable":true,"href":"https:\/\/www.ranciliogroup.com\/it\/wp-json\/wp\/v2\/users\/5"}],"replies":[{"embeddable":true,"href":"https:\/\/www.ranciliogroup.com\/it\/wp-json\/wp\/v2\/comments?post=73998"}],"version-history":[{"count":3,"href":"https:\/\/www.ranciliogroup.com\/it\/wp-json\/wp\/v2\/posts\/73998\/revisions"}],"predecessor-version":[{"id":74001,"href":"https:\/\/www.ranciliogroup.com\/it\/wp-json\/wp\/v2\/posts\/73998\/revisions\/74001"}],"wp:featuredmedia":[{"embeddable":true,"href":"https:\/\/www.ranciliogroup.com\/it\/wp-json\/wp\/v2\/media\/74002"}],"wp:attachment":[{"href":"https:\/\/www.ranciliogroup.com\/it\/wp-json\/wp\/v2\/media?parent=73998"}],"wp:term":[{"taxonomy":"category","embeddable":true,"href":"https:\/\/www.ranciliogroup.com\/it\/wp-json\/wp\/v2\/categories?post=73998"},{"taxonomy":"post_tag","embeddable":true,"href":"https:\/\/www.ranciliogroup.com\/it\/wp-json\/wp\/v2\/tags?post=73998"}],"curies":[{"name":"wp","href":"https:\/\/api.w.org\/{rel}","templated":true}]}}