{"id":75099,"date":"2024-08-30T11:22:21","date_gmt":"2024-08-30T09:22:21","guid":{"rendered":"https:\/\/www.ranciliogroup.com\/?p=75099"},"modified":"2024-08-30T11:22:21","modified_gmt":"2024-08-30T09:22:21","slug":"julius-meinl-ospitera-il-grand-finale-della-barista-cup-con-rancilio-specialty-rs1","status":"publish","type":"post","link":"https:\/\/www.ranciliogroup.com\/it\/julius-meinl-ospitera-il-grand-finale-della-barista-cup-con-rancilio-specialty-rs1\/","title":{"rendered":"Julius Meinl ospiter\u00e0 il Grand Finale della Barista Cup con Rancilio Specialty RS1"},"content":{"rendered":"<p>Il marchio di caff\u00e8 premium Julius Meinl ospiter\u00e0 il Grand Finale della sua prima competizione internazionale per baristi presso la sua storica sede di Vienna il 19 settembre 2024. Baristi provenienti da 12 paesi, tra cui Austria, Italia e Stati Uniti, metteranno in mostra la loro maestria nella preparazione di espresso, cappuccino e di un drink originale.<\/p>\n<p>Dopo essersi guadagnati un posto attraverso le competizioni nazionali, questi baristi top competeranno sul palcoscenico internazionale utilizzando la macchina per espresso multicaldaia Rancilio Specialty RS1. Nota per la sua tecnologia di estrazione all&#8217;avanguardia, RS1 offre ai baristi un controllo senza pari sul processo di estrazione dell&#8217;espresso grazie al sistema di Advanced Temperature Profiling. Questa tecnologia permette ai concorrenti di regolare finemente la temperatura, sbloccando il pieno potenziale aromatico di ogni chicco di caff\u00e8. Il design unico del flusso di lavoro di RS1, unito all&#8217;esperienza di Rancilio, garantisce che ogni tazza servita durante la competizione raggiunga i pi\u00f9 alti standard di qualit\u00e0 e gusto.<\/p>\n<p>Giudici stimati, tra cui Tim Sturk, Angelika Galas, Ali Vogel e Agnieszka Rojewska, valuteranno i concorrenti, mentre la personalit\u00e0 televisiva croata Iva \u0160ulenti\u0107 moderer\u00e0 l&#8217;evento. \u201cSiamo entusiasti di collaborare con i migliori marchi del settore come parte del nostro impegno continuo per l&#8217;innovazione\u201d, dichiara Angelika Galas, responsabile della Julius Meinl Coffee Academy. \u201cAdottare le ultime tecnologie \u00e8 fondamentale per offrire esperienze di caff\u00e8 premium. Fornendo ai nostri baristi i migliori strumenti e attrezzature, possiamo metterli in condizione di offrire eccellenza in ogni tazza.\u201d<\/p>\n<p>L&#8217;evento promette di essere una celebrazione dell&#8217;eccellenza del caff\u00e8, con ogni barista che porter\u00e0 il proprio stile unico sul palcoscenico mondiale. Il vincitore si aggiudicher\u00e0 un viaggio esclusivo in Honduras, dove potr\u00e0 immergersi nella ricca cultura del caff\u00e8 del paese.<\/p>\n<p>&nbsp;<\/p>\n<p>&nbsp;<\/p>\n<p><strong>Julius Meinl Barista Cup 2024<\/strong><br \/>\n19 settembre 2024<br \/>\ndalle 16:30<br \/>\n<a href=\"https:\/\/www.google.com\/maps\/place\/Julius+Meinl+Online+Shop+(Coffee,+tea+%26+more+Store)+-+Vienna\/@48.2205916,16.3083143,17z\/data=!3m1!4b1!4m6!3m5!1s0x476d086d184cfa85:0xbd4e3265807d4753!8m2!3d48.2205916!4d16.3108946!16s%2Fg%2F1txfmz02?authuser=0&amp;entry=ttu&amp;g_ep=EgoyMDI0MDgyMS4wIKXMDSoASAFQAw%3D%3D\">Julius Meinl Headquarters<\/a><br \/>\nJulius-Meinl-Gasse 3-7<br \/>\n1160 Vienna, Austria<\/p>\n<p>&nbsp;<\/p>\n<p><strong>Scopri l\u2019evento<\/strong><br \/>\n<a href=\"https:\/\/juliusmeinl.com\/barista-cup\">https:\/\/juliusmeinl.com\/barista-cup<\/a><\/p>\n<p>&nbsp;<\/p>\n<p><a href=\"https:\/\/www.ranciliogroup.com\/it\/specialty\/rs1\/\"><strong>Scopri Rancilio Specialty RS1<\/strong><\/a><\/p>\n","protected":false},"excerpt":{"rendered":"<p>Il marchio di caff\u00e8 premium Julius Meinl ospiter\u00e0 il Grand Finale della sua prima competizione internazionale per baristi presso la&#8230;<\/p>\n","protected":false},"author":5,"featured_media":75089,"comment_status":"closed","ping_status":"closed","sticky":false,"template":"","format":"standard","meta":[],"categories":[465],"tags":[3656,3636,3454,3326,2587],"acf":[],"yoast_head":"<!-- This site is optimized with the Yoast SEO plugin v21.5 - https:\/\/yoast.com\/wordpress\/plugins\/seo\/ -->\n<title>Latest update about Julius Meinl ospiter\u00e0 il Grand Finale della Barista Cup con Rancilio Specialty RS1 - Rancilio Group<\/title>\n<meta name=\"description\" content=\"Read Rancilio Group&#039;s latest news about Julius Meinl ospiter\u00e0 il Grand Finale della Barista Cup con Rancilio Specialty RS1\" \/>\n<meta name=\"robots\" content=\"index, follow, max-snippet:-1, max-image-preview:large, max-video-preview:-1\" \/>\n<link rel=\"canonical\" href=\"https:\/\/www.ranciliogroup.com\/it\/julius-meinl-ospitera-il-grand-finale-della-barista-cup-con-rancilio-specialty-rs1\/\" \/>\n<meta property=\"og:locale\" content=\"it_IT\" \/>\n<meta property=\"og:type\" content=\"article\" \/>\n<meta property=\"og:title\" content=\"Latest update about Julius Meinl ospiter\u00e0 il Grand Finale della Barista Cup con Rancilio Specialty RS1 - Rancilio Group\" \/>\n<meta property=\"og:description\" content=\"Read Rancilio Group&#039;s latest news about Julius Meinl ospiter\u00e0 il Grand Finale della Barista Cup con Rancilio Specialty RS1\" \/>\n<meta property=\"og:url\" content=\"https:\/\/www.ranciliogroup.com\/it\/julius-meinl-ospitera-il-grand-finale-della-barista-cup-con-rancilio-specialty-rs1\/\" \/>\n<meta property=\"og:site_name\" content=\"Rancilio Group\" \/>\n<meta property=\"article:publisher\" content=\"https:\/\/www.facebook.com\/RancilioGroup\" \/>\n<meta property=\"article:published_time\" content=\"2024-08-30T09:22:21+00:00\" \/>\n<meta property=\"og:image\" content=\"https:\/\/www.ranciliogroup.com\/app\/uploads\/2024\/08\/Rancilio_Specialty_JM-Barista-Cup-2024.jpg\" \/>\n\t<meta property=\"og:image:width\" content=\"1080\" \/>\n\t<meta property=\"og:image:height\" content=\"720\" \/>\n\t<meta property=\"og:image:type\" content=\"image\/jpeg\" \/>\n<meta name=\"author\" content=\"temp circular\" \/>\n<meta name=\"twitter:card\" content=\"summary_large_image\" \/>\n<meta name=\"twitter:creator\" content=\"@ranciliogroup\" \/>\n<meta name=\"twitter:site\" content=\"@ranciliogroup\" \/>\n<meta name=\"twitter:label1\" content=\"Scritto da\" \/>\n\t<meta name=\"twitter:data1\" content=\"temp circular\" \/>\n\t<meta name=\"twitter:label2\" content=\"Tempo di lettura stimato\" \/>\n\t<meta name=\"twitter:data2\" content=\"2 minuti\" \/>\n<script type=\"application\/ld+json\" class=\"yoast-schema-graph\">{\"@context\":\"https:\/\/schema.org\",\"@graph\":[{\"@type\":\"Article\",\"@id\":\"https:\/\/www.ranciliogroup.com\/it\/julius-meinl-ospitera-il-grand-finale-della-barista-cup-con-rancilio-specialty-rs1\/#article\",\"isPartOf\":{\"@id\":\"https:\/\/www.ranciliogroup.com\/it\/julius-meinl-ospitera-il-grand-finale-della-barista-cup-con-rancilio-specialty-rs1\/\"},\"author\":{\"name\":\"temp circular\",\"@id\":\"https:\/\/www.ranciliogroup.com\/it\/#\/schema\/person\/d6bf0a7dfe74cded3d64da8b2c92814c\"},\"headline\":\"Julius Meinl ospiter\u00e0 il Grand Finale della Barista Cup con Rancilio Specialty RS1\",\"datePublished\":\"2024-08-30T09:22:21+00:00\",\"dateModified\":\"2024-08-30T09:22:21+00:00\",\"mainEntityOfPage\":{\"@id\":\"https:\/\/www.ranciliogroup.com\/it\/julius-meinl-ospitera-il-grand-finale-della-barista-cup-con-rancilio-specialty-rs1\/\"},\"wordCount\":320,\"publisher\":{\"@id\":\"https:\/\/www.ranciliogroup.com\/it\/#organization\"},\"keywords\":[\"Austria\",\"Barista Championship\",\"Julius Meinl\",\"Advanced Temperature Profiling\",\"RS1\"],\"articleSection\":[\"Eventi\"],\"inLanguage\":\"it-IT\"},{\"@type\":\"WebPage\",\"@id\":\"https:\/\/www.ranciliogroup.com\/it\/julius-meinl-ospitera-il-grand-finale-della-barista-cup-con-rancilio-specialty-rs1\/\",\"url\":\"https:\/\/www.ranciliogroup.com\/it\/julius-meinl-ospitera-il-grand-finale-della-barista-cup-con-rancilio-specialty-rs1\/\",\"name\":\"Latest update about Julius Meinl ospiter\u00e0 il Grand Finale della Barista Cup con Rancilio Specialty RS1 - Rancilio Group\",\"isPartOf\":{\"@id\":\"https:\/\/www.ranciliogroup.com\/it\/#website\"},\"datePublished\":\"2024-08-30T09:22:21+00:00\",\"dateModified\":\"2024-08-30T09:22:21+00:00\",\"description\":\"Read Rancilio Group's latest news about Julius Meinl ospiter\u00e0 il Grand Finale della Barista Cup con Rancilio Specialty RS1\",\"breadcrumb\":{\"@id\":\"https:\/\/www.ranciliogroup.com\/it\/julius-meinl-ospitera-il-grand-finale-della-barista-cup-con-rancilio-specialty-rs1\/#breadcrumb\"},\"inLanguage\":\"it-IT\",\"potentialAction\":[{\"@type\":\"ReadAction\",\"target\":[\"https:\/\/www.ranciliogroup.com\/it\/julius-meinl-ospitera-il-grand-finale-della-barista-cup-con-rancilio-specialty-rs1\/\"]}]},{\"@type\":\"BreadcrumbList\",\"@id\":\"https:\/\/www.ranciliogroup.com\/it\/julius-meinl-ospitera-il-grand-finale-della-barista-cup-con-rancilio-specialty-rs1\/#breadcrumb\",\"itemListElement\":[{\"@type\":\"ListItem\",\"position\":1,\"name\":\"Home\",\"item\":\"https:\/\/www.ranciliogroup.com\/it\/\"},{\"@type\":\"ListItem\",\"position\":2,\"name\":\"Julius Meinl ospiter\u00e0 il Grand Finale della Barista Cup con Rancilio Specialty RS1\"}]},{\"@type\":\"WebSite\",\"@id\":\"https:\/\/www.ranciliogroup.com\/it\/#website\",\"url\":\"https:\/\/www.ranciliogroup.com\/it\/\",\"name\":\"Rancilio Group\",\"description\":\"Leader delle Macchine da Caff\u00e8 Professionali\",\"publisher\":{\"@id\":\"https:\/\/www.ranciliogroup.com\/it\/#organization\"},\"potentialAction\":[{\"@type\":\"SearchAction\",\"target\":{\"@type\":\"EntryPoint\",\"urlTemplate\":\"https:\/\/www.ranciliogroup.com\/it\/?s={search_term_string}\"},\"query-input\":\"required name=search_term_string\"}],\"inLanguage\":\"it-IT\"},{\"@type\":\"Organization\",\"@id\":\"https:\/\/www.ranciliogroup.com\/it\/#organization\",\"name\":\"Rancilio Group\",\"url\":\"https:\/\/www.ranciliogroup.com\/it\/\",\"logo\":{\"@type\":\"ImageObject\",\"inLanguage\":\"it-IT\",\"@id\":\"https:\/\/www.ranciliogroup.com\/it\/#\/schema\/logo\/image\/\",\"url\":\"https:\/\/www.ranciliogroup.com\/app\/uploads\/2019\/07\/rancilio_black_logo.png\",\"contentUrl\":\"https:\/\/www.ranciliogroup.com\/app\/uploads\/2019\/07\/rancilio_black_logo.png\",\"width\":447,\"height\":57,\"caption\":\"Rancilio Group\"},\"image\":{\"@id\":\"https:\/\/www.ranciliogroup.com\/it\/#\/schema\/logo\/image\/\"},\"sameAs\":[\"https:\/\/www.facebook.com\/RancilioGroup\",\"https:\/\/twitter.com\/ranciliogroup\",\"https:\/\/www.instagram.com\/rancilio_official\/\",\"https:\/\/www.linkedin.com\/company\/ranciliogroup\/\",\"https:\/\/www.youtube.com\/user\/rancilioadmin\"]},{\"@type\":\"Person\",\"@id\":\"https:\/\/www.ranciliogroup.com\/it\/#\/schema\/person\/d6bf0a7dfe74cded3d64da8b2c92814c\",\"name\":\"temp circular\",\"image\":{\"@type\":\"ImageObject\",\"inLanguage\":\"it-IT\",\"@id\":\"https:\/\/www.ranciliogroup.com\/it\/#\/schema\/person\/image\/\",\"url\":\"https:\/\/secure.gravatar.com\/avatar\/569e71c3b97b8bcad1854d6579b35c5f?s=96&d=mm&r=g\",\"contentUrl\":\"https:\/\/secure.gravatar.com\/avatar\/569e71c3b97b8bcad1854d6579b35c5f?s=96&d=mm&r=g\",\"caption\":\"temp circular\"}}]}<\/script>\n<!-- \/ Yoast SEO plugin. -->","yoast_head_json":{"title":"Latest update about Julius Meinl ospiter\u00e0 il Grand Finale della Barista Cup con Rancilio Specialty RS1 - Rancilio Group","description":"Read Rancilio Group's latest news about Julius Meinl ospiter\u00e0 il Grand Finale della Barista Cup con Rancilio Specialty RS1","robots":{"index":"index","follow":"follow","max-snippet":"max-snippet:-1","max-image-preview":"max-image-preview:large","max-video-preview":"max-video-preview:-1"},"canonical":"https:\/\/www.ranciliogroup.com\/it\/julius-meinl-ospitera-il-grand-finale-della-barista-cup-con-rancilio-specialty-rs1\/","og_locale":"it_IT","og_type":"article","og_title":"Latest update about Julius Meinl ospiter\u00e0 il Grand Finale della Barista Cup con Rancilio Specialty RS1 - Rancilio Group","og_description":"Read Rancilio Group's latest news about Julius Meinl ospiter\u00e0 il Grand Finale della Barista Cup con Rancilio Specialty RS1","og_url":"https:\/\/www.ranciliogroup.com\/it\/julius-meinl-ospitera-il-grand-finale-della-barista-cup-con-rancilio-specialty-rs1\/","og_site_name":"Rancilio Group","article_publisher":"https:\/\/www.facebook.com\/RancilioGroup","article_published_time":"2024-08-30T09:22:21+00:00","og_image":[{"width":1080,"height":720,"url":"https:\/\/www.ranciliogroup.com\/app\/uploads\/2024\/08\/Rancilio_Specialty_JM-Barista-Cup-2024.jpg","type":"image\/jpeg"}],"author":"temp circular","twitter_card":"summary_large_image","twitter_creator":"@ranciliogroup","twitter_site":"@ranciliogroup","twitter_misc":{"Scritto da":"temp circular","Tempo di lettura stimato":"2 minuti"},"schema":{"@context":"https:\/\/schema.org","@graph":[{"@type":"Article","@id":"https:\/\/www.ranciliogroup.com\/it\/julius-meinl-ospitera-il-grand-finale-della-barista-cup-con-rancilio-specialty-rs1\/#article","isPartOf":{"@id":"https:\/\/www.ranciliogroup.com\/it\/julius-meinl-ospitera-il-grand-finale-della-barista-cup-con-rancilio-specialty-rs1\/"},"author":{"name":"temp circular","@id":"https:\/\/www.ranciliogroup.com\/it\/#\/schema\/person\/d6bf0a7dfe74cded3d64da8b2c92814c"},"headline":"Julius Meinl ospiter\u00e0 il Grand Finale della Barista Cup con Rancilio Specialty RS1","datePublished":"2024-08-30T09:22:21+00:00","dateModified":"2024-08-30T09:22:21+00:00","mainEntityOfPage":{"@id":"https:\/\/www.ranciliogroup.com\/it\/julius-meinl-ospitera-il-grand-finale-della-barista-cup-con-rancilio-specialty-rs1\/"},"wordCount":320,"publisher":{"@id":"https:\/\/www.ranciliogroup.com\/it\/#organization"},"keywords":["Austria","Barista Championship","Julius Meinl","Advanced Temperature Profiling","RS1"],"articleSection":["Eventi"],"inLanguage":"it-IT"},{"@type":"WebPage","@id":"https:\/\/www.ranciliogroup.com\/it\/julius-meinl-ospitera-il-grand-finale-della-barista-cup-con-rancilio-specialty-rs1\/","url":"https:\/\/www.ranciliogroup.com\/it\/julius-meinl-ospitera-il-grand-finale-della-barista-cup-con-rancilio-specialty-rs1\/","name":"Latest update about Julius Meinl ospiter\u00e0 il Grand Finale della Barista Cup con Rancilio Specialty RS1 - Rancilio Group","isPartOf":{"@id":"https:\/\/www.ranciliogroup.com\/it\/#website"},"datePublished":"2024-08-30T09:22:21+00:00","dateModified":"2024-08-30T09:22:21+00:00","description":"Read Rancilio Group's latest news about Julius Meinl ospiter\u00e0 il Grand Finale della Barista Cup con Rancilio Specialty RS1","breadcrumb":{"@id":"https:\/\/www.ranciliogroup.com\/it\/julius-meinl-ospitera-il-grand-finale-della-barista-cup-con-rancilio-specialty-rs1\/#breadcrumb"},"inLanguage":"it-IT","potentialAction":[{"@type":"ReadAction","target":["https:\/\/www.ranciliogroup.com\/it\/julius-meinl-ospitera-il-grand-finale-della-barista-cup-con-rancilio-specialty-rs1\/"]}]},{"@type":"BreadcrumbList","@id":"https:\/\/www.ranciliogroup.com\/it\/julius-meinl-ospitera-il-grand-finale-della-barista-cup-con-rancilio-specialty-rs1\/#breadcrumb","itemListElement":[{"@type":"ListItem","position":1,"name":"Home","item":"https:\/\/www.ranciliogroup.com\/it\/"},{"@type":"ListItem","position":2,"name":"Julius Meinl ospiter\u00e0 il Grand Finale della Barista Cup con Rancilio Specialty RS1"}]},{"@type":"WebSite","@id":"https:\/\/www.ranciliogroup.com\/it\/#website","url":"https:\/\/www.ranciliogroup.com\/it\/","name":"Rancilio Group","description":"Leader delle Macchine da Caff\u00e8 Professionali","publisher":{"@id":"https:\/\/www.ranciliogroup.com\/it\/#organization"},"potentialAction":[{"@type":"SearchAction","target":{"@type":"EntryPoint","urlTemplate":"https:\/\/www.ranciliogroup.com\/it\/?s={search_term_string}"},"query-input":"required name=search_term_string"}],"inLanguage":"it-IT"},{"@type":"Organization","@id":"https:\/\/www.ranciliogroup.com\/it\/#organization","name":"Rancilio Group","url":"https:\/\/www.ranciliogroup.com\/it\/","logo":{"@type":"ImageObject","inLanguage":"it-IT","@id":"https:\/\/www.ranciliogroup.com\/it\/#\/schema\/logo\/image\/","url":"https:\/\/www.ranciliogroup.com\/app\/uploads\/2019\/07\/rancilio_black_logo.png","contentUrl":"https:\/\/www.ranciliogroup.com\/app\/uploads\/2019\/07\/rancilio_black_logo.png","width":447,"height":57,"caption":"Rancilio Group"},"image":{"@id":"https:\/\/www.ranciliogroup.com\/it\/#\/schema\/logo\/image\/"},"sameAs":["https:\/\/www.facebook.com\/RancilioGroup","https:\/\/twitter.com\/ranciliogroup","https:\/\/www.instagram.com\/rancilio_official\/","https:\/\/www.linkedin.com\/company\/ranciliogroup\/","https:\/\/www.youtube.com\/user\/rancilioadmin"]},{"@type":"Person","@id":"https:\/\/www.ranciliogroup.com\/it\/#\/schema\/person\/d6bf0a7dfe74cded3d64da8b2c92814c","name":"temp circular","image":{"@type":"ImageObject","inLanguage":"it-IT","@id":"https:\/\/www.ranciliogroup.com\/it\/#\/schema\/person\/image\/","url":"https:\/\/secure.gravatar.com\/avatar\/569e71c3b97b8bcad1854d6579b35c5f?s=96&d=mm&r=g","contentUrl":"https:\/\/secure.gravatar.com\/avatar\/569e71c3b97b8bcad1854d6579b35c5f?s=96&d=mm&r=g","caption":"temp circular"}}]}},"_links":{"self":[{"href":"https:\/\/www.ranciliogroup.com\/it\/wp-json\/wp\/v2\/posts\/75099"}],"collection":[{"href":"https:\/\/www.ranciliogroup.com\/it\/wp-json\/wp\/v2\/posts"}],"about":[{"href":"https:\/\/www.ranciliogroup.com\/it\/wp-json\/wp\/v2\/types\/post"}],"author":[{"embeddable":true,"href":"https:\/\/www.ranciliogroup.com\/it\/wp-json\/wp\/v2\/users\/5"}],"replies":[{"embeddable":true,"href":"https:\/\/www.ranciliogroup.com\/it\/wp-json\/wp\/v2\/comments?post=75099"}],"version-history":[{"count":3,"href":"https:\/\/www.ranciliogroup.com\/it\/wp-json\/wp\/v2\/posts\/75099\/revisions"}],"predecessor-version":[{"id":75102,"href":"https:\/\/www.ranciliogroup.com\/it\/wp-json\/wp\/v2\/posts\/75099\/revisions\/75102"}],"wp:featuredmedia":[{"embeddable":true,"href":"https:\/\/www.ranciliogroup.com\/it\/wp-json\/wp\/v2\/media\/75089"}],"wp:attachment":[{"href":"https:\/\/www.ranciliogroup.com\/it\/wp-json\/wp\/v2\/media?parent=75099"}],"wp:term":[{"taxonomy":"category","embeddable":true,"href":"https:\/\/www.ranciliogroup.com\/it\/wp-json\/wp\/v2\/categories?post=75099"},{"taxonomy":"post_tag","embeddable":true,"href":"https:\/\/www.ranciliogroup.com\/it\/wp-json\/wp\/v2\/tags?post=75099"}],"curies":[{"name":"wp","href":"https:\/\/api.w.org\/{rel}","templated":true}]}}