{"id":75471,"date":"2024-10-04T15:38:42","date_gmt":"2024-10-04T13:38:42","guid":{"rendered":"https:\/\/www.ranciliogroup.com\/?p=75471"},"modified":"2024-10-04T15:38:42","modified_gmt":"2024-10-04T13:38:42","slug":"rancilio-group-a-ifas-2024-a-zurigo","status":"publish","type":"post","link":"https:\/\/www.ranciliogroup.com\/it\/rancilio-group-a-ifas-2024-a-zurigo\/","title":{"rendered":"Rancilio Group a IFAS 2024 a Zurigo"},"content":{"rendered":"<p>Dal 22 al 24 ottobre, il Centro Esposizioni di Zurigo ospiter\u00e0 IFAS 2024, la pi\u00f9 grande fiera svizzera dedicata al settore sanitario. Egro Suisse EG sar\u00e0 presente all\u2019evento, presentando le ultime novit\u00e0 di Egro.<\/p>\n<p>Il fiore all\u2019occhiello dello stand sar\u00e0 la macchina da caff\u00e8 completamente automatica Egro MoDe, che far\u00e0 il suo debutto a IFAS nella versione Pro Milk. Lanciata in anteprima mondiale nell&#8217;inverno 2023, questa macchina offre alte prestazioni, affidabilit\u00e0 e versatilit\u00e0, il tutto racchiuso in un design elegante con soluzioni ergonomiche che migliorano l&#8217;efficienza del lavoro e velocizzano il servizio.<\/p>\n<p>Ideali per contesti ad alto volume, saranno esposti anche i modelli Egro Next NMS+ e Next X2. Queste macchine per caff\u00e8 superautomatiche e ad alte prestazioni offrono una vasta gamma di bevande, garantendo risultati superiori per ogni tipo di preparazione, sia calda che fredda, a base di caff\u00e8, latte fresco o prodotti solubili.<\/p>\n<p>Per gli appassionati di caff\u00e8 specialty, Rancilio Specialty presenter\u00e0 Invicta, una macchina per caff\u00e8 espresso a caldaia singola, facile da usare. Progettata per semplificare il servizio e migliorare l&#8217;esperienza del barista, questa macchina professionale \u00e8 apprezzata anche per il suo design moderno e lineare.<\/p>\n<p>Con 10.000 visitatori attesi, 260 espositori e un programma di conferenze e workshop, IFAS 2024 \u00e8 l&#8217;evento ideale per i professionisti del settore sanitario che desiderano scoprire gli ultimi prodotti e servizi e ampliare il proprio network.<\/p>\n<p><strong>\u00a0<\/strong><\/p>\n<p><strong>\u00a0<\/strong><\/p>\n<p><strong>IFAS 2024<\/strong> <strong>22-24 ottobre 2024<\/strong><br \/>\nDalle 9:00 alle 17:00<br \/>\nPadiglione 5 \/ Stand B30<br \/>\n<a href=\"https:\/\/www.google.com\/maps\/place\/Zurich+Exhibition+Hall\/@47.4114341,8.5507205,17z\/data=!3m1!4b1!4m6!3m5!1s0x47900a82732146c1:0x5da554673a6eaaa6!8m2!3d47.4114341!4d8.5533008!16s%2Fg%2F1ptwhx4c4?authuser=0&amp;entry=ttu&amp;g_ep=EgoyMDI0MDkxNi4wIKXMDSoASAFQAw%3D%3D\">Messe Zurich<\/a><br \/>\nWallisellenstrasse 49<br \/>\n8050 Zurigo, Svizzera<\/p>\n<p>&nbsp;<\/p>\n","protected":false},"excerpt":{"rendered":"<p>Dal 22 al 24 ottobre, il Centro Esposizioni di Zurigo ospiter\u00e0 IFAS 2024, la pi\u00f9 grande fiera svizzera dedicata al&#8230;<\/p>\n","protected":false},"author":5,"featured_media":75461,"comment_status":"closed","ping_status":"closed","sticky":false,"template":"","format":"standard","meta":[],"categories":[465],"tags":[3793,3792,3684,3145,2645,2646,2618],"acf":[],"yoast_head":"<!-- This site is optimized with the Yoast SEO plugin v21.5 - https:\/\/yoast.com\/wordpress\/plugins\/seo\/ -->\n<title>Latest update about Rancilio Group a IFAS 2024 a Zurigo - Rancilio Group<\/title>\n<meta name=\"description\" content=\"Read Rancilio Group&#039;s latest news about Rancilio Group a IFAS 2024 a Zurigo\" \/>\n<meta name=\"robots\" content=\"index, follow, max-snippet:-1, max-image-preview:large, max-video-preview:-1\" \/>\n<link rel=\"canonical\" href=\"https:\/\/www.ranciliogroup.com\/it\/rancilio-group-a-ifas-2024-a-zurigo\/\" \/>\n<meta property=\"og:locale\" content=\"it_IT\" \/>\n<meta property=\"og:type\" content=\"article\" \/>\n<meta property=\"og:title\" content=\"Latest update about Rancilio Group a IFAS 2024 a Zurigo - Rancilio Group\" \/>\n<meta property=\"og:description\" content=\"Read Rancilio Group&#039;s latest news about Rancilio Group a IFAS 2024 a Zurigo\" \/>\n<meta property=\"og:url\" content=\"https:\/\/www.ranciliogroup.com\/it\/rancilio-group-a-ifas-2024-a-zurigo\/\" \/>\n<meta property=\"og:site_name\" content=\"Rancilio Group\" \/>\n<meta property=\"article:publisher\" content=\"https:\/\/www.facebook.com\/RancilioGroup\" \/>\n<meta property=\"article:published_time\" content=\"2024-10-04T13:38:42+00:00\" \/>\n<meta property=\"og:image\" content=\"https:\/\/www.ranciliogroup.com\/app\/uploads\/2024\/10\/IFAS_EGRO_EG_2024_LR.jpg\" \/>\n\t<meta property=\"og:image:width\" content=\"1075\" \/>\n\t<meta property=\"og:image:height\" content=\"717\" \/>\n\t<meta property=\"og:image:type\" content=\"image\/jpeg\" \/>\n<meta name=\"author\" content=\"temp circular\" \/>\n<meta name=\"twitter:card\" content=\"summary_large_image\" \/>\n<meta name=\"twitter:creator\" content=\"@ranciliogroup\" \/>\n<meta name=\"twitter:site\" content=\"@ranciliogroup\" \/>\n<meta name=\"twitter:label1\" content=\"Scritto da\" \/>\n\t<meta name=\"twitter:data1\" content=\"temp circular\" \/>\n\t<meta name=\"twitter:label2\" content=\"Tempo di lettura stimato\" \/>\n\t<meta name=\"twitter:data2\" content=\"2 minuti\" \/>\n<script type=\"application\/ld+json\" class=\"yoast-schema-graph\">{\"@context\":\"https:\/\/schema.org\",\"@graph\":[{\"@type\":\"Article\",\"@id\":\"https:\/\/www.ranciliogroup.com\/it\/rancilio-group-a-ifas-2024-a-zurigo\/#article\",\"isPartOf\":{\"@id\":\"https:\/\/www.ranciliogroup.com\/it\/rancilio-group-a-ifas-2024-a-zurigo\/\"},\"author\":{\"name\":\"temp circular\",\"@id\":\"https:\/\/www.ranciliogroup.com\/it\/#\/schema\/person\/d6bf0a7dfe74cded3d64da8b2c92814c\"},\"headline\":\"Rancilio Group a IFAS 2024 a Zurigo\",\"datePublished\":\"2024-10-04T13:38:42+00:00\",\"dateModified\":\"2024-10-04T13:38:42+00:00\",\"mainEntityOfPage\":{\"@id\":\"https:\/\/www.ranciliogroup.com\/it\/rancilio-group-a-ifas-2024-a-zurigo\/\"},\"wordCount\":239,\"publisher\":{\"@id\":\"https:\/\/www.ranciliogroup.com\/it\/#organization\"},\"keywords\":[\"Next X2\",\"IFAS\",\"Pro Milk\",\"MoDe\",\"Next\",\"NMS+\",\"Invicta\"],\"articleSection\":[\"Eventi\"],\"inLanguage\":\"it-IT\"},{\"@type\":\"WebPage\",\"@id\":\"https:\/\/www.ranciliogroup.com\/it\/rancilio-group-a-ifas-2024-a-zurigo\/\",\"url\":\"https:\/\/www.ranciliogroup.com\/it\/rancilio-group-a-ifas-2024-a-zurigo\/\",\"name\":\"Latest update about Rancilio Group a IFAS 2024 a Zurigo - Rancilio Group\",\"isPartOf\":{\"@id\":\"https:\/\/www.ranciliogroup.com\/it\/#website\"},\"datePublished\":\"2024-10-04T13:38:42+00:00\",\"dateModified\":\"2024-10-04T13:38:42+00:00\",\"description\":\"Read Rancilio Group's latest news about Rancilio Group a IFAS 2024 a Zurigo\",\"breadcrumb\":{\"@id\":\"https:\/\/www.ranciliogroup.com\/it\/rancilio-group-a-ifas-2024-a-zurigo\/#breadcrumb\"},\"inLanguage\":\"it-IT\",\"potentialAction\":[{\"@type\":\"ReadAction\",\"target\":[\"https:\/\/www.ranciliogroup.com\/it\/rancilio-group-a-ifas-2024-a-zurigo\/\"]}]},{\"@type\":\"BreadcrumbList\",\"@id\":\"https:\/\/www.ranciliogroup.com\/it\/rancilio-group-a-ifas-2024-a-zurigo\/#breadcrumb\",\"itemListElement\":[{\"@type\":\"ListItem\",\"position\":1,\"name\":\"Home\",\"item\":\"https:\/\/www.ranciliogroup.com\/it\/\"},{\"@type\":\"ListItem\",\"position\":2,\"name\":\"Rancilio Group a IFAS 2024 a Zurigo\"}]},{\"@type\":\"WebSite\",\"@id\":\"https:\/\/www.ranciliogroup.com\/it\/#website\",\"url\":\"https:\/\/www.ranciliogroup.com\/it\/\",\"name\":\"Rancilio Group\",\"description\":\"Leader delle Macchine da Caff\u00e8 Professionali\",\"publisher\":{\"@id\":\"https:\/\/www.ranciliogroup.com\/it\/#organization\"},\"potentialAction\":[{\"@type\":\"SearchAction\",\"target\":{\"@type\":\"EntryPoint\",\"urlTemplate\":\"https:\/\/www.ranciliogroup.com\/it\/?s={search_term_string}\"},\"query-input\":\"required name=search_term_string\"}],\"inLanguage\":\"it-IT\"},{\"@type\":\"Organization\",\"@id\":\"https:\/\/www.ranciliogroup.com\/it\/#organization\",\"name\":\"Rancilio Group\",\"url\":\"https:\/\/www.ranciliogroup.com\/it\/\",\"logo\":{\"@type\":\"ImageObject\",\"inLanguage\":\"it-IT\",\"@id\":\"https:\/\/www.ranciliogroup.com\/it\/#\/schema\/logo\/image\/\",\"url\":\"https:\/\/www.ranciliogroup.com\/app\/uploads\/2019\/07\/rancilio_black_logo.png\",\"contentUrl\":\"https:\/\/www.ranciliogroup.com\/app\/uploads\/2019\/07\/rancilio_black_logo.png\",\"width\":447,\"height\":57,\"caption\":\"Rancilio Group\"},\"image\":{\"@id\":\"https:\/\/www.ranciliogroup.com\/it\/#\/schema\/logo\/image\/\"},\"sameAs\":[\"https:\/\/www.facebook.com\/RancilioGroup\",\"https:\/\/twitter.com\/ranciliogroup\",\"https:\/\/www.instagram.com\/rancilio_official\/\",\"https:\/\/www.linkedin.com\/company\/ranciliogroup\/\",\"https:\/\/www.youtube.com\/user\/rancilioadmin\"]},{\"@type\":\"Person\",\"@id\":\"https:\/\/www.ranciliogroup.com\/it\/#\/schema\/person\/d6bf0a7dfe74cded3d64da8b2c92814c\",\"name\":\"temp circular\",\"image\":{\"@type\":\"ImageObject\",\"inLanguage\":\"it-IT\",\"@id\":\"https:\/\/www.ranciliogroup.com\/it\/#\/schema\/person\/image\/\",\"url\":\"https:\/\/secure.gravatar.com\/avatar\/569e71c3b97b8bcad1854d6579b35c5f?s=96&d=mm&r=g\",\"contentUrl\":\"https:\/\/secure.gravatar.com\/avatar\/569e71c3b97b8bcad1854d6579b35c5f?s=96&d=mm&r=g\",\"caption\":\"temp circular\"}}]}<\/script>\n<!-- \/ Yoast SEO plugin. -->","yoast_head_json":{"title":"Latest update about Rancilio Group a IFAS 2024 a Zurigo - Rancilio Group","description":"Read Rancilio Group's latest news about Rancilio Group a IFAS 2024 a Zurigo","robots":{"index":"index","follow":"follow","max-snippet":"max-snippet:-1","max-image-preview":"max-image-preview:large","max-video-preview":"max-video-preview:-1"},"canonical":"https:\/\/www.ranciliogroup.com\/it\/rancilio-group-a-ifas-2024-a-zurigo\/","og_locale":"it_IT","og_type":"article","og_title":"Latest update about Rancilio Group a IFAS 2024 a Zurigo - Rancilio Group","og_description":"Read Rancilio Group's latest news about Rancilio Group a IFAS 2024 a Zurigo","og_url":"https:\/\/www.ranciliogroup.com\/it\/rancilio-group-a-ifas-2024-a-zurigo\/","og_site_name":"Rancilio Group","article_publisher":"https:\/\/www.facebook.com\/RancilioGroup","article_published_time":"2024-10-04T13:38:42+00:00","og_image":[{"width":1075,"height":717,"url":"https:\/\/www.ranciliogroup.com\/app\/uploads\/2024\/10\/IFAS_EGRO_EG_2024_LR.jpg","type":"image\/jpeg"}],"author":"temp circular","twitter_card":"summary_large_image","twitter_creator":"@ranciliogroup","twitter_site":"@ranciliogroup","twitter_misc":{"Scritto da":"temp circular","Tempo di lettura stimato":"2 minuti"},"schema":{"@context":"https:\/\/schema.org","@graph":[{"@type":"Article","@id":"https:\/\/www.ranciliogroup.com\/it\/rancilio-group-a-ifas-2024-a-zurigo\/#article","isPartOf":{"@id":"https:\/\/www.ranciliogroup.com\/it\/rancilio-group-a-ifas-2024-a-zurigo\/"},"author":{"name":"temp circular","@id":"https:\/\/www.ranciliogroup.com\/it\/#\/schema\/person\/d6bf0a7dfe74cded3d64da8b2c92814c"},"headline":"Rancilio Group a IFAS 2024 a Zurigo","datePublished":"2024-10-04T13:38:42+00:00","dateModified":"2024-10-04T13:38:42+00:00","mainEntityOfPage":{"@id":"https:\/\/www.ranciliogroup.com\/it\/rancilio-group-a-ifas-2024-a-zurigo\/"},"wordCount":239,"publisher":{"@id":"https:\/\/www.ranciliogroup.com\/it\/#organization"},"keywords":["Next X2","IFAS","Pro Milk","MoDe","Next","NMS+","Invicta"],"articleSection":["Eventi"],"inLanguage":"it-IT"},{"@type":"WebPage","@id":"https:\/\/www.ranciliogroup.com\/it\/rancilio-group-a-ifas-2024-a-zurigo\/","url":"https:\/\/www.ranciliogroup.com\/it\/rancilio-group-a-ifas-2024-a-zurigo\/","name":"Latest update about Rancilio Group a IFAS 2024 a Zurigo - Rancilio Group","isPartOf":{"@id":"https:\/\/www.ranciliogroup.com\/it\/#website"},"datePublished":"2024-10-04T13:38:42+00:00","dateModified":"2024-10-04T13:38:42+00:00","description":"Read Rancilio Group's latest news about Rancilio Group a IFAS 2024 a Zurigo","breadcrumb":{"@id":"https:\/\/www.ranciliogroup.com\/it\/rancilio-group-a-ifas-2024-a-zurigo\/#breadcrumb"},"inLanguage":"it-IT","potentialAction":[{"@type":"ReadAction","target":["https:\/\/www.ranciliogroup.com\/it\/rancilio-group-a-ifas-2024-a-zurigo\/"]}]},{"@type":"BreadcrumbList","@id":"https:\/\/www.ranciliogroup.com\/it\/rancilio-group-a-ifas-2024-a-zurigo\/#breadcrumb","itemListElement":[{"@type":"ListItem","position":1,"name":"Home","item":"https:\/\/www.ranciliogroup.com\/it\/"},{"@type":"ListItem","position":2,"name":"Rancilio Group a IFAS 2024 a Zurigo"}]},{"@type":"WebSite","@id":"https:\/\/www.ranciliogroup.com\/it\/#website","url":"https:\/\/www.ranciliogroup.com\/it\/","name":"Rancilio Group","description":"Leader delle Macchine da Caff\u00e8 Professionali","publisher":{"@id":"https:\/\/www.ranciliogroup.com\/it\/#organization"},"potentialAction":[{"@type":"SearchAction","target":{"@type":"EntryPoint","urlTemplate":"https:\/\/www.ranciliogroup.com\/it\/?s={search_term_string}"},"query-input":"required name=search_term_string"}],"inLanguage":"it-IT"},{"@type":"Organization","@id":"https:\/\/www.ranciliogroup.com\/it\/#organization","name":"Rancilio Group","url":"https:\/\/www.ranciliogroup.com\/it\/","logo":{"@type":"ImageObject","inLanguage":"it-IT","@id":"https:\/\/www.ranciliogroup.com\/it\/#\/schema\/logo\/image\/","url":"https:\/\/www.ranciliogroup.com\/app\/uploads\/2019\/07\/rancilio_black_logo.png","contentUrl":"https:\/\/www.ranciliogroup.com\/app\/uploads\/2019\/07\/rancilio_black_logo.png","width":447,"height":57,"caption":"Rancilio Group"},"image":{"@id":"https:\/\/www.ranciliogroup.com\/it\/#\/schema\/logo\/image\/"},"sameAs":["https:\/\/www.facebook.com\/RancilioGroup","https:\/\/twitter.com\/ranciliogroup","https:\/\/www.instagram.com\/rancilio_official\/","https:\/\/www.linkedin.com\/company\/ranciliogroup\/","https:\/\/www.youtube.com\/user\/rancilioadmin"]},{"@type":"Person","@id":"https:\/\/www.ranciliogroup.com\/it\/#\/schema\/person\/d6bf0a7dfe74cded3d64da8b2c92814c","name":"temp circular","image":{"@type":"ImageObject","inLanguage":"it-IT","@id":"https:\/\/www.ranciliogroup.com\/it\/#\/schema\/person\/image\/","url":"https:\/\/secure.gravatar.com\/avatar\/569e71c3b97b8bcad1854d6579b35c5f?s=96&d=mm&r=g","contentUrl":"https:\/\/secure.gravatar.com\/avatar\/569e71c3b97b8bcad1854d6579b35c5f?s=96&d=mm&r=g","caption":"temp circular"}}]}},"_links":{"self":[{"href":"https:\/\/www.ranciliogroup.com\/it\/wp-json\/wp\/v2\/posts\/75471"}],"collection":[{"href":"https:\/\/www.ranciliogroup.com\/it\/wp-json\/wp\/v2\/posts"}],"about":[{"href":"https:\/\/www.ranciliogroup.com\/it\/wp-json\/wp\/v2\/types\/post"}],"author":[{"embeddable":true,"href":"https:\/\/www.ranciliogroup.com\/it\/wp-json\/wp\/v2\/users\/5"}],"replies":[{"embeddable":true,"href":"https:\/\/www.ranciliogroup.com\/it\/wp-json\/wp\/v2\/comments?post=75471"}],"version-history":[{"count":2,"href":"https:\/\/www.ranciliogroup.com\/it\/wp-json\/wp\/v2\/posts\/75471\/revisions"}],"predecessor-version":[{"id":75473,"href":"https:\/\/www.ranciliogroup.com\/it\/wp-json\/wp\/v2\/posts\/75471\/revisions\/75473"}],"wp:featuredmedia":[{"embeddable":true,"href":"https:\/\/www.ranciliogroup.com\/it\/wp-json\/wp\/v2\/media\/75461"}],"wp:attachment":[{"href":"https:\/\/www.ranciliogroup.com\/it\/wp-json\/wp\/v2\/media?parent=75471"}],"wp:term":[{"taxonomy":"category","embeddable":true,"href":"https:\/\/www.ranciliogroup.com\/it\/wp-json\/wp\/v2\/categories?post=75471"},{"taxonomy":"post_tag","embeddable":true,"href":"https:\/\/www.ranciliogroup.com\/it\/wp-json\/wp\/v2\/tags?post=75471"}],"curies":[{"name":"wp","href":"https:\/\/api.w.org\/{rel}","templated":true}]}}