{"id":75550,"date":"2024-10-08T14:46:13","date_gmt":"2024-10-08T12:46:13","guid":{"rendered":"https:\/\/www.ranciliogroup.com\/?p=75550"},"modified":"2024-10-08T14:46:13","modified_gmt":"2024-10-08T12:46:13","slug":"rancilio-classe-20-a-triestespresso-expo-per-la-finale-wlags-2024","status":"publish","type":"post","link":"https:\/\/www.ranciliogroup.com\/it\/rancilio-classe-20-a-triestespresso-expo-per-la-finale-wlags-2024\/","title":{"rendered":"Rancilio Classe 20 a TriestEspresso Expo per la Finale WLAGS 2024"},"content":{"rendered":"<p>Il 26 ottobre, Rancilio e WLAGS invitano tutti gli appassionati di latte art a TriestEspresso Expo per l\u2019emozionante finale del World Latte Art Grading Battle Championship, che si terr\u00e0 presso il Trieste Convention Center.<\/p>\n<p>Rancilio Classe 20 SB \u00e8 lo sponsor ufficiale di questa avvincente competizione, in cui i migliori latte artist provenienti da tutto il mondo si sfideranno per conquistare il titolo. La Classe 20 SB combina l\u2019alta qualit\u00e0 Rancilio con la tecnologia brevettata Steady Brew, garantendo un\u2019elevata stabilit\u00e0 termica e risultati costanti in tazza. Con il suo design elegante e moderno, Classe 20 non solo illuminer\u00e0 la competizione, ma offrir\u00e0 anche ai concorrenti un&#8217;area di lavoro funzionale, facilitando il loro workflow e consentendo loro di concentrarsi al massimo sulla gara.<\/p>\n<p>Grazie alla pratica leva vapore C-lever, i finalisti avranno a propria disposizione uno strumento essenziale per perfezionare la loro arte e creare opere di alto livello al fine di stupire il panel di giudici esperti del Latte Art Grading System.<\/p>\n<p>TriestEspresso Expo, rinomata per la sua eccellenza nel settore del caff\u00e8, rappresenta la cornice ideale per ospitare il campionato del Latte Art Grading System. Trieste, da sempre citt\u00e0 simbolo dell\u2019industria del caff\u00e8, vanta un\u2019elevata concentrazione di aziende di eccellenza ed \u00e8, da oltre due secoli, il principale porto italiano per l\u2019importazione di chicchi. Giunta alla sua XI edizione, TriestEspresso Expo \u00e8 uno degli incontri B2B pi\u00f9 importanti dell\u2019industria mondiale del caff\u00e8.<\/p>\n<p>&nbsp;<\/p>\n<p><strong>Finali WLAGS <\/strong><br \/>\n26 ottobre 2024<br \/>\nDalle 10 alle 18<br \/>\nHall 27 | Booth 13<br \/>\n<a href=\"https:\/\/www.google.com\/maps?ll=45.66753,13.759792&amp;z=16&amp;t=m&amp;hl=it&amp;gl=IT&amp;mapclient=embed&amp;cid=2580599893578202020\">TCC Trieste Convention Center<\/a><br \/>\nV.le Miramare, 24\/2<br \/>\n34135 Trieste TS, Italia<\/p>\n","protected":false},"excerpt":{"rendered":"<p>Il 26 ottobre, Rancilio e WLAGS invitano tutti gli appassionati di latte art a TriestEspresso Expo per l\u2019emozionante finale del&#8230;<\/p>\n","protected":false},"author":5,"featured_media":75539,"comment_status":"closed","ping_status":"closed","sticky":false,"template":"","format":"standard","meta":[],"categories":[465],"tags":[3820,3043,3044,2949,2830],"acf":[],"yoast_head":"<!-- This site is optimized with the Yoast SEO plugin v21.5 - https:\/\/yoast.com\/wordpress\/plugins\/seo\/ -->\n<title>Latest update about Rancilio Classe 20 a TriestEspresso Expo per la Finale WLAGS 2024 - Rancilio Group<\/title>\n<meta name=\"description\" content=\"Read Rancilio Group&#039;s latest news about Rancilio Classe 20 a TriestEspresso Expo per la Finale WLAGS 2024\" \/>\n<meta name=\"robots\" content=\"index, follow, max-snippet:-1, max-image-preview:large, max-video-preview:-1\" \/>\n<link rel=\"canonical\" href=\"https:\/\/www.ranciliogroup.com\/it\/rancilio-classe-20-a-triestespresso-expo-per-la-finale-wlags-2024\/\" \/>\n<meta property=\"og:locale\" content=\"it_IT\" \/>\n<meta property=\"og:type\" content=\"article\" \/>\n<meta property=\"og:title\" content=\"Latest update about Rancilio Classe 20 a TriestEspresso Expo per la Finale WLAGS 2024 - Rancilio Group\" \/>\n<meta property=\"og:description\" content=\"Read Rancilio Group&#039;s latest news about Rancilio Classe 20 a TriestEspresso Expo per la Finale WLAGS 2024\" \/>\n<meta property=\"og:url\" content=\"https:\/\/www.ranciliogroup.com\/it\/rancilio-classe-20-a-triestespresso-expo-per-la-finale-wlags-2024\/\" \/>\n<meta property=\"og:site_name\" content=\"Rancilio Group\" \/>\n<meta property=\"article:publisher\" content=\"https:\/\/www.facebook.com\/RancilioGroup\" \/>\n<meta property=\"article:published_time\" content=\"2024-10-08T12:46:13+00:00\" \/>\n<meta property=\"og:image\" content=\"https:\/\/www.ranciliogroup.com\/app\/uploads\/2024\/10\/LAGS_RANCILIO_LR.jpg\" \/>\n\t<meta property=\"og:image:width\" content=\"1080\" \/>\n\t<meta property=\"og:image:height\" content=\"720\" \/>\n\t<meta property=\"og:image:type\" content=\"image\/jpeg\" \/>\n<meta name=\"author\" content=\"temp circular\" \/>\n<meta name=\"twitter:card\" content=\"summary_large_image\" \/>\n<meta name=\"twitter:creator\" content=\"@ranciliogroup\" \/>\n<meta name=\"twitter:site\" content=\"@ranciliogroup\" \/>\n<meta name=\"twitter:label1\" content=\"Scritto da\" \/>\n\t<meta name=\"twitter:data1\" content=\"temp circular\" \/>\n\t<meta name=\"twitter:label2\" content=\"Tempo di lettura stimato\" \/>\n\t<meta name=\"twitter:data2\" content=\"2 minuti\" \/>\n<script type=\"application\/ld+json\" class=\"yoast-schema-graph\">{\"@context\":\"https:\/\/schema.org\",\"@graph\":[{\"@type\":\"Article\",\"@id\":\"https:\/\/www.ranciliogroup.com\/it\/rancilio-classe-20-a-triestespresso-expo-per-la-finale-wlags-2024\/#article\",\"isPartOf\":{\"@id\":\"https:\/\/www.ranciliogroup.com\/it\/rancilio-classe-20-a-triestespresso-expo-per-la-finale-wlags-2024\/\"},\"author\":{\"name\":\"temp circular\",\"@id\":\"https:\/\/www.ranciliogroup.com\/it\/#\/schema\/person\/d6bf0a7dfe74cded3d64da8b2c92814c\"},\"headline\":\"Rancilio Classe 20 a TriestEspresso Expo per la Finale WLAGS 2024\",\"datePublished\":\"2024-10-08T12:46:13+00:00\",\"dateModified\":\"2024-10-08T12:46:13+00:00\",\"mainEntityOfPage\":{\"@id\":\"https:\/\/www.ranciliogroup.com\/it\/rancilio-classe-20-a-triestespresso-expo-per-la-finale-wlags-2024\/\"},\"wordCount\":261,\"publisher\":{\"@id\":\"https:\/\/www.ranciliogroup.com\/it\/#organization\"},\"keywords\":[\"TriestEspresso Expo\",\"Latte Art\",\"WLAGS\",\"Steady Brew\",\"Classe 20\"],\"articleSection\":[\"Eventi\"],\"inLanguage\":\"it-IT\"},{\"@type\":\"WebPage\",\"@id\":\"https:\/\/www.ranciliogroup.com\/it\/rancilio-classe-20-a-triestespresso-expo-per-la-finale-wlags-2024\/\",\"url\":\"https:\/\/www.ranciliogroup.com\/it\/rancilio-classe-20-a-triestespresso-expo-per-la-finale-wlags-2024\/\",\"name\":\"Latest update about Rancilio Classe 20 a TriestEspresso Expo per la Finale WLAGS 2024 - Rancilio Group\",\"isPartOf\":{\"@id\":\"https:\/\/www.ranciliogroup.com\/it\/#website\"},\"datePublished\":\"2024-10-08T12:46:13+00:00\",\"dateModified\":\"2024-10-08T12:46:13+00:00\",\"description\":\"Read Rancilio Group's latest news about Rancilio Classe 20 a TriestEspresso Expo per la Finale WLAGS 2024\",\"breadcrumb\":{\"@id\":\"https:\/\/www.ranciliogroup.com\/it\/rancilio-classe-20-a-triestespresso-expo-per-la-finale-wlags-2024\/#breadcrumb\"},\"inLanguage\":\"it-IT\",\"potentialAction\":[{\"@type\":\"ReadAction\",\"target\":[\"https:\/\/www.ranciliogroup.com\/it\/rancilio-classe-20-a-triestespresso-expo-per-la-finale-wlags-2024\/\"]}]},{\"@type\":\"BreadcrumbList\",\"@id\":\"https:\/\/www.ranciliogroup.com\/it\/rancilio-classe-20-a-triestespresso-expo-per-la-finale-wlags-2024\/#breadcrumb\",\"itemListElement\":[{\"@type\":\"ListItem\",\"position\":1,\"name\":\"Home\",\"item\":\"https:\/\/www.ranciliogroup.com\/it\/\"},{\"@type\":\"ListItem\",\"position\":2,\"name\":\"Rancilio Classe 20 a TriestEspresso Expo per la Finale WLAGS 2024\"}]},{\"@type\":\"WebSite\",\"@id\":\"https:\/\/www.ranciliogroup.com\/it\/#website\",\"url\":\"https:\/\/www.ranciliogroup.com\/it\/\",\"name\":\"Rancilio Group\",\"description\":\"Leader delle Macchine da Caff\u00e8 Professionali\",\"publisher\":{\"@id\":\"https:\/\/www.ranciliogroup.com\/it\/#organization\"},\"potentialAction\":[{\"@type\":\"SearchAction\",\"target\":{\"@type\":\"EntryPoint\",\"urlTemplate\":\"https:\/\/www.ranciliogroup.com\/it\/?s={search_term_string}\"},\"query-input\":\"required name=search_term_string\"}],\"inLanguage\":\"it-IT\"},{\"@type\":\"Organization\",\"@id\":\"https:\/\/www.ranciliogroup.com\/it\/#organization\",\"name\":\"Rancilio Group\",\"url\":\"https:\/\/www.ranciliogroup.com\/it\/\",\"logo\":{\"@type\":\"ImageObject\",\"inLanguage\":\"it-IT\",\"@id\":\"https:\/\/www.ranciliogroup.com\/it\/#\/schema\/logo\/image\/\",\"url\":\"https:\/\/www.ranciliogroup.com\/app\/uploads\/2019\/07\/rancilio_black_logo.png\",\"contentUrl\":\"https:\/\/www.ranciliogroup.com\/app\/uploads\/2019\/07\/rancilio_black_logo.png\",\"width\":447,\"height\":57,\"caption\":\"Rancilio Group\"},\"image\":{\"@id\":\"https:\/\/www.ranciliogroup.com\/it\/#\/schema\/logo\/image\/\"},\"sameAs\":[\"https:\/\/www.facebook.com\/RancilioGroup\",\"https:\/\/twitter.com\/ranciliogroup\",\"https:\/\/www.instagram.com\/rancilio_official\/\",\"https:\/\/www.linkedin.com\/company\/ranciliogroup\/\",\"https:\/\/www.youtube.com\/user\/rancilioadmin\"]},{\"@type\":\"Person\",\"@id\":\"https:\/\/www.ranciliogroup.com\/it\/#\/schema\/person\/d6bf0a7dfe74cded3d64da8b2c92814c\",\"name\":\"temp circular\",\"image\":{\"@type\":\"ImageObject\",\"inLanguage\":\"it-IT\",\"@id\":\"https:\/\/www.ranciliogroup.com\/it\/#\/schema\/person\/image\/\",\"url\":\"https:\/\/secure.gravatar.com\/avatar\/569e71c3b97b8bcad1854d6579b35c5f?s=96&d=mm&r=g\",\"contentUrl\":\"https:\/\/secure.gravatar.com\/avatar\/569e71c3b97b8bcad1854d6579b35c5f?s=96&d=mm&r=g\",\"caption\":\"temp circular\"}}]}<\/script>\n<!-- \/ Yoast SEO plugin. -->","yoast_head_json":{"title":"Latest update about Rancilio Classe 20 a TriestEspresso Expo per la Finale WLAGS 2024 - Rancilio Group","description":"Read Rancilio Group's latest news about Rancilio Classe 20 a TriestEspresso Expo per la Finale WLAGS 2024","robots":{"index":"index","follow":"follow","max-snippet":"max-snippet:-1","max-image-preview":"max-image-preview:large","max-video-preview":"max-video-preview:-1"},"canonical":"https:\/\/www.ranciliogroup.com\/it\/rancilio-classe-20-a-triestespresso-expo-per-la-finale-wlags-2024\/","og_locale":"it_IT","og_type":"article","og_title":"Latest update about Rancilio Classe 20 a TriestEspresso Expo per la Finale WLAGS 2024 - Rancilio Group","og_description":"Read Rancilio Group's latest news about Rancilio Classe 20 a TriestEspresso Expo per la Finale WLAGS 2024","og_url":"https:\/\/www.ranciliogroup.com\/it\/rancilio-classe-20-a-triestespresso-expo-per-la-finale-wlags-2024\/","og_site_name":"Rancilio Group","article_publisher":"https:\/\/www.facebook.com\/RancilioGroup","article_published_time":"2024-10-08T12:46:13+00:00","og_image":[{"width":1080,"height":720,"url":"https:\/\/www.ranciliogroup.com\/app\/uploads\/2024\/10\/LAGS_RANCILIO_LR.jpg","type":"image\/jpeg"}],"author":"temp circular","twitter_card":"summary_large_image","twitter_creator":"@ranciliogroup","twitter_site":"@ranciliogroup","twitter_misc":{"Scritto da":"temp circular","Tempo di lettura stimato":"2 minuti"},"schema":{"@context":"https:\/\/schema.org","@graph":[{"@type":"Article","@id":"https:\/\/www.ranciliogroup.com\/it\/rancilio-classe-20-a-triestespresso-expo-per-la-finale-wlags-2024\/#article","isPartOf":{"@id":"https:\/\/www.ranciliogroup.com\/it\/rancilio-classe-20-a-triestespresso-expo-per-la-finale-wlags-2024\/"},"author":{"name":"temp circular","@id":"https:\/\/www.ranciliogroup.com\/it\/#\/schema\/person\/d6bf0a7dfe74cded3d64da8b2c92814c"},"headline":"Rancilio Classe 20 a TriestEspresso Expo per la Finale WLAGS 2024","datePublished":"2024-10-08T12:46:13+00:00","dateModified":"2024-10-08T12:46:13+00:00","mainEntityOfPage":{"@id":"https:\/\/www.ranciliogroup.com\/it\/rancilio-classe-20-a-triestespresso-expo-per-la-finale-wlags-2024\/"},"wordCount":261,"publisher":{"@id":"https:\/\/www.ranciliogroup.com\/it\/#organization"},"keywords":["TriestEspresso Expo","Latte Art","WLAGS","Steady Brew","Classe 20"],"articleSection":["Eventi"],"inLanguage":"it-IT"},{"@type":"WebPage","@id":"https:\/\/www.ranciliogroup.com\/it\/rancilio-classe-20-a-triestespresso-expo-per-la-finale-wlags-2024\/","url":"https:\/\/www.ranciliogroup.com\/it\/rancilio-classe-20-a-triestespresso-expo-per-la-finale-wlags-2024\/","name":"Latest update about Rancilio Classe 20 a TriestEspresso Expo per la Finale WLAGS 2024 - Rancilio Group","isPartOf":{"@id":"https:\/\/www.ranciliogroup.com\/it\/#website"},"datePublished":"2024-10-08T12:46:13+00:00","dateModified":"2024-10-08T12:46:13+00:00","description":"Read Rancilio Group's latest news about Rancilio Classe 20 a TriestEspresso Expo per la Finale WLAGS 2024","breadcrumb":{"@id":"https:\/\/www.ranciliogroup.com\/it\/rancilio-classe-20-a-triestespresso-expo-per-la-finale-wlags-2024\/#breadcrumb"},"inLanguage":"it-IT","potentialAction":[{"@type":"ReadAction","target":["https:\/\/www.ranciliogroup.com\/it\/rancilio-classe-20-a-triestespresso-expo-per-la-finale-wlags-2024\/"]}]},{"@type":"BreadcrumbList","@id":"https:\/\/www.ranciliogroup.com\/it\/rancilio-classe-20-a-triestespresso-expo-per-la-finale-wlags-2024\/#breadcrumb","itemListElement":[{"@type":"ListItem","position":1,"name":"Home","item":"https:\/\/www.ranciliogroup.com\/it\/"},{"@type":"ListItem","position":2,"name":"Rancilio Classe 20 a TriestEspresso Expo per la Finale WLAGS 2024"}]},{"@type":"WebSite","@id":"https:\/\/www.ranciliogroup.com\/it\/#website","url":"https:\/\/www.ranciliogroup.com\/it\/","name":"Rancilio Group","description":"Leader delle Macchine da Caff\u00e8 Professionali","publisher":{"@id":"https:\/\/www.ranciliogroup.com\/it\/#organization"},"potentialAction":[{"@type":"SearchAction","target":{"@type":"EntryPoint","urlTemplate":"https:\/\/www.ranciliogroup.com\/it\/?s={search_term_string}"},"query-input":"required name=search_term_string"}],"inLanguage":"it-IT"},{"@type":"Organization","@id":"https:\/\/www.ranciliogroup.com\/it\/#organization","name":"Rancilio Group","url":"https:\/\/www.ranciliogroup.com\/it\/","logo":{"@type":"ImageObject","inLanguage":"it-IT","@id":"https:\/\/www.ranciliogroup.com\/it\/#\/schema\/logo\/image\/","url":"https:\/\/www.ranciliogroup.com\/app\/uploads\/2019\/07\/rancilio_black_logo.png","contentUrl":"https:\/\/www.ranciliogroup.com\/app\/uploads\/2019\/07\/rancilio_black_logo.png","width":447,"height":57,"caption":"Rancilio Group"},"image":{"@id":"https:\/\/www.ranciliogroup.com\/it\/#\/schema\/logo\/image\/"},"sameAs":["https:\/\/www.facebook.com\/RancilioGroup","https:\/\/twitter.com\/ranciliogroup","https:\/\/www.instagram.com\/rancilio_official\/","https:\/\/www.linkedin.com\/company\/ranciliogroup\/","https:\/\/www.youtube.com\/user\/rancilioadmin"]},{"@type":"Person","@id":"https:\/\/www.ranciliogroup.com\/it\/#\/schema\/person\/d6bf0a7dfe74cded3d64da8b2c92814c","name":"temp circular","image":{"@type":"ImageObject","inLanguage":"it-IT","@id":"https:\/\/www.ranciliogroup.com\/it\/#\/schema\/person\/image\/","url":"https:\/\/secure.gravatar.com\/avatar\/569e71c3b97b8bcad1854d6579b35c5f?s=96&d=mm&r=g","contentUrl":"https:\/\/secure.gravatar.com\/avatar\/569e71c3b97b8bcad1854d6579b35c5f?s=96&d=mm&r=g","caption":"temp circular"}}]}},"_links":{"self":[{"href":"https:\/\/www.ranciliogroup.com\/it\/wp-json\/wp\/v2\/posts\/75550"}],"collection":[{"href":"https:\/\/www.ranciliogroup.com\/it\/wp-json\/wp\/v2\/posts"}],"about":[{"href":"https:\/\/www.ranciliogroup.com\/it\/wp-json\/wp\/v2\/types\/post"}],"author":[{"embeddable":true,"href":"https:\/\/www.ranciliogroup.com\/it\/wp-json\/wp\/v2\/users\/5"}],"replies":[{"embeddable":true,"href":"https:\/\/www.ranciliogroup.com\/it\/wp-json\/wp\/v2\/comments?post=75550"}],"version-history":[{"count":2,"href":"https:\/\/www.ranciliogroup.com\/it\/wp-json\/wp\/v2\/posts\/75550\/revisions"}],"predecessor-version":[{"id":75552,"href":"https:\/\/www.ranciliogroup.com\/it\/wp-json\/wp\/v2\/posts\/75550\/revisions\/75552"}],"wp:featuredmedia":[{"embeddable":true,"href":"https:\/\/www.ranciliogroup.com\/it\/wp-json\/wp\/v2\/media\/75539"}],"wp:attachment":[{"href":"https:\/\/www.ranciliogroup.com\/it\/wp-json\/wp\/v2\/media?parent=75550"}],"wp:term":[{"taxonomy":"category","embeddable":true,"href":"https:\/\/www.ranciliogroup.com\/it\/wp-json\/wp\/v2\/categories?post=75550"},{"taxonomy":"post_tag","embeddable":true,"href":"https:\/\/www.ranciliogroup.com\/it\/wp-json\/wp\/v2\/tags?post=75550"}],"curies":[{"name":"wp","href":"https:\/\/api.w.org\/{rel}","templated":true}]}}