{"id":76540,"date":"2024-10-28T09:19:27","date_gmt":"2024-10-28T08:19:27","guid":{"rendered":"https:\/\/www.ranciliogroup.com\/?p=76540"},"modified":"2024-10-28T09:19:27","modified_gmt":"2024-10-28T08:19:27","slug":"rancilio-group-deutschland-gmbh-al-european-coffee-symposium-di-berlino","status":"publish","type":"post","link":"https:\/\/www.ranciliogroup.com\/it\/rancilio-group-deutschland-gmbh-al-european-coffee-symposium-di-berlino\/","title":{"rendered":"Rancilio Group Deutschland GmbH al European Coffee Symposium di Berlino"},"content":{"rendered":"<p>Dall&#8217;11 al 14 novembre, Rancilio Group e Crem International invitano tutti i professionisti dell&#8217;industria del caff\u00e8 e dell&#8217;ospitalit\u00e0 all&#8217;esclusivo hotel InterContinental Berlin, situato vicino all&#8217;iconica Porta di Brandeburgo a Berlino.<\/p>\n<p>Rancilio Group Deutschland GmbH parteciper\u00e0 all&#8217;evento esclusivo di incontri 1:1 il 12 novembre. I partecipanti avranno l&#8217;opportunit\u00e0 di esplorare i servizi e le attivit\u00e0 di Rancilio Group Deutschland nella regione, scoprendo una vasta gamma di soluzioni per il caff\u00e8 su misura per le esigenze delle aziende attraverso i marchi Rancilio, Rancilio Specialty, Egro e Crem.<\/p>\n<p>Rancilio ed Egro sono stati nominati per il prestigioso riconoscimento COHO tra i Top 100 Marchi Pi\u00f9 Influenti nell&#8217;industria del caff\u00e8 e dell&#8217;ospitalit\u00e0 in Europa, concorrendo nello specifico per il titolo di Miglior Produttore di Attrezzature per Espresso, sia nel settore tradizionale che in quello delle superautomatiche. I premi verranno assegnati il 12 novembre 2024, evidenziando l&#8217;impegno dei marchi verso l&#8217;eccellenza e l&#8217;innovazione nel settore.<\/p>\n<p>Progettato per fornitori all&#8217;avanguardia che si rivolgono alle principali catene di caffetterie e operatori della ristorazione in Europa, lo European Coffee Symposium + Coho Expo 2024 offre il palcoscenico perfetto per esplorare le ultime tendenze e innovazioni del settore, ampliando al contempo preziose connessioni commerciali nel mercato tedesco e internazionale.<\/p>\n<p><strong>\u00a0<\/strong><\/p>\n<p><strong>\u00a0<\/strong><\/p>\n<p><strong>\u00a0<\/strong><\/p>\n<p><strong>European Coffee Symposium + Coho Expo 2024<\/strong><br \/>\n11-14 novembre 2024<br \/>\n<a href=\"https:\/\/www.google.com\/maps\/place\/InterContinental+Berlin,+an+IHG+Hotel\/@52.5068868,13.3429125,17z\/data=!3m1!5s0x47a85054cd911229:0xe91ee7e385db8a1e!4m9!3m8!1s0x47a851acba63a517:0x457e0338a940287d!5m2!4m1!1i2!8m2!3d52.5068868!4d13.3454928!16s%2Fg%2F122cnkzn?authuser=0&amp;entry=ttu&amp;g_ep=EgoyMDI0MTAyMC4xIKXMDSoASAFQAw%3D%3D\">InterContinental Berlin<\/a><br \/>\nBudapester Str. 2<br \/>\n10787 Berlino, Germania<\/p>\n<p><strong>\u00a0<\/strong><\/p>\n<p><strong><a href=\"https:\/\/www.europeancoffeesymposium.com\/\">Scopri l&#8217;evento<\/a><br \/>\n<\/strong><\/p>\n","protected":false},"excerpt":{"rendered":"<p>Dall&#8217;11 al 14 novembre, Rancilio Group e Crem International invitano tutti i professionisti dell&#8217;industria del caff\u00e8 e dell&#8217;ospitalit\u00e0 all&#8217;esclusivo hotel&#8230;<\/p>\n","protected":false},"author":5,"featured_media":76535,"comment_status":"closed","ping_status":"closed","sticky":false,"template":"","format":"standard","meta":[],"categories":[465],"tags":[3837,3838,3839,3500],"acf":[],"yoast_head":"<!-- This site is optimized with the Yoast SEO plugin v21.5 - https:\/\/yoast.com\/wordpress\/plugins\/seo\/ -->\n<title>Latest update about Rancilio Group Deutschland GmbH al European Coffee Symposium di Berlino - Rancilio Group<\/title>\n<meta name=\"description\" content=\"Read Rancilio Group&#039;s latest news about Rancilio Group Deutschland GmbH al European Coffee Symposium di Berlino\" \/>\n<meta name=\"robots\" content=\"index, follow, max-snippet:-1, max-image-preview:large, max-video-preview:-1\" \/>\n<link rel=\"canonical\" href=\"https:\/\/www.ranciliogroup.com\/it\/rancilio-group-deutschland-gmbh-al-european-coffee-symposium-di-berlino\/\" \/>\n<meta property=\"og:locale\" content=\"it_IT\" \/>\n<meta property=\"og:type\" content=\"article\" \/>\n<meta property=\"og:title\" content=\"Latest update about Rancilio Group Deutschland GmbH al European Coffee Symposium di Berlino - Rancilio Group\" \/>\n<meta property=\"og:description\" content=\"Read Rancilio Group&#039;s latest news about Rancilio Group Deutschland GmbH al European Coffee Symposium di Berlino\" \/>\n<meta property=\"og:url\" content=\"https:\/\/www.ranciliogroup.com\/it\/rancilio-group-deutschland-gmbh-al-european-coffee-symposium-di-berlino\/\" \/>\n<meta property=\"og:site_name\" content=\"Rancilio Group\" \/>\n<meta property=\"article:publisher\" content=\"https:\/\/www.facebook.com\/RancilioGroup\" \/>\n<meta property=\"article:published_time\" content=\"2024-10-28T08:19:27+00:00\" \/>\n<meta property=\"og:image\" content=\"https:\/\/www.ranciliogroup.com\/app\/uploads\/2024\/10\/ECS_COHO_2024.jpg\" \/>\n\t<meta property=\"og:image:width\" content=\"1279\" \/>\n\t<meta property=\"og:image:height\" content=\"720\" \/>\n\t<meta property=\"og:image:type\" content=\"image\/jpeg\" \/>\n<meta name=\"author\" content=\"temp circular\" \/>\n<meta name=\"twitter:card\" content=\"summary_large_image\" \/>\n<meta name=\"twitter:creator\" content=\"@ranciliogroup\" \/>\n<meta name=\"twitter:site\" content=\"@ranciliogroup\" \/>\n<meta name=\"twitter:label1\" content=\"Scritto da\" \/>\n\t<meta name=\"twitter:data1\" content=\"temp circular\" \/>\n\t<meta name=\"twitter:label2\" content=\"Tempo di lettura stimato\" \/>\n\t<meta name=\"twitter:data2\" content=\"1 minuto\" \/>\n<script type=\"application\/ld+json\" class=\"yoast-schema-graph\">{\"@context\":\"https:\/\/schema.org\",\"@graph\":[{\"@type\":\"Article\",\"@id\":\"https:\/\/www.ranciliogroup.com\/it\/rancilio-group-deutschland-gmbh-al-european-coffee-symposium-di-berlino\/#article\",\"isPartOf\":{\"@id\":\"https:\/\/www.ranciliogroup.com\/it\/rancilio-group-deutschland-gmbh-al-european-coffee-symposium-di-berlino\/\"},\"author\":{\"name\":\"temp circular\",\"@id\":\"https:\/\/www.ranciliogroup.com\/it\/#\/schema\/person\/d6bf0a7dfe74cded3d64da8b2c92814c\"},\"headline\":\"Rancilio Group Deutschland GmbH al European Coffee Symposium di Berlino\",\"datePublished\":\"2024-10-28T08:19:27+00:00\",\"dateModified\":\"2024-10-28T08:19:27+00:00\",\"mainEntityOfPage\":{\"@id\":\"https:\/\/www.ranciliogroup.com\/it\/rancilio-group-deutschland-gmbh-al-european-coffee-symposium-di-berlino\/\"},\"wordCount\":217,\"publisher\":{\"@id\":\"https:\/\/www.ranciliogroup.com\/it\/#organization\"},\"keywords\":[\"European Coffee Symposium\",\"Coho Expo\",\"Best Espresso Equipment Manufacturer\",\"Berlin\"],\"articleSection\":[\"Eventi\"],\"inLanguage\":\"it-IT\"},{\"@type\":\"WebPage\",\"@id\":\"https:\/\/www.ranciliogroup.com\/it\/rancilio-group-deutschland-gmbh-al-european-coffee-symposium-di-berlino\/\",\"url\":\"https:\/\/www.ranciliogroup.com\/it\/rancilio-group-deutschland-gmbh-al-european-coffee-symposium-di-berlino\/\",\"name\":\"Latest update about Rancilio Group Deutschland GmbH al European Coffee Symposium di Berlino - Rancilio Group\",\"isPartOf\":{\"@id\":\"https:\/\/www.ranciliogroup.com\/it\/#website\"},\"datePublished\":\"2024-10-28T08:19:27+00:00\",\"dateModified\":\"2024-10-28T08:19:27+00:00\",\"description\":\"Read Rancilio Group's latest news about Rancilio Group Deutschland GmbH al European Coffee Symposium di Berlino\",\"breadcrumb\":{\"@id\":\"https:\/\/www.ranciliogroup.com\/it\/rancilio-group-deutschland-gmbh-al-european-coffee-symposium-di-berlino\/#breadcrumb\"},\"inLanguage\":\"it-IT\",\"potentialAction\":[{\"@type\":\"ReadAction\",\"target\":[\"https:\/\/www.ranciliogroup.com\/it\/rancilio-group-deutschland-gmbh-al-european-coffee-symposium-di-berlino\/\"]}]},{\"@type\":\"BreadcrumbList\",\"@id\":\"https:\/\/www.ranciliogroup.com\/it\/rancilio-group-deutschland-gmbh-al-european-coffee-symposium-di-berlino\/#breadcrumb\",\"itemListElement\":[{\"@type\":\"ListItem\",\"position\":1,\"name\":\"Home\",\"item\":\"https:\/\/www.ranciliogroup.com\/it\/\"},{\"@type\":\"ListItem\",\"position\":2,\"name\":\"Rancilio Group Deutschland GmbH al European Coffee Symposium di Berlino\"}]},{\"@type\":\"WebSite\",\"@id\":\"https:\/\/www.ranciliogroup.com\/it\/#website\",\"url\":\"https:\/\/www.ranciliogroup.com\/it\/\",\"name\":\"Rancilio Group\",\"description\":\"Leader delle Macchine da Caff\u00e8 Professionali\",\"publisher\":{\"@id\":\"https:\/\/www.ranciliogroup.com\/it\/#organization\"},\"potentialAction\":[{\"@type\":\"SearchAction\",\"target\":{\"@type\":\"EntryPoint\",\"urlTemplate\":\"https:\/\/www.ranciliogroup.com\/it\/?s={search_term_string}\"},\"query-input\":\"required name=search_term_string\"}],\"inLanguage\":\"it-IT\"},{\"@type\":\"Organization\",\"@id\":\"https:\/\/www.ranciliogroup.com\/it\/#organization\",\"name\":\"Rancilio Group\",\"url\":\"https:\/\/www.ranciliogroup.com\/it\/\",\"logo\":{\"@type\":\"ImageObject\",\"inLanguage\":\"it-IT\",\"@id\":\"https:\/\/www.ranciliogroup.com\/it\/#\/schema\/logo\/image\/\",\"url\":\"https:\/\/www.ranciliogroup.com\/app\/uploads\/2019\/07\/rancilio_black_logo.png\",\"contentUrl\":\"https:\/\/www.ranciliogroup.com\/app\/uploads\/2019\/07\/rancilio_black_logo.png\",\"width\":447,\"height\":57,\"caption\":\"Rancilio Group\"},\"image\":{\"@id\":\"https:\/\/www.ranciliogroup.com\/it\/#\/schema\/logo\/image\/\"},\"sameAs\":[\"https:\/\/www.facebook.com\/RancilioGroup\",\"https:\/\/twitter.com\/ranciliogroup\",\"https:\/\/www.instagram.com\/rancilio_official\/\",\"https:\/\/www.linkedin.com\/company\/ranciliogroup\/\",\"https:\/\/www.youtube.com\/user\/rancilioadmin\"]},{\"@type\":\"Person\",\"@id\":\"https:\/\/www.ranciliogroup.com\/it\/#\/schema\/person\/d6bf0a7dfe74cded3d64da8b2c92814c\",\"name\":\"temp circular\",\"image\":{\"@type\":\"ImageObject\",\"inLanguage\":\"it-IT\",\"@id\":\"https:\/\/www.ranciliogroup.com\/it\/#\/schema\/person\/image\/\",\"url\":\"https:\/\/secure.gravatar.com\/avatar\/569e71c3b97b8bcad1854d6579b35c5f?s=96&d=mm&r=g\",\"contentUrl\":\"https:\/\/secure.gravatar.com\/avatar\/569e71c3b97b8bcad1854d6579b35c5f?s=96&d=mm&r=g\",\"caption\":\"temp circular\"}}]}<\/script>\n<!-- \/ Yoast SEO plugin. -->","yoast_head_json":{"title":"Latest update about Rancilio Group Deutschland GmbH al European Coffee Symposium di Berlino - Rancilio Group","description":"Read Rancilio Group's latest news about Rancilio Group Deutschland GmbH al European Coffee Symposium di Berlino","robots":{"index":"index","follow":"follow","max-snippet":"max-snippet:-1","max-image-preview":"max-image-preview:large","max-video-preview":"max-video-preview:-1"},"canonical":"https:\/\/www.ranciliogroup.com\/it\/rancilio-group-deutschland-gmbh-al-european-coffee-symposium-di-berlino\/","og_locale":"it_IT","og_type":"article","og_title":"Latest update about Rancilio Group Deutschland GmbH al European Coffee Symposium di Berlino - Rancilio Group","og_description":"Read Rancilio Group's latest news about Rancilio Group Deutschland GmbH al European Coffee Symposium di Berlino","og_url":"https:\/\/www.ranciliogroup.com\/it\/rancilio-group-deutschland-gmbh-al-european-coffee-symposium-di-berlino\/","og_site_name":"Rancilio Group","article_publisher":"https:\/\/www.facebook.com\/RancilioGroup","article_published_time":"2024-10-28T08:19:27+00:00","og_image":[{"width":1279,"height":720,"url":"https:\/\/www.ranciliogroup.com\/app\/uploads\/2024\/10\/ECS_COHO_2024.jpg","type":"image\/jpeg"}],"author":"temp circular","twitter_card":"summary_large_image","twitter_creator":"@ranciliogroup","twitter_site":"@ranciliogroup","twitter_misc":{"Scritto da":"temp circular","Tempo di lettura stimato":"1 minuto"},"schema":{"@context":"https:\/\/schema.org","@graph":[{"@type":"Article","@id":"https:\/\/www.ranciliogroup.com\/it\/rancilio-group-deutschland-gmbh-al-european-coffee-symposium-di-berlino\/#article","isPartOf":{"@id":"https:\/\/www.ranciliogroup.com\/it\/rancilio-group-deutschland-gmbh-al-european-coffee-symposium-di-berlino\/"},"author":{"name":"temp circular","@id":"https:\/\/www.ranciliogroup.com\/it\/#\/schema\/person\/d6bf0a7dfe74cded3d64da8b2c92814c"},"headline":"Rancilio Group Deutschland GmbH al European Coffee Symposium di Berlino","datePublished":"2024-10-28T08:19:27+00:00","dateModified":"2024-10-28T08:19:27+00:00","mainEntityOfPage":{"@id":"https:\/\/www.ranciliogroup.com\/it\/rancilio-group-deutschland-gmbh-al-european-coffee-symposium-di-berlino\/"},"wordCount":217,"publisher":{"@id":"https:\/\/www.ranciliogroup.com\/it\/#organization"},"keywords":["European Coffee Symposium","Coho Expo","Best Espresso Equipment Manufacturer","Berlin"],"articleSection":["Eventi"],"inLanguage":"it-IT"},{"@type":"WebPage","@id":"https:\/\/www.ranciliogroup.com\/it\/rancilio-group-deutschland-gmbh-al-european-coffee-symposium-di-berlino\/","url":"https:\/\/www.ranciliogroup.com\/it\/rancilio-group-deutschland-gmbh-al-european-coffee-symposium-di-berlino\/","name":"Latest update about Rancilio Group Deutschland GmbH al European Coffee Symposium di Berlino - Rancilio Group","isPartOf":{"@id":"https:\/\/www.ranciliogroup.com\/it\/#website"},"datePublished":"2024-10-28T08:19:27+00:00","dateModified":"2024-10-28T08:19:27+00:00","description":"Read Rancilio Group's latest news about Rancilio Group Deutschland GmbH al European Coffee Symposium di Berlino","breadcrumb":{"@id":"https:\/\/www.ranciliogroup.com\/it\/rancilio-group-deutschland-gmbh-al-european-coffee-symposium-di-berlino\/#breadcrumb"},"inLanguage":"it-IT","potentialAction":[{"@type":"ReadAction","target":["https:\/\/www.ranciliogroup.com\/it\/rancilio-group-deutschland-gmbh-al-european-coffee-symposium-di-berlino\/"]}]},{"@type":"BreadcrumbList","@id":"https:\/\/www.ranciliogroup.com\/it\/rancilio-group-deutschland-gmbh-al-european-coffee-symposium-di-berlino\/#breadcrumb","itemListElement":[{"@type":"ListItem","position":1,"name":"Home","item":"https:\/\/www.ranciliogroup.com\/it\/"},{"@type":"ListItem","position":2,"name":"Rancilio Group Deutschland GmbH al European Coffee Symposium di Berlino"}]},{"@type":"WebSite","@id":"https:\/\/www.ranciliogroup.com\/it\/#website","url":"https:\/\/www.ranciliogroup.com\/it\/","name":"Rancilio Group","description":"Leader delle Macchine da Caff\u00e8 Professionali","publisher":{"@id":"https:\/\/www.ranciliogroup.com\/it\/#organization"},"potentialAction":[{"@type":"SearchAction","target":{"@type":"EntryPoint","urlTemplate":"https:\/\/www.ranciliogroup.com\/it\/?s={search_term_string}"},"query-input":"required name=search_term_string"}],"inLanguage":"it-IT"},{"@type":"Organization","@id":"https:\/\/www.ranciliogroup.com\/it\/#organization","name":"Rancilio Group","url":"https:\/\/www.ranciliogroup.com\/it\/","logo":{"@type":"ImageObject","inLanguage":"it-IT","@id":"https:\/\/www.ranciliogroup.com\/it\/#\/schema\/logo\/image\/","url":"https:\/\/www.ranciliogroup.com\/app\/uploads\/2019\/07\/rancilio_black_logo.png","contentUrl":"https:\/\/www.ranciliogroup.com\/app\/uploads\/2019\/07\/rancilio_black_logo.png","width":447,"height":57,"caption":"Rancilio Group"},"image":{"@id":"https:\/\/www.ranciliogroup.com\/it\/#\/schema\/logo\/image\/"},"sameAs":["https:\/\/www.facebook.com\/RancilioGroup","https:\/\/twitter.com\/ranciliogroup","https:\/\/www.instagram.com\/rancilio_official\/","https:\/\/www.linkedin.com\/company\/ranciliogroup\/","https:\/\/www.youtube.com\/user\/rancilioadmin"]},{"@type":"Person","@id":"https:\/\/www.ranciliogroup.com\/it\/#\/schema\/person\/d6bf0a7dfe74cded3d64da8b2c92814c","name":"temp circular","image":{"@type":"ImageObject","inLanguage":"it-IT","@id":"https:\/\/www.ranciliogroup.com\/it\/#\/schema\/person\/image\/","url":"https:\/\/secure.gravatar.com\/avatar\/569e71c3b97b8bcad1854d6579b35c5f?s=96&d=mm&r=g","contentUrl":"https:\/\/secure.gravatar.com\/avatar\/569e71c3b97b8bcad1854d6579b35c5f?s=96&d=mm&r=g","caption":"temp circular"}}]}},"_links":{"self":[{"href":"https:\/\/www.ranciliogroup.com\/it\/wp-json\/wp\/v2\/posts\/76540"}],"collection":[{"href":"https:\/\/www.ranciliogroup.com\/it\/wp-json\/wp\/v2\/posts"}],"about":[{"href":"https:\/\/www.ranciliogroup.com\/it\/wp-json\/wp\/v2\/types\/post"}],"author":[{"embeddable":true,"href":"https:\/\/www.ranciliogroup.com\/it\/wp-json\/wp\/v2\/users\/5"}],"replies":[{"embeddable":true,"href":"https:\/\/www.ranciliogroup.com\/it\/wp-json\/wp\/v2\/comments?post=76540"}],"version-history":[{"count":3,"href":"https:\/\/www.ranciliogroup.com\/it\/wp-json\/wp\/v2\/posts\/76540\/revisions"}],"predecessor-version":[{"id":76543,"href":"https:\/\/www.ranciliogroup.com\/it\/wp-json\/wp\/v2\/posts\/76540\/revisions\/76543"}],"wp:featuredmedia":[{"embeddable":true,"href":"https:\/\/www.ranciliogroup.com\/it\/wp-json\/wp\/v2\/media\/76535"}],"wp:attachment":[{"href":"https:\/\/www.ranciliogroup.com\/it\/wp-json\/wp\/v2\/media?parent=76540"}],"wp:term":[{"taxonomy":"category","embeddable":true,"href":"https:\/\/www.ranciliogroup.com\/it\/wp-json\/wp\/v2\/categories?post=76540"},{"taxonomy":"post_tag","embeddable":true,"href":"https:\/\/www.ranciliogroup.com\/it\/wp-json\/wp\/v2\/tags?post=76540"}],"curies":[{"name":"wp","href":"https:\/\/api.w.org\/{rel}","templated":true}]}}