{"id":76960,"date":"2024-11-25T15:03:18","date_gmt":"2024-11-25T14:03:18","guid":{"rendered":"https:\/\/www.ranciliogroup.com\/?p=76960"},"modified":"2024-11-28T10:14:17","modified_gmt":"2024-11-28T09:14:17","slug":"rancilio-group-e-crem-international-espandono-la-loro-presenza-globale-con-una-nuova-filiale-nel-regno-unito-ctw-uk","status":"publish","type":"post","link":"https:\/\/www.ranciliogroup.com\/it\/rancilio-group-e-crem-international-espandono-la-loro-presenza-globale-con-una-nuova-filiale-nel-regno-unito-ctw-uk\/","title":{"rendered":"Rancilio Group espande la sua presenza globale con una nuova filiale nel Regno Unito"},"content":{"rendered":"<p>Rancilio Group \u00e8 orgogliosa di annunciare l&#8217;apertura di una nuova filiale a Letchworth Garden City. Questo nuovo centro, al servizio del Regno Unito e dell&#8217;Irlanda, sar\u00e0 responsabile della promozione dei noti marchi Rancilio, Rancilio Specialty ed Egro, come parte della Ali Group Coffee Division.<\/p>\n<p>L&#8217;apertura della nuova filiale sottolinea l&#8217;impegno della Ali Group Coffee Division nel fornire eccellenza delle tecnologie caff\u00e8, adattati alle esigenze specifiche delle aziende del settore nella regione. La nuova filiale gestir\u00e0 le relazioni commerciali con i key accounts, i distributori locali, i torrefattori e i baristi, e sar\u00e0 un centro operativo di riferimento sul territorio per i ricambi e per tutti i centri di assistenza tecnica gi\u00e0 attivi nel Regno Unito.<\/p>\n<p>Commentando il lancio, Scott Singleton, Managing Director della nuova filiale, ha dichiarato: &#8220;L&#8217;apertura della nuova filiale rappresenta una tappa importante nella nostra missione di migliorare il settore caff\u00e8 nel Regno Unito e in Irlanda. Il nostro obiettivo \u00e8 offrire ai nostri clienti macchine da caff\u00e8 professionali affidabili, su misura per le loro esigenze, supportate da un servizio rapido e competente.&#8221;<\/p>\n<p>Singleton lavorer\u00e0 a stretto contatto con James Gardiner, Business Development Manager, e Darren Hutchinson, Tech Service Manager, contando sul supporto strategico di Giacomo Fontana, Regional Sales Manager, presso la sede italiana.<\/p>\n<p>&nbsp;<\/p>\n<p style=\"text-align: center;\"><a href=\"https:\/\/ctwuk-form.webflow.io\/\"><strong>Unisciti a noi e rimani nel loop<\/strong><\/a><\/p>\n<p><img decoding=\"async\" loading=\"lazy\" class=\"alignnone wp-image-76944 aligncenter\" src=\"https:\/\/www.ranciliogroup.com\/app\/uploads\/2024\/11\/2024_Nov_CTW_Showroom_097_LR-300x214.jpg\" alt=\"\" width=\"700\" height=\"499\" srcset=\"https:\/\/www.ranciliogroup.com\/app\/uploads\/2024\/11\/2024_Nov_CTW_Showroom_097_LR-300x214.jpg 300w, https:\/\/www.ranciliogroup.com\/app\/uploads\/2024\/11\/2024_Nov_CTW_Showroom_097_LR-1024x731.jpg 1024w, https:\/\/www.ranciliogroup.com\/app\/uploads\/2024\/11\/2024_Nov_CTW_Showroom_097_LR-768x548.jpg 768w, https:\/\/www.ranciliogroup.com\/app\/uploads\/2024\/11\/2024_Nov_CTW_Showroom_097_LR-70x50.jpg 70w, https:\/\/www.ranciliogroup.com\/app\/uploads\/2024\/11\/2024_Nov_CTW_Showroom_097_LR.jpg 1080w\" sizes=\"(max-width: 700px) 100vw, 700px\" \/><\/p>\n","protected":false},"excerpt":{"rendered":"<p>Rancilio Group \u00e8 orgogliosa di annunciare l&#8217;apertura di una nuova filiale a Letchworth Garden City. Questo nuovo centro, al servizio&#8230;<\/p>\n","protected":false},"author":5,"featured_media":76937,"comment_status":"closed","ping_status":"closed","sticky":false,"template":"","format":"standard","meta":[],"categories":[852],"tags":[3890],"acf":[],"yoast_head":"<!-- This site is optimized with the Yoast SEO plugin v21.5 - https:\/\/yoast.com\/wordpress\/plugins\/seo\/ -->\n<title>Latest update about Rancilio Group espande la sua presenza globale con una nuova filiale nel Regno Unito - Rancilio Group<\/title>\n<meta name=\"description\" content=\"Read Rancilio Group&#039;s latest news about Rancilio Group espande la sua presenza globale con una nuova filiale nel Regno Unito\" \/>\n<meta name=\"robots\" content=\"index, follow, max-snippet:-1, max-image-preview:large, max-video-preview:-1\" \/>\n<link rel=\"canonical\" href=\"https:\/\/www.ranciliogroup.com\/it\/rancilio-group-e-crem-international-espandono-la-loro-presenza-globale-con-una-nuova-filiale-nel-regno-unito-ctw-uk\/\" \/>\n<meta property=\"og:locale\" content=\"it_IT\" \/>\n<meta property=\"og:type\" content=\"article\" \/>\n<meta property=\"og:title\" content=\"Latest update about Rancilio Group espande la sua presenza globale con una nuova filiale nel Regno Unito - Rancilio Group\" \/>\n<meta property=\"og:description\" content=\"Read Rancilio Group&#039;s latest news about Rancilio Group espande la sua presenza globale con una nuova filiale nel Regno Unito\" \/>\n<meta property=\"og:url\" content=\"https:\/\/www.ranciliogroup.com\/it\/rancilio-group-e-crem-international-espandono-la-loro-presenza-globale-con-una-nuova-filiale-nel-regno-unito-ctw-uk\/\" \/>\n<meta property=\"og:site_name\" content=\"Rancilio Group\" \/>\n<meta property=\"article:publisher\" content=\"https:\/\/www.facebook.com\/RancilioGroup\" \/>\n<meta property=\"article:published_time\" content=\"2024-11-25T14:03:18+00:00\" \/>\n<meta property=\"article:modified_time\" content=\"2024-11-28T09:14:17+00:00\" \/>\n<meta property=\"og:image\" content=\"https:\/\/www.ranciliogroup.com\/app\/uploads\/2024\/11\/2024_Nov_CTW_Showroom_Launch_010_LR.jpg\" \/>\n\t<meta property=\"og:image:width\" content=\"1080\" \/>\n\t<meta property=\"og:image:height\" content=\"771\" \/>\n\t<meta property=\"og:image:type\" content=\"image\/jpeg\" \/>\n<meta name=\"author\" content=\"temp circular\" \/>\n<meta name=\"twitter:card\" content=\"summary_large_image\" \/>\n<meta name=\"twitter:creator\" content=\"@ranciliogroup\" \/>\n<meta name=\"twitter:site\" content=\"@ranciliogroup\" \/>\n<meta name=\"twitter:label1\" content=\"Scritto da\" \/>\n\t<meta name=\"twitter:data1\" content=\"temp circular\" \/>\n\t<meta name=\"twitter:label2\" content=\"Tempo di lettura stimato\" \/>\n\t<meta name=\"twitter:data2\" content=\"2 minuti\" \/>\n<script type=\"application\/ld+json\" class=\"yoast-schema-graph\">{\"@context\":\"https:\/\/schema.org\",\"@graph\":[{\"@type\":\"Article\",\"@id\":\"https:\/\/www.ranciliogroup.com\/it\/rancilio-group-e-crem-international-espandono-la-loro-presenza-globale-con-una-nuova-filiale-nel-regno-unito-ctw-uk\/#article\",\"isPartOf\":{\"@id\":\"https:\/\/www.ranciliogroup.com\/it\/rancilio-group-e-crem-international-espandono-la-loro-presenza-globale-con-una-nuova-filiale-nel-regno-unito-ctw-uk\/\"},\"author\":{\"name\":\"temp circular\",\"@id\":\"https:\/\/www.ranciliogroup.com\/it\/#\/schema\/person\/d6bf0a7dfe74cded3d64da8b2c92814c\"},\"headline\":\"Rancilio Group espande la sua presenza globale con una nuova filiale nel Regno Unito\",\"datePublished\":\"2024-11-25T14:03:18+00:00\",\"dateModified\":\"2024-11-28T09:14:17+00:00\",\"mainEntityOfPage\":{\"@id\":\"https:\/\/www.ranciliogroup.com\/it\/rancilio-group-e-crem-international-espandono-la-loro-presenza-globale-con-una-nuova-filiale-nel-regno-unito-ctw-uk\/\"},\"wordCount\":226,\"publisher\":{\"@id\":\"https:\/\/www.ranciliogroup.com\/it\/#organization\"},\"keywords\":[\"opening\"],\"articleSection\":[\"Stampa\"],\"inLanguage\":\"it-IT\"},{\"@type\":\"WebPage\",\"@id\":\"https:\/\/www.ranciliogroup.com\/it\/rancilio-group-e-crem-international-espandono-la-loro-presenza-globale-con-una-nuova-filiale-nel-regno-unito-ctw-uk\/\",\"url\":\"https:\/\/www.ranciliogroup.com\/it\/rancilio-group-e-crem-international-espandono-la-loro-presenza-globale-con-una-nuova-filiale-nel-regno-unito-ctw-uk\/\",\"name\":\"Latest update about Rancilio Group espande la sua presenza globale con una nuova filiale nel Regno Unito - Rancilio Group\",\"isPartOf\":{\"@id\":\"https:\/\/www.ranciliogroup.com\/it\/#website\"},\"datePublished\":\"2024-11-25T14:03:18+00:00\",\"dateModified\":\"2024-11-28T09:14:17+00:00\",\"description\":\"Read Rancilio Group's latest news about Rancilio Group espande la sua presenza globale con una nuova filiale nel Regno Unito\",\"breadcrumb\":{\"@id\":\"https:\/\/www.ranciliogroup.com\/it\/rancilio-group-e-crem-international-espandono-la-loro-presenza-globale-con-una-nuova-filiale-nel-regno-unito-ctw-uk\/#breadcrumb\"},\"inLanguage\":\"it-IT\",\"potentialAction\":[{\"@type\":\"ReadAction\",\"target\":[\"https:\/\/www.ranciliogroup.com\/it\/rancilio-group-e-crem-international-espandono-la-loro-presenza-globale-con-una-nuova-filiale-nel-regno-unito-ctw-uk\/\"]}]},{\"@type\":\"BreadcrumbList\",\"@id\":\"https:\/\/www.ranciliogroup.com\/it\/rancilio-group-e-crem-international-espandono-la-loro-presenza-globale-con-una-nuova-filiale-nel-regno-unito-ctw-uk\/#breadcrumb\",\"itemListElement\":[{\"@type\":\"ListItem\",\"position\":1,\"name\":\"Home\",\"item\":\"https:\/\/www.ranciliogroup.com\/it\/\"},{\"@type\":\"ListItem\",\"position\":2,\"name\":\"Rancilio Group espande la sua presenza globale con una nuova filiale nel Regno Unito\"}]},{\"@type\":\"WebSite\",\"@id\":\"https:\/\/www.ranciliogroup.com\/it\/#website\",\"url\":\"https:\/\/www.ranciliogroup.com\/it\/\",\"name\":\"Rancilio Group\",\"description\":\"Leader delle Macchine da Caff\u00e8 Professionali\",\"publisher\":{\"@id\":\"https:\/\/www.ranciliogroup.com\/it\/#organization\"},\"potentialAction\":[{\"@type\":\"SearchAction\",\"target\":{\"@type\":\"EntryPoint\",\"urlTemplate\":\"https:\/\/www.ranciliogroup.com\/it\/?s={search_term_string}\"},\"query-input\":\"required name=search_term_string\"}],\"inLanguage\":\"it-IT\"},{\"@type\":\"Organization\",\"@id\":\"https:\/\/www.ranciliogroup.com\/it\/#organization\",\"name\":\"Rancilio Group\",\"url\":\"https:\/\/www.ranciliogroup.com\/it\/\",\"logo\":{\"@type\":\"ImageObject\",\"inLanguage\":\"it-IT\",\"@id\":\"https:\/\/www.ranciliogroup.com\/it\/#\/schema\/logo\/image\/\",\"url\":\"https:\/\/www.ranciliogroup.com\/app\/uploads\/2019\/07\/rancilio_black_logo.png\",\"contentUrl\":\"https:\/\/www.ranciliogroup.com\/app\/uploads\/2019\/07\/rancilio_black_logo.png\",\"width\":447,\"height\":57,\"caption\":\"Rancilio Group\"},\"image\":{\"@id\":\"https:\/\/www.ranciliogroup.com\/it\/#\/schema\/logo\/image\/\"},\"sameAs\":[\"https:\/\/www.facebook.com\/RancilioGroup\",\"https:\/\/twitter.com\/ranciliogroup\",\"https:\/\/www.instagram.com\/rancilio_official\/\",\"https:\/\/www.linkedin.com\/company\/ranciliogroup\/\",\"https:\/\/www.youtube.com\/user\/rancilioadmin\"]},{\"@type\":\"Person\",\"@id\":\"https:\/\/www.ranciliogroup.com\/it\/#\/schema\/person\/d6bf0a7dfe74cded3d64da8b2c92814c\",\"name\":\"temp circular\",\"image\":{\"@type\":\"ImageObject\",\"inLanguage\":\"it-IT\",\"@id\":\"https:\/\/www.ranciliogroup.com\/it\/#\/schema\/person\/image\/\",\"url\":\"https:\/\/secure.gravatar.com\/avatar\/569e71c3b97b8bcad1854d6579b35c5f?s=96&d=mm&r=g\",\"contentUrl\":\"https:\/\/secure.gravatar.com\/avatar\/569e71c3b97b8bcad1854d6579b35c5f?s=96&d=mm&r=g\",\"caption\":\"temp circular\"}}]}<\/script>\n<!-- \/ Yoast SEO plugin. -->","yoast_head_json":{"title":"Latest update about Rancilio Group espande la sua presenza globale con una nuova filiale nel Regno Unito - Rancilio Group","description":"Read Rancilio Group's latest news about Rancilio Group espande la sua presenza globale con una nuova filiale nel Regno Unito","robots":{"index":"index","follow":"follow","max-snippet":"max-snippet:-1","max-image-preview":"max-image-preview:large","max-video-preview":"max-video-preview:-1"},"canonical":"https:\/\/www.ranciliogroup.com\/it\/rancilio-group-e-crem-international-espandono-la-loro-presenza-globale-con-una-nuova-filiale-nel-regno-unito-ctw-uk\/","og_locale":"it_IT","og_type":"article","og_title":"Latest update about Rancilio Group espande la sua presenza globale con una nuova filiale nel Regno Unito - Rancilio Group","og_description":"Read Rancilio Group's latest news about Rancilio Group espande la sua presenza globale con una nuova filiale nel Regno Unito","og_url":"https:\/\/www.ranciliogroup.com\/it\/rancilio-group-e-crem-international-espandono-la-loro-presenza-globale-con-una-nuova-filiale-nel-regno-unito-ctw-uk\/","og_site_name":"Rancilio Group","article_publisher":"https:\/\/www.facebook.com\/RancilioGroup","article_published_time":"2024-11-25T14:03:18+00:00","article_modified_time":"2024-11-28T09:14:17+00:00","og_image":[{"width":1080,"height":771,"url":"https:\/\/www.ranciliogroup.com\/app\/uploads\/2024\/11\/2024_Nov_CTW_Showroom_Launch_010_LR.jpg","type":"image\/jpeg"}],"author":"temp circular","twitter_card":"summary_large_image","twitter_creator":"@ranciliogroup","twitter_site":"@ranciliogroup","twitter_misc":{"Scritto da":"temp circular","Tempo di lettura stimato":"2 minuti"},"schema":{"@context":"https:\/\/schema.org","@graph":[{"@type":"Article","@id":"https:\/\/www.ranciliogroup.com\/it\/rancilio-group-e-crem-international-espandono-la-loro-presenza-globale-con-una-nuova-filiale-nel-regno-unito-ctw-uk\/#article","isPartOf":{"@id":"https:\/\/www.ranciliogroup.com\/it\/rancilio-group-e-crem-international-espandono-la-loro-presenza-globale-con-una-nuova-filiale-nel-regno-unito-ctw-uk\/"},"author":{"name":"temp circular","@id":"https:\/\/www.ranciliogroup.com\/it\/#\/schema\/person\/d6bf0a7dfe74cded3d64da8b2c92814c"},"headline":"Rancilio Group espande la sua presenza globale con una nuova filiale nel Regno Unito","datePublished":"2024-11-25T14:03:18+00:00","dateModified":"2024-11-28T09:14:17+00:00","mainEntityOfPage":{"@id":"https:\/\/www.ranciliogroup.com\/it\/rancilio-group-e-crem-international-espandono-la-loro-presenza-globale-con-una-nuova-filiale-nel-regno-unito-ctw-uk\/"},"wordCount":226,"publisher":{"@id":"https:\/\/www.ranciliogroup.com\/it\/#organization"},"keywords":["opening"],"articleSection":["Stampa"],"inLanguage":"it-IT"},{"@type":"WebPage","@id":"https:\/\/www.ranciliogroup.com\/it\/rancilio-group-e-crem-international-espandono-la-loro-presenza-globale-con-una-nuova-filiale-nel-regno-unito-ctw-uk\/","url":"https:\/\/www.ranciliogroup.com\/it\/rancilio-group-e-crem-international-espandono-la-loro-presenza-globale-con-una-nuova-filiale-nel-regno-unito-ctw-uk\/","name":"Latest update about Rancilio Group espande la sua presenza globale con una nuova filiale nel Regno Unito - Rancilio Group","isPartOf":{"@id":"https:\/\/www.ranciliogroup.com\/it\/#website"},"datePublished":"2024-11-25T14:03:18+00:00","dateModified":"2024-11-28T09:14:17+00:00","description":"Read Rancilio Group's latest news about Rancilio Group espande la sua presenza globale con una nuova filiale nel Regno Unito","breadcrumb":{"@id":"https:\/\/www.ranciliogroup.com\/it\/rancilio-group-e-crem-international-espandono-la-loro-presenza-globale-con-una-nuova-filiale-nel-regno-unito-ctw-uk\/#breadcrumb"},"inLanguage":"it-IT","potentialAction":[{"@type":"ReadAction","target":["https:\/\/www.ranciliogroup.com\/it\/rancilio-group-e-crem-international-espandono-la-loro-presenza-globale-con-una-nuova-filiale-nel-regno-unito-ctw-uk\/"]}]},{"@type":"BreadcrumbList","@id":"https:\/\/www.ranciliogroup.com\/it\/rancilio-group-e-crem-international-espandono-la-loro-presenza-globale-con-una-nuova-filiale-nel-regno-unito-ctw-uk\/#breadcrumb","itemListElement":[{"@type":"ListItem","position":1,"name":"Home","item":"https:\/\/www.ranciliogroup.com\/it\/"},{"@type":"ListItem","position":2,"name":"Rancilio Group espande la sua presenza globale con una nuova filiale nel Regno Unito"}]},{"@type":"WebSite","@id":"https:\/\/www.ranciliogroup.com\/it\/#website","url":"https:\/\/www.ranciliogroup.com\/it\/","name":"Rancilio Group","description":"Leader delle Macchine da Caff\u00e8 Professionali","publisher":{"@id":"https:\/\/www.ranciliogroup.com\/it\/#organization"},"potentialAction":[{"@type":"SearchAction","target":{"@type":"EntryPoint","urlTemplate":"https:\/\/www.ranciliogroup.com\/it\/?s={search_term_string}"},"query-input":"required name=search_term_string"}],"inLanguage":"it-IT"},{"@type":"Organization","@id":"https:\/\/www.ranciliogroup.com\/it\/#organization","name":"Rancilio Group","url":"https:\/\/www.ranciliogroup.com\/it\/","logo":{"@type":"ImageObject","inLanguage":"it-IT","@id":"https:\/\/www.ranciliogroup.com\/it\/#\/schema\/logo\/image\/","url":"https:\/\/www.ranciliogroup.com\/app\/uploads\/2019\/07\/rancilio_black_logo.png","contentUrl":"https:\/\/www.ranciliogroup.com\/app\/uploads\/2019\/07\/rancilio_black_logo.png","width":447,"height":57,"caption":"Rancilio Group"},"image":{"@id":"https:\/\/www.ranciliogroup.com\/it\/#\/schema\/logo\/image\/"},"sameAs":["https:\/\/www.facebook.com\/RancilioGroup","https:\/\/twitter.com\/ranciliogroup","https:\/\/www.instagram.com\/rancilio_official\/","https:\/\/www.linkedin.com\/company\/ranciliogroup\/","https:\/\/www.youtube.com\/user\/rancilioadmin"]},{"@type":"Person","@id":"https:\/\/www.ranciliogroup.com\/it\/#\/schema\/person\/d6bf0a7dfe74cded3d64da8b2c92814c","name":"temp circular","image":{"@type":"ImageObject","inLanguage":"it-IT","@id":"https:\/\/www.ranciliogroup.com\/it\/#\/schema\/person\/image\/","url":"https:\/\/secure.gravatar.com\/avatar\/569e71c3b97b8bcad1854d6579b35c5f?s=96&d=mm&r=g","contentUrl":"https:\/\/secure.gravatar.com\/avatar\/569e71c3b97b8bcad1854d6579b35c5f?s=96&d=mm&r=g","caption":"temp circular"}}]}},"_links":{"self":[{"href":"https:\/\/www.ranciliogroup.com\/it\/wp-json\/wp\/v2\/posts\/76960"}],"collection":[{"href":"https:\/\/www.ranciliogroup.com\/it\/wp-json\/wp\/v2\/posts"}],"about":[{"href":"https:\/\/www.ranciliogroup.com\/it\/wp-json\/wp\/v2\/types\/post"}],"author":[{"embeddable":true,"href":"https:\/\/www.ranciliogroup.com\/it\/wp-json\/wp\/v2\/users\/5"}],"replies":[{"embeddable":true,"href":"https:\/\/www.ranciliogroup.com\/it\/wp-json\/wp\/v2\/comments?post=76960"}],"version-history":[{"count":6,"href":"https:\/\/www.ranciliogroup.com\/it\/wp-json\/wp\/v2\/posts\/76960\/revisions"}],"predecessor-version":[{"id":77018,"href":"https:\/\/www.ranciliogroup.com\/it\/wp-json\/wp\/v2\/posts\/76960\/revisions\/77018"}],"wp:featuredmedia":[{"embeddable":true,"href":"https:\/\/www.ranciliogroup.com\/it\/wp-json\/wp\/v2\/media\/76937"}],"wp:attachment":[{"href":"https:\/\/www.ranciliogroup.com\/it\/wp-json\/wp\/v2\/media?parent=76960"}],"wp:term":[{"taxonomy":"category","embeddable":true,"href":"https:\/\/www.ranciliogroup.com\/it\/wp-json\/wp\/v2\/categories?post=76960"},{"taxonomy":"post_tag","embeddable":true,"href":"https:\/\/www.ranciliogroup.com\/it\/wp-json\/wp\/v2\/tags?post=76960"}],"curies":[{"name":"wp","href":"https:\/\/api.w.org\/{rel}","templated":true}]}}