{"id":78918,"date":"2025-04-22T15:47:06","date_gmt":"2025-04-22T13:47:06","guid":{"rendered":"https:\/\/www.ranciliogroup.com\/?p=78918"},"modified":"2025-05-08T14:27:25","modified_gmt":"2025-05-08T12:27:25","slug":"rancilio-specialty-ed-egro-al-london-coffee-festival-2025","status":"publish","type":"post","link":"https:\/\/www.ranciliogroup.com\/it\/rancilio-specialty-ed-egro-al-london-coffee-festival-2025\/","title":{"rendered":"Rancilio Specialty ed Egro al London Coffee Festival 2025"},"content":{"rendered":"<p>Dal 15 al 18 maggio 2025, Rancilio Specialty ed Egro accoglieranno appassionati di caff\u00e8 e professionisti del settore hospitality al Truman Brewery, nell\u2019East London, per una nuova edizione del London Coffee Festival.<\/p>\n<p><strong>Rancilio Specialty RS1<\/strong> sar\u00e0 protagonista in una nuova ed elegante tonalit\u00e0 di blu, arricchita da una personalizzazione esclusiva creata appositamente per l\u2019evento. Dotata della tecnologia <strong>Advanced Temperature Profiling<\/strong>, RS1 \u00e8 progettata per esaltare il profilo aromatico unico di ogni caff\u00e8 monorigine e miscela, garantendo una qualit\u00e0 in tazza superiore.<\/p>\n<p>A completare la gamma, l\u2019iconica <strong>Rancilio Silvia,<\/strong> i macinacaff\u00e8 <strong>Kryo<\/strong> e <strong>Stile<\/strong> mostreranno la loro precisione e costanza, elementi essenziali per un\u2019estrazione perfetta.<\/p>\n<p>Dal lato Egro, i visitatori avranno l\u2019opportunit\u00e0 di scoprire da vicino la nuova <strong>Egro MoDe<\/strong> insieme alla consolidata <strong>Egro Next<\/strong>. Entrambe le macchine superautomatiche sono ideali per locali che richiedono rapidit\u00e0, prestazioni elevate e un\u2019ampia offerta di bevande a base di caff\u00e8, senza compromessi sulla qualit\u00e0.<\/p>\n<p>Con oltre 23.800 visitatori nel 2024, il London Coffee Festival si conferma come l\u2019evento internazionale di riferimento per la cultura del caff\u00e8 e dell\u2019ospitalit\u00e0. Nel cuore della vivace scena londinese, il festival unisce degustazioni, dimostrazioni di baristi di fama mondiale e workshop interattivi, offrendo un\u2019occasione unica per connettersi con professionisti e appassionati del settore.<\/p>\n<p>&nbsp;<\/p>\n<p><strong>London Coffee Festival 2025<\/strong><br \/>\n15-18 maggio 2025<br \/>\nDalle 10:00 alle 17:00<br \/>\nStand G25<br \/>\n<a href=\"https:\/\/www.google.com\/maps\/place\/The+Truman+Brewery\/@51.5212729,-0.0745701,17z\/data=!3m2!4b1!5s0x48761cca7ad8f109:0x76afa4b352d0a421!4m6!3m5!1s0x48761cb681c09d1b:0xffb3966176941f91!8m2!3d51.5212729!4d-0.0719898!16zL20vMDd4cTEx?authuser=0&amp;entry=ttu&amp;g_ep=EgoyMDI1MDQwMi4xIKXMDSoJLDEwMjExNDUzSAFQAw%3D%3D\">The Truman Brewery<\/a><br \/>\n91 Brick Ln<br \/>\nLondra E1 6QR, Regno Unito<\/p>\n","protected":false},"excerpt":{"rendered":"<p>Dal 15 al 18 maggio 2025, Rancilio Specialty ed Egro accoglieranno appassionati di caff\u00e8 e professionisti del settore hospitality al&#8230;<\/p>\n","protected":false},"author":5,"featured_media":78914,"comment_status":"closed","ping_status":"closed","sticky":false,"template":"","format":"standard","meta":[],"categories":[465],"tags":[4074,3145,2907,2849,2782,2645,2619,2587],"acf":[],"yoast_head":"<!-- This site is optimized with the Yoast SEO plugin v21.5 - https:\/\/yoast.com\/wordpress\/plugins\/seo\/ -->\n<title>Latest update about Rancilio Specialty ed Egro al London Coffee Festival 2025 - Rancilio Group<\/title>\n<meta name=\"description\" content=\"Read Rancilio Group&#039;s latest news about Rancilio Specialty ed Egro al London Coffee Festival 2025\" \/>\n<meta name=\"robots\" content=\"index, follow, max-snippet:-1, max-image-preview:large, max-video-preview:-1\" \/>\n<link rel=\"canonical\" href=\"https:\/\/www.ranciliogroup.com\/it\/rancilio-specialty-ed-egro-al-london-coffee-festival-2025\/\" \/>\n<meta property=\"og:locale\" content=\"it_IT\" \/>\n<meta property=\"og:type\" content=\"article\" \/>\n<meta property=\"og:title\" content=\"Latest update about Rancilio Specialty ed Egro al London Coffee Festival 2025 - Rancilio Group\" \/>\n<meta property=\"og:description\" content=\"Read Rancilio Group&#039;s latest news about Rancilio Specialty ed Egro al London Coffee Festival 2025\" \/>\n<meta property=\"og:url\" content=\"https:\/\/www.ranciliogroup.com\/it\/rancilio-specialty-ed-egro-al-london-coffee-festival-2025\/\" \/>\n<meta property=\"og:site_name\" content=\"Rancilio Group\" \/>\n<meta property=\"article:publisher\" content=\"https:\/\/www.facebook.com\/RancilioGroup\" \/>\n<meta property=\"article:published_time\" content=\"2025-04-22T13:47:06+00:00\" \/>\n<meta property=\"article:modified_time\" content=\"2025-05-08T12:27:25+00:00\" \/>\n<meta property=\"og:image\" content=\"https:\/\/www.ranciliogroup.com\/app\/uploads\/2025\/04\/LCF_2025.jpg\" \/>\n\t<meta property=\"og:image:width\" content=\"1024\" \/>\n\t<meta property=\"og:image:height\" content=\"683\" \/>\n\t<meta property=\"og:image:type\" content=\"image\/jpeg\" \/>\n<meta name=\"author\" content=\"temp circular\" \/>\n<meta name=\"twitter:card\" content=\"summary_large_image\" \/>\n<meta name=\"twitter:creator\" content=\"@ranciliogroup\" \/>\n<meta name=\"twitter:site\" content=\"@ranciliogroup\" \/>\n<meta name=\"twitter:label1\" content=\"Scritto da\" \/>\n\t<meta name=\"twitter:data1\" content=\"temp circular\" \/>\n\t<meta name=\"twitter:label2\" content=\"Tempo di lettura stimato\" \/>\n\t<meta name=\"twitter:data2\" content=\"1 minuto\" \/>\n<script type=\"application\/ld+json\" class=\"yoast-schema-graph\">{\"@context\":\"https:\/\/schema.org\",\"@graph\":[{\"@type\":\"Article\",\"@id\":\"https:\/\/www.ranciliogroup.com\/it\/rancilio-specialty-ed-egro-al-london-coffee-festival-2025\/#article\",\"isPartOf\":{\"@id\":\"https:\/\/www.ranciliogroup.com\/it\/rancilio-specialty-ed-egro-al-london-coffee-festival-2025\/\"},\"author\":{\"name\":\"temp circular\",\"@id\":\"https:\/\/www.ranciliogroup.com\/it\/#\/schema\/person\/d6bf0a7dfe74cded3d64da8b2c92814c\"},\"headline\":\"Rancilio Specialty ed Egro al London Coffee Festival 2025\",\"datePublished\":\"2025-04-22T13:47:06+00:00\",\"dateModified\":\"2025-05-08T12:27:25+00:00\",\"mainEntityOfPage\":{\"@id\":\"https:\/\/www.ranciliogroup.com\/it\/rancilio-specialty-ed-egro-al-london-coffee-festival-2025\/\"},\"wordCount\":235,\"publisher\":{\"@id\":\"https:\/\/www.ranciliogroup.com\/it\/#organization\"},\"keywords\":[\"LCF\",\"MoDe\",\"London Coffee Festival\",\"Silvia\",\"Stile\",\"Next\",\"Kryo\",\"RS1\"],\"articleSection\":[\"Eventi\"],\"inLanguage\":\"it-IT\"},{\"@type\":\"WebPage\",\"@id\":\"https:\/\/www.ranciliogroup.com\/it\/rancilio-specialty-ed-egro-al-london-coffee-festival-2025\/\",\"url\":\"https:\/\/www.ranciliogroup.com\/it\/rancilio-specialty-ed-egro-al-london-coffee-festival-2025\/\",\"name\":\"Latest update about Rancilio Specialty ed Egro al London Coffee Festival 2025 - Rancilio Group\",\"isPartOf\":{\"@id\":\"https:\/\/www.ranciliogroup.com\/it\/#website\"},\"datePublished\":\"2025-04-22T13:47:06+00:00\",\"dateModified\":\"2025-05-08T12:27:25+00:00\",\"description\":\"Read Rancilio Group's latest news about Rancilio Specialty ed Egro al London Coffee Festival 2025\",\"breadcrumb\":{\"@id\":\"https:\/\/www.ranciliogroup.com\/it\/rancilio-specialty-ed-egro-al-london-coffee-festival-2025\/#breadcrumb\"},\"inLanguage\":\"it-IT\",\"potentialAction\":[{\"@type\":\"ReadAction\",\"target\":[\"https:\/\/www.ranciliogroup.com\/it\/rancilio-specialty-ed-egro-al-london-coffee-festival-2025\/\"]}]},{\"@type\":\"BreadcrumbList\",\"@id\":\"https:\/\/www.ranciliogroup.com\/it\/rancilio-specialty-ed-egro-al-london-coffee-festival-2025\/#breadcrumb\",\"itemListElement\":[{\"@type\":\"ListItem\",\"position\":1,\"name\":\"Home\",\"item\":\"https:\/\/www.ranciliogroup.com\/it\/\"},{\"@type\":\"ListItem\",\"position\":2,\"name\":\"Rancilio Specialty ed Egro al London Coffee Festival 2025\"}]},{\"@type\":\"WebSite\",\"@id\":\"https:\/\/www.ranciliogroup.com\/it\/#website\",\"url\":\"https:\/\/www.ranciliogroup.com\/it\/\",\"name\":\"Rancilio Group\",\"description\":\"Leader delle Macchine da Caff\u00e8 Professionali\",\"publisher\":{\"@id\":\"https:\/\/www.ranciliogroup.com\/it\/#organization\"},\"potentialAction\":[{\"@type\":\"SearchAction\",\"target\":{\"@type\":\"EntryPoint\",\"urlTemplate\":\"https:\/\/www.ranciliogroup.com\/it\/?s={search_term_string}\"},\"query-input\":\"required name=search_term_string\"}],\"inLanguage\":\"it-IT\"},{\"@type\":\"Organization\",\"@id\":\"https:\/\/www.ranciliogroup.com\/it\/#organization\",\"name\":\"Rancilio Group\",\"url\":\"https:\/\/www.ranciliogroup.com\/it\/\",\"logo\":{\"@type\":\"ImageObject\",\"inLanguage\":\"it-IT\",\"@id\":\"https:\/\/www.ranciliogroup.com\/it\/#\/schema\/logo\/image\/\",\"url\":\"https:\/\/www.ranciliogroup.com\/app\/uploads\/2019\/07\/rancilio_black_logo.png\",\"contentUrl\":\"https:\/\/www.ranciliogroup.com\/app\/uploads\/2019\/07\/rancilio_black_logo.png\",\"width\":447,\"height\":57,\"caption\":\"Rancilio Group\"},\"image\":{\"@id\":\"https:\/\/www.ranciliogroup.com\/it\/#\/schema\/logo\/image\/\"},\"sameAs\":[\"https:\/\/www.facebook.com\/RancilioGroup\",\"https:\/\/twitter.com\/ranciliogroup\",\"https:\/\/www.instagram.com\/rancilio_official\/\",\"https:\/\/www.linkedin.com\/company\/ranciliogroup\/\",\"https:\/\/www.youtube.com\/user\/rancilioadmin\"]},{\"@type\":\"Person\",\"@id\":\"https:\/\/www.ranciliogroup.com\/it\/#\/schema\/person\/d6bf0a7dfe74cded3d64da8b2c92814c\",\"name\":\"temp circular\",\"image\":{\"@type\":\"ImageObject\",\"inLanguage\":\"it-IT\",\"@id\":\"https:\/\/www.ranciliogroup.com\/it\/#\/schema\/person\/image\/\",\"url\":\"https:\/\/secure.gravatar.com\/avatar\/569e71c3b97b8bcad1854d6579b35c5f?s=96&d=mm&r=g\",\"contentUrl\":\"https:\/\/secure.gravatar.com\/avatar\/569e71c3b97b8bcad1854d6579b35c5f?s=96&d=mm&r=g\",\"caption\":\"temp circular\"}}]}<\/script>\n<!-- \/ Yoast SEO plugin. -->","yoast_head_json":{"title":"Latest update about Rancilio Specialty ed Egro al London Coffee Festival 2025 - Rancilio Group","description":"Read Rancilio Group's latest news about Rancilio Specialty ed Egro al London Coffee Festival 2025","robots":{"index":"index","follow":"follow","max-snippet":"max-snippet:-1","max-image-preview":"max-image-preview:large","max-video-preview":"max-video-preview:-1"},"canonical":"https:\/\/www.ranciliogroup.com\/it\/rancilio-specialty-ed-egro-al-london-coffee-festival-2025\/","og_locale":"it_IT","og_type":"article","og_title":"Latest update about Rancilio Specialty ed Egro al London Coffee Festival 2025 - Rancilio Group","og_description":"Read Rancilio Group's latest news about Rancilio Specialty ed Egro al London Coffee Festival 2025","og_url":"https:\/\/www.ranciliogroup.com\/it\/rancilio-specialty-ed-egro-al-london-coffee-festival-2025\/","og_site_name":"Rancilio Group","article_publisher":"https:\/\/www.facebook.com\/RancilioGroup","article_published_time":"2025-04-22T13:47:06+00:00","article_modified_time":"2025-05-08T12:27:25+00:00","og_image":[{"width":1024,"height":683,"url":"https:\/\/www.ranciliogroup.com\/app\/uploads\/2025\/04\/LCF_2025.jpg","type":"image\/jpeg"}],"author":"temp circular","twitter_card":"summary_large_image","twitter_creator":"@ranciliogroup","twitter_site":"@ranciliogroup","twitter_misc":{"Scritto da":"temp circular","Tempo di lettura stimato":"1 minuto"},"schema":{"@context":"https:\/\/schema.org","@graph":[{"@type":"Article","@id":"https:\/\/www.ranciliogroup.com\/it\/rancilio-specialty-ed-egro-al-london-coffee-festival-2025\/#article","isPartOf":{"@id":"https:\/\/www.ranciliogroup.com\/it\/rancilio-specialty-ed-egro-al-london-coffee-festival-2025\/"},"author":{"name":"temp circular","@id":"https:\/\/www.ranciliogroup.com\/it\/#\/schema\/person\/d6bf0a7dfe74cded3d64da8b2c92814c"},"headline":"Rancilio Specialty ed Egro al London Coffee Festival 2025","datePublished":"2025-04-22T13:47:06+00:00","dateModified":"2025-05-08T12:27:25+00:00","mainEntityOfPage":{"@id":"https:\/\/www.ranciliogroup.com\/it\/rancilio-specialty-ed-egro-al-london-coffee-festival-2025\/"},"wordCount":235,"publisher":{"@id":"https:\/\/www.ranciliogroup.com\/it\/#organization"},"keywords":["LCF","MoDe","London Coffee Festival","Silvia","Stile","Next","Kryo","RS1"],"articleSection":["Eventi"],"inLanguage":"it-IT"},{"@type":"WebPage","@id":"https:\/\/www.ranciliogroup.com\/it\/rancilio-specialty-ed-egro-al-london-coffee-festival-2025\/","url":"https:\/\/www.ranciliogroup.com\/it\/rancilio-specialty-ed-egro-al-london-coffee-festival-2025\/","name":"Latest update about Rancilio Specialty ed Egro al London Coffee Festival 2025 - Rancilio Group","isPartOf":{"@id":"https:\/\/www.ranciliogroup.com\/it\/#website"},"datePublished":"2025-04-22T13:47:06+00:00","dateModified":"2025-05-08T12:27:25+00:00","description":"Read Rancilio Group's latest news about Rancilio Specialty ed Egro al London Coffee Festival 2025","breadcrumb":{"@id":"https:\/\/www.ranciliogroup.com\/it\/rancilio-specialty-ed-egro-al-london-coffee-festival-2025\/#breadcrumb"},"inLanguage":"it-IT","potentialAction":[{"@type":"ReadAction","target":["https:\/\/www.ranciliogroup.com\/it\/rancilio-specialty-ed-egro-al-london-coffee-festival-2025\/"]}]},{"@type":"BreadcrumbList","@id":"https:\/\/www.ranciliogroup.com\/it\/rancilio-specialty-ed-egro-al-london-coffee-festival-2025\/#breadcrumb","itemListElement":[{"@type":"ListItem","position":1,"name":"Home","item":"https:\/\/www.ranciliogroup.com\/it\/"},{"@type":"ListItem","position":2,"name":"Rancilio Specialty ed Egro al London Coffee Festival 2025"}]},{"@type":"WebSite","@id":"https:\/\/www.ranciliogroup.com\/it\/#website","url":"https:\/\/www.ranciliogroup.com\/it\/","name":"Rancilio Group","description":"Leader delle Macchine da Caff\u00e8 Professionali","publisher":{"@id":"https:\/\/www.ranciliogroup.com\/it\/#organization"},"potentialAction":[{"@type":"SearchAction","target":{"@type":"EntryPoint","urlTemplate":"https:\/\/www.ranciliogroup.com\/it\/?s={search_term_string}"},"query-input":"required name=search_term_string"}],"inLanguage":"it-IT"},{"@type":"Organization","@id":"https:\/\/www.ranciliogroup.com\/it\/#organization","name":"Rancilio Group","url":"https:\/\/www.ranciliogroup.com\/it\/","logo":{"@type":"ImageObject","inLanguage":"it-IT","@id":"https:\/\/www.ranciliogroup.com\/it\/#\/schema\/logo\/image\/","url":"https:\/\/www.ranciliogroup.com\/app\/uploads\/2019\/07\/rancilio_black_logo.png","contentUrl":"https:\/\/www.ranciliogroup.com\/app\/uploads\/2019\/07\/rancilio_black_logo.png","width":447,"height":57,"caption":"Rancilio Group"},"image":{"@id":"https:\/\/www.ranciliogroup.com\/it\/#\/schema\/logo\/image\/"},"sameAs":["https:\/\/www.facebook.com\/RancilioGroup","https:\/\/twitter.com\/ranciliogroup","https:\/\/www.instagram.com\/rancilio_official\/","https:\/\/www.linkedin.com\/company\/ranciliogroup\/","https:\/\/www.youtube.com\/user\/rancilioadmin"]},{"@type":"Person","@id":"https:\/\/www.ranciliogroup.com\/it\/#\/schema\/person\/d6bf0a7dfe74cded3d64da8b2c92814c","name":"temp circular","image":{"@type":"ImageObject","inLanguage":"it-IT","@id":"https:\/\/www.ranciliogroup.com\/it\/#\/schema\/person\/image\/","url":"https:\/\/secure.gravatar.com\/avatar\/569e71c3b97b8bcad1854d6579b35c5f?s=96&d=mm&r=g","contentUrl":"https:\/\/secure.gravatar.com\/avatar\/569e71c3b97b8bcad1854d6579b35c5f?s=96&d=mm&r=g","caption":"temp circular"}}]}},"_links":{"self":[{"href":"https:\/\/www.ranciliogroup.com\/it\/wp-json\/wp\/v2\/posts\/78918"}],"collection":[{"href":"https:\/\/www.ranciliogroup.com\/it\/wp-json\/wp\/v2\/posts"}],"about":[{"href":"https:\/\/www.ranciliogroup.com\/it\/wp-json\/wp\/v2\/types\/post"}],"author":[{"embeddable":true,"href":"https:\/\/www.ranciliogroup.com\/it\/wp-json\/wp\/v2\/users\/5"}],"replies":[{"embeddable":true,"href":"https:\/\/www.ranciliogroup.com\/it\/wp-json\/wp\/v2\/comments?post=78918"}],"version-history":[{"count":6,"href":"https:\/\/www.ranciliogroup.com\/it\/wp-json\/wp\/v2\/posts\/78918\/revisions"}],"predecessor-version":[{"id":78994,"href":"https:\/\/www.ranciliogroup.com\/it\/wp-json\/wp\/v2\/posts\/78918\/revisions\/78994"}],"wp:featuredmedia":[{"embeddable":true,"href":"https:\/\/www.ranciliogroup.com\/it\/wp-json\/wp\/v2\/media\/78914"}],"wp:attachment":[{"href":"https:\/\/www.ranciliogroup.com\/it\/wp-json\/wp\/v2\/media?parent=78918"}],"wp:term":[{"taxonomy":"category","embeddable":true,"href":"https:\/\/www.ranciliogroup.com\/it\/wp-json\/wp\/v2\/categories?post=78918"},{"taxonomy":"post_tag","embeddable":true,"href":"https:\/\/www.ranciliogroup.com\/it\/wp-json\/wp\/v2\/tags?post=78918"}],"curies":[{"name":"wp","href":"https:\/\/api.w.org\/{rel}","templated":true}]}}