{"id":79041,"date":"2025-05-30T13:56:54","date_gmt":"2025-05-30T11:56:54","guid":{"rendered":"https:\/\/www.ranciliogroup.com\/?p=79041"},"modified":"2025-05-30T13:56:54","modified_gmt":"2025-05-30T11:56:54","slug":"rancilio-specialty-sponsorizza-il-debutto-di-the-barista-league-asia-a-tokyo","status":"publish","type":"post","link":"https:\/\/www.ranciliogroup.com\/it\/rancilio-specialty-sponsorizza-il-debutto-di-the-barista-league-asia-a-tokyo\/","title":{"rendered":"Rancilio Specialty sponsorizza il debutto di The Barista League: Asia a Tokyo"},"content":{"rendered":"<p>Per la prima volta in assoluto, The Barista League approda a Tokyo il 12 giugno, portando la sua competizione tra baristi, unica nel suo genere, nella vivace capitale giapponese del caff\u00e8. Questo evento energico e multidisciplinare vedr\u00e0 i migliori baristi della regione fare squadra e mettere alla prova le proprie abilit\u00e0 attraverso sfide sensoriali e round frenetici, il tutto giudicato da leggende del settore come Yasuo Ishii, Miki Suzuki, Taka Ishitani, Shinsaku \u201cSamurai\u201d Shin Fukuyama e Daiki Hatakeyama.<\/p>\n<p>In qualit\u00e0 di sponsor ufficiale, <strong>Rancilio Specialty<\/strong> \u00e8 orgogliosa di supportare l\u2019evento con la macchina espresso <strong>RS1 <\/strong>a caldaia multipla, dotata di tecnologia <strong>Advanced Temperature Profiling<\/strong>. La precisione e la stabilit\u00e0 termica di RS1 permettono ai concorrenti di esprimere al meglio i profili aromatici pi\u00f9 delicati \u2014 un elemento fondamentale in sfide da 15 minuti come la Drinks Challenge, dove ogni estrazione conta.<\/p>\n<p>I visitatori troveranno molto pi\u00f9 di una semplice competizione. Ci saranno torrefattori locali, cibo, giochi divertenti e lo stand di Rancilio Specialty, dove sar\u00e0 possibile giocare a <strong>\u201cGuess the Temperature Profile\u201d<\/strong>, con la possibilit\u00e0 di vincere un premio speciale. In una citt\u00e0 dove la tradizione incontra l\u2019innovazione, The Barista League: Asia promette una serata all\u2019insegna della creativit\u00e0, della community e di un caff\u00e8 indimenticabile.<\/p>\n<p><strong>Biglietti disponibili su <a href=\"https:\/\/www.tickettailor.com\/events\/thebaristaleague\/1525493\">TicketTailor<\/a><\/strong><\/p>\n<p><strong>\u00a0<\/strong><\/p>\n<p><strong>The Barista League: Asia<\/strong><br \/>\nGioved\u00ec, 12 giugno 2025<br \/>\nDalle ore 17:00<br \/>\n<a href=\"https:\/\/www.google.se\/maps\/place\/ADRIFT\/@35.6627802,139.6682879,17z\/data=!4m6!3m5!1s0x6018f3919f8014e9:0xb8be83d48a9d3477!8m2!3d35.6639386!4d139.6707674!16s%2Fg%2F11qh1yd4pf?entry=tts&amp;g_ep=EgoyMDI1MDMzMS4wIPu8ASoJLDEwMjExNjQwSAFQAw%3D%3D&amp;skid=726239c6-b177-44bc-844e-d48984bfa334\"><strong>ADRIFT<\/strong><\/a><br \/>\n3 Chome-9-23 Kitazawa, Setagaya City<br \/>\nTokyo 155-0031, Giappone<\/p>\n<p>&nbsp;<\/p>\n<p><strong>Segui l\u2019evento su Instagram:<\/strong><br \/>\n<a href=\"https:\/\/www.instagram.com\/ranciliospecialty\">@ranciliospecialty<\/a> #ranciliospecialty<\/p>\n<p>&nbsp;<\/p>\n<p><a href=\"https:\/\/www.ranciliogroup.com\/it\/specialty\/rs1\/\"><strong>Scopri Rancilio Specialty RS1<\/strong><\/a><\/p>\n<p>&nbsp;<\/p>\n","protected":false},"excerpt":{"rendered":"<p>Per la prima volta in assoluto, The Barista League approda a Tokyo il 12 giugno, portando la sua competizione tra&#8230;<\/p>\n","protected":false},"author":5,"featured_media":79028,"comment_status":"closed","ping_status":"closed","sticky":false,"template":"","format":"standard","meta":[],"categories":[465],"tags":[4118,3663,3326,2587,2530],"acf":[],"yoast_head":"<!-- This site is optimized with the Yoast SEO plugin v21.5 - https:\/\/yoast.com\/wordpress\/plugins\/seo\/ -->\n<title>Latest update about Rancilio Specialty sponsorizza il debutto di The Barista League: Asia a Tokyo - Rancilio Group<\/title>\n<meta name=\"description\" content=\"Read Rancilio Group&#039;s latest news about Rancilio Specialty sponsorizza il debutto di The Barista League: Asia a Tokyo\" \/>\n<meta name=\"robots\" content=\"index, follow, max-snippet:-1, max-image-preview:large, max-video-preview:-1\" \/>\n<link rel=\"canonical\" href=\"https:\/\/www.ranciliogroup.com\/it\/rancilio-specialty-sponsorizza-il-debutto-di-the-barista-league-asia-a-tokyo\/\" \/>\n<meta property=\"og:locale\" content=\"it_IT\" \/>\n<meta property=\"og:type\" content=\"article\" \/>\n<meta property=\"og:title\" content=\"Latest update about Rancilio Specialty sponsorizza il debutto di The Barista League: Asia a Tokyo - Rancilio Group\" \/>\n<meta property=\"og:description\" content=\"Read Rancilio Group&#039;s latest news about Rancilio Specialty sponsorizza il debutto di The Barista League: Asia a Tokyo\" \/>\n<meta property=\"og:url\" content=\"https:\/\/www.ranciliogroup.com\/it\/rancilio-specialty-sponsorizza-il-debutto-di-the-barista-league-asia-a-tokyo\/\" \/>\n<meta property=\"og:site_name\" content=\"Rancilio Group\" \/>\n<meta property=\"article:publisher\" content=\"https:\/\/www.facebook.com\/RancilioGroup\" \/>\n<meta property=\"article:published_time\" content=\"2025-05-30T11:56:54+00:00\" \/>\n<meta property=\"og:image\" content=\"https:\/\/www.ranciliogroup.com\/app\/uploads\/2025\/05\/TBL_RANCILIO-SPECIALTY_GUADALAJARA.jpg\" \/>\n\t<meta property=\"og:image:width\" content=\"1080\" \/>\n\t<meta property=\"og:image:height\" content=\"721\" \/>\n\t<meta property=\"og:image:type\" content=\"image\/jpeg\" \/>\n<meta name=\"author\" content=\"temp circular\" \/>\n<meta name=\"twitter:card\" content=\"summary_large_image\" \/>\n<meta name=\"twitter:creator\" content=\"@ranciliogroup\" \/>\n<meta name=\"twitter:site\" content=\"@ranciliogroup\" \/>\n<meta name=\"twitter:label1\" content=\"Scritto da\" \/>\n\t<meta name=\"twitter:data1\" content=\"temp circular\" \/>\n\t<meta name=\"twitter:label2\" content=\"Tempo di lettura stimato\" \/>\n\t<meta name=\"twitter:data2\" content=\"2 minuti\" \/>\n<script type=\"application\/ld+json\" class=\"yoast-schema-graph\">{\"@context\":\"https:\/\/schema.org\",\"@graph\":[{\"@type\":\"Article\",\"@id\":\"https:\/\/www.ranciliogroup.com\/it\/rancilio-specialty-sponsorizza-il-debutto-di-the-barista-league-asia-a-tokyo\/#article\",\"isPartOf\":{\"@id\":\"https:\/\/www.ranciliogroup.com\/it\/rancilio-specialty-sponsorizza-il-debutto-di-the-barista-league-asia-a-tokyo\/\"},\"author\":{\"name\":\"temp circular\",\"@id\":\"https:\/\/www.ranciliogroup.com\/it\/#\/schema\/person\/d6bf0a7dfe74cded3d64da8b2c92814c\"},\"headline\":\"Rancilio Specialty sponsorizza il debutto di The Barista League: Asia a Tokyo\",\"datePublished\":\"2025-05-30T11:56:54+00:00\",\"dateModified\":\"2025-05-30T11:56:54+00:00\",\"mainEntityOfPage\":{\"@id\":\"https:\/\/www.ranciliogroup.com\/it\/rancilio-specialty-sponsorizza-il-debutto-di-the-barista-league-asia-a-tokyo\/\"},\"wordCount\":251,\"publisher\":{\"@id\":\"https:\/\/www.ranciliogroup.com\/it\/#organization\"},\"keywords\":[\"Asia\",\"Tokyo\",\"Advanced Temperature Profiling\",\"RS1\",\"Barista League\"],\"articleSection\":[\"Eventi\"],\"inLanguage\":\"it-IT\"},{\"@type\":\"WebPage\",\"@id\":\"https:\/\/www.ranciliogroup.com\/it\/rancilio-specialty-sponsorizza-il-debutto-di-the-barista-league-asia-a-tokyo\/\",\"url\":\"https:\/\/www.ranciliogroup.com\/it\/rancilio-specialty-sponsorizza-il-debutto-di-the-barista-league-asia-a-tokyo\/\",\"name\":\"Latest update about Rancilio Specialty sponsorizza il debutto di The Barista League: Asia a Tokyo - Rancilio Group\",\"isPartOf\":{\"@id\":\"https:\/\/www.ranciliogroup.com\/it\/#website\"},\"datePublished\":\"2025-05-30T11:56:54+00:00\",\"dateModified\":\"2025-05-30T11:56:54+00:00\",\"description\":\"Read Rancilio Group's latest news about Rancilio Specialty sponsorizza il debutto di The Barista League: Asia a Tokyo\",\"breadcrumb\":{\"@id\":\"https:\/\/www.ranciliogroup.com\/it\/rancilio-specialty-sponsorizza-il-debutto-di-the-barista-league-asia-a-tokyo\/#breadcrumb\"},\"inLanguage\":\"it-IT\",\"potentialAction\":[{\"@type\":\"ReadAction\",\"target\":[\"https:\/\/www.ranciliogroup.com\/it\/rancilio-specialty-sponsorizza-il-debutto-di-the-barista-league-asia-a-tokyo\/\"]}]},{\"@type\":\"BreadcrumbList\",\"@id\":\"https:\/\/www.ranciliogroup.com\/it\/rancilio-specialty-sponsorizza-il-debutto-di-the-barista-league-asia-a-tokyo\/#breadcrumb\",\"itemListElement\":[{\"@type\":\"ListItem\",\"position\":1,\"name\":\"Home\",\"item\":\"https:\/\/www.ranciliogroup.com\/it\/\"},{\"@type\":\"ListItem\",\"position\":2,\"name\":\"Rancilio Specialty sponsorizza il debutto di The Barista League: Asia a Tokyo\"}]},{\"@type\":\"WebSite\",\"@id\":\"https:\/\/www.ranciliogroup.com\/it\/#website\",\"url\":\"https:\/\/www.ranciliogroup.com\/it\/\",\"name\":\"Rancilio Group\",\"description\":\"Leader delle Macchine da Caff\u00e8 Professionali\",\"publisher\":{\"@id\":\"https:\/\/www.ranciliogroup.com\/it\/#organization\"},\"potentialAction\":[{\"@type\":\"SearchAction\",\"target\":{\"@type\":\"EntryPoint\",\"urlTemplate\":\"https:\/\/www.ranciliogroup.com\/it\/?s={search_term_string}\"},\"query-input\":\"required name=search_term_string\"}],\"inLanguage\":\"it-IT\"},{\"@type\":\"Organization\",\"@id\":\"https:\/\/www.ranciliogroup.com\/it\/#organization\",\"name\":\"Rancilio Group\",\"url\":\"https:\/\/www.ranciliogroup.com\/it\/\",\"logo\":{\"@type\":\"ImageObject\",\"inLanguage\":\"it-IT\",\"@id\":\"https:\/\/www.ranciliogroup.com\/it\/#\/schema\/logo\/image\/\",\"url\":\"https:\/\/www.ranciliogroup.com\/app\/uploads\/2019\/07\/rancilio_black_logo.png\",\"contentUrl\":\"https:\/\/www.ranciliogroup.com\/app\/uploads\/2019\/07\/rancilio_black_logo.png\",\"width\":447,\"height\":57,\"caption\":\"Rancilio Group\"},\"image\":{\"@id\":\"https:\/\/www.ranciliogroup.com\/it\/#\/schema\/logo\/image\/\"},\"sameAs\":[\"https:\/\/www.facebook.com\/RancilioGroup\",\"https:\/\/twitter.com\/ranciliogroup\",\"https:\/\/www.instagram.com\/rancilio_official\/\",\"https:\/\/www.linkedin.com\/company\/ranciliogroup\/\",\"https:\/\/www.youtube.com\/user\/rancilioadmin\"]},{\"@type\":\"Person\",\"@id\":\"https:\/\/www.ranciliogroup.com\/it\/#\/schema\/person\/d6bf0a7dfe74cded3d64da8b2c92814c\",\"name\":\"temp circular\",\"image\":{\"@type\":\"ImageObject\",\"inLanguage\":\"it-IT\",\"@id\":\"https:\/\/www.ranciliogroup.com\/it\/#\/schema\/person\/image\/\",\"url\":\"https:\/\/secure.gravatar.com\/avatar\/569e71c3b97b8bcad1854d6579b35c5f?s=96&d=mm&r=g\",\"contentUrl\":\"https:\/\/secure.gravatar.com\/avatar\/569e71c3b97b8bcad1854d6579b35c5f?s=96&d=mm&r=g\",\"caption\":\"temp circular\"}}]}<\/script>\n<!-- \/ Yoast SEO plugin. -->","yoast_head_json":{"title":"Latest update about Rancilio Specialty sponsorizza il debutto di The Barista League: Asia a Tokyo - Rancilio Group","description":"Read Rancilio Group's latest news about Rancilio Specialty sponsorizza il debutto di The Barista League: Asia a Tokyo","robots":{"index":"index","follow":"follow","max-snippet":"max-snippet:-1","max-image-preview":"max-image-preview:large","max-video-preview":"max-video-preview:-1"},"canonical":"https:\/\/www.ranciliogroup.com\/it\/rancilio-specialty-sponsorizza-il-debutto-di-the-barista-league-asia-a-tokyo\/","og_locale":"it_IT","og_type":"article","og_title":"Latest update about Rancilio Specialty sponsorizza il debutto di The Barista League: Asia a Tokyo - Rancilio Group","og_description":"Read Rancilio Group's latest news about Rancilio Specialty sponsorizza il debutto di The Barista League: Asia a Tokyo","og_url":"https:\/\/www.ranciliogroup.com\/it\/rancilio-specialty-sponsorizza-il-debutto-di-the-barista-league-asia-a-tokyo\/","og_site_name":"Rancilio Group","article_publisher":"https:\/\/www.facebook.com\/RancilioGroup","article_published_time":"2025-05-30T11:56:54+00:00","og_image":[{"width":1080,"height":721,"url":"https:\/\/www.ranciliogroup.com\/app\/uploads\/2025\/05\/TBL_RANCILIO-SPECIALTY_GUADALAJARA.jpg","type":"image\/jpeg"}],"author":"temp circular","twitter_card":"summary_large_image","twitter_creator":"@ranciliogroup","twitter_site":"@ranciliogroup","twitter_misc":{"Scritto da":"temp circular","Tempo di lettura stimato":"2 minuti"},"schema":{"@context":"https:\/\/schema.org","@graph":[{"@type":"Article","@id":"https:\/\/www.ranciliogroup.com\/it\/rancilio-specialty-sponsorizza-il-debutto-di-the-barista-league-asia-a-tokyo\/#article","isPartOf":{"@id":"https:\/\/www.ranciliogroup.com\/it\/rancilio-specialty-sponsorizza-il-debutto-di-the-barista-league-asia-a-tokyo\/"},"author":{"name":"temp circular","@id":"https:\/\/www.ranciliogroup.com\/it\/#\/schema\/person\/d6bf0a7dfe74cded3d64da8b2c92814c"},"headline":"Rancilio Specialty sponsorizza il debutto di The Barista League: Asia a Tokyo","datePublished":"2025-05-30T11:56:54+00:00","dateModified":"2025-05-30T11:56:54+00:00","mainEntityOfPage":{"@id":"https:\/\/www.ranciliogroup.com\/it\/rancilio-specialty-sponsorizza-il-debutto-di-the-barista-league-asia-a-tokyo\/"},"wordCount":251,"publisher":{"@id":"https:\/\/www.ranciliogroup.com\/it\/#organization"},"keywords":["Asia","Tokyo","Advanced Temperature Profiling","RS1","Barista League"],"articleSection":["Eventi"],"inLanguage":"it-IT"},{"@type":"WebPage","@id":"https:\/\/www.ranciliogroup.com\/it\/rancilio-specialty-sponsorizza-il-debutto-di-the-barista-league-asia-a-tokyo\/","url":"https:\/\/www.ranciliogroup.com\/it\/rancilio-specialty-sponsorizza-il-debutto-di-the-barista-league-asia-a-tokyo\/","name":"Latest update about Rancilio Specialty sponsorizza il debutto di The Barista League: Asia a Tokyo - Rancilio Group","isPartOf":{"@id":"https:\/\/www.ranciliogroup.com\/it\/#website"},"datePublished":"2025-05-30T11:56:54+00:00","dateModified":"2025-05-30T11:56:54+00:00","description":"Read Rancilio Group's latest news about Rancilio Specialty sponsorizza il debutto di The Barista League: Asia a Tokyo","breadcrumb":{"@id":"https:\/\/www.ranciliogroup.com\/it\/rancilio-specialty-sponsorizza-il-debutto-di-the-barista-league-asia-a-tokyo\/#breadcrumb"},"inLanguage":"it-IT","potentialAction":[{"@type":"ReadAction","target":["https:\/\/www.ranciliogroup.com\/it\/rancilio-specialty-sponsorizza-il-debutto-di-the-barista-league-asia-a-tokyo\/"]}]},{"@type":"BreadcrumbList","@id":"https:\/\/www.ranciliogroup.com\/it\/rancilio-specialty-sponsorizza-il-debutto-di-the-barista-league-asia-a-tokyo\/#breadcrumb","itemListElement":[{"@type":"ListItem","position":1,"name":"Home","item":"https:\/\/www.ranciliogroup.com\/it\/"},{"@type":"ListItem","position":2,"name":"Rancilio Specialty sponsorizza il debutto di The Barista League: Asia a Tokyo"}]},{"@type":"WebSite","@id":"https:\/\/www.ranciliogroup.com\/it\/#website","url":"https:\/\/www.ranciliogroup.com\/it\/","name":"Rancilio Group","description":"Leader delle Macchine da Caff\u00e8 Professionali","publisher":{"@id":"https:\/\/www.ranciliogroup.com\/it\/#organization"},"potentialAction":[{"@type":"SearchAction","target":{"@type":"EntryPoint","urlTemplate":"https:\/\/www.ranciliogroup.com\/it\/?s={search_term_string}"},"query-input":"required name=search_term_string"}],"inLanguage":"it-IT"},{"@type":"Organization","@id":"https:\/\/www.ranciliogroup.com\/it\/#organization","name":"Rancilio Group","url":"https:\/\/www.ranciliogroup.com\/it\/","logo":{"@type":"ImageObject","inLanguage":"it-IT","@id":"https:\/\/www.ranciliogroup.com\/it\/#\/schema\/logo\/image\/","url":"https:\/\/www.ranciliogroup.com\/app\/uploads\/2019\/07\/rancilio_black_logo.png","contentUrl":"https:\/\/www.ranciliogroup.com\/app\/uploads\/2019\/07\/rancilio_black_logo.png","width":447,"height":57,"caption":"Rancilio Group"},"image":{"@id":"https:\/\/www.ranciliogroup.com\/it\/#\/schema\/logo\/image\/"},"sameAs":["https:\/\/www.facebook.com\/RancilioGroup","https:\/\/twitter.com\/ranciliogroup","https:\/\/www.instagram.com\/rancilio_official\/","https:\/\/www.linkedin.com\/company\/ranciliogroup\/","https:\/\/www.youtube.com\/user\/rancilioadmin"]},{"@type":"Person","@id":"https:\/\/www.ranciliogroup.com\/it\/#\/schema\/person\/d6bf0a7dfe74cded3d64da8b2c92814c","name":"temp circular","image":{"@type":"ImageObject","inLanguage":"it-IT","@id":"https:\/\/www.ranciliogroup.com\/it\/#\/schema\/person\/image\/","url":"https:\/\/secure.gravatar.com\/avatar\/569e71c3b97b8bcad1854d6579b35c5f?s=96&d=mm&r=g","contentUrl":"https:\/\/secure.gravatar.com\/avatar\/569e71c3b97b8bcad1854d6579b35c5f?s=96&d=mm&r=g","caption":"temp circular"}}]}},"_links":{"self":[{"href":"https:\/\/www.ranciliogroup.com\/it\/wp-json\/wp\/v2\/posts\/79041"}],"collection":[{"href":"https:\/\/www.ranciliogroup.com\/it\/wp-json\/wp\/v2\/posts"}],"about":[{"href":"https:\/\/www.ranciliogroup.com\/it\/wp-json\/wp\/v2\/types\/post"}],"author":[{"embeddable":true,"href":"https:\/\/www.ranciliogroup.com\/it\/wp-json\/wp\/v2\/users\/5"}],"replies":[{"embeddable":true,"href":"https:\/\/www.ranciliogroup.com\/it\/wp-json\/wp\/v2\/comments?post=79041"}],"version-history":[{"count":2,"href":"https:\/\/www.ranciliogroup.com\/it\/wp-json\/wp\/v2\/posts\/79041\/revisions"}],"predecessor-version":[{"id":79043,"href":"https:\/\/www.ranciliogroup.com\/it\/wp-json\/wp\/v2\/posts\/79041\/revisions\/79043"}],"wp:featuredmedia":[{"embeddable":true,"href":"https:\/\/www.ranciliogroup.com\/it\/wp-json\/wp\/v2\/media\/79028"}],"wp:attachment":[{"href":"https:\/\/www.ranciliogroup.com\/it\/wp-json\/wp\/v2\/media?parent=79041"}],"wp:term":[{"taxonomy":"category","embeddable":true,"href":"https:\/\/www.ranciliogroup.com\/it\/wp-json\/wp\/v2\/categories?post=79041"},{"taxonomy":"post_tag","embeddable":true,"href":"https:\/\/www.ranciliogroup.com\/it\/wp-json\/wp\/v2\/tags?post=79041"}],"curies":[{"name":"wp","href":"https:\/\/api.w.org\/{rel}","templated":true}]}}