{"id":79668,"date":"2025-09-04T09:46:51","date_gmt":"2025-09-04T07:46:51","guid":{"rendered":"https:\/\/www.ranciliogroup.com\/?p=79668"},"modified":"2025-09-04T09:46:51","modified_gmt":"2025-09-04T07:46:51","slug":"rancilio-specialty-alla-1st-crack-coffee-challenge-2025","status":"publish","type":"post","link":"https:\/\/www.ranciliogroup.com\/it\/rancilio-specialty-alla-1st-crack-coffee-challenge-2025\/","title":{"rendered":"Rancilio Specialty alla 1st Crack Coffee Challenge 2025"},"content":{"rendered":"<p>Il <strong>13 settembre<\/strong>, Rancilio Specialty e NOG Coffee Roasters invitano tutti gli amanti del caff\u00e8 alla spettacolare finale del <strong>1st Crack Coffee Challenge 2025<\/strong>, che si terr\u00e0 al <strong>Tokyo Culture Culture<\/strong>, una location dinamica nel cuore della citt\u00e0, celebre per connettere le comunit\u00e0 attraverso creativit\u00e0, innovazione e cultura.<\/p>\n<p>Durante l\u2019intera giornata, gli ospiti potranno vivere l\u2019essenza del caff\u00e8 specialty. Protagonista sar\u00e0 <strong>Rancilio Specialty RS1<\/strong>, che animer\u00e0 una vivace mini latte art competition durante il Barista\/Roaster Party e accompagner\u00e0 le degustazioni di espresso e latte disponibili per tutti i partecipanti. Grazie alla tecnologia di <strong>Advanced Temperature Profiling<\/strong>, ogni estrazione riveler\u00e0 la vera arte della tostatura e dell\u2019estrazione, permettendo ai baristi di spingersi oltre i confini dell\u2019espressione aromatica.<\/p>\n<p>Dalle presentazioni dei finalisti alla grande finale, fino al Barista\/Roaster Party, questa competizione \u00e8 molto pi\u00f9 di un campionato: \u00e8 una celebrazione di talento, creativit\u00e0 e collaborazione. Un appuntamento imperdibile per chiunque ami il caff\u00e8.<\/p>\n<p>I biglietti sono disponibili ora: <a href=\"https:\/\/1ccc2025.peatix.com\/?utm_source=chatgpt.com\">LINK<\/a><\/p>\n<p>&nbsp;<\/p>\n<p><strong>First Crack Coffee Challenge 2025<\/strong><br \/>\nSabato 13 settembre 2025<br \/>\n12:30 &#8211; 20:00<br \/>\n<a href=\"https:\/\/www.google.com\/maps\/place\/Tokyo+Culture+Culture\/@35.6620475,139.7000041,17z\/data=!3m2!4b1!5s0x60188ca7b8982443:0xa5c3d6994fd3f3e4!4m6!3m5!1s0x601889faffffffff:0x9fb93d104c75971e!8m2!3d35.6620432!4d139.702579!16s%2Fg%2F11csqgw8p0?authuser=0&amp;entry=ttu&amp;g_ep=EgoyMDI1MDgyNS4wIKXMDSoASAFQAw%3D%3D\">Tokyo Culture Culture<\/a><br \/>\nGiappone, \u3012150-0002 Tokio, Shibuya<br \/>\n1 Chome\u221223\u221216 cocoti SHIBUYA 4F<br \/>\nTokyo<\/p>\n","protected":false},"excerpt":{"rendered":"<p>Il 13 settembre, Rancilio Specialty e NOG Coffee Roasters invitano tutti gli amanti del caff\u00e8 alla spettacolare finale del 1st&#8230;<\/p>\n","protected":false},"author":5,"featured_media":79663,"comment_status":"closed","ping_status":"closed","sticky":false,"template":"","format":"standard","meta":[],"categories":[465],"tags":[4216,4217,3663,3326,3043,2587],"acf":[],"yoast_head":"<!-- This site is optimized with the Yoast SEO plugin v21.5 - https:\/\/yoast.com\/wordpress\/plugins\/seo\/ -->\n<title>Latest update about Rancilio Specialty alla 1st Crack Coffee Challenge 2025 - Rancilio Group<\/title>\n<meta name=\"description\" content=\"Read Rancilio Group&#039;s latest news about Rancilio Specialty alla 1st Crack Coffee Challenge 2025\" \/>\n<meta name=\"robots\" content=\"index, follow, max-snippet:-1, max-image-preview:large, max-video-preview:-1\" \/>\n<link rel=\"canonical\" href=\"https:\/\/www.ranciliogroup.com\/it\/rancilio-specialty-alla-1st-crack-coffee-challenge-2025\/\" \/>\n<meta property=\"og:locale\" content=\"it_IT\" \/>\n<meta property=\"og:type\" content=\"article\" \/>\n<meta property=\"og:title\" content=\"Latest update about Rancilio Specialty alla 1st Crack Coffee Challenge 2025 - Rancilio Group\" \/>\n<meta property=\"og:description\" content=\"Read Rancilio Group&#039;s latest news about Rancilio Specialty alla 1st Crack Coffee Challenge 2025\" \/>\n<meta property=\"og:url\" content=\"https:\/\/www.ranciliogroup.com\/it\/rancilio-specialty-alla-1st-crack-coffee-challenge-2025\/\" \/>\n<meta property=\"og:site_name\" content=\"Rancilio Group\" \/>\n<meta property=\"article:publisher\" content=\"https:\/\/www.facebook.com\/RancilioGroup\" \/>\n<meta property=\"article:published_time\" content=\"2025-09-04T07:46:51+00:00\" \/>\n<meta property=\"og:image\" content=\"https:\/\/www.ranciliogroup.com\/app\/uploads\/2025\/09\/RS1_1CCC_2024.jpg\" \/>\n\t<meta property=\"og:image:width\" content=\"1080\" \/>\n\t<meta property=\"og:image:height\" content=\"720\" \/>\n\t<meta property=\"og:image:type\" content=\"image\/jpeg\" \/>\n<meta name=\"author\" content=\"temp circular\" \/>\n<meta name=\"twitter:card\" content=\"summary_large_image\" \/>\n<meta name=\"twitter:creator\" content=\"@ranciliogroup\" \/>\n<meta name=\"twitter:site\" content=\"@ranciliogroup\" \/>\n<meta name=\"twitter:label1\" content=\"Scritto da\" \/>\n\t<meta name=\"twitter:data1\" content=\"temp circular\" \/>\n\t<meta name=\"twitter:label2\" content=\"Tempo di lettura stimato\" \/>\n\t<meta name=\"twitter:data2\" content=\"1 minuto\" \/>\n<script type=\"application\/ld+json\" class=\"yoast-schema-graph\">{\"@context\":\"https:\/\/schema.org\",\"@graph\":[{\"@type\":\"Article\",\"@id\":\"https:\/\/www.ranciliogroup.com\/it\/rancilio-specialty-alla-1st-crack-coffee-challenge-2025\/#article\",\"isPartOf\":{\"@id\":\"https:\/\/www.ranciliogroup.com\/it\/rancilio-specialty-alla-1st-crack-coffee-challenge-2025\/\"},\"author\":{\"name\":\"temp circular\",\"@id\":\"https:\/\/www.ranciliogroup.com\/it\/#\/schema\/person\/d6bf0a7dfe74cded3d64da8b2c92814c\"},\"headline\":\"Rancilio Specialty alla 1st Crack Coffee Challenge 2025\",\"datePublished\":\"2025-09-04T07:46:51+00:00\",\"dateModified\":\"2025-09-04T07:46:51+00:00\",\"mainEntityOfPage\":{\"@id\":\"https:\/\/www.ranciliogroup.com\/it\/rancilio-specialty-alla-1st-crack-coffee-challenge-2025\/\"},\"wordCount\":186,\"publisher\":{\"@id\":\"https:\/\/www.ranciliogroup.com\/it\/#organization\"},\"keywords\":[\"First Crack Coffee Challenge\",\"1CCC\",\"Tokyo\",\"Advanced Temperature Profiling\",\"Latte Art\",\"RS1\"],\"articleSection\":[\"Eventi\"],\"inLanguage\":\"it-IT\"},{\"@type\":\"WebPage\",\"@id\":\"https:\/\/www.ranciliogroup.com\/it\/rancilio-specialty-alla-1st-crack-coffee-challenge-2025\/\",\"url\":\"https:\/\/www.ranciliogroup.com\/it\/rancilio-specialty-alla-1st-crack-coffee-challenge-2025\/\",\"name\":\"Latest update about Rancilio Specialty alla 1st Crack Coffee Challenge 2025 - Rancilio Group\",\"isPartOf\":{\"@id\":\"https:\/\/www.ranciliogroup.com\/it\/#website\"},\"datePublished\":\"2025-09-04T07:46:51+00:00\",\"dateModified\":\"2025-09-04T07:46:51+00:00\",\"description\":\"Read Rancilio Group's latest news about Rancilio Specialty alla 1st Crack Coffee Challenge 2025\",\"breadcrumb\":{\"@id\":\"https:\/\/www.ranciliogroup.com\/it\/rancilio-specialty-alla-1st-crack-coffee-challenge-2025\/#breadcrumb\"},\"inLanguage\":\"it-IT\",\"potentialAction\":[{\"@type\":\"ReadAction\",\"target\":[\"https:\/\/www.ranciliogroup.com\/it\/rancilio-specialty-alla-1st-crack-coffee-challenge-2025\/\"]}]},{\"@type\":\"BreadcrumbList\",\"@id\":\"https:\/\/www.ranciliogroup.com\/it\/rancilio-specialty-alla-1st-crack-coffee-challenge-2025\/#breadcrumb\",\"itemListElement\":[{\"@type\":\"ListItem\",\"position\":1,\"name\":\"Home\",\"item\":\"https:\/\/www.ranciliogroup.com\/it\/\"},{\"@type\":\"ListItem\",\"position\":2,\"name\":\"Rancilio Specialty alla 1st Crack Coffee Challenge 2025\"}]},{\"@type\":\"WebSite\",\"@id\":\"https:\/\/www.ranciliogroup.com\/it\/#website\",\"url\":\"https:\/\/www.ranciliogroup.com\/it\/\",\"name\":\"Rancilio Group\",\"description\":\"Leader delle Macchine da Caff\u00e8 Professionali\",\"publisher\":{\"@id\":\"https:\/\/www.ranciliogroup.com\/it\/#organization\"},\"potentialAction\":[{\"@type\":\"SearchAction\",\"target\":{\"@type\":\"EntryPoint\",\"urlTemplate\":\"https:\/\/www.ranciliogroup.com\/it\/?s={search_term_string}\"},\"query-input\":\"required name=search_term_string\"}],\"inLanguage\":\"it-IT\"},{\"@type\":\"Organization\",\"@id\":\"https:\/\/www.ranciliogroup.com\/it\/#organization\",\"name\":\"Rancilio Group\",\"url\":\"https:\/\/www.ranciliogroup.com\/it\/\",\"logo\":{\"@type\":\"ImageObject\",\"inLanguage\":\"it-IT\",\"@id\":\"https:\/\/www.ranciliogroup.com\/it\/#\/schema\/logo\/image\/\",\"url\":\"https:\/\/www.ranciliogroup.com\/app\/uploads\/2019\/07\/rancilio_black_logo.png\",\"contentUrl\":\"https:\/\/www.ranciliogroup.com\/app\/uploads\/2019\/07\/rancilio_black_logo.png\",\"width\":447,\"height\":57,\"caption\":\"Rancilio Group\"},\"image\":{\"@id\":\"https:\/\/www.ranciliogroup.com\/it\/#\/schema\/logo\/image\/\"},\"sameAs\":[\"https:\/\/www.facebook.com\/RancilioGroup\",\"https:\/\/twitter.com\/ranciliogroup\",\"https:\/\/www.instagram.com\/rancilio_official\/\",\"https:\/\/www.linkedin.com\/company\/ranciliogroup\/\",\"https:\/\/www.youtube.com\/user\/rancilioadmin\"]},{\"@type\":\"Person\",\"@id\":\"https:\/\/www.ranciliogroup.com\/it\/#\/schema\/person\/d6bf0a7dfe74cded3d64da8b2c92814c\",\"name\":\"temp circular\",\"image\":{\"@type\":\"ImageObject\",\"inLanguage\":\"it-IT\",\"@id\":\"https:\/\/www.ranciliogroup.com\/it\/#\/schema\/person\/image\/\",\"url\":\"https:\/\/secure.gravatar.com\/avatar\/569e71c3b97b8bcad1854d6579b35c5f?s=96&d=mm&r=g\",\"contentUrl\":\"https:\/\/secure.gravatar.com\/avatar\/569e71c3b97b8bcad1854d6579b35c5f?s=96&d=mm&r=g\",\"caption\":\"temp circular\"}}]}<\/script>\n<!-- \/ Yoast SEO plugin. -->","yoast_head_json":{"title":"Latest update about Rancilio Specialty alla 1st Crack Coffee Challenge 2025 - Rancilio Group","description":"Read Rancilio Group's latest news about Rancilio Specialty alla 1st Crack Coffee Challenge 2025","robots":{"index":"index","follow":"follow","max-snippet":"max-snippet:-1","max-image-preview":"max-image-preview:large","max-video-preview":"max-video-preview:-1"},"canonical":"https:\/\/www.ranciliogroup.com\/it\/rancilio-specialty-alla-1st-crack-coffee-challenge-2025\/","og_locale":"it_IT","og_type":"article","og_title":"Latest update about Rancilio Specialty alla 1st Crack Coffee Challenge 2025 - Rancilio Group","og_description":"Read Rancilio Group's latest news about Rancilio Specialty alla 1st Crack Coffee Challenge 2025","og_url":"https:\/\/www.ranciliogroup.com\/it\/rancilio-specialty-alla-1st-crack-coffee-challenge-2025\/","og_site_name":"Rancilio Group","article_publisher":"https:\/\/www.facebook.com\/RancilioGroup","article_published_time":"2025-09-04T07:46:51+00:00","og_image":[{"width":1080,"height":720,"url":"https:\/\/www.ranciliogroup.com\/app\/uploads\/2025\/09\/RS1_1CCC_2024.jpg","type":"image\/jpeg"}],"author":"temp circular","twitter_card":"summary_large_image","twitter_creator":"@ranciliogroup","twitter_site":"@ranciliogroup","twitter_misc":{"Scritto da":"temp circular","Tempo di lettura stimato":"1 minuto"},"schema":{"@context":"https:\/\/schema.org","@graph":[{"@type":"Article","@id":"https:\/\/www.ranciliogroup.com\/it\/rancilio-specialty-alla-1st-crack-coffee-challenge-2025\/#article","isPartOf":{"@id":"https:\/\/www.ranciliogroup.com\/it\/rancilio-specialty-alla-1st-crack-coffee-challenge-2025\/"},"author":{"name":"temp circular","@id":"https:\/\/www.ranciliogroup.com\/it\/#\/schema\/person\/d6bf0a7dfe74cded3d64da8b2c92814c"},"headline":"Rancilio Specialty alla 1st Crack Coffee Challenge 2025","datePublished":"2025-09-04T07:46:51+00:00","dateModified":"2025-09-04T07:46:51+00:00","mainEntityOfPage":{"@id":"https:\/\/www.ranciliogroup.com\/it\/rancilio-specialty-alla-1st-crack-coffee-challenge-2025\/"},"wordCount":186,"publisher":{"@id":"https:\/\/www.ranciliogroup.com\/it\/#organization"},"keywords":["First Crack Coffee Challenge","1CCC","Tokyo","Advanced Temperature Profiling","Latte Art","RS1"],"articleSection":["Eventi"],"inLanguage":"it-IT"},{"@type":"WebPage","@id":"https:\/\/www.ranciliogroup.com\/it\/rancilio-specialty-alla-1st-crack-coffee-challenge-2025\/","url":"https:\/\/www.ranciliogroup.com\/it\/rancilio-specialty-alla-1st-crack-coffee-challenge-2025\/","name":"Latest update about Rancilio Specialty alla 1st Crack Coffee Challenge 2025 - Rancilio Group","isPartOf":{"@id":"https:\/\/www.ranciliogroup.com\/it\/#website"},"datePublished":"2025-09-04T07:46:51+00:00","dateModified":"2025-09-04T07:46:51+00:00","description":"Read Rancilio Group's latest news about Rancilio Specialty alla 1st Crack Coffee Challenge 2025","breadcrumb":{"@id":"https:\/\/www.ranciliogroup.com\/it\/rancilio-specialty-alla-1st-crack-coffee-challenge-2025\/#breadcrumb"},"inLanguage":"it-IT","potentialAction":[{"@type":"ReadAction","target":["https:\/\/www.ranciliogroup.com\/it\/rancilio-specialty-alla-1st-crack-coffee-challenge-2025\/"]}]},{"@type":"BreadcrumbList","@id":"https:\/\/www.ranciliogroup.com\/it\/rancilio-specialty-alla-1st-crack-coffee-challenge-2025\/#breadcrumb","itemListElement":[{"@type":"ListItem","position":1,"name":"Home","item":"https:\/\/www.ranciliogroup.com\/it\/"},{"@type":"ListItem","position":2,"name":"Rancilio Specialty alla 1st Crack Coffee Challenge 2025"}]},{"@type":"WebSite","@id":"https:\/\/www.ranciliogroup.com\/it\/#website","url":"https:\/\/www.ranciliogroup.com\/it\/","name":"Rancilio Group","description":"Leader delle Macchine da Caff\u00e8 Professionali","publisher":{"@id":"https:\/\/www.ranciliogroup.com\/it\/#organization"},"potentialAction":[{"@type":"SearchAction","target":{"@type":"EntryPoint","urlTemplate":"https:\/\/www.ranciliogroup.com\/it\/?s={search_term_string}"},"query-input":"required name=search_term_string"}],"inLanguage":"it-IT"},{"@type":"Organization","@id":"https:\/\/www.ranciliogroup.com\/it\/#organization","name":"Rancilio Group","url":"https:\/\/www.ranciliogroup.com\/it\/","logo":{"@type":"ImageObject","inLanguage":"it-IT","@id":"https:\/\/www.ranciliogroup.com\/it\/#\/schema\/logo\/image\/","url":"https:\/\/www.ranciliogroup.com\/app\/uploads\/2019\/07\/rancilio_black_logo.png","contentUrl":"https:\/\/www.ranciliogroup.com\/app\/uploads\/2019\/07\/rancilio_black_logo.png","width":447,"height":57,"caption":"Rancilio Group"},"image":{"@id":"https:\/\/www.ranciliogroup.com\/it\/#\/schema\/logo\/image\/"},"sameAs":["https:\/\/www.facebook.com\/RancilioGroup","https:\/\/twitter.com\/ranciliogroup","https:\/\/www.instagram.com\/rancilio_official\/","https:\/\/www.linkedin.com\/company\/ranciliogroup\/","https:\/\/www.youtube.com\/user\/rancilioadmin"]},{"@type":"Person","@id":"https:\/\/www.ranciliogroup.com\/it\/#\/schema\/person\/d6bf0a7dfe74cded3d64da8b2c92814c","name":"temp circular","image":{"@type":"ImageObject","inLanguage":"it-IT","@id":"https:\/\/www.ranciliogroup.com\/it\/#\/schema\/person\/image\/","url":"https:\/\/secure.gravatar.com\/avatar\/569e71c3b97b8bcad1854d6579b35c5f?s=96&d=mm&r=g","contentUrl":"https:\/\/secure.gravatar.com\/avatar\/569e71c3b97b8bcad1854d6579b35c5f?s=96&d=mm&r=g","caption":"temp circular"}}]}},"_links":{"self":[{"href":"https:\/\/www.ranciliogroup.com\/it\/wp-json\/wp\/v2\/posts\/79668"}],"collection":[{"href":"https:\/\/www.ranciliogroup.com\/it\/wp-json\/wp\/v2\/posts"}],"about":[{"href":"https:\/\/www.ranciliogroup.com\/it\/wp-json\/wp\/v2\/types\/post"}],"author":[{"embeddable":true,"href":"https:\/\/www.ranciliogroup.com\/it\/wp-json\/wp\/v2\/users\/5"}],"replies":[{"embeddable":true,"href":"https:\/\/www.ranciliogroup.com\/it\/wp-json\/wp\/v2\/comments?post=79668"}],"version-history":[{"count":2,"href":"https:\/\/www.ranciliogroup.com\/it\/wp-json\/wp\/v2\/posts\/79668\/revisions"}],"predecessor-version":[{"id":79670,"href":"https:\/\/www.ranciliogroup.com\/it\/wp-json\/wp\/v2\/posts\/79668\/revisions\/79670"}],"wp:featuredmedia":[{"embeddable":true,"href":"https:\/\/www.ranciliogroup.com\/it\/wp-json\/wp\/v2\/media\/79663"}],"wp:attachment":[{"href":"https:\/\/www.ranciliogroup.com\/it\/wp-json\/wp\/v2\/media?parent=79668"}],"wp:term":[{"taxonomy":"category","embeddable":true,"href":"https:\/\/www.ranciliogroup.com\/it\/wp-json\/wp\/v2\/categories?post=79668"},{"taxonomy":"post_tag","embeddable":true,"href":"https:\/\/www.ranciliogroup.com\/it\/wp-json\/wp\/v2\/tags?post=79668"}],"curies":[{"name":"wp","href":"https:\/\/api.w.org\/{rel}","templated":true}]}}