{"id":82265,"date":"2026-03-12T11:23:12","date_gmt":"2026-03-12T10:23:12","guid":{"rendered":"https:\/\/www.ranciliogroup.com\/?p=82265"},"modified":"2026-03-25T09:12:02","modified_gmt":"2026-03-25T08:12:02","slug":"rancilio-specialty-rs1-sponsor-della-julius-meinl-barista-cup-2026","status":"publish","type":"post","link":"https:\/\/www.ranciliogroup.com\/it\/rancilio-specialty-rs1-sponsor-della-julius-meinl-barista-cup-2026\/","title":{"rendered":"Rancilio Specialty RS1 sponsor della Julius Meinl Barista Cup 2026"},"content":{"rendered":"<p>La Julius Meinl Barista Cup torna nel 2026, riunendo baristi di talento da tutto il mondo per celebrare artigianalit\u00e0, creativit\u00e0 e abilit\u00e0 nel caff\u00e8.<\/p>\n<p>In qualit\u00e0 di sponsor ufficiale, <strong>Rancilio Specialty<\/strong> supporta la competizione con la macchina per espresso professionale <strong>RS1<\/strong>. Progettata per garantire la massima precisione, RS1 combina tecnologia multi-boiler e Advanced Temperature Profiling, offrendo ai baristi un controllo pi\u00f9 accurato dello sviluppo aromatico, e permettendo loro di valorizzare dolcezza, acidit\u00e0 ed equilibrio in tazza.<\/p>\n<p>Da aprile a luglio 2026 si svolgeranno le competizioni nazionali in 17 Paesi: Austria, Bosnia-Erzegovina, Cina, Croazia, Repubblica Ceca, Georgia, Germania, Ungheria, Italia, Moldavia, Polonia, Romania, Slovacchia, Slovenia, Serbia, Emirati Arabi Uniti e Stati Uniti.<\/p>\n<p>I baristi, che si sfideranno in tre categorie (Espresso, Cappuccino e Signature Drink), saranno valutati da giudici d\u2019eccezione su tecnica, gusto e presentazione. Solo coloro che eccelleranno nelle tre categorie avranno la possibilit\u00e0 di sfidare gli altri vincitori nazionali alla Grand Finale di Vienna il 4 settembre.<\/p>\n<p>Pi\u00f9 di una competizione, la Julius Meinl Barista Cup celebra la comunit\u00e0 internazionale dei baristi, offrendo un palcoscenico dove talento, innovazione e passione per il caff\u00e8 si incontrano.<\/p>\n<p>&nbsp;<\/p>\n<p><strong>Prossime date:<\/strong><br \/>\n9 aprile \u00a0\u00a0\u00a0\u00a0\u00a0\u00a0\u00a0\u00a0\u00a0\u00a0\u00a0\u00a0 Emirati Arabi Uniti (da confermare)<br \/>\n16 e 17 aprile \u00a0 Slovacchia e Ungheria<br \/>\n29 aprile \u00a0\u00a0\u00a0\u00a0\u00a0\u00a0\u00a0\u00a0\u00a0\u00a0 Bosnia ed Erzegovina<br \/>\n15-30 aprile \u00a0\u00a0\u00a0\u00a0 Croazia<br \/>\n13 maggio \u00a0\u00a0\u00a0\u00a0\u00a0\u00a0\u00a0 Slovenia<br \/>\n5 o 15 maggio Serbia<br \/>\n22 maggio \u00a0\u00a0\u00a0\u00a0\u00a0\u00a0\u00a0 Italia<br \/>\n1 giugno \u00a0\u00a0\u00a0\u00a0\u00a0\u00a0\u00a0\u00a0\u00a0\u00a0\u00a0 Germania<br \/>\n3 giugno \u00a0\u00a0\u00a0\u00a0\u00a0\u00a0\u00a0\u00a0\u00a0\u00a0\u00a0 Repubblica Ceca<br \/>\n3 o 4 giugno \u00a0\u00a0\u00a0\u00a0 USA<br \/>\n11 giugno\u00a0\u00a0\u00a0\u00a0\u00a0\u00a0\u00a0\u00a0\u00a0 Austria<br \/>\n13 giugno \u00a0\u00a0\u00a0\u00a0\u00a0\u00a0\u00a0\u00a0 Polonia<br \/>\n23 giugno \u00a0\u00a0\u00a0\u00a0\u00a0\u00a0\u00a0\u00a0 Georgia<br \/>\n25 giugno \u00a0\u00a0\u00a0\u00a0\u00a0\u00a0\u00a0\u00a0 Cina<br \/>\n4 luglio \u00a0\u00a0\u00a0\u00a0\u00a0\u00a0\u00a0\u00a0\u00a0\u00a0\u00a0\u00a0\u00a0 Moldavia<br \/>\n9 luglio \u00a0\u00a0\u00a0\u00a0\u00a0\u00a0\u00a0\u00a0\u00a0\u00a0\u00a0\u00a0\u00a0 Romania<\/p>\n<p>&nbsp;<\/p>\n<p><a href=\"https:\/\/we.tl\/t-au74HKwGNqw0C1UD\"><strong>SCARICA IL PRESS KIT<\/strong><\/a><\/p>\n","protected":false},"excerpt":{"rendered":"<p>La Julius Meinl Barista Cup torna nel 2026, riunendo baristi di talento da tutto il mondo per celebrare artigianalit\u00e0, creativit\u00e0&#8230;<\/p>\n","protected":false},"author":5,"featured_media":82253,"comment_status":"closed","ping_status":"closed","sticky":false,"template":"","format":"standard","meta":[],"categories":[465],"tags":[4466,3454,4465,2587],"acf":[],"yoast_head":"<!-- This site is optimized with the Yoast SEO plugin v21.5 - https:\/\/yoast.com\/wordpress\/plugins\/seo\/ -->\n<title>Latest update about Rancilio Specialty RS1 sponsor della Julius Meinl Barista Cup 2026 - Rancilio Group<\/title>\n<meta name=\"description\" content=\"Read Rancilio Group&#039;s latest news about Rancilio Specialty RS1 sponsor della Julius Meinl Barista Cup 2026\" \/>\n<meta name=\"robots\" content=\"index, follow, max-snippet:-1, max-image-preview:large, max-video-preview:-1\" \/>\n<link rel=\"canonical\" href=\"https:\/\/www.ranciliogroup.com\/it\/rancilio-specialty-rs1-sponsor-della-julius-meinl-barista-cup-2026\/\" \/>\n<meta property=\"og:locale\" content=\"it_IT\" \/>\n<meta property=\"og:type\" content=\"article\" \/>\n<meta property=\"og:title\" content=\"Latest update about Rancilio Specialty RS1 sponsor della Julius Meinl Barista Cup 2026 - Rancilio Group\" \/>\n<meta property=\"og:description\" content=\"Read Rancilio Group&#039;s latest news about Rancilio Specialty RS1 sponsor della Julius Meinl Barista Cup 2026\" \/>\n<meta property=\"og:url\" content=\"https:\/\/www.ranciliogroup.com\/it\/rancilio-specialty-rs1-sponsor-della-julius-meinl-barista-cup-2026\/\" \/>\n<meta property=\"og:site_name\" content=\"Rancilio Group\" \/>\n<meta property=\"article:publisher\" content=\"https:\/\/www.facebook.com\/RancilioGroup\" \/>\n<meta property=\"article:published_time\" content=\"2026-03-12T10:23:12+00:00\" \/>\n<meta property=\"article:modified_time\" content=\"2026-03-25T08:12:02+00:00\" \/>\n<meta property=\"og:image\" content=\"https:\/\/www.ranciliogroup.com\/app\/uploads\/2026\/03\/JM_Barista_Cup_RS_RS1.jpg\" \/>\n\t<meta property=\"og:image:width\" content=\"1920\" \/>\n\t<meta property=\"og:image:height\" content=\"1080\" \/>\n\t<meta property=\"og:image:type\" content=\"image\/jpeg\" \/>\n<meta name=\"author\" content=\"temp circular\" \/>\n<meta name=\"twitter:card\" content=\"summary_large_image\" \/>\n<meta name=\"twitter:creator\" content=\"@ranciliogroup\" \/>\n<meta name=\"twitter:site\" content=\"@ranciliogroup\" \/>\n<meta name=\"twitter:label1\" content=\"Scritto da\" \/>\n\t<meta name=\"twitter:data1\" content=\"temp circular\" \/>\n\t<meta name=\"twitter:label2\" content=\"Tempo di lettura stimato\" \/>\n\t<meta name=\"twitter:data2\" content=\"2 minuti\" \/>\n<script type=\"application\/ld+json\" class=\"yoast-schema-graph\">{\"@context\":\"https:\/\/schema.org\",\"@graph\":[{\"@type\":\"Article\",\"@id\":\"https:\/\/www.ranciliogroup.com\/it\/rancilio-specialty-rs1-sponsor-della-julius-meinl-barista-cup-2026\/#article\",\"isPartOf\":{\"@id\":\"https:\/\/www.ranciliogroup.com\/it\/rancilio-specialty-rs1-sponsor-della-julius-meinl-barista-cup-2026\/\"},\"author\":{\"name\":\"temp circular\",\"@id\":\"https:\/\/www.ranciliogroup.com\/it\/#\/schema\/person\/d6bf0a7dfe74cded3d64da8b2c92814c\"},\"headline\":\"Rancilio Specialty RS1 sponsor della Julius Meinl Barista Cup 2026\",\"datePublished\":\"2026-03-12T10:23:12+00:00\",\"dateModified\":\"2026-03-25T08:12:02+00:00\",\"mainEntityOfPage\":{\"@id\":\"https:\/\/www.ranciliogroup.com\/it\/rancilio-specialty-rs1-sponsor-della-julius-meinl-barista-cup-2026\/\"},\"wordCount\":245,\"publisher\":{\"@id\":\"https:\/\/www.ranciliogroup.com\/it\/#organization\"},\"keywords\":[\"Advanced Temperature Prifiling\",\"Julius Meinl\",\"Julius Meinl Barista Cup\",\"RS1\"],\"articleSection\":[\"Eventi\"],\"inLanguage\":\"it-IT\"},{\"@type\":\"WebPage\",\"@id\":\"https:\/\/www.ranciliogroup.com\/it\/rancilio-specialty-rs1-sponsor-della-julius-meinl-barista-cup-2026\/\",\"url\":\"https:\/\/www.ranciliogroup.com\/it\/rancilio-specialty-rs1-sponsor-della-julius-meinl-barista-cup-2026\/\",\"name\":\"Latest update about Rancilio Specialty RS1 sponsor della Julius Meinl Barista Cup 2026 - Rancilio Group\",\"isPartOf\":{\"@id\":\"https:\/\/www.ranciliogroup.com\/it\/#website\"},\"datePublished\":\"2026-03-12T10:23:12+00:00\",\"dateModified\":\"2026-03-25T08:12:02+00:00\",\"description\":\"Read Rancilio Group's latest news about Rancilio Specialty RS1 sponsor della Julius Meinl Barista Cup 2026\",\"breadcrumb\":{\"@id\":\"https:\/\/www.ranciliogroup.com\/it\/rancilio-specialty-rs1-sponsor-della-julius-meinl-barista-cup-2026\/#breadcrumb\"},\"inLanguage\":\"it-IT\",\"potentialAction\":[{\"@type\":\"ReadAction\",\"target\":[\"https:\/\/www.ranciliogroup.com\/it\/rancilio-specialty-rs1-sponsor-della-julius-meinl-barista-cup-2026\/\"]}]},{\"@type\":\"BreadcrumbList\",\"@id\":\"https:\/\/www.ranciliogroup.com\/it\/rancilio-specialty-rs1-sponsor-della-julius-meinl-barista-cup-2026\/#breadcrumb\",\"itemListElement\":[{\"@type\":\"ListItem\",\"position\":1,\"name\":\"Home\",\"item\":\"https:\/\/www.ranciliogroup.com\/it\/\"},{\"@type\":\"ListItem\",\"position\":2,\"name\":\"Rancilio Specialty RS1 sponsor della Julius Meinl Barista Cup 2026\"}]},{\"@type\":\"WebSite\",\"@id\":\"https:\/\/www.ranciliogroup.com\/it\/#website\",\"url\":\"https:\/\/www.ranciliogroup.com\/it\/\",\"name\":\"Rancilio Group\",\"description\":\"Leader delle Macchine da Caff\u00e8 Professionali\",\"publisher\":{\"@id\":\"https:\/\/www.ranciliogroup.com\/it\/#organization\"},\"potentialAction\":[{\"@type\":\"SearchAction\",\"target\":{\"@type\":\"EntryPoint\",\"urlTemplate\":\"https:\/\/www.ranciliogroup.com\/it\/?s={search_term_string}\"},\"query-input\":\"required name=search_term_string\"}],\"inLanguage\":\"it-IT\"},{\"@type\":\"Organization\",\"@id\":\"https:\/\/www.ranciliogroup.com\/it\/#organization\",\"name\":\"Rancilio Group\",\"url\":\"https:\/\/www.ranciliogroup.com\/it\/\",\"logo\":{\"@type\":\"ImageObject\",\"inLanguage\":\"it-IT\",\"@id\":\"https:\/\/www.ranciliogroup.com\/it\/#\/schema\/logo\/image\/\",\"url\":\"https:\/\/www.ranciliogroup.com\/app\/uploads\/2019\/07\/rancilio_black_logo.png\",\"contentUrl\":\"https:\/\/www.ranciliogroup.com\/app\/uploads\/2019\/07\/rancilio_black_logo.png\",\"width\":447,\"height\":57,\"caption\":\"Rancilio Group\"},\"image\":{\"@id\":\"https:\/\/www.ranciliogroup.com\/it\/#\/schema\/logo\/image\/\"},\"sameAs\":[\"https:\/\/www.facebook.com\/RancilioGroup\",\"https:\/\/twitter.com\/ranciliogroup\",\"https:\/\/www.instagram.com\/rancilio_official\/\",\"https:\/\/www.linkedin.com\/company\/ranciliogroup\/\",\"https:\/\/www.youtube.com\/user\/rancilioadmin\"]},{\"@type\":\"Person\",\"@id\":\"https:\/\/www.ranciliogroup.com\/it\/#\/schema\/person\/d6bf0a7dfe74cded3d64da8b2c92814c\",\"name\":\"temp circular\",\"image\":{\"@type\":\"ImageObject\",\"inLanguage\":\"it-IT\",\"@id\":\"https:\/\/www.ranciliogroup.com\/it\/#\/schema\/person\/image\/\",\"url\":\"https:\/\/secure.gravatar.com\/avatar\/569e71c3b97b8bcad1854d6579b35c5f?s=96&d=mm&r=g\",\"contentUrl\":\"https:\/\/secure.gravatar.com\/avatar\/569e71c3b97b8bcad1854d6579b35c5f?s=96&d=mm&r=g\",\"caption\":\"temp circular\"}}]}<\/script>\n<!-- \/ Yoast SEO plugin. -->","yoast_head_json":{"title":"Latest update about Rancilio Specialty RS1 sponsor della Julius Meinl Barista Cup 2026 - Rancilio Group","description":"Read Rancilio Group's latest news about Rancilio Specialty RS1 sponsor della Julius Meinl Barista Cup 2026","robots":{"index":"index","follow":"follow","max-snippet":"max-snippet:-1","max-image-preview":"max-image-preview:large","max-video-preview":"max-video-preview:-1"},"canonical":"https:\/\/www.ranciliogroup.com\/it\/rancilio-specialty-rs1-sponsor-della-julius-meinl-barista-cup-2026\/","og_locale":"it_IT","og_type":"article","og_title":"Latest update about Rancilio Specialty RS1 sponsor della Julius Meinl Barista Cup 2026 - Rancilio Group","og_description":"Read Rancilio Group's latest news about Rancilio Specialty RS1 sponsor della Julius Meinl Barista Cup 2026","og_url":"https:\/\/www.ranciliogroup.com\/it\/rancilio-specialty-rs1-sponsor-della-julius-meinl-barista-cup-2026\/","og_site_name":"Rancilio Group","article_publisher":"https:\/\/www.facebook.com\/RancilioGroup","article_published_time":"2026-03-12T10:23:12+00:00","article_modified_time":"2026-03-25T08:12:02+00:00","og_image":[{"width":1920,"height":1080,"url":"https:\/\/www.ranciliogroup.com\/app\/uploads\/2026\/03\/JM_Barista_Cup_RS_RS1.jpg","type":"image\/jpeg"}],"author":"temp circular","twitter_card":"summary_large_image","twitter_creator":"@ranciliogroup","twitter_site":"@ranciliogroup","twitter_misc":{"Scritto da":"temp circular","Tempo di lettura stimato":"2 minuti"},"schema":{"@context":"https:\/\/schema.org","@graph":[{"@type":"Article","@id":"https:\/\/www.ranciliogroup.com\/it\/rancilio-specialty-rs1-sponsor-della-julius-meinl-barista-cup-2026\/#article","isPartOf":{"@id":"https:\/\/www.ranciliogroup.com\/it\/rancilio-specialty-rs1-sponsor-della-julius-meinl-barista-cup-2026\/"},"author":{"name":"temp circular","@id":"https:\/\/www.ranciliogroup.com\/it\/#\/schema\/person\/d6bf0a7dfe74cded3d64da8b2c92814c"},"headline":"Rancilio Specialty RS1 sponsor della Julius Meinl Barista Cup 2026","datePublished":"2026-03-12T10:23:12+00:00","dateModified":"2026-03-25T08:12:02+00:00","mainEntityOfPage":{"@id":"https:\/\/www.ranciliogroup.com\/it\/rancilio-specialty-rs1-sponsor-della-julius-meinl-barista-cup-2026\/"},"wordCount":245,"publisher":{"@id":"https:\/\/www.ranciliogroup.com\/it\/#organization"},"keywords":["Advanced Temperature Prifiling","Julius Meinl","Julius Meinl Barista Cup","RS1"],"articleSection":["Eventi"],"inLanguage":"it-IT"},{"@type":"WebPage","@id":"https:\/\/www.ranciliogroup.com\/it\/rancilio-specialty-rs1-sponsor-della-julius-meinl-barista-cup-2026\/","url":"https:\/\/www.ranciliogroup.com\/it\/rancilio-specialty-rs1-sponsor-della-julius-meinl-barista-cup-2026\/","name":"Latest update about Rancilio Specialty RS1 sponsor della Julius Meinl Barista Cup 2026 - Rancilio Group","isPartOf":{"@id":"https:\/\/www.ranciliogroup.com\/it\/#website"},"datePublished":"2026-03-12T10:23:12+00:00","dateModified":"2026-03-25T08:12:02+00:00","description":"Read Rancilio Group's latest news about Rancilio Specialty RS1 sponsor della Julius Meinl Barista Cup 2026","breadcrumb":{"@id":"https:\/\/www.ranciliogroup.com\/it\/rancilio-specialty-rs1-sponsor-della-julius-meinl-barista-cup-2026\/#breadcrumb"},"inLanguage":"it-IT","potentialAction":[{"@type":"ReadAction","target":["https:\/\/www.ranciliogroup.com\/it\/rancilio-specialty-rs1-sponsor-della-julius-meinl-barista-cup-2026\/"]}]},{"@type":"BreadcrumbList","@id":"https:\/\/www.ranciliogroup.com\/it\/rancilio-specialty-rs1-sponsor-della-julius-meinl-barista-cup-2026\/#breadcrumb","itemListElement":[{"@type":"ListItem","position":1,"name":"Home","item":"https:\/\/www.ranciliogroup.com\/it\/"},{"@type":"ListItem","position":2,"name":"Rancilio Specialty RS1 sponsor della Julius Meinl Barista Cup 2026"}]},{"@type":"WebSite","@id":"https:\/\/www.ranciliogroup.com\/it\/#website","url":"https:\/\/www.ranciliogroup.com\/it\/","name":"Rancilio Group","description":"Leader delle Macchine da Caff\u00e8 Professionali","publisher":{"@id":"https:\/\/www.ranciliogroup.com\/it\/#organization"},"potentialAction":[{"@type":"SearchAction","target":{"@type":"EntryPoint","urlTemplate":"https:\/\/www.ranciliogroup.com\/it\/?s={search_term_string}"},"query-input":"required name=search_term_string"}],"inLanguage":"it-IT"},{"@type":"Organization","@id":"https:\/\/www.ranciliogroup.com\/it\/#organization","name":"Rancilio Group","url":"https:\/\/www.ranciliogroup.com\/it\/","logo":{"@type":"ImageObject","inLanguage":"it-IT","@id":"https:\/\/www.ranciliogroup.com\/it\/#\/schema\/logo\/image\/","url":"https:\/\/www.ranciliogroup.com\/app\/uploads\/2019\/07\/rancilio_black_logo.png","contentUrl":"https:\/\/www.ranciliogroup.com\/app\/uploads\/2019\/07\/rancilio_black_logo.png","width":447,"height":57,"caption":"Rancilio Group"},"image":{"@id":"https:\/\/www.ranciliogroup.com\/it\/#\/schema\/logo\/image\/"},"sameAs":["https:\/\/www.facebook.com\/RancilioGroup","https:\/\/twitter.com\/ranciliogroup","https:\/\/www.instagram.com\/rancilio_official\/","https:\/\/www.linkedin.com\/company\/ranciliogroup\/","https:\/\/www.youtube.com\/user\/rancilioadmin"]},{"@type":"Person","@id":"https:\/\/www.ranciliogroup.com\/it\/#\/schema\/person\/d6bf0a7dfe74cded3d64da8b2c92814c","name":"temp circular","image":{"@type":"ImageObject","inLanguage":"it-IT","@id":"https:\/\/www.ranciliogroup.com\/it\/#\/schema\/person\/image\/","url":"https:\/\/secure.gravatar.com\/avatar\/569e71c3b97b8bcad1854d6579b35c5f?s=96&d=mm&r=g","contentUrl":"https:\/\/secure.gravatar.com\/avatar\/569e71c3b97b8bcad1854d6579b35c5f?s=96&d=mm&r=g","caption":"temp circular"}}]}},"_links":{"self":[{"href":"https:\/\/www.ranciliogroup.com\/it\/wp-json\/wp\/v2\/posts\/82265"}],"collection":[{"href":"https:\/\/www.ranciliogroup.com\/it\/wp-json\/wp\/v2\/posts"}],"about":[{"href":"https:\/\/www.ranciliogroup.com\/it\/wp-json\/wp\/v2\/types\/post"}],"author":[{"embeddable":true,"href":"https:\/\/www.ranciliogroup.com\/it\/wp-json\/wp\/v2\/users\/5"}],"replies":[{"embeddable":true,"href":"https:\/\/www.ranciliogroup.com\/it\/wp-json\/wp\/v2\/comments?post=82265"}],"version-history":[{"count":2,"href":"https:\/\/www.ranciliogroup.com\/it\/wp-json\/wp\/v2\/posts\/82265\/revisions"}],"predecessor-version":[{"id":82856,"href":"https:\/\/www.ranciliogroup.com\/it\/wp-json\/wp\/v2\/posts\/82265\/revisions\/82856"}],"wp:featuredmedia":[{"embeddable":true,"href":"https:\/\/www.ranciliogroup.com\/it\/wp-json\/wp\/v2\/media\/82253"}],"wp:attachment":[{"href":"https:\/\/www.ranciliogroup.com\/it\/wp-json\/wp\/v2\/media?parent=82265"}],"wp:term":[{"taxonomy":"category","embeddable":true,"href":"https:\/\/www.ranciliogroup.com\/it\/wp-json\/wp\/v2\/categories?post=82265"},{"taxonomy":"post_tag","embeddable":true,"href":"https:\/\/www.ranciliogroup.com\/it\/wp-json\/wp\/v2\/tags?post=82265"}],"curies":[{"name":"wp","href":"https:\/\/api.w.org\/{rel}","templated":true}]}}