{"id":83693,"date":"2026-04-28T14:19:10","date_gmt":"2026-04-28T12:19:10","guid":{"rendered":"https:\/\/www.ranciliogroup.com\/?p=83693"},"modified":"2026-04-28T14:19:10","modified_gmt":"2026-04-28T12:19:10","slug":"rancilio-rancilio-specialty-ed-egro-al-national-restaurant-show","status":"publish","type":"post","link":"https:\/\/www.ranciliogroup.com\/it\/rancilio-rancilio-specialty-ed-egro-al-national-restaurant-show\/","title":{"rendered":"Rancilio, Rancilio Specialty ed Egro al National Restaurant Show"},"content":{"rendered":"<p>Dal 16 al 19 maggio 2026, Rancilio, Rancilio Specialty ed Egro accoglieranno migliaia di professionisti del foodservice presso lo stand Welbilt al National Restaurant Association Show.<\/p>\n<p>Rancilio Specialty Invicta mostrer\u00e0 il potenziale di ogni estrazione per gli appassionati di caff\u00e8. Progettata per semplificare il servizio, rende la tecnologia di estrazione avanzata pi\u00f9 accessibile ai baristi grazie al controllo elettronico preciso di caff\u00e8, acqua e vapore e migliora l\u2019efficienza del flusso di lavoro.<\/p>\n<p>La nuova Rancilio Classe 5 Crono si basa sul successo della Classe 5 USB e introduce un display digitale integrato con shot timer per ciascun gruppo. Abbinata al macinadosatore Rancilio Kryo, garantisce costanza e qualit\u00e0 elevate durante il servizio.<\/p>\n<p>Egro presenter\u00e0 le sue soluzioni completamente automatiche sia allo stand sia nella Hospitality Area, tra cui i modelli di punta Next ed Egro Touch Coffee. Con un design elegante e compatto, progettato per facilitare la manutenzione, queste macchine offrono caff\u00e8 di alta qualit\u00e0 dal chicco alla tazza, semplicit\u00e0 d\u2019uso e un\u2019ampia e versatile offerta di bevande.<\/p>\n<p>Evento di riferimento per il settore del foodservice, il National Restaurant Show rappresenta un\u2019opportunit\u00e0 unica per scoprire tecnologie innovative, nuovi prodotti e trend globali.<\/p>\n<p><strong>\u00a0<\/strong><\/p>\n<p>&nbsp;<\/p>\n<p><strong>The National Restaurant Show<\/strong><br \/>\nDal 16 al 19 maggio, 2026<br \/>\nStand #4801<br \/>\n<a href=\"https:\/\/www.google.com\/maps\/place\/McCormick+Place+Lakeside+Center,+East+Building\/@41.8458004,-87.6331527,14z\/data=!3m1!5s0x880e2b824951fd8b:0xc46f8ba4eba96fb0!4m6!3m5!1s0x880e2b80c4121197:0x72ccc5d868eedc85!8m2!3d41.8523139!4d-87.6118774!16s%2Fg%2F11g8np5w3r?authuser=0&amp;entry=ttu\">McCormick Place<\/a><br \/>\nSouth Building<br \/>\n2301 S Martin Luther King Dr<br \/>\nChicago, IL 60616, USA<\/p>\n<p>&nbsp;<\/p>\n<p>&nbsp;<\/p>\n","protected":false},"excerpt":{"rendered":"<p>Dal 16 al 19 maggio 2026, Rancilio, Rancilio Specialty ed Egro accoglieranno migliaia di professionisti del foodservice presso lo stand&#8230;<\/p>\n","protected":false},"author":5,"featured_media":83682,"comment_status":"closed","ping_status":"closed","sticky":false,"template":"","format":"standard","meta":[],"categories":[465],"tags":[4525,4526,4527,4279,2917,2645,2619,2618],"acf":[],"yoast_head":"<!-- This site is optimized with the Yoast SEO plugin v21.5 - https:\/\/yoast.com\/wordpress\/plugins\/seo\/ -->\n<title>Latest update about Rancilio, Rancilio Specialty ed Egro al National Restaurant Show - Rancilio Group<\/title>\n<meta name=\"description\" content=\"Read Rancilio Group&#039;s latest news about Rancilio, Rancilio Specialty ed Egro al National Restaurant Show\" \/>\n<meta name=\"robots\" content=\"index, follow, max-snippet:-1, max-image-preview:large, max-video-preview:-1\" \/>\n<link rel=\"canonical\" href=\"https:\/\/www.ranciliogroup.com\/it\/rancilio-rancilio-specialty-ed-egro-al-national-restaurant-show\/\" \/>\n<meta property=\"og:locale\" content=\"it_IT\" \/>\n<meta property=\"og:type\" content=\"article\" \/>\n<meta property=\"og:title\" content=\"Latest update about Rancilio, Rancilio Specialty ed Egro al National Restaurant Show - Rancilio Group\" \/>\n<meta property=\"og:description\" content=\"Read Rancilio Group&#039;s latest news about Rancilio, Rancilio Specialty ed Egro al National Restaurant Show\" \/>\n<meta property=\"og:url\" content=\"https:\/\/www.ranciliogroup.com\/it\/rancilio-rancilio-specialty-ed-egro-al-national-restaurant-show\/\" \/>\n<meta property=\"og:site_name\" content=\"Rancilio Group\" \/>\n<meta property=\"article:publisher\" content=\"https:\/\/www.facebook.com\/RancilioGroup\" \/>\n<meta property=\"article:published_time\" content=\"2026-04-28T12:19:10+00:00\" \/>\n<meta property=\"og:image\" content=\"https:\/\/www.ranciliogroup.com\/app\/uploads\/2026\/04\/NRA_RG_2026.jpg\" \/>\n\t<meta property=\"og:image:width\" content=\"1920\" \/>\n\t<meta property=\"og:image:height\" content=\"1080\" \/>\n\t<meta property=\"og:image:type\" content=\"image\/jpeg\" \/>\n<meta name=\"author\" content=\"temp circular\" \/>\n<meta name=\"twitter:card\" content=\"summary_large_image\" \/>\n<meta name=\"twitter:creator\" content=\"@ranciliogroup\" \/>\n<meta name=\"twitter:site\" content=\"@ranciliogroup\" \/>\n<meta name=\"twitter:label1\" content=\"Scritto da\" \/>\n\t<meta name=\"twitter:data1\" content=\"temp circular\" \/>\n\t<meta name=\"twitter:label2\" content=\"Tempo di lettura stimato\" \/>\n\t<meta name=\"twitter:data2\" content=\"1 minuto\" \/>\n<script type=\"application\/ld+json\" class=\"yoast-schema-graph\">{\"@context\":\"https:\/\/schema.org\",\"@graph\":[{\"@type\":\"Article\",\"@id\":\"https:\/\/www.ranciliogroup.com\/it\/rancilio-rancilio-specialty-ed-egro-al-national-restaurant-show\/#article\",\"isPartOf\":{\"@id\":\"https:\/\/www.ranciliogroup.com\/it\/rancilio-rancilio-specialty-ed-egro-al-national-restaurant-show\/\"},\"author\":{\"name\":\"temp circular\",\"@id\":\"https:\/\/www.ranciliogroup.com\/it\/#\/schema\/person\/d6bf0a7dfe74cded3d64da8b2c92814c\"},\"headline\":\"Rancilio, Rancilio Specialty ed Egro al National Restaurant Show\",\"datePublished\":\"2026-04-28T12:19:10+00:00\",\"dateModified\":\"2026-04-28T12:19:10+00:00\",\"mainEntityOfPage\":{\"@id\":\"https:\/\/www.ranciliogroup.com\/it\/rancilio-rancilio-specialty-ed-egro-al-national-restaurant-show\/\"},\"wordCount\":222,\"publisher\":{\"@id\":\"https:\/\/www.ranciliogroup.com\/it\/#organization\"},\"keywords\":[\"National Restaurant Association Show\",\"NRA Show\",\"Chicago\",\"Classe 5 Crono\",\"Touch Coffee\",\"Next\",\"Kryo\",\"Invicta\"],\"articleSection\":[\"Eventi\"],\"inLanguage\":\"it-IT\"},{\"@type\":\"WebPage\",\"@id\":\"https:\/\/www.ranciliogroup.com\/it\/rancilio-rancilio-specialty-ed-egro-al-national-restaurant-show\/\",\"url\":\"https:\/\/www.ranciliogroup.com\/it\/rancilio-rancilio-specialty-ed-egro-al-national-restaurant-show\/\",\"name\":\"Latest update about Rancilio, Rancilio Specialty ed Egro al National Restaurant Show - Rancilio Group\",\"isPartOf\":{\"@id\":\"https:\/\/www.ranciliogroup.com\/it\/#website\"},\"datePublished\":\"2026-04-28T12:19:10+00:00\",\"dateModified\":\"2026-04-28T12:19:10+00:00\",\"description\":\"Read Rancilio Group's latest news about Rancilio, Rancilio Specialty ed Egro al National Restaurant Show\",\"breadcrumb\":{\"@id\":\"https:\/\/www.ranciliogroup.com\/it\/rancilio-rancilio-specialty-ed-egro-al-national-restaurant-show\/#breadcrumb\"},\"inLanguage\":\"it-IT\",\"potentialAction\":[{\"@type\":\"ReadAction\",\"target\":[\"https:\/\/www.ranciliogroup.com\/it\/rancilio-rancilio-specialty-ed-egro-al-national-restaurant-show\/\"]}]},{\"@type\":\"BreadcrumbList\",\"@id\":\"https:\/\/www.ranciliogroup.com\/it\/rancilio-rancilio-specialty-ed-egro-al-national-restaurant-show\/#breadcrumb\",\"itemListElement\":[{\"@type\":\"ListItem\",\"position\":1,\"name\":\"Home\",\"item\":\"https:\/\/www.ranciliogroup.com\/it\/\"},{\"@type\":\"ListItem\",\"position\":2,\"name\":\"Rancilio, Rancilio Specialty ed Egro al National Restaurant Show\"}]},{\"@type\":\"WebSite\",\"@id\":\"https:\/\/www.ranciliogroup.com\/it\/#website\",\"url\":\"https:\/\/www.ranciliogroup.com\/it\/\",\"name\":\"Rancilio Group\",\"description\":\"Leader delle Macchine da Caff\u00e8 Professionali\",\"publisher\":{\"@id\":\"https:\/\/www.ranciliogroup.com\/it\/#organization\"},\"potentialAction\":[{\"@type\":\"SearchAction\",\"target\":{\"@type\":\"EntryPoint\",\"urlTemplate\":\"https:\/\/www.ranciliogroup.com\/it\/?s={search_term_string}\"},\"query-input\":\"required name=search_term_string\"}],\"inLanguage\":\"it-IT\"},{\"@type\":\"Organization\",\"@id\":\"https:\/\/www.ranciliogroup.com\/it\/#organization\",\"name\":\"Rancilio Group\",\"url\":\"https:\/\/www.ranciliogroup.com\/it\/\",\"logo\":{\"@type\":\"ImageObject\",\"inLanguage\":\"it-IT\",\"@id\":\"https:\/\/www.ranciliogroup.com\/it\/#\/schema\/logo\/image\/\",\"url\":\"https:\/\/www.ranciliogroup.com\/app\/uploads\/2019\/07\/rancilio_black_logo.png\",\"contentUrl\":\"https:\/\/www.ranciliogroup.com\/app\/uploads\/2019\/07\/rancilio_black_logo.png\",\"width\":447,\"height\":57,\"caption\":\"Rancilio Group\"},\"image\":{\"@id\":\"https:\/\/www.ranciliogroup.com\/it\/#\/schema\/logo\/image\/\"},\"sameAs\":[\"https:\/\/www.facebook.com\/RancilioGroup\",\"https:\/\/twitter.com\/ranciliogroup\",\"https:\/\/www.instagram.com\/rancilio_official\/\",\"https:\/\/www.linkedin.com\/company\/ranciliogroup\/\",\"https:\/\/www.youtube.com\/user\/rancilioadmin\"]},{\"@type\":\"Person\",\"@id\":\"https:\/\/www.ranciliogroup.com\/it\/#\/schema\/person\/d6bf0a7dfe74cded3d64da8b2c92814c\",\"name\":\"temp circular\",\"image\":{\"@type\":\"ImageObject\",\"inLanguage\":\"it-IT\",\"@id\":\"https:\/\/www.ranciliogroup.com\/it\/#\/schema\/person\/image\/\",\"url\":\"https:\/\/secure.gravatar.com\/avatar\/569e71c3b97b8bcad1854d6579b35c5f?s=96&d=mm&r=g\",\"contentUrl\":\"https:\/\/secure.gravatar.com\/avatar\/569e71c3b97b8bcad1854d6579b35c5f?s=96&d=mm&r=g\",\"caption\":\"temp circular\"}}]}<\/script>\n<!-- \/ Yoast SEO plugin. -->","yoast_head_json":{"title":"Latest update about Rancilio, Rancilio Specialty ed Egro al National Restaurant Show - Rancilio Group","description":"Read Rancilio Group's latest news about Rancilio, Rancilio Specialty ed Egro al National Restaurant Show","robots":{"index":"index","follow":"follow","max-snippet":"max-snippet:-1","max-image-preview":"max-image-preview:large","max-video-preview":"max-video-preview:-1"},"canonical":"https:\/\/www.ranciliogroup.com\/it\/rancilio-rancilio-specialty-ed-egro-al-national-restaurant-show\/","og_locale":"it_IT","og_type":"article","og_title":"Latest update about Rancilio, Rancilio Specialty ed Egro al National Restaurant Show - Rancilio Group","og_description":"Read Rancilio Group's latest news about Rancilio, Rancilio Specialty ed Egro al National Restaurant Show","og_url":"https:\/\/www.ranciliogroup.com\/it\/rancilio-rancilio-specialty-ed-egro-al-national-restaurant-show\/","og_site_name":"Rancilio Group","article_publisher":"https:\/\/www.facebook.com\/RancilioGroup","article_published_time":"2026-04-28T12:19:10+00:00","og_image":[{"width":1920,"height":1080,"url":"https:\/\/www.ranciliogroup.com\/app\/uploads\/2026\/04\/NRA_RG_2026.jpg","type":"image\/jpeg"}],"author":"temp circular","twitter_card":"summary_large_image","twitter_creator":"@ranciliogroup","twitter_site":"@ranciliogroup","twitter_misc":{"Scritto da":"temp circular","Tempo di lettura stimato":"1 minuto"},"schema":{"@context":"https:\/\/schema.org","@graph":[{"@type":"Article","@id":"https:\/\/www.ranciliogroup.com\/it\/rancilio-rancilio-specialty-ed-egro-al-national-restaurant-show\/#article","isPartOf":{"@id":"https:\/\/www.ranciliogroup.com\/it\/rancilio-rancilio-specialty-ed-egro-al-national-restaurant-show\/"},"author":{"name":"temp circular","@id":"https:\/\/www.ranciliogroup.com\/it\/#\/schema\/person\/d6bf0a7dfe74cded3d64da8b2c92814c"},"headline":"Rancilio, Rancilio Specialty ed Egro al National Restaurant Show","datePublished":"2026-04-28T12:19:10+00:00","dateModified":"2026-04-28T12:19:10+00:00","mainEntityOfPage":{"@id":"https:\/\/www.ranciliogroup.com\/it\/rancilio-rancilio-specialty-ed-egro-al-national-restaurant-show\/"},"wordCount":222,"publisher":{"@id":"https:\/\/www.ranciliogroup.com\/it\/#organization"},"keywords":["National Restaurant Association Show","NRA Show","Chicago","Classe 5 Crono","Touch Coffee","Next","Kryo","Invicta"],"articleSection":["Eventi"],"inLanguage":"it-IT"},{"@type":"WebPage","@id":"https:\/\/www.ranciliogroup.com\/it\/rancilio-rancilio-specialty-ed-egro-al-national-restaurant-show\/","url":"https:\/\/www.ranciliogroup.com\/it\/rancilio-rancilio-specialty-ed-egro-al-national-restaurant-show\/","name":"Latest update about Rancilio, Rancilio Specialty ed Egro al National Restaurant Show - Rancilio Group","isPartOf":{"@id":"https:\/\/www.ranciliogroup.com\/it\/#website"},"datePublished":"2026-04-28T12:19:10+00:00","dateModified":"2026-04-28T12:19:10+00:00","description":"Read Rancilio Group's latest news about Rancilio, Rancilio Specialty ed Egro al National Restaurant Show","breadcrumb":{"@id":"https:\/\/www.ranciliogroup.com\/it\/rancilio-rancilio-specialty-ed-egro-al-national-restaurant-show\/#breadcrumb"},"inLanguage":"it-IT","potentialAction":[{"@type":"ReadAction","target":["https:\/\/www.ranciliogroup.com\/it\/rancilio-rancilio-specialty-ed-egro-al-national-restaurant-show\/"]}]},{"@type":"BreadcrumbList","@id":"https:\/\/www.ranciliogroup.com\/it\/rancilio-rancilio-specialty-ed-egro-al-national-restaurant-show\/#breadcrumb","itemListElement":[{"@type":"ListItem","position":1,"name":"Home","item":"https:\/\/www.ranciliogroup.com\/it\/"},{"@type":"ListItem","position":2,"name":"Rancilio, Rancilio Specialty ed Egro al National Restaurant Show"}]},{"@type":"WebSite","@id":"https:\/\/www.ranciliogroup.com\/it\/#website","url":"https:\/\/www.ranciliogroup.com\/it\/","name":"Rancilio Group","description":"Leader delle Macchine da Caff\u00e8 Professionali","publisher":{"@id":"https:\/\/www.ranciliogroup.com\/it\/#organization"},"potentialAction":[{"@type":"SearchAction","target":{"@type":"EntryPoint","urlTemplate":"https:\/\/www.ranciliogroup.com\/it\/?s={search_term_string}"},"query-input":"required name=search_term_string"}],"inLanguage":"it-IT"},{"@type":"Organization","@id":"https:\/\/www.ranciliogroup.com\/it\/#organization","name":"Rancilio Group","url":"https:\/\/www.ranciliogroup.com\/it\/","logo":{"@type":"ImageObject","inLanguage":"it-IT","@id":"https:\/\/www.ranciliogroup.com\/it\/#\/schema\/logo\/image\/","url":"https:\/\/www.ranciliogroup.com\/app\/uploads\/2019\/07\/rancilio_black_logo.png","contentUrl":"https:\/\/www.ranciliogroup.com\/app\/uploads\/2019\/07\/rancilio_black_logo.png","width":447,"height":57,"caption":"Rancilio Group"},"image":{"@id":"https:\/\/www.ranciliogroup.com\/it\/#\/schema\/logo\/image\/"},"sameAs":["https:\/\/www.facebook.com\/RancilioGroup","https:\/\/twitter.com\/ranciliogroup","https:\/\/www.instagram.com\/rancilio_official\/","https:\/\/www.linkedin.com\/company\/ranciliogroup\/","https:\/\/www.youtube.com\/user\/rancilioadmin"]},{"@type":"Person","@id":"https:\/\/www.ranciliogroup.com\/it\/#\/schema\/person\/d6bf0a7dfe74cded3d64da8b2c92814c","name":"temp circular","image":{"@type":"ImageObject","inLanguage":"it-IT","@id":"https:\/\/www.ranciliogroup.com\/it\/#\/schema\/person\/image\/","url":"https:\/\/secure.gravatar.com\/avatar\/569e71c3b97b8bcad1854d6579b35c5f?s=96&d=mm&r=g","contentUrl":"https:\/\/secure.gravatar.com\/avatar\/569e71c3b97b8bcad1854d6579b35c5f?s=96&d=mm&r=g","caption":"temp circular"}}]}},"_links":{"self":[{"href":"https:\/\/www.ranciliogroup.com\/it\/wp-json\/wp\/v2\/posts\/83693"}],"collection":[{"href":"https:\/\/www.ranciliogroup.com\/it\/wp-json\/wp\/v2\/posts"}],"about":[{"href":"https:\/\/www.ranciliogroup.com\/it\/wp-json\/wp\/v2\/types\/post"}],"author":[{"embeddable":true,"href":"https:\/\/www.ranciliogroup.com\/it\/wp-json\/wp\/v2\/users\/5"}],"replies":[{"embeddable":true,"href":"https:\/\/www.ranciliogroup.com\/it\/wp-json\/wp\/v2\/comments?post=83693"}],"version-history":[{"count":2,"href":"https:\/\/www.ranciliogroup.com\/it\/wp-json\/wp\/v2\/posts\/83693\/revisions"}],"predecessor-version":[{"id":83695,"href":"https:\/\/www.ranciliogroup.com\/it\/wp-json\/wp\/v2\/posts\/83693\/revisions\/83695"}],"wp:featuredmedia":[{"embeddable":true,"href":"https:\/\/www.ranciliogroup.com\/it\/wp-json\/wp\/v2\/media\/83682"}],"wp:attachment":[{"href":"https:\/\/www.ranciliogroup.com\/it\/wp-json\/wp\/v2\/media?parent=83693"}],"wp:term":[{"taxonomy":"category","embeddable":true,"href":"https:\/\/www.ranciliogroup.com\/it\/wp-json\/wp\/v2\/categories?post=83693"},{"taxonomy":"post_tag","embeddable":true,"href":"https:\/\/www.ranciliogroup.com\/it\/wp-json\/wp\/v2\/tags?post=83693"}],"curies":[{"name":"wp","href":"https:\/\/api.w.org\/{rel}","templated":true}]}}