{"id":25406,"date":"2021-10-22T06:30:25","date_gmt":"2021-10-22T04:30:25","guid":{"rendered":"https:\/\/www.ranciliogroup.com\/rancilio-group-at-host-milano-2021-2\/"},"modified":"2021-10-22T06:30:25","modified_gmt":"2021-10-22T04:30:25","slug":"rancilio-group-at-host-milano-2021-2","status":"publish","type":"post","link":"https:\/\/www.ranciliogroup.com\/pt-pt\/rancilio-group-at-host-milano-2021-2\/","title":{"rendered":"Rancilio Group at Host Milano 2021"},"content":{"rendered":"<p><strong>Rancilio Group<\/strong> will be one of the key players at the 42nd edition of <strong>Host<\/strong>, the international exhibition dedicated to the world of Ho.Re.Ca scheduled to take place in <strong>Milano from 22 to 26 October<\/strong>. In the heart of <strong>Hall 24<\/strong>, the Rancilio Group stand will offer an overview of what&#8217;s new in the <strong>Rancilio, Egro and Rancilio Specialty<\/strong> brands, from new products to new technological solutions, with a focus on services and the main projects developed in the last two years.<\/p>\n<p>In the area dedicated to the <strong>Rancilio<\/strong> brand, the spotlight will be on the restyling of the <strong>Classe 5<\/strong> and <strong>Classe 7<\/strong>, two of the most classic models in the line of traditional espresso machines, which are making their debut in updated versions with a <strong>new design<\/strong>, <strong>new equipment<\/strong>, and the same reliability as always. But the main innovations for these new versions concern the <strong>temperature control technologies<\/strong>. The new Classe 5 and Classe 7 come with <strong>Steady Brew<\/strong>, the patented technology that guarantees excellent thermal stability and maximum repeatability. Optional for Classe 7 is also available <strong>T-Switch<\/strong>, the practical 4-position knob that allows you to set a different temperature for each group even for single boiler espresso machines. The new Classe 5 and Classe 7 espresso machines will also feature the <strong>new chromed brass portafilter<\/strong> that will be standard with all Rancilio espresso machines: ergonomic, customisable and designed to accommodate filters up to 21 grams. There will also be a showcase for the new grinders from the <strong>Rancilio Grindtec<\/strong> line. Both the <strong>Kryo Evo<\/strong> dosing grinder series, with its innovative anti-clumping technology and three new colours, and <strong>Stile<\/strong>, the ultra-compact on-demand dosing grinder suitable for both professional and home use, will make their debut at Host. For Silvia fans, in the area dedicated to the Home line, it will be possible to discover the new colours and also <strong>Silvia Pro X<\/strong>, the evolution of Silvia Pro with pressure gauge, new portafilter and <strong>soft pre-infusion<\/strong>.<\/p>\n<p>An entire side of the stand will be reserved for the fully automatic coffee machines by <strong>Egro<\/strong>, which returns to Host with a new graphic design, a new logo and two new products in the spotlight, reflecting the new brand identity. The new <strong>Egro QuBe<\/strong> is designed for the Hospitality and Office Coffee Service (OCS) sectors, and for all locations with low daily consumption that require a varied coffee menu. QuBe offers up to 7 different configurations with 1 or 2 coffee grinders, up to 2 hoppers for powders and fresh milk. The other new product is <strong>Egro MoDe<\/strong>, which incorporates the latest Egro technology in a compact format and is designed for all medium consumption Ho.Re.Ca. premises. The visitors will also discover the new version of <strong>Touch Coffee<\/strong>, the fully automatic drip coffee machine with built-in <strong>Coffee Cooler<\/strong>.<\/p>\n<p>Rancilio Specialty will introduce the new <strong>RS1<\/strong> equipped with <strong>pre-infusion<\/strong> and <strong>post-infusion<\/strong> control technology. This is a new feature developed for Specialty Coffee baristas which, combined with the <strong>Advanced Temperature Profiling<\/strong> already included, represents a further step forward in the research on coffee extraction carried out by Rancilio LAB. For the event, RS1 will be showcased in the Black version and in <strong>4 versions customised with the year&#8217;s colours<\/strong>.<\/p>\n<p>The stand will house special corners dedicated to the <strong>Digital Training Center<\/strong>, which promotes online training courses for engineers and technicians, the <strong>new Customer Support online portal<\/strong>, and the <strong>Connect telemetry system<\/strong>, with two touchscreen tables and interactive workstations for experiencing the new dashboard.<\/p>\n<p>In full compliance with safety regulations, the cafeteria will offer special tasting menus with fine and single-origin coffees from around the world.<\/p>\n<p>As Main Sponsor, Rancilio Classe 20 will be on the competition stage of the &#8220;Gran Premio della Caffetteria&#8221; and the &#8220;World Latte Art Grading Battle Championship&#8221; promoted by Altoga and Aicaf.<\/p>\n<p><img decoding=\"async\" loading=\"lazy\" class=\"alignnone wp-image-42078 size-thumbnail\" src=\"https:\/\/www.ranciliogroup.com\/app\/uploads\/2021\/09\/host_2021_300x300_t.1612786511812-150x150.png\" alt=\"\" width=\"150\" height=\"150\" srcset=\"https:\/\/www.ranciliogroup.com\/app\/uploads\/2021\/09\/host_2021_300x300_t.1612786511812-150x150.png 150w, https:\/\/www.ranciliogroup.com\/app\/uploads\/2021\/09\/host_2021_300x300_t.1612786511812-70x70.png 70w, https:\/\/www.ranciliogroup.com\/app\/uploads\/2021\/09\/host_2021_300x300_t.1612786511812.png 300w\" sizes=\"(max-width: 150px) 100vw, 150px\" \/><\/p>\n<p><strong>Rancilio Group<\/strong><br \/>\nHost Milano | 22-26 October 2021<br \/>\n<strong>Stand P52 P60 R51 R61<\/strong><br \/>\n<span style=\"font-size: 1.25rem;\"><strong>Hall 24<\/strong><br \/>\n<\/span><span style=\"font-size: 1.25rem;\">Fieramilano<br \/>\n<\/span>Via del Sempione (SS33), 28<br \/>\n20017 Rho (MI)<\/p>\n<p><strong>\u00a0<\/strong><\/p>\n","protected":false},"excerpt":{"rendered":"<p>Rancilio Group will be one of the key players at the 42nd edition of Host, the international exhibition dedicated to&#8230;<\/p>\n","protected":false},"author":5,"featured_media":25408,"comment_status":"closed","ping_status":"closed","sticky":false,"template":"","format":"standard","meta":[],"categories":[1958],"tags":[],"acf":[],"yoast_head":"<!-- This site is optimized with the Yoast SEO plugin v21.5 - https:\/\/yoast.com\/wordpress\/plugins\/seo\/ -->\n<title>Latest update about Rancilio Group at Host Milano 2021 - Rancilio Group<\/title>\n<meta name=\"description\" content=\"Read Rancilio Group&#039;s latest news about Rancilio Group at Host Milano 2021\" \/>\n<meta name=\"robots\" content=\"index, follow, max-snippet:-1, max-image-preview:large, max-video-preview:-1\" \/>\n<link rel=\"canonical\" href=\"https:\/\/www.ranciliogroup.com\/pt-pt\/rancilio-group-at-host-milano-2021-2\/\" \/>\n<meta property=\"og:locale\" content=\"pt_PT\" \/>\n<meta property=\"og:type\" content=\"article\" \/>\n<meta property=\"og:title\" content=\"Latest update about Rancilio Group at Host Milano 2021 - Rancilio Group\" \/>\n<meta property=\"og:description\" content=\"Read Rancilio Group&#039;s latest news about Rancilio Group at Host Milano 2021\" \/>\n<meta property=\"og:url\" content=\"https:\/\/www.ranciliogroup.com\/pt-pt\/rancilio-group-at-host-milano-2021-2\/\" \/>\n<meta property=\"og:site_name\" content=\"Rancilio Group\" \/>\n<meta property=\"article:publisher\" content=\"https:\/\/www.facebook.com\/RancilioGroup\" \/>\n<meta property=\"article:published_time\" content=\"2021-10-22T04:30:25+00:00\" \/>\n<meta property=\"og:image\" content=\"https:\/\/www.ranciliogroup.com\/app\/uploads\/2021\/10\/DSC_9486-scaled.jpg\" \/>\n\t<meta property=\"og:image:width\" content=\"2560\" \/>\n\t<meta property=\"og:image:height\" content=\"1757\" \/>\n\t<meta property=\"og:image:type\" content=\"image\/jpeg\" \/>\n<meta name=\"author\" content=\"temp circular\" \/>\n<meta name=\"twitter:card\" content=\"summary_large_image\" \/>\n<meta name=\"twitter:creator\" content=\"@ranciliogroup\" \/>\n<meta name=\"twitter:site\" content=\"@ranciliogroup\" \/>\n<meta name=\"twitter:label1\" content=\"Written by\" \/>\n\t<meta name=\"twitter:data1\" content=\"temp circular\" \/>\n\t<meta name=\"twitter:label2\" content=\"Est. reading time\" \/>\n\t<meta name=\"twitter:data2\" content=\"3 minutes\" \/>\n<script type=\"application\/ld+json\" class=\"yoast-schema-graph\">{\"@context\":\"https:\/\/schema.org\",\"@graph\":[{\"@type\":\"Article\",\"@id\":\"https:\/\/www.ranciliogroup.com\/pt-pt\/rancilio-group-at-host-milano-2021-2\/#article\",\"isPartOf\":{\"@id\":\"https:\/\/www.ranciliogroup.com\/pt-pt\/rancilio-group-at-host-milano-2021-2\/\"},\"author\":{\"name\":\"temp circular\",\"@id\":\"https:\/\/www.ranciliogroup.com\/pt-pt\/#\/schema\/person\/d6bf0a7dfe74cded3d64da8b2c92814c\"},\"headline\":\"Rancilio Group at Host Milano 2021\",\"datePublished\":\"2021-10-22T04:30:25+00:00\",\"dateModified\":\"2021-10-22T04:30:25+00:00\",\"mainEntityOfPage\":{\"@id\":\"https:\/\/www.ranciliogroup.com\/pt-pt\/rancilio-group-at-host-milano-2021-2\/\"},\"wordCount\":643,\"publisher\":{\"@id\":\"https:\/\/www.ranciliogroup.com\/pt-pt\/#organization\"},\"articleSection\":[\"Eventos\"],\"inLanguage\":\"pt-PT\"},{\"@type\":\"WebPage\",\"@id\":\"https:\/\/www.ranciliogroup.com\/pt-pt\/rancilio-group-at-host-milano-2021-2\/\",\"url\":\"https:\/\/www.ranciliogroup.com\/pt-pt\/rancilio-group-at-host-milano-2021-2\/\",\"name\":\"Latest update about Rancilio Group at Host Milano 2021 - Rancilio Group\",\"isPartOf\":{\"@id\":\"https:\/\/www.ranciliogroup.com\/pt-pt\/#website\"},\"datePublished\":\"2021-10-22T04:30:25+00:00\",\"dateModified\":\"2021-10-22T04:30:25+00:00\",\"description\":\"Read Rancilio Group's latest news about Rancilio Group at Host Milano 2021\",\"breadcrumb\":{\"@id\":\"https:\/\/www.ranciliogroup.com\/pt-pt\/rancilio-group-at-host-milano-2021-2\/#breadcrumb\"},\"inLanguage\":\"pt-PT\",\"potentialAction\":[{\"@type\":\"ReadAction\",\"target\":[\"https:\/\/www.ranciliogroup.com\/pt-pt\/rancilio-group-at-host-milano-2021-2\/\"]}]},{\"@type\":\"BreadcrumbList\",\"@id\":\"https:\/\/www.ranciliogroup.com\/pt-pt\/rancilio-group-at-host-milano-2021-2\/#breadcrumb\",\"itemListElement\":[{\"@type\":\"ListItem\",\"position\":1,\"name\":\"Home\",\"item\":\"https:\/\/www.ranciliogroup.com\/pt-pt\/\"},{\"@type\":\"ListItem\",\"position\":2,\"name\":\"Rancilio Group at Host Milano 2021\"}]},{\"@type\":\"WebSite\",\"@id\":\"https:\/\/www.ranciliogroup.com\/pt-pt\/#website\",\"url\":\"https:\/\/www.ranciliogroup.com\/pt-pt\/\",\"name\":\"Rancilio Group\",\"description\":\"L\u00edder Profissional de M\u00e1quinas de Caf\u00e9\",\"publisher\":{\"@id\":\"https:\/\/www.ranciliogroup.com\/pt-pt\/#organization\"},\"potentialAction\":[{\"@type\":\"SearchAction\",\"target\":{\"@type\":\"EntryPoint\",\"urlTemplate\":\"https:\/\/www.ranciliogroup.com\/pt-pt\/?s={search_term_string}\"},\"query-input\":\"required name=search_term_string\"}],\"inLanguage\":\"pt-PT\"},{\"@type\":\"Organization\",\"@id\":\"https:\/\/www.ranciliogroup.com\/pt-pt\/#organization\",\"name\":\"Rancilio Group\",\"url\":\"https:\/\/www.ranciliogroup.com\/pt-pt\/\",\"logo\":{\"@type\":\"ImageObject\",\"inLanguage\":\"pt-PT\",\"@id\":\"https:\/\/www.ranciliogroup.com\/pt-pt\/#\/schema\/logo\/image\/\",\"url\":\"https:\/\/www.ranciliogroup.com\/app\/uploads\/2019\/07\/rancilio_black_logo.png\",\"contentUrl\":\"https:\/\/www.ranciliogroup.com\/app\/uploads\/2019\/07\/rancilio_black_logo.png\",\"width\":447,\"height\":57,\"caption\":\"Rancilio Group\"},\"image\":{\"@id\":\"https:\/\/www.ranciliogroup.com\/pt-pt\/#\/schema\/logo\/image\/\"},\"sameAs\":[\"https:\/\/www.facebook.com\/RancilioGroup\",\"https:\/\/twitter.com\/ranciliogroup\",\"https:\/\/www.instagram.com\/rancilio_official\/\",\"https:\/\/www.linkedin.com\/company\/ranciliogroup\/\",\"https:\/\/www.youtube.com\/user\/rancilioadmin\"]},{\"@type\":\"Person\",\"@id\":\"https:\/\/www.ranciliogroup.com\/pt-pt\/#\/schema\/person\/d6bf0a7dfe74cded3d64da8b2c92814c\",\"name\":\"temp circular\",\"image\":{\"@type\":\"ImageObject\",\"inLanguage\":\"pt-PT\",\"@id\":\"https:\/\/www.ranciliogroup.com\/pt-pt\/#\/schema\/person\/image\/\",\"url\":\"https:\/\/secure.gravatar.com\/avatar\/569e71c3b97b8bcad1854d6579b35c5f?s=96&d=mm&r=g\",\"contentUrl\":\"https:\/\/secure.gravatar.com\/avatar\/569e71c3b97b8bcad1854d6579b35c5f?s=96&d=mm&r=g\",\"caption\":\"temp circular\"}}]}<\/script>\n<!-- \/ Yoast SEO plugin. -->","yoast_head_json":{"title":"Latest update about Rancilio Group at Host Milano 2021 - Rancilio Group","description":"Read Rancilio Group's latest news about Rancilio Group at Host Milano 2021","robots":{"index":"index","follow":"follow","max-snippet":"max-snippet:-1","max-image-preview":"max-image-preview:large","max-video-preview":"max-video-preview:-1"},"canonical":"https:\/\/www.ranciliogroup.com\/pt-pt\/rancilio-group-at-host-milano-2021-2\/","og_locale":"pt_PT","og_type":"article","og_title":"Latest update about Rancilio Group at Host Milano 2021 - Rancilio Group","og_description":"Read Rancilio Group's latest news about Rancilio Group at Host Milano 2021","og_url":"https:\/\/www.ranciliogroup.com\/pt-pt\/rancilio-group-at-host-milano-2021-2\/","og_site_name":"Rancilio Group","article_publisher":"https:\/\/www.facebook.com\/RancilioGroup","article_published_time":"2021-10-22T04:30:25+00:00","og_image":[{"width":2560,"height":1757,"url":"https:\/\/www.ranciliogroup.com\/app\/uploads\/2021\/10\/DSC_9486-scaled.jpg","type":"image\/jpeg"}],"author":"temp circular","twitter_card":"summary_large_image","twitter_creator":"@ranciliogroup","twitter_site":"@ranciliogroup","twitter_misc":{"Written by":"temp circular","Est. reading time":"3 minutes"},"schema":{"@context":"https:\/\/schema.org","@graph":[{"@type":"Article","@id":"https:\/\/www.ranciliogroup.com\/pt-pt\/rancilio-group-at-host-milano-2021-2\/#article","isPartOf":{"@id":"https:\/\/www.ranciliogroup.com\/pt-pt\/rancilio-group-at-host-milano-2021-2\/"},"author":{"name":"temp circular","@id":"https:\/\/www.ranciliogroup.com\/pt-pt\/#\/schema\/person\/d6bf0a7dfe74cded3d64da8b2c92814c"},"headline":"Rancilio Group at Host Milano 2021","datePublished":"2021-10-22T04:30:25+00:00","dateModified":"2021-10-22T04:30:25+00:00","mainEntityOfPage":{"@id":"https:\/\/www.ranciliogroup.com\/pt-pt\/rancilio-group-at-host-milano-2021-2\/"},"wordCount":643,"publisher":{"@id":"https:\/\/www.ranciliogroup.com\/pt-pt\/#organization"},"articleSection":["Eventos"],"inLanguage":"pt-PT"},{"@type":"WebPage","@id":"https:\/\/www.ranciliogroup.com\/pt-pt\/rancilio-group-at-host-milano-2021-2\/","url":"https:\/\/www.ranciliogroup.com\/pt-pt\/rancilio-group-at-host-milano-2021-2\/","name":"Latest update about Rancilio Group at Host Milano 2021 - Rancilio Group","isPartOf":{"@id":"https:\/\/www.ranciliogroup.com\/pt-pt\/#website"},"datePublished":"2021-10-22T04:30:25+00:00","dateModified":"2021-10-22T04:30:25+00:00","description":"Read Rancilio Group's latest news about Rancilio Group at Host Milano 2021","breadcrumb":{"@id":"https:\/\/www.ranciliogroup.com\/pt-pt\/rancilio-group-at-host-milano-2021-2\/#breadcrumb"},"inLanguage":"pt-PT","potentialAction":[{"@type":"ReadAction","target":["https:\/\/www.ranciliogroup.com\/pt-pt\/rancilio-group-at-host-milano-2021-2\/"]}]},{"@type":"BreadcrumbList","@id":"https:\/\/www.ranciliogroup.com\/pt-pt\/rancilio-group-at-host-milano-2021-2\/#breadcrumb","itemListElement":[{"@type":"ListItem","position":1,"name":"Home","item":"https:\/\/www.ranciliogroup.com\/pt-pt\/"},{"@type":"ListItem","position":2,"name":"Rancilio Group at Host Milano 2021"}]},{"@type":"WebSite","@id":"https:\/\/www.ranciliogroup.com\/pt-pt\/#website","url":"https:\/\/www.ranciliogroup.com\/pt-pt\/","name":"Rancilio Group","description":"L\u00edder Profissional de M\u00e1quinas de Caf\u00e9","publisher":{"@id":"https:\/\/www.ranciliogroup.com\/pt-pt\/#organization"},"potentialAction":[{"@type":"SearchAction","target":{"@type":"EntryPoint","urlTemplate":"https:\/\/www.ranciliogroup.com\/pt-pt\/?s={search_term_string}"},"query-input":"required name=search_term_string"}],"inLanguage":"pt-PT"},{"@type":"Organization","@id":"https:\/\/www.ranciliogroup.com\/pt-pt\/#organization","name":"Rancilio Group","url":"https:\/\/www.ranciliogroup.com\/pt-pt\/","logo":{"@type":"ImageObject","inLanguage":"pt-PT","@id":"https:\/\/www.ranciliogroup.com\/pt-pt\/#\/schema\/logo\/image\/","url":"https:\/\/www.ranciliogroup.com\/app\/uploads\/2019\/07\/rancilio_black_logo.png","contentUrl":"https:\/\/www.ranciliogroup.com\/app\/uploads\/2019\/07\/rancilio_black_logo.png","width":447,"height":57,"caption":"Rancilio Group"},"image":{"@id":"https:\/\/www.ranciliogroup.com\/pt-pt\/#\/schema\/logo\/image\/"},"sameAs":["https:\/\/www.facebook.com\/RancilioGroup","https:\/\/twitter.com\/ranciliogroup","https:\/\/www.instagram.com\/rancilio_official\/","https:\/\/www.linkedin.com\/company\/ranciliogroup\/","https:\/\/www.youtube.com\/user\/rancilioadmin"]},{"@type":"Person","@id":"https:\/\/www.ranciliogroup.com\/pt-pt\/#\/schema\/person\/d6bf0a7dfe74cded3d64da8b2c92814c","name":"temp circular","image":{"@type":"ImageObject","inLanguage":"pt-PT","@id":"https:\/\/www.ranciliogroup.com\/pt-pt\/#\/schema\/person\/image\/","url":"https:\/\/secure.gravatar.com\/avatar\/569e71c3b97b8bcad1854d6579b35c5f?s=96&d=mm&r=g","contentUrl":"https:\/\/secure.gravatar.com\/avatar\/569e71c3b97b8bcad1854d6579b35c5f?s=96&d=mm&r=g","caption":"temp circular"}}]}},"_links":{"self":[{"href":"https:\/\/www.ranciliogroup.com\/pt-pt\/wp-json\/wp\/v2\/posts\/25406"}],"collection":[{"href":"https:\/\/www.ranciliogroup.com\/pt-pt\/wp-json\/wp\/v2\/posts"}],"about":[{"href":"https:\/\/www.ranciliogroup.com\/pt-pt\/wp-json\/wp\/v2\/types\/post"}],"author":[{"embeddable":true,"href":"https:\/\/www.ranciliogroup.com\/pt-pt\/wp-json\/wp\/v2\/users\/5"}],"replies":[{"embeddable":true,"href":"https:\/\/www.ranciliogroup.com\/pt-pt\/wp-json\/wp\/v2\/comments?post=25406"}],"version-history":[{"count":0,"href":"https:\/\/www.ranciliogroup.com\/pt-pt\/wp-json\/wp\/v2\/posts\/25406\/revisions"}],"wp:featuredmedia":[{"embeddable":true,"href":"https:\/\/www.ranciliogroup.com\/pt-pt\/wp-json\/wp\/v2\/media\/25408"}],"wp:attachment":[{"href":"https:\/\/www.ranciliogroup.com\/pt-pt\/wp-json\/wp\/v2\/media?parent=25406"}],"wp:term":[{"taxonomy":"category","embeddable":true,"href":"https:\/\/www.ranciliogroup.com\/pt-pt\/wp-json\/wp\/v2\/categories?post=25406"},{"taxonomy":"post_tag","embeddable":true,"href":"https:\/\/www.ranciliogroup.com\/pt-pt\/wp-json\/wp\/v2\/tags?post=25406"}],"curies":[{"name":"wp","href":"https:\/\/api.w.org\/{rel}","templated":true}]}}