{"id":29318,"date":"2018-10-27T21:55:06","date_gmt":"2018-10-27T19:55:06","guid":{"rendered":"https:\/\/www.ranciliogroup.com\/rancilio-group-will-be-at-the-zurich-trade-fair-for-ifas-2018\/"},"modified":"2023-05-03T16:29:11","modified_gmt":"2023-05-03T14:29:11","slug":"rancilio-group-will-be-at-the-zurich-trade-fair-for-ifas-2018","status":"publish","type":"post","link":"https:\/\/www.ranciliogroup.com\/pt-pt\/rancilio-group-will-be-at-the-zurich-trade-fair-for-ifas-2018\/","title":{"rendered":"Rancilio Group will be at the Zurich trade fair for IFAS 2018"},"content":{"rendered":"<h2><strong>IFAS 2018<\/strong><\/h2>\n<div class=\"Page_Class_FeatureBox_White_Text\">\n<p><strong><span class=\"fs18\">More than 300 exhibitors will gather in Switzerland from 23 to 26 October for the exhibition dedicated to the healthcare industry<\/span><\/strong><\/p>\n<div class=\"sep20H\"><\/div>\n<p><span class=\"fs14\">The next edition of IFAS, scheduled to run at the Zurich trade fair pole from 23 to 26 October, will be presenting the latest trends on the healthcare market and offering visitors a vast overview of the new technologies which are revolutionizing the entire industry. Equipment designed to meet the everyday needs of patients in care facilities such as rehab centres and retirement homes for the elderly. Among the hospitality solutions being presented at IFASS, space will also be dedicated to coffee so the Rancilio Group, together with the Egro Suisse AG team, will be participating with a stand featuring both the Egro fully automatic machines and the traditional espresso coffee machines branded Rancilio equipped with the CONNECT telemetry system.<br \/>\nIn the ambit of fully automatic machines, a place of honour will be occupied by Egro Next, this year&#8217;s new release designed by the Swiss research and development department. Easy to use thanks to its intuitive touchscreen interface based on the Android operating system, Egro NEXT guarantees an elevated in-cup quality for all types of beverages, whether hot or cold, coffee, milk or powder-based.<br \/>\nVisitors will also be able to discover the other products in the Egro catalogue (Zero, Zero+, One, Byo) and the traditional coffee machines marketed under the Rancilio brand. Different products conceived for every possible type of venue, designed to offer an extraordinary coffee experience to all customers.<br \/>\nFor the entire duration of the trade fair, Latte Art champion Pietro Vannelli will be the heart and soul of the Rancilio Group bar, serving members of the public with coffee and cappuccino brewed on the traditional coffee machine, Rancilio Classe 11 USB, the flagship product of the Rancilio brand.<br \/>\nRancilio Group looks forward to seeing you in Zurich for IFAS 2018 from 23 to 26 October.<\/span><\/p>\n<p>Rancilio Group<br \/>\nIFAS 2018<br \/>\nHall 6 \u2013 Stand 176<\/p>\n<\/div>\n<div class=\"divClear\"><\/div>\n","protected":false},"excerpt":{"rendered":"<p>IFAS 2018 More than 300 exhibitors will gather in Switzerland from 23 to 26 October for the exhibition dedicated to&#8230;<\/p>\n","protected":false},"author":2,"featured_media":29319,"comment_status":"closed","ping_status":"closed","sticky":false,"template":"","format":"standard","meta":[],"categories":[1958],"tags":[],"acf":[],"yoast_head":"<!-- This site is optimized with the Yoast SEO plugin v21.5 - https:\/\/yoast.com\/wordpress\/plugins\/seo\/ -->\n<title>IFAS 2018 - Rancilio Group<\/title>\n<meta name=\"description\" content=\"Read Rancilio Group&#039;s latest news about Rancilio Group will be at the Zurich trade fair for IFAS 2018\" \/>\n<meta name=\"robots\" content=\"index, follow, max-snippet:-1, max-image-preview:large, max-video-preview:-1\" \/>\n<link rel=\"canonical\" href=\"https:\/\/www.ranciliogroup.com\/pt-pt\/rancilio-group-will-be-at-the-zurich-trade-fair-for-ifas-2018\/\" \/>\n<meta property=\"og:locale\" content=\"pt_PT\" \/>\n<meta property=\"og:type\" content=\"article\" \/>\n<meta property=\"og:title\" content=\"IFAS 2018 - Rancilio Group\" \/>\n<meta property=\"og:description\" content=\"Read Rancilio Group&#039;s latest news about Rancilio Group will be at the Zurich trade fair for IFAS 2018\" \/>\n<meta property=\"og:url\" content=\"https:\/\/www.ranciliogroup.com\/pt-pt\/rancilio-group-will-be-at-the-zurich-trade-fair-for-ifas-2018\/\" \/>\n<meta property=\"og:site_name\" content=\"Rancilio Group\" \/>\n<meta property=\"article:publisher\" content=\"https:\/\/www.facebook.com\/RancilioGroup\" \/>\n<meta property=\"article:published_time\" content=\"2018-10-27T19:55:06+00:00\" \/>\n<meta property=\"article:modified_time\" content=\"2023-05-03T14:29:11+00:00\" \/>\n<meta property=\"og:image\" content=\"https:\/\/www.ranciliogroup.com\/app\/uploads\/2019\/10\/IFAS_mit-Quellenangabe1-1270x665.jpg\" \/>\n\t<meta property=\"og:image:width\" content=\"1270\" \/>\n\t<meta property=\"og:image:height\" content=\"665\" \/>\n\t<meta property=\"og:image:type\" content=\"image\/jpeg\" \/>\n<meta name=\"author\" content=\"Leo\" \/>\n<meta name=\"twitter:card\" content=\"summary_large_image\" \/>\n<meta name=\"twitter:creator\" content=\"@ranciliogroup\" \/>\n<meta name=\"twitter:site\" content=\"@ranciliogroup\" \/>\n<meta name=\"twitter:label1\" content=\"Written by\" \/>\n\t<meta name=\"twitter:data1\" content=\"Leo\" \/>\n\t<meta name=\"twitter:label2\" content=\"Est. reading time\" \/>\n\t<meta name=\"twitter:data2\" content=\"2 minutes\" \/>\n<script type=\"application\/ld+json\" class=\"yoast-schema-graph\">{\"@context\":\"https:\/\/schema.org\",\"@graph\":[{\"@type\":\"Article\",\"@id\":\"https:\/\/www.ranciliogroup.com\/pt-pt\/rancilio-group-will-be-at-the-zurich-trade-fair-for-ifas-2018\/#article\",\"isPartOf\":{\"@id\":\"https:\/\/www.ranciliogroup.com\/pt-pt\/rancilio-group-will-be-at-the-zurich-trade-fair-for-ifas-2018\/\"},\"author\":{\"name\":\"Leo\",\"@id\":\"https:\/\/www.ranciliogroup.com\/pt-pt\/#\/schema\/person\/308c9cc609c571bfb3f04639f7c48c0e\"},\"headline\":\"Rancilio Group will be at the Zurich trade fair for IFAS 2018\",\"datePublished\":\"2018-10-27T19:55:06+00:00\",\"dateModified\":\"2023-05-03T14:29:11+00:00\",\"mainEntityOfPage\":{\"@id\":\"https:\/\/www.ranciliogroup.com\/pt-pt\/rancilio-group-will-be-at-the-zurich-trade-fair-for-ifas-2018\/\"},\"wordCount\":327,\"publisher\":{\"@id\":\"https:\/\/www.ranciliogroup.com\/pt-pt\/#organization\"},\"articleSection\":[\"Eventos\"],\"inLanguage\":\"pt-PT\"},{\"@type\":\"WebPage\",\"@id\":\"https:\/\/www.ranciliogroup.com\/pt-pt\/rancilio-group-will-be-at-the-zurich-trade-fair-for-ifas-2018\/\",\"url\":\"https:\/\/www.ranciliogroup.com\/pt-pt\/rancilio-group-will-be-at-the-zurich-trade-fair-for-ifas-2018\/\",\"name\":\"IFAS 2018 - Rancilio Group\",\"isPartOf\":{\"@id\":\"https:\/\/www.ranciliogroup.com\/pt-pt\/#website\"},\"datePublished\":\"2018-10-27T19:55:06+00:00\",\"dateModified\":\"2023-05-03T14:29:11+00:00\",\"description\":\"Read Rancilio Group's latest news about Rancilio Group will be at the Zurich trade fair for IFAS 2018\",\"breadcrumb\":{\"@id\":\"https:\/\/www.ranciliogroup.com\/pt-pt\/rancilio-group-will-be-at-the-zurich-trade-fair-for-ifas-2018\/#breadcrumb\"},\"inLanguage\":\"pt-PT\",\"potentialAction\":[{\"@type\":\"ReadAction\",\"target\":[\"https:\/\/www.ranciliogroup.com\/pt-pt\/rancilio-group-will-be-at-the-zurich-trade-fair-for-ifas-2018\/\"]}]},{\"@type\":\"BreadcrumbList\",\"@id\":\"https:\/\/www.ranciliogroup.com\/pt-pt\/rancilio-group-will-be-at-the-zurich-trade-fair-for-ifas-2018\/#breadcrumb\",\"itemListElement\":[{\"@type\":\"ListItem\",\"position\":1,\"name\":\"Home\",\"item\":\"https:\/\/www.ranciliogroup.com\/pt-pt\/\"},{\"@type\":\"ListItem\",\"position\":2,\"name\":\"Rancilio Group will be at the Zurich trade fair for IFAS 2018\"}]},{\"@type\":\"WebSite\",\"@id\":\"https:\/\/www.ranciliogroup.com\/pt-pt\/#website\",\"url\":\"https:\/\/www.ranciliogroup.com\/pt-pt\/\",\"name\":\"Rancilio Group\",\"description\":\"L\u00edder Profissional de M\u00e1quinas de Caf\u00e9\",\"publisher\":{\"@id\":\"https:\/\/www.ranciliogroup.com\/pt-pt\/#organization\"},\"potentialAction\":[{\"@type\":\"SearchAction\",\"target\":{\"@type\":\"EntryPoint\",\"urlTemplate\":\"https:\/\/www.ranciliogroup.com\/pt-pt\/?s={search_term_string}\"},\"query-input\":\"required name=search_term_string\"}],\"inLanguage\":\"pt-PT\"},{\"@type\":\"Organization\",\"@id\":\"https:\/\/www.ranciliogroup.com\/pt-pt\/#organization\",\"name\":\"Rancilio Group\",\"url\":\"https:\/\/www.ranciliogroup.com\/pt-pt\/\",\"logo\":{\"@type\":\"ImageObject\",\"inLanguage\":\"pt-PT\",\"@id\":\"https:\/\/www.ranciliogroup.com\/pt-pt\/#\/schema\/logo\/image\/\",\"url\":\"https:\/\/www.ranciliogroup.com\/app\/uploads\/2019\/07\/rancilio_black_logo.png\",\"contentUrl\":\"https:\/\/www.ranciliogroup.com\/app\/uploads\/2019\/07\/rancilio_black_logo.png\",\"width\":447,\"height\":57,\"caption\":\"Rancilio Group\"},\"image\":{\"@id\":\"https:\/\/www.ranciliogroup.com\/pt-pt\/#\/schema\/logo\/image\/\"},\"sameAs\":[\"https:\/\/www.facebook.com\/RancilioGroup\",\"https:\/\/twitter.com\/ranciliogroup\",\"https:\/\/www.instagram.com\/rancilio_official\/\",\"https:\/\/www.linkedin.com\/company\/ranciliogroup\/\",\"https:\/\/www.youtube.com\/user\/rancilioadmin\"]},{\"@type\":\"Person\",\"@id\":\"https:\/\/www.ranciliogroup.com\/pt-pt\/#\/schema\/person\/308c9cc609c571bfb3f04639f7c48c0e\",\"name\":\"Leo\",\"image\":{\"@type\":\"ImageObject\",\"inLanguage\":\"pt-PT\",\"@id\":\"https:\/\/www.ranciliogroup.com\/pt-pt\/#\/schema\/person\/image\/\",\"url\":\"https:\/\/secure.gravatar.com\/avatar\/be661210d2340629d38fdb4e71a1488b?s=96&d=mm&r=g\",\"contentUrl\":\"https:\/\/secure.gravatar.com\/avatar\/be661210d2340629d38fdb4e71a1488b?s=96&d=mm&r=g\",\"caption\":\"Leo\"}}]}<\/script>\n<!-- \/ Yoast SEO plugin. -->","yoast_head_json":{"title":"IFAS 2018 - Rancilio Group","description":"Read Rancilio Group's latest news about Rancilio Group will be at the Zurich trade fair for IFAS 2018","robots":{"index":"index","follow":"follow","max-snippet":"max-snippet:-1","max-image-preview":"max-image-preview:large","max-video-preview":"max-video-preview:-1"},"canonical":"https:\/\/www.ranciliogroup.com\/pt-pt\/rancilio-group-will-be-at-the-zurich-trade-fair-for-ifas-2018\/","og_locale":"pt_PT","og_type":"article","og_title":"IFAS 2018 - Rancilio Group","og_description":"Read Rancilio Group's latest news about Rancilio Group will be at the Zurich trade fair for IFAS 2018","og_url":"https:\/\/www.ranciliogroup.com\/pt-pt\/rancilio-group-will-be-at-the-zurich-trade-fair-for-ifas-2018\/","og_site_name":"Rancilio Group","article_publisher":"https:\/\/www.facebook.com\/RancilioGroup","article_published_time":"2018-10-27T19:55:06+00:00","article_modified_time":"2023-05-03T14:29:11+00:00","og_image":[{"width":1270,"height":665,"url":"https:\/\/www.ranciliogroup.com\/app\/uploads\/2019\/10\/IFAS_mit-Quellenangabe1-1270x665.jpg","type":"image\/jpeg"}],"author":"Leo","twitter_card":"summary_large_image","twitter_creator":"@ranciliogroup","twitter_site":"@ranciliogroup","twitter_misc":{"Written by":"Leo","Est. reading time":"2 minutes"},"schema":{"@context":"https:\/\/schema.org","@graph":[{"@type":"Article","@id":"https:\/\/www.ranciliogroup.com\/pt-pt\/rancilio-group-will-be-at-the-zurich-trade-fair-for-ifas-2018\/#article","isPartOf":{"@id":"https:\/\/www.ranciliogroup.com\/pt-pt\/rancilio-group-will-be-at-the-zurich-trade-fair-for-ifas-2018\/"},"author":{"name":"Leo","@id":"https:\/\/www.ranciliogroup.com\/pt-pt\/#\/schema\/person\/308c9cc609c571bfb3f04639f7c48c0e"},"headline":"Rancilio Group will be at the Zurich trade fair for IFAS 2018","datePublished":"2018-10-27T19:55:06+00:00","dateModified":"2023-05-03T14:29:11+00:00","mainEntityOfPage":{"@id":"https:\/\/www.ranciliogroup.com\/pt-pt\/rancilio-group-will-be-at-the-zurich-trade-fair-for-ifas-2018\/"},"wordCount":327,"publisher":{"@id":"https:\/\/www.ranciliogroup.com\/pt-pt\/#organization"},"articleSection":["Eventos"],"inLanguage":"pt-PT"},{"@type":"WebPage","@id":"https:\/\/www.ranciliogroup.com\/pt-pt\/rancilio-group-will-be-at-the-zurich-trade-fair-for-ifas-2018\/","url":"https:\/\/www.ranciliogroup.com\/pt-pt\/rancilio-group-will-be-at-the-zurich-trade-fair-for-ifas-2018\/","name":"IFAS 2018 - Rancilio Group","isPartOf":{"@id":"https:\/\/www.ranciliogroup.com\/pt-pt\/#website"},"datePublished":"2018-10-27T19:55:06+00:00","dateModified":"2023-05-03T14:29:11+00:00","description":"Read Rancilio Group's latest news about Rancilio Group will be at the Zurich trade fair for IFAS 2018","breadcrumb":{"@id":"https:\/\/www.ranciliogroup.com\/pt-pt\/rancilio-group-will-be-at-the-zurich-trade-fair-for-ifas-2018\/#breadcrumb"},"inLanguage":"pt-PT","potentialAction":[{"@type":"ReadAction","target":["https:\/\/www.ranciliogroup.com\/pt-pt\/rancilio-group-will-be-at-the-zurich-trade-fair-for-ifas-2018\/"]}]},{"@type":"BreadcrumbList","@id":"https:\/\/www.ranciliogroup.com\/pt-pt\/rancilio-group-will-be-at-the-zurich-trade-fair-for-ifas-2018\/#breadcrumb","itemListElement":[{"@type":"ListItem","position":1,"name":"Home","item":"https:\/\/www.ranciliogroup.com\/pt-pt\/"},{"@type":"ListItem","position":2,"name":"Rancilio Group will be at the Zurich trade fair for IFAS 2018"}]},{"@type":"WebSite","@id":"https:\/\/www.ranciliogroup.com\/pt-pt\/#website","url":"https:\/\/www.ranciliogroup.com\/pt-pt\/","name":"Rancilio Group","description":"L\u00edder Profissional de M\u00e1quinas de Caf\u00e9","publisher":{"@id":"https:\/\/www.ranciliogroup.com\/pt-pt\/#organization"},"potentialAction":[{"@type":"SearchAction","target":{"@type":"EntryPoint","urlTemplate":"https:\/\/www.ranciliogroup.com\/pt-pt\/?s={search_term_string}"},"query-input":"required name=search_term_string"}],"inLanguage":"pt-PT"},{"@type":"Organization","@id":"https:\/\/www.ranciliogroup.com\/pt-pt\/#organization","name":"Rancilio Group","url":"https:\/\/www.ranciliogroup.com\/pt-pt\/","logo":{"@type":"ImageObject","inLanguage":"pt-PT","@id":"https:\/\/www.ranciliogroup.com\/pt-pt\/#\/schema\/logo\/image\/","url":"https:\/\/www.ranciliogroup.com\/app\/uploads\/2019\/07\/rancilio_black_logo.png","contentUrl":"https:\/\/www.ranciliogroup.com\/app\/uploads\/2019\/07\/rancilio_black_logo.png","width":447,"height":57,"caption":"Rancilio Group"},"image":{"@id":"https:\/\/www.ranciliogroup.com\/pt-pt\/#\/schema\/logo\/image\/"},"sameAs":["https:\/\/www.facebook.com\/RancilioGroup","https:\/\/twitter.com\/ranciliogroup","https:\/\/www.instagram.com\/rancilio_official\/","https:\/\/www.linkedin.com\/company\/ranciliogroup\/","https:\/\/www.youtube.com\/user\/rancilioadmin"]},{"@type":"Person","@id":"https:\/\/www.ranciliogroup.com\/pt-pt\/#\/schema\/person\/308c9cc609c571bfb3f04639f7c48c0e","name":"Leo","image":{"@type":"ImageObject","inLanguage":"pt-PT","@id":"https:\/\/www.ranciliogroup.com\/pt-pt\/#\/schema\/person\/image\/","url":"https:\/\/secure.gravatar.com\/avatar\/be661210d2340629d38fdb4e71a1488b?s=96&d=mm&r=g","contentUrl":"https:\/\/secure.gravatar.com\/avatar\/be661210d2340629d38fdb4e71a1488b?s=96&d=mm&r=g","caption":"Leo"}}]}},"_links":{"self":[{"href":"https:\/\/www.ranciliogroup.com\/pt-pt\/wp-json\/wp\/v2\/posts\/29318"}],"collection":[{"href":"https:\/\/www.ranciliogroup.com\/pt-pt\/wp-json\/wp\/v2\/posts"}],"about":[{"href":"https:\/\/www.ranciliogroup.com\/pt-pt\/wp-json\/wp\/v2\/types\/post"}],"author":[{"embeddable":true,"href":"https:\/\/www.ranciliogroup.com\/pt-pt\/wp-json\/wp\/v2\/users\/2"}],"replies":[{"embeddable":true,"href":"https:\/\/www.ranciliogroup.com\/pt-pt\/wp-json\/wp\/v2\/comments?post=29318"}],"version-history":[{"count":1,"href":"https:\/\/www.ranciliogroup.com\/pt-pt\/wp-json\/wp\/v2\/posts\/29318\/revisions"}],"predecessor-version":[{"id":29325,"href":"https:\/\/www.ranciliogroup.com\/pt-pt\/wp-json\/wp\/v2\/posts\/29318\/revisions\/29325"}],"wp:featuredmedia":[{"embeddable":true,"href":"https:\/\/www.ranciliogroup.com\/pt-pt\/wp-json\/wp\/v2\/media\/29319"}],"wp:attachment":[{"href":"https:\/\/www.ranciliogroup.com\/pt-pt\/wp-json\/wp\/v2\/media?parent=29318"}],"wp:term":[{"taxonomy":"category","embeddable":true,"href":"https:\/\/www.ranciliogroup.com\/pt-pt\/wp-json\/wp\/v2\/categories?post=29318"},{"taxonomy":"post_tag","embeddable":true,"href":"https:\/\/www.ranciliogroup.com\/pt-pt\/wp-json\/wp\/v2\/tags?post=29318"}],"curies":[{"name":"wp","href":"https:\/\/api.w.org\/{rel}","templated":true}]}}