{"id":31268,"date":"2021-10-06T10:51:23","date_gmt":"2021-10-06T08:51:23","guid":{"rendered":"https:\/\/www.ranciliogroup.com\/rs1-in-barcelona-for-the-second-leg-of-the-barista-league\/"},"modified":"2023-05-03T15:27:51","modified_gmt":"2023-05-03T13:27:51","slug":"rs1-in-barcelona-for-the-second-leg-of-the-barista-league","status":"publish","type":"post","link":"https:\/\/www.ranciliogroup.com\/pt-pt\/rs1-in-barcelona-for-the-second-leg-of-the-barista-league\/","title":{"rendered":"RS1 in Barcelona for the second leg of the Barista League"},"content":{"rendered":"<p>After its debut in Copenhagen last September, the Barista League, the most entertaining coffee competition on the planet, is coming to Barcelona!<\/p>\n<p>We are already familiar with the Barista League formula, but here is a brief review. 12 pairs of baristas will compete in 3 heart-stopping rounds and 7 judges will have the arduous task of deciding the winners. The backdrop, in addition to the beauty of Barcelona, will be endless cups of coffee, good music and lots of chat. In a nutshell, it is going to be a lot of fun!<\/p>\n<p>On the Barcelona stage, Rancilio Group will also be present as a technical partner. The 12 pairs of participants will be challenging each other in terms of espresso, creativity and technical skills with the help of the iconic RS1, the coffee machine designed to meet the needs of the specialty coffee world.<\/p>\n<p>The second Barista League event will take place on Saturday 9 October at 5pm at Nomad Coffee Roaster. Once again, you are all invited to come along.<\/p>\n<p><a href=\"https:\/\/www.thebaristaleague.com\/2021-copenhagen\">Barista League<\/a><br \/>\nSaturday 9 October, 5 pm to 10 pm<br \/>\nNomad Coffee Roaster, Carrer del Marroc, 160<br \/>\nBarcelona<\/p>\n<p><img decoding=\"async\" loading=\"lazy\" class=\"aligncenter wp-image-42090 size-full\" src=\"https:\/\/www.ranciliogroup.com\/app\/uploads\/2021\/10\/TBL-6-scaled.jpg\" alt=\"\" width=\"2560\" height=\"1707\" srcset=\"https:\/\/www.ranciliogroup.com\/app\/uploads\/2021\/10\/TBL-6-scaled.jpg 2560w, https:\/\/www.ranciliogroup.com\/app\/uploads\/2021\/10\/TBL-6-300x200.jpg 300w, https:\/\/www.ranciliogroup.com\/app\/uploads\/2021\/10\/TBL-6-1024x683.jpg 1024w, https:\/\/www.ranciliogroup.com\/app\/uploads\/2021\/10\/TBL-6-768x512.jpg 768w, https:\/\/www.ranciliogroup.com\/app\/uploads\/2021\/10\/TBL-6-1536x1024.jpg 1536w, https:\/\/www.ranciliogroup.com\/app\/uploads\/2021\/10\/TBL-6-2048x1365.jpg 2048w, https:\/\/www.ranciliogroup.com\/app\/uploads\/2021\/10\/TBL-6-70x47.jpg 70w, https:\/\/www.ranciliogroup.com\/app\/uploads\/2021\/10\/TBL-6-1920x1280.jpg 1920w\" sizes=\"(max-width: 2560px) 100vw, 2560px\" \/><\/p>\n","protected":false},"excerpt":{"rendered":"<p>After its debut in Copenhagen last September, the Barista League, the most entertaining coffee competition on the planet, is coming&#8230;<\/p>\n","protected":false},"author":5,"featured_media":31269,"comment_status":"closed","ping_status":"closed","sticky":false,"template":"","format":"standard","meta":[],"categories":[1958],"tags":[],"acf":[],"yoast_head":"<!-- This site is optimized with the Yoast SEO plugin v21.5 - https:\/\/yoast.com\/wordpress\/plugins\/seo\/ -->\n<title>Latest update about RS1 in Barcelona for the second leg of the Barista League - Rancilio Group<\/title>\n<meta name=\"description\" content=\"Read Rancilio Group&#039;s latest news about RS1 in Barcelona for the second leg of the Barista League\" \/>\n<meta name=\"robots\" content=\"index, follow, max-snippet:-1, max-image-preview:large, max-video-preview:-1\" \/>\n<link rel=\"canonical\" href=\"https:\/\/www.ranciliogroup.com\/pt-pt\/rs1-in-barcelona-for-the-second-leg-of-the-barista-league\/\" \/>\n<meta property=\"og:locale\" content=\"pt_PT\" \/>\n<meta property=\"og:type\" content=\"article\" \/>\n<meta property=\"og:title\" content=\"Latest update about RS1 in Barcelona for the second leg of the Barista League - Rancilio Group\" \/>\n<meta property=\"og:description\" content=\"Read Rancilio Group&#039;s latest news about RS1 in Barcelona for the second leg of the Barista League\" \/>\n<meta property=\"og:url\" content=\"https:\/\/www.ranciliogroup.com\/pt-pt\/rs1-in-barcelona-for-the-second-leg-of-the-barista-league\/\" \/>\n<meta property=\"og:site_name\" content=\"Rancilio Group\" \/>\n<meta property=\"article:publisher\" content=\"https:\/\/www.facebook.com\/RancilioGroup\" \/>\n<meta property=\"article:published_time\" content=\"2021-10-06T08:51:23+00:00\" \/>\n<meta property=\"article:modified_time\" content=\"2023-05-03T13:27:51+00:00\" \/>\n<meta property=\"og:image\" content=\"https:\/\/www.ranciliogroup.com\/app\/uploads\/2021\/10\/Header_TBL_Barcellona-1024x724.jpg\" \/>\n\t<meta property=\"og:image:width\" content=\"1024\" \/>\n\t<meta property=\"og:image:height\" content=\"724\" \/>\n\t<meta property=\"og:image:type\" content=\"image\/jpeg\" \/>\n<meta name=\"author\" content=\"temp circular\" \/>\n<meta name=\"twitter:card\" content=\"summary_large_image\" \/>\n<meta name=\"twitter:creator\" content=\"@ranciliogroup\" \/>\n<meta name=\"twitter:site\" content=\"@ranciliogroup\" \/>\n<meta name=\"twitter:label1\" content=\"Written by\" \/>\n\t<meta name=\"twitter:data1\" content=\"temp circular\" \/>\n\t<meta name=\"twitter:label2\" content=\"Est. reading time\" \/>\n\t<meta name=\"twitter:data2\" content=\"1 minute\" \/>\n<script type=\"application\/ld+json\" class=\"yoast-schema-graph\">{\"@context\":\"https:\/\/schema.org\",\"@graph\":[{\"@type\":\"Article\",\"@id\":\"https:\/\/www.ranciliogroup.com\/pt-pt\/rs1-in-barcelona-for-the-second-leg-of-the-barista-league\/#article\",\"isPartOf\":{\"@id\":\"https:\/\/www.ranciliogroup.com\/pt-pt\/rs1-in-barcelona-for-the-second-leg-of-the-barista-league\/\"},\"author\":{\"name\":\"temp circular\",\"@id\":\"https:\/\/www.ranciliogroup.com\/pt-pt\/#\/schema\/person\/d6bf0a7dfe74cded3d64da8b2c92814c\"},\"headline\":\"RS1 in Barcelona for the second leg of the Barista League\",\"datePublished\":\"2021-10-06T08:51:23+00:00\",\"dateModified\":\"2023-05-03T13:27:51+00:00\",\"mainEntityOfPage\":{\"@id\":\"https:\/\/www.ranciliogroup.com\/pt-pt\/rs1-in-barcelona-for-the-second-leg-of-the-barista-league\/\"},\"wordCount\":191,\"publisher\":{\"@id\":\"https:\/\/www.ranciliogroup.com\/pt-pt\/#organization\"},\"articleSection\":[\"Eventos\"],\"inLanguage\":\"pt-PT\"},{\"@type\":\"WebPage\",\"@id\":\"https:\/\/www.ranciliogroup.com\/pt-pt\/rs1-in-barcelona-for-the-second-leg-of-the-barista-league\/\",\"url\":\"https:\/\/www.ranciliogroup.com\/pt-pt\/rs1-in-barcelona-for-the-second-leg-of-the-barista-league\/\",\"name\":\"Latest update about RS1 in Barcelona for the second leg of the Barista League - Rancilio Group\",\"isPartOf\":{\"@id\":\"https:\/\/www.ranciliogroup.com\/pt-pt\/#website\"},\"datePublished\":\"2021-10-06T08:51:23+00:00\",\"dateModified\":\"2023-05-03T13:27:51+00:00\",\"description\":\"Read Rancilio Group's latest news about RS1 in Barcelona for the second leg of the Barista League\",\"breadcrumb\":{\"@id\":\"https:\/\/www.ranciliogroup.com\/pt-pt\/rs1-in-barcelona-for-the-second-leg-of-the-barista-league\/#breadcrumb\"},\"inLanguage\":\"pt-PT\",\"potentialAction\":[{\"@type\":\"ReadAction\",\"target\":[\"https:\/\/www.ranciliogroup.com\/pt-pt\/rs1-in-barcelona-for-the-second-leg-of-the-barista-league\/\"]}]},{\"@type\":\"BreadcrumbList\",\"@id\":\"https:\/\/www.ranciliogroup.com\/pt-pt\/rs1-in-barcelona-for-the-second-leg-of-the-barista-league\/#breadcrumb\",\"itemListElement\":[{\"@type\":\"ListItem\",\"position\":1,\"name\":\"Home\",\"item\":\"https:\/\/www.ranciliogroup.com\/pt-pt\/\"},{\"@type\":\"ListItem\",\"position\":2,\"name\":\"RS1 in Barcelona for the second leg of the Barista League\"}]},{\"@type\":\"WebSite\",\"@id\":\"https:\/\/www.ranciliogroup.com\/pt-pt\/#website\",\"url\":\"https:\/\/www.ranciliogroup.com\/pt-pt\/\",\"name\":\"Rancilio Group\",\"description\":\"L\u00edder Profissional de M\u00e1quinas de Caf\u00e9\",\"publisher\":{\"@id\":\"https:\/\/www.ranciliogroup.com\/pt-pt\/#organization\"},\"potentialAction\":[{\"@type\":\"SearchAction\",\"target\":{\"@type\":\"EntryPoint\",\"urlTemplate\":\"https:\/\/www.ranciliogroup.com\/pt-pt\/?s={search_term_string}\"},\"query-input\":\"required name=search_term_string\"}],\"inLanguage\":\"pt-PT\"},{\"@type\":\"Organization\",\"@id\":\"https:\/\/www.ranciliogroup.com\/pt-pt\/#organization\",\"name\":\"Rancilio Group\",\"url\":\"https:\/\/www.ranciliogroup.com\/pt-pt\/\",\"logo\":{\"@type\":\"ImageObject\",\"inLanguage\":\"pt-PT\",\"@id\":\"https:\/\/www.ranciliogroup.com\/pt-pt\/#\/schema\/logo\/image\/\",\"url\":\"https:\/\/www.ranciliogroup.com\/app\/uploads\/2019\/07\/rancilio_black_logo.png\",\"contentUrl\":\"https:\/\/www.ranciliogroup.com\/app\/uploads\/2019\/07\/rancilio_black_logo.png\",\"width\":447,\"height\":57,\"caption\":\"Rancilio Group\"},\"image\":{\"@id\":\"https:\/\/www.ranciliogroup.com\/pt-pt\/#\/schema\/logo\/image\/\"},\"sameAs\":[\"https:\/\/www.facebook.com\/RancilioGroup\",\"https:\/\/twitter.com\/ranciliogroup\",\"https:\/\/www.instagram.com\/rancilio_official\/\",\"https:\/\/www.linkedin.com\/company\/ranciliogroup\/\",\"https:\/\/www.youtube.com\/user\/rancilioadmin\"]},{\"@type\":\"Person\",\"@id\":\"https:\/\/www.ranciliogroup.com\/pt-pt\/#\/schema\/person\/d6bf0a7dfe74cded3d64da8b2c92814c\",\"name\":\"temp circular\",\"image\":{\"@type\":\"ImageObject\",\"inLanguage\":\"pt-PT\",\"@id\":\"https:\/\/www.ranciliogroup.com\/pt-pt\/#\/schema\/person\/image\/\",\"url\":\"https:\/\/secure.gravatar.com\/avatar\/569e71c3b97b8bcad1854d6579b35c5f?s=96&d=mm&r=g\",\"contentUrl\":\"https:\/\/secure.gravatar.com\/avatar\/569e71c3b97b8bcad1854d6579b35c5f?s=96&d=mm&r=g\",\"caption\":\"temp circular\"}}]}<\/script>\n<!-- \/ Yoast SEO plugin. -->","yoast_head_json":{"title":"Latest update about RS1 in Barcelona for the second leg of the Barista League - Rancilio Group","description":"Read Rancilio Group's latest news about RS1 in Barcelona for the second leg of the Barista League","robots":{"index":"index","follow":"follow","max-snippet":"max-snippet:-1","max-image-preview":"max-image-preview:large","max-video-preview":"max-video-preview:-1"},"canonical":"https:\/\/www.ranciliogroup.com\/pt-pt\/rs1-in-barcelona-for-the-second-leg-of-the-barista-league\/","og_locale":"pt_PT","og_type":"article","og_title":"Latest update about RS1 in Barcelona for the second leg of the Barista League - Rancilio Group","og_description":"Read Rancilio Group's latest news about RS1 in Barcelona for the second leg of the Barista League","og_url":"https:\/\/www.ranciliogroup.com\/pt-pt\/rs1-in-barcelona-for-the-second-leg-of-the-barista-league\/","og_site_name":"Rancilio Group","article_publisher":"https:\/\/www.facebook.com\/RancilioGroup","article_published_time":"2021-10-06T08:51:23+00:00","article_modified_time":"2023-05-03T13:27:51+00:00","og_image":[{"width":1024,"height":724,"url":"https:\/\/www.ranciliogroup.com\/app\/uploads\/2021\/10\/Header_TBL_Barcellona-1024x724.jpg","type":"image\/jpeg"}],"author":"temp circular","twitter_card":"summary_large_image","twitter_creator":"@ranciliogroup","twitter_site":"@ranciliogroup","twitter_misc":{"Written by":"temp circular","Est. reading time":"1 minute"},"schema":{"@context":"https:\/\/schema.org","@graph":[{"@type":"Article","@id":"https:\/\/www.ranciliogroup.com\/pt-pt\/rs1-in-barcelona-for-the-second-leg-of-the-barista-league\/#article","isPartOf":{"@id":"https:\/\/www.ranciliogroup.com\/pt-pt\/rs1-in-barcelona-for-the-second-leg-of-the-barista-league\/"},"author":{"name":"temp circular","@id":"https:\/\/www.ranciliogroup.com\/pt-pt\/#\/schema\/person\/d6bf0a7dfe74cded3d64da8b2c92814c"},"headline":"RS1 in Barcelona for the second leg of the Barista League","datePublished":"2021-10-06T08:51:23+00:00","dateModified":"2023-05-03T13:27:51+00:00","mainEntityOfPage":{"@id":"https:\/\/www.ranciliogroup.com\/pt-pt\/rs1-in-barcelona-for-the-second-leg-of-the-barista-league\/"},"wordCount":191,"publisher":{"@id":"https:\/\/www.ranciliogroup.com\/pt-pt\/#organization"},"articleSection":["Eventos"],"inLanguage":"pt-PT"},{"@type":"WebPage","@id":"https:\/\/www.ranciliogroup.com\/pt-pt\/rs1-in-barcelona-for-the-second-leg-of-the-barista-league\/","url":"https:\/\/www.ranciliogroup.com\/pt-pt\/rs1-in-barcelona-for-the-second-leg-of-the-barista-league\/","name":"Latest update about RS1 in Barcelona for the second leg of the Barista League - Rancilio Group","isPartOf":{"@id":"https:\/\/www.ranciliogroup.com\/pt-pt\/#website"},"datePublished":"2021-10-06T08:51:23+00:00","dateModified":"2023-05-03T13:27:51+00:00","description":"Read Rancilio Group's latest news about RS1 in Barcelona for the second leg of the Barista League","breadcrumb":{"@id":"https:\/\/www.ranciliogroup.com\/pt-pt\/rs1-in-barcelona-for-the-second-leg-of-the-barista-league\/#breadcrumb"},"inLanguage":"pt-PT","potentialAction":[{"@type":"ReadAction","target":["https:\/\/www.ranciliogroup.com\/pt-pt\/rs1-in-barcelona-for-the-second-leg-of-the-barista-league\/"]}]},{"@type":"BreadcrumbList","@id":"https:\/\/www.ranciliogroup.com\/pt-pt\/rs1-in-barcelona-for-the-second-leg-of-the-barista-league\/#breadcrumb","itemListElement":[{"@type":"ListItem","position":1,"name":"Home","item":"https:\/\/www.ranciliogroup.com\/pt-pt\/"},{"@type":"ListItem","position":2,"name":"RS1 in Barcelona for the second leg of the Barista League"}]},{"@type":"WebSite","@id":"https:\/\/www.ranciliogroup.com\/pt-pt\/#website","url":"https:\/\/www.ranciliogroup.com\/pt-pt\/","name":"Rancilio Group","description":"L\u00edder Profissional de M\u00e1quinas de Caf\u00e9","publisher":{"@id":"https:\/\/www.ranciliogroup.com\/pt-pt\/#organization"},"potentialAction":[{"@type":"SearchAction","target":{"@type":"EntryPoint","urlTemplate":"https:\/\/www.ranciliogroup.com\/pt-pt\/?s={search_term_string}"},"query-input":"required name=search_term_string"}],"inLanguage":"pt-PT"},{"@type":"Organization","@id":"https:\/\/www.ranciliogroup.com\/pt-pt\/#organization","name":"Rancilio Group","url":"https:\/\/www.ranciliogroup.com\/pt-pt\/","logo":{"@type":"ImageObject","inLanguage":"pt-PT","@id":"https:\/\/www.ranciliogroup.com\/pt-pt\/#\/schema\/logo\/image\/","url":"https:\/\/www.ranciliogroup.com\/app\/uploads\/2019\/07\/rancilio_black_logo.png","contentUrl":"https:\/\/www.ranciliogroup.com\/app\/uploads\/2019\/07\/rancilio_black_logo.png","width":447,"height":57,"caption":"Rancilio Group"},"image":{"@id":"https:\/\/www.ranciliogroup.com\/pt-pt\/#\/schema\/logo\/image\/"},"sameAs":["https:\/\/www.facebook.com\/RancilioGroup","https:\/\/twitter.com\/ranciliogroup","https:\/\/www.instagram.com\/rancilio_official\/","https:\/\/www.linkedin.com\/company\/ranciliogroup\/","https:\/\/www.youtube.com\/user\/rancilioadmin"]},{"@type":"Person","@id":"https:\/\/www.ranciliogroup.com\/pt-pt\/#\/schema\/person\/d6bf0a7dfe74cded3d64da8b2c92814c","name":"temp circular","image":{"@type":"ImageObject","inLanguage":"pt-PT","@id":"https:\/\/www.ranciliogroup.com\/pt-pt\/#\/schema\/person\/image\/","url":"https:\/\/secure.gravatar.com\/avatar\/569e71c3b97b8bcad1854d6579b35c5f?s=96&d=mm&r=g","contentUrl":"https:\/\/secure.gravatar.com\/avatar\/569e71c3b97b8bcad1854d6579b35c5f?s=96&d=mm&r=g","caption":"temp circular"}}]}},"_links":{"self":[{"href":"https:\/\/www.ranciliogroup.com\/pt-pt\/wp-json\/wp\/v2\/posts\/31268"}],"collection":[{"href":"https:\/\/www.ranciliogroup.com\/pt-pt\/wp-json\/wp\/v2\/posts"}],"about":[{"href":"https:\/\/www.ranciliogroup.com\/pt-pt\/wp-json\/wp\/v2\/types\/post"}],"author":[{"embeddable":true,"href":"https:\/\/www.ranciliogroup.com\/pt-pt\/wp-json\/wp\/v2\/users\/5"}],"replies":[{"embeddable":true,"href":"https:\/\/www.ranciliogroup.com\/pt-pt\/wp-json\/wp\/v2\/comments?post=31268"}],"version-history":[{"count":1,"href":"https:\/\/www.ranciliogroup.com\/pt-pt\/wp-json\/wp\/v2\/posts\/31268\/revisions"}],"predecessor-version":[{"id":66445,"href":"https:\/\/www.ranciliogroup.com\/pt-pt\/wp-json\/wp\/v2\/posts\/31268\/revisions\/66445"}],"wp:featuredmedia":[{"embeddable":true,"href":"https:\/\/www.ranciliogroup.com\/pt-pt\/wp-json\/wp\/v2\/media\/31269"}],"wp:attachment":[{"href":"https:\/\/www.ranciliogroup.com\/pt-pt\/wp-json\/wp\/v2\/media?parent=31268"}],"wp:term":[{"taxonomy":"category","embeddable":true,"href":"https:\/\/www.ranciliogroup.com\/pt-pt\/wp-json\/wp\/v2\/categories?post=31268"},{"taxonomy":"post_tag","embeddable":true,"href":"https:\/\/www.ranciliogroup.com\/pt-pt\/wp-json\/wp\/v2\/tags?post=31268"}],"curies":[{"name":"wp","href":"https:\/\/api.w.org\/{rel}","templated":true}]}}