{"id":31430,"date":"2022-03-10T17:16:41","date_gmt":"2022-03-10T16:16:41","guid":{"rendered":"https:\/\/www.ranciliogroup.com\/?p=31430"},"modified":"2022-03-24T17:10:43","modified_gmt":"2022-03-24T16:10:43","slug":"rancilio-group-returns-to-brick-lane-for-the-london-coffee-festival","status":"publish","type":"post","link":"https:\/\/www.ranciliogroup.com\/pt-pt\/rancilio-group-returns-to-brick-lane-for-the-london-coffee-festival\/","title":{"rendered":"Rancilio Group regressa a Brick Lane para o London Coffee Festival"},"content":{"rendered":"<p>30.000 pessoas est\u00e3o prontas a encher as ruas da Brick Lane para a nova edi\u00e7\u00e3o do Festival do Caf\u00e9 de Londres, que ter\u00e1 lugar no edif\u00edcio da Old Truman Brewery, em Londres, de 31 de mar\u00e7o a 3 de abril de 2022. Rancilio Specialty regressa ao Festival com duas RS1, uma preta e uma branca, para apresentar ao p\u00fablico londrino a nova tecnologia que ajuda os baristas a controlar as fases de pr\u00e9-infus\u00e3o e p\u00f3s-infus\u00e3o. Juntamente com a RS1, o p\u00fablico poder\u00e1 descobrir os novos moinhos Kryo Evo on-demand da linha Rancilio Grindtec. Al\u00e9m das novas cores padr\u00e3o para todos os modelos Silvia &#8211; a\u00e7o inoxid\u00e1vel, preto, branco &#8211; a novidade altamente antecipada da linha Casa Rancilio \u00e9 Silvia Pro X, que chega ao mercado com um novo portafiltro, man\u00f3metro e infus\u00e3o suave. Esta edi\u00e7\u00e3o do Festival marcar\u00e1 um ponto de viragem radical para o Rancilio Group porque, pela primeira vez, duas m\u00e1quinas de caf\u00e9 super-autom\u00e1ticas da marca Egro estar\u00e3o tamb\u00e9m em exposi\u00e7\u00e3o: Next, na vers\u00e3o Pure Coffee com lan\u00e7a de vapor autom\u00e1tica iSteam, e Touch Coffee, para prepara\u00e7\u00e3o de caf\u00e9 de filtro. Chegar ao templo do Specialty Coffee com m\u00e1quinas de caf\u00e9 super-autom\u00e1ticas \u00e9 uma escolha corajosa, suportada por um desejo de mostrar ao p\u00fablico os resultados extraordin\u00e1rios, em termos de qualidade de extra\u00e7\u00e3o, que podem ser obtidos ao trabalhar com uma m\u00e1quina super-autom\u00e1tica. Ser\u00e1 um desafio no festival, mais um motivo para participar, um ponto de partida para discutir novas tend\u00eancias de mercado e imaginar em conjunto o futuro de toda a ind\u00fastria do caf\u00e9.<br \/>\nEste ano, o London Coffee Festival ir\u00e1 promover o &#8220;Coffee Awards&#8221;, um concurso online aberto a todos. A Rancilio \u00e9 uma das marcas nomeadas na categoria de &#8220;Melhor m\u00e1quina de caf\u00e9 tradicional completa&#8221;, Rancilio Silvia est\u00e1 nomeada na categoria de &#8220;Melhor m\u00e1quina de caf\u00e9 dom\u00e9stica completa&#8221; e Egro na categoria de &#8220;Melhor m\u00e1quina de caf\u00e9 totalmente autom\u00e1tica&#8221;. <\/p>\n<p><strong>London Coffee Festival<\/strong><br \/>\nde 31 de mar\u00e7o a 3 de abril de 2022<br \/>\nOld Truman Brewery<br \/>\nBrick Lane, Londres<br \/>\nRancilio Group<br \/>\nStand G02<\/p>\n","protected":false},"excerpt":{"rendered":"<p>30.000 pessoas est\u00e3o prontas a encher as ruas da Brick Lane para a nova edi\u00e7\u00e3o do Festival do Caf\u00e9 de&#8230;<\/p>\n","protected":false},"author":5,"featured_media":29234,"comment_status":"closed","ping_status":"closed","sticky":false,"template":"","format":"standard","meta":[],"categories":[1958,954],"tags":[],"acf":[],"yoast_head":"<!-- This site is optimized with the Yoast SEO plugin v21.5 - https:\/\/yoast.com\/wordpress\/plugins\/seo\/ -->\n<title>Latest update about Rancilio Group regressa a Brick Lane para o London Coffee Festival - Rancilio Group<\/title>\n<meta name=\"description\" content=\"Read Rancilio Group&#039;s latest news about Rancilio Group regressa a Brick Lane para o London Coffee Festival\" \/>\n<meta name=\"robots\" content=\"index, follow, max-snippet:-1, max-image-preview:large, max-video-preview:-1\" \/>\n<link rel=\"canonical\" href=\"https:\/\/www.ranciliogroup.com\/pt-pt\/rancilio-group-returns-to-brick-lane-for-the-london-coffee-festival\/\" \/>\n<meta property=\"og:locale\" content=\"pt_PT\" \/>\n<meta property=\"og:type\" content=\"article\" \/>\n<meta property=\"og:title\" content=\"Latest update about Rancilio Group regressa a Brick Lane para o London Coffee Festival - Rancilio Group\" \/>\n<meta property=\"og:description\" content=\"Read Rancilio Group&#039;s latest news about Rancilio Group regressa a Brick Lane para o London Coffee Festival\" \/>\n<meta property=\"og:url\" content=\"https:\/\/www.ranciliogroup.com\/pt-pt\/rancilio-group-returns-to-brick-lane-for-the-london-coffee-festival\/\" \/>\n<meta property=\"og:site_name\" content=\"Rancilio Group\" \/>\n<meta property=\"article:publisher\" content=\"https:\/\/www.facebook.com\/RancilioGroup\" \/>\n<meta property=\"article:published_time\" content=\"2022-03-10T16:16:41+00:00\" \/>\n<meta property=\"article:modified_time\" content=\"2022-03-24T16:10:43+00:00\" \/>\n<meta property=\"og:image\" content=\"https:\/\/www.ranciliogroup.com\/app\/uploads\/2022\/03\/RG_LCF_01-scaled.jpg\" \/>\n\t<meta property=\"og:image:width\" content=\"2560\" \/>\n\t<meta property=\"og:image:height\" content=\"1707\" \/>\n\t<meta property=\"og:image:type\" content=\"image\/jpeg\" \/>\n<meta name=\"author\" content=\"temp circular\" \/>\n<meta name=\"twitter:card\" content=\"summary_large_image\" \/>\n<meta name=\"twitter:creator\" content=\"@ranciliogroup\" \/>\n<meta name=\"twitter:site\" content=\"@ranciliogroup\" \/>\n<meta name=\"twitter:label1\" content=\"Written by\" \/>\n\t<meta name=\"twitter:data1\" content=\"temp circular\" \/>\n\t<meta name=\"twitter:label2\" content=\"Est. reading time\" \/>\n\t<meta name=\"twitter:data2\" content=\"2 minutes\" \/>\n<script type=\"application\/ld+json\" class=\"yoast-schema-graph\">{\"@context\":\"https:\/\/schema.org\",\"@graph\":[{\"@type\":\"Article\",\"@id\":\"https:\/\/www.ranciliogroup.com\/pt-pt\/rancilio-group-returns-to-brick-lane-for-the-london-coffee-festival\/#article\",\"isPartOf\":{\"@id\":\"https:\/\/www.ranciliogroup.com\/pt-pt\/rancilio-group-returns-to-brick-lane-for-the-london-coffee-festival\/\"},\"author\":{\"name\":\"temp circular\",\"@id\":\"https:\/\/www.ranciliogroup.com\/pt-pt\/#\/schema\/person\/d6bf0a7dfe74cded3d64da8b2c92814c\"},\"headline\":\"Rancilio Group regressa a Brick Lane para o London Coffee Festival\",\"datePublished\":\"2022-03-10T16:16:41+00:00\",\"dateModified\":\"2022-03-24T16:10:43+00:00\",\"mainEntityOfPage\":{\"@id\":\"https:\/\/www.ranciliogroup.com\/pt-pt\/rancilio-group-returns-to-brick-lane-for-the-london-coffee-festival\/\"},\"wordCount\":379,\"publisher\":{\"@id\":\"https:\/\/www.ranciliogroup.com\/pt-pt\/#organization\"},\"articleSection\":[\"Eventos\",\"Not\u00edcias\"],\"inLanguage\":\"pt-PT\"},{\"@type\":\"WebPage\",\"@id\":\"https:\/\/www.ranciliogroup.com\/pt-pt\/rancilio-group-returns-to-brick-lane-for-the-london-coffee-festival\/\",\"url\":\"https:\/\/www.ranciliogroup.com\/pt-pt\/rancilio-group-returns-to-brick-lane-for-the-london-coffee-festival\/\",\"name\":\"Latest update about Rancilio Group regressa a Brick Lane para o London Coffee Festival - Rancilio Group\",\"isPartOf\":{\"@id\":\"https:\/\/www.ranciliogroup.com\/pt-pt\/#website\"},\"datePublished\":\"2022-03-10T16:16:41+00:00\",\"dateModified\":\"2022-03-24T16:10:43+00:00\",\"description\":\"Read Rancilio Group's latest news about Rancilio Group regressa a Brick Lane para o London Coffee Festival\",\"breadcrumb\":{\"@id\":\"https:\/\/www.ranciliogroup.com\/pt-pt\/rancilio-group-returns-to-brick-lane-for-the-london-coffee-festival\/#breadcrumb\"},\"inLanguage\":\"pt-PT\",\"potentialAction\":[{\"@type\":\"ReadAction\",\"target\":[\"https:\/\/www.ranciliogroup.com\/pt-pt\/rancilio-group-returns-to-brick-lane-for-the-london-coffee-festival\/\"]}]},{\"@type\":\"BreadcrumbList\",\"@id\":\"https:\/\/www.ranciliogroup.com\/pt-pt\/rancilio-group-returns-to-brick-lane-for-the-london-coffee-festival\/#breadcrumb\",\"itemListElement\":[{\"@type\":\"ListItem\",\"position\":1,\"name\":\"Home\",\"item\":\"https:\/\/www.ranciliogroup.com\/pt-pt\/\"},{\"@type\":\"ListItem\",\"position\":2,\"name\":\"Rancilio Group regressa a Brick Lane para o London Coffee Festival\"}]},{\"@type\":\"WebSite\",\"@id\":\"https:\/\/www.ranciliogroup.com\/pt-pt\/#website\",\"url\":\"https:\/\/www.ranciliogroup.com\/pt-pt\/\",\"name\":\"Rancilio Group\",\"description\":\"L\u00edder Profissional de M\u00e1quinas de Caf\u00e9\",\"publisher\":{\"@id\":\"https:\/\/www.ranciliogroup.com\/pt-pt\/#organization\"},\"potentialAction\":[{\"@type\":\"SearchAction\",\"target\":{\"@type\":\"EntryPoint\",\"urlTemplate\":\"https:\/\/www.ranciliogroup.com\/pt-pt\/?s={search_term_string}\"},\"query-input\":\"required name=search_term_string\"}],\"inLanguage\":\"pt-PT\"},{\"@type\":\"Organization\",\"@id\":\"https:\/\/www.ranciliogroup.com\/pt-pt\/#organization\",\"name\":\"Rancilio Group\",\"url\":\"https:\/\/www.ranciliogroup.com\/pt-pt\/\",\"logo\":{\"@type\":\"ImageObject\",\"inLanguage\":\"pt-PT\",\"@id\":\"https:\/\/www.ranciliogroup.com\/pt-pt\/#\/schema\/logo\/image\/\",\"url\":\"https:\/\/www.ranciliogroup.com\/app\/uploads\/2019\/07\/rancilio_black_logo.png\",\"contentUrl\":\"https:\/\/www.ranciliogroup.com\/app\/uploads\/2019\/07\/rancilio_black_logo.png\",\"width\":447,\"height\":57,\"caption\":\"Rancilio Group\"},\"image\":{\"@id\":\"https:\/\/www.ranciliogroup.com\/pt-pt\/#\/schema\/logo\/image\/\"},\"sameAs\":[\"https:\/\/www.facebook.com\/RancilioGroup\",\"https:\/\/twitter.com\/ranciliogroup\",\"https:\/\/www.instagram.com\/rancilio_official\/\",\"https:\/\/www.linkedin.com\/company\/ranciliogroup\/\",\"https:\/\/www.youtube.com\/user\/rancilioadmin\"]},{\"@type\":\"Person\",\"@id\":\"https:\/\/www.ranciliogroup.com\/pt-pt\/#\/schema\/person\/d6bf0a7dfe74cded3d64da8b2c92814c\",\"name\":\"temp circular\",\"image\":{\"@type\":\"ImageObject\",\"inLanguage\":\"pt-PT\",\"@id\":\"https:\/\/www.ranciliogroup.com\/pt-pt\/#\/schema\/person\/image\/\",\"url\":\"https:\/\/secure.gravatar.com\/avatar\/569e71c3b97b8bcad1854d6579b35c5f?s=96&d=mm&r=g\",\"contentUrl\":\"https:\/\/secure.gravatar.com\/avatar\/569e71c3b97b8bcad1854d6579b35c5f?s=96&d=mm&r=g\",\"caption\":\"temp circular\"}}]}<\/script>\n<!-- \/ Yoast SEO plugin. -->","yoast_head_json":{"title":"Latest update about Rancilio Group regressa a Brick Lane para o London Coffee Festival - Rancilio Group","description":"Read Rancilio Group's latest news about Rancilio Group regressa a Brick Lane para o London Coffee Festival","robots":{"index":"index","follow":"follow","max-snippet":"max-snippet:-1","max-image-preview":"max-image-preview:large","max-video-preview":"max-video-preview:-1"},"canonical":"https:\/\/www.ranciliogroup.com\/pt-pt\/rancilio-group-returns-to-brick-lane-for-the-london-coffee-festival\/","og_locale":"pt_PT","og_type":"article","og_title":"Latest update about Rancilio Group regressa a Brick Lane para o London Coffee Festival - Rancilio Group","og_description":"Read Rancilio Group's latest news about Rancilio Group regressa a Brick Lane para o London Coffee Festival","og_url":"https:\/\/www.ranciliogroup.com\/pt-pt\/rancilio-group-returns-to-brick-lane-for-the-london-coffee-festival\/","og_site_name":"Rancilio Group","article_publisher":"https:\/\/www.facebook.com\/RancilioGroup","article_published_time":"2022-03-10T16:16:41+00:00","article_modified_time":"2022-03-24T16:10:43+00:00","og_image":[{"width":2560,"height":1707,"url":"https:\/\/www.ranciliogroup.com\/app\/uploads\/2022\/03\/RG_LCF_01-scaled.jpg","type":"image\/jpeg"}],"author":"temp circular","twitter_card":"summary_large_image","twitter_creator":"@ranciliogroup","twitter_site":"@ranciliogroup","twitter_misc":{"Written by":"temp circular","Est. reading time":"2 minutes"},"schema":{"@context":"https:\/\/schema.org","@graph":[{"@type":"Article","@id":"https:\/\/www.ranciliogroup.com\/pt-pt\/rancilio-group-returns-to-brick-lane-for-the-london-coffee-festival\/#article","isPartOf":{"@id":"https:\/\/www.ranciliogroup.com\/pt-pt\/rancilio-group-returns-to-brick-lane-for-the-london-coffee-festival\/"},"author":{"name":"temp circular","@id":"https:\/\/www.ranciliogroup.com\/pt-pt\/#\/schema\/person\/d6bf0a7dfe74cded3d64da8b2c92814c"},"headline":"Rancilio Group regressa a Brick Lane para o London Coffee Festival","datePublished":"2022-03-10T16:16:41+00:00","dateModified":"2022-03-24T16:10:43+00:00","mainEntityOfPage":{"@id":"https:\/\/www.ranciliogroup.com\/pt-pt\/rancilio-group-returns-to-brick-lane-for-the-london-coffee-festival\/"},"wordCount":379,"publisher":{"@id":"https:\/\/www.ranciliogroup.com\/pt-pt\/#organization"},"articleSection":["Eventos","Not\u00edcias"],"inLanguage":"pt-PT"},{"@type":"WebPage","@id":"https:\/\/www.ranciliogroup.com\/pt-pt\/rancilio-group-returns-to-brick-lane-for-the-london-coffee-festival\/","url":"https:\/\/www.ranciliogroup.com\/pt-pt\/rancilio-group-returns-to-brick-lane-for-the-london-coffee-festival\/","name":"Latest update about Rancilio Group regressa a Brick Lane para o London Coffee Festival - Rancilio Group","isPartOf":{"@id":"https:\/\/www.ranciliogroup.com\/pt-pt\/#website"},"datePublished":"2022-03-10T16:16:41+00:00","dateModified":"2022-03-24T16:10:43+00:00","description":"Read Rancilio Group's latest news about Rancilio Group regressa a Brick Lane para o London Coffee Festival","breadcrumb":{"@id":"https:\/\/www.ranciliogroup.com\/pt-pt\/rancilio-group-returns-to-brick-lane-for-the-london-coffee-festival\/#breadcrumb"},"inLanguage":"pt-PT","potentialAction":[{"@type":"ReadAction","target":["https:\/\/www.ranciliogroup.com\/pt-pt\/rancilio-group-returns-to-brick-lane-for-the-london-coffee-festival\/"]}]},{"@type":"BreadcrumbList","@id":"https:\/\/www.ranciliogroup.com\/pt-pt\/rancilio-group-returns-to-brick-lane-for-the-london-coffee-festival\/#breadcrumb","itemListElement":[{"@type":"ListItem","position":1,"name":"Home","item":"https:\/\/www.ranciliogroup.com\/pt-pt\/"},{"@type":"ListItem","position":2,"name":"Rancilio Group regressa a Brick Lane para o London Coffee Festival"}]},{"@type":"WebSite","@id":"https:\/\/www.ranciliogroup.com\/pt-pt\/#website","url":"https:\/\/www.ranciliogroup.com\/pt-pt\/","name":"Rancilio Group","description":"L\u00edder Profissional de M\u00e1quinas de Caf\u00e9","publisher":{"@id":"https:\/\/www.ranciliogroup.com\/pt-pt\/#organization"},"potentialAction":[{"@type":"SearchAction","target":{"@type":"EntryPoint","urlTemplate":"https:\/\/www.ranciliogroup.com\/pt-pt\/?s={search_term_string}"},"query-input":"required name=search_term_string"}],"inLanguage":"pt-PT"},{"@type":"Organization","@id":"https:\/\/www.ranciliogroup.com\/pt-pt\/#organization","name":"Rancilio Group","url":"https:\/\/www.ranciliogroup.com\/pt-pt\/","logo":{"@type":"ImageObject","inLanguage":"pt-PT","@id":"https:\/\/www.ranciliogroup.com\/pt-pt\/#\/schema\/logo\/image\/","url":"https:\/\/www.ranciliogroup.com\/app\/uploads\/2019\/07\/rancilio_black_logo.png","contentUrl":"https:\/\/www.ranciliogroup.com\/app\/uploads\/2019\/07\/rancilio_black_logo.png","width":447,"height":57,"caption":"Rancilio Group"},"image":{"@id":"https:\/\/www.ranciliogroup.com\/pt-pt\/#\/schema\/logo\/image\/"},"sameAs":["https:\/\/www.facebook.com\/RancilioGroup","https:\/\/twitter.com\/ranciliogroup","https:\/\/www.instagram.com\/rancilio_official\/","https:\/\/www.linkedin.com\/company\/ranciliogroup\/","https:\/\/www.youtube.com\/user\/rancilioadmin"]},{"@type":"Person","@id":"https:\/\/www.ranciliogroup.com\/pt-pt\/#\/schema\/person\/d6bf0a7dfe74cded3d64da8b2c92814c","name":"temp circular","image":{"@type":"ImageObject","inLanguage":"pt-PT","@id":"https:\/\/www.ranciliogroup.com\/pt-pt\/#\/schema\/person\/image\/","url":"https:\/\/secure.gravatar.com\/avatar\/569e71c3b97b8bcad1854d6579b35c5f?s=96&d=mm&r=g","contentUrl":"https:\/\/secure.gravatar.com\/avatar\/569e71c3b97b8bcad1854d6579b35c5f?s=96&d=mm&r=g","caption":"temp circular"}}]}},"_links":{"self":[{"href":"https:\/\/www.ranciliogroup.com\/pt-pt\/wp-json\/wp\/v2\/posts\/31430"}],"collection":[{"href":"https:\/\/www.ranciliogroup.com\/pt-pt\/wp-json\/wp\/v2\/posts"}],"about":[{"href":"https:\/\/www.ranciliogroup.com\/pt-pt\/wp-json\/wp\/v2\/types\/post"}],"author":[{"embeddable":true,"href":"https:\/\/www.ranciliogroup.com\/pt-pt\/wp-json\/wp\/v2\/users\/5"}],"replies":[{"embeddable":true,"href":"https:\/\/www.ranciliogroup.com\/pt-pt\/wp-json\/wp\/v2\/comments?post=31430"}],"version-history":[{"count":2,"href":"https:\/\/www.ranciliogroup.com\/pt-pt\/wp-json\/wp\/v2\/posts\/31430\/revisions"}],"predecessor-version":[{"id":44071,"href":"https:\/\/www.ranciliogroup.com\/pt-pt\/wp-json\/wp\/v2\/posts\/31430\/revisions\/44071"}],"wp:featuredmedia":[{"embeddable":true,"href":"https:\/\/www.ranciliogroup.com\/pt-pt\/wp-json\/wp\/v2\/media\/29234"}],"wp:attachment":[{"href":"https:\/\/www.ranciliogroup.com\/pt-pt\/wp-json\/wp\/v2\/media?parent=31430"}],"wp:term":[{"taxonomy":"category","embeddable":true,"href":"https:\/\/www.ranciliogroup.com\/pt-pt\/wp-json\/wp\/v2\/categories?post=31430"},{"taxonomy":"post_tag","embeddable":true,"href":"https:\/\/www.ranciliogroup.com\/pt-pt\/wp-json\/wp\/v2\/tags?post=31430"}],"curies":[{"name":"wp","href":"https:\/\/api.w.org\/{rel}","templated":true}]}}