{"id":57458,"date":"2022-05-16T11:11:57","date_gmt":"2022-05-16T09:11:57","guid":{"rendered":"https:\/\/www.ranciliogroup.com\/rancilio-specialty-is-in-hungary-for-barista-league-budapest\/"},"modified":"2022-05-24T16:36:55","modified_gmt":"2022-05-24T14:36:55","slug":"rancilio-specialty-is-in-hungary-for-barista-league-budapest","status":"publish","type":"post","link":"https:\/\/www.ranciliogroup.com\/pt-pt\/rancilio-specialty-is-in-hungary-for-barista-league-budapest\/","title":{"rendered":"A Rancilio Specialty est\u00e1 na Hungria para o Barista League Budapeste"},"content":{"rendered":"<p><em><span style=\"font-size: 1.25rem;\">A digress\u00e3o do Barista League para na Hungria para um novo evento no s\u00e1bado, dia 21 de maio de 2022, no Flow Coffee Shop &amp; Bistrot em Budapeste. <\/span><\/em><\/p>\n<p><span style=\"font-size: 1.25rem;\">O formato continua o mesmo: uma combina\u00e7\u00e3o de grande festa e competi\u00e7\u00e3o de baristas com imensa m\u00fasica, divers\u00e3o e caf\u00e9 de qualidade. Doze pares de baristas amadores competem numa s\u00e9rie de testes de habilidade divertidos com a ajuda da m\u00e1quina de caf\u00e9 expresso Specialty RS1 da Rancilio, novamente patrocinadora do evento. O evento \u00e9 apresentado por Andrea Fazekas do Ujvaros Bistro. O j\u00fari \u00e9 composto pelos nomes mais influentes da cena do caf\u00e9 de especialidade de Budapeste: Anita Nagy-Bertok da Roastar Coffee Company, Marton Lonkai do Steamhouse Caf\u00e8, Sabrina Chung do Casino Mocca, D\u00f6n\u00edz Kiss do Coffee Educational Center, \u00c1dam T\u00f6r\u00f6k do Bagira Coffee, eZolt\u00e1n Jarjabka do K\u00e9k Elef\u00e1nt K\u00e1v\u00e9z\u00f3. A m\u00fasica ser\u00e1 assegurada pelo DJ B\u00e1lint Kriska. Pode convidar amigos e os bilhetes, que j\u00e1 est\u00e3o \u00e0 venda, podem ser comprados <a href=\"https:\/\/www.tickettailor.com\/events\/thebaristaleague\/620558\/\">aqui<\/a>\u00a0<\/span><\/p>\n<p>A festa come\u00e7a \u00e0s 18:00h e a divers\u00e3o n\u00e3o para at\u00e9 \u00e0s 23:00h.<\/p>\n<p><strong>Barista League Budapeste<br \/>\n<\/strong>S\u00e1bado, 21 de maio<br \/>\ndas 18:00h \u00e0s 23:00h<\/p>\n<p><a href=\"https:\/\/www.google.com\/maps\/place\/Flow+Specialty+Coffee+Bar+%26+Bistro\/@47.5050199,19.0634666,18z\/data=!4m5!3m4!1s0x4741dd887af26cb1:0x36a8d38cee614df3!8m2!3d47.5074514!4d19.0661917\">Flow Speciality Coffee Bar &amp; Bistro<\/a><\/p>\n<p>Andr\u00e1ssy \u00fat 66<br \/>\nBudapest, Hungary<\/p>\n<p>&nbsp;<\/p>\n<p><strong>Siga o evento na nossa p\u00e1gina oficial do Instagram<br \/>\n<\/strong>@ranciliospecialty #ranciliospecialty<\/p>\n<p><strong style=\"font-size: 1.25rem;\"><strong>Saiba mais sobre <\/strong> <a href=\"https:\/\/www.ranciliogroup.com\/pt-pt\/specialty\/rs1\/\">Rancilio Specialty RS1<\/a><\/strong><\/p>\n<p>&nbsp;<\/p>\n","protected":false},"excerpt":{"rendered":"<p>A digress\u00e3o do Barista League para na Hungria para um novo evento no s\u00e1bado, dia 21 de maio de 2022,&#8230;<\/p>\n","protected":false},"author":5,"featured_media":57451,"comment_status":"closed","ping_status":"closed","sticky":false,"template":"","format":"standard","meta":[],"categories":[1958],"tags":[],"acf":[],"yoast_head":"<!-- This site is optimized with the Yoast SEO plugin v21.5 - https:\/\/yoast.com\/wordpress\/plugins\/seo\/ -->\n<title>Latest update about A Rancilio Specialty est\u00e1 na Hungria para o Barista League Budapeste - Rancilio Group<\/title>\n<meta name=\"description\" content=\"Read Rancilio Group&#039;s latest news about A Rancilio Specialty est\u00e1 na Hungria para o Barista League Budapeste\" \/>\n<meta name=\"robots\" content=\"index, follow, max-snippet:-1, max-image-preview:large, max-video-preview:-1\" \/>\n<link rel=\"canonical\" href=\"https:\/\/www.ranciliogroup.com\/pt-pt\/rancilio-specialty-is-in-hungary-for-barista-league-budapest\/\" \/>\n<meta property=\"og:locale\" content=\"pt_PT\" \/>\n<meta property=\"og:type\" content=\"article\" \/>\n<meta property=\"og:title\" content=\"Latest update about A Rancilio Specialty est\u00e1 na Hungria para o Barista League Budapeste - Rancilio Group\" \/>\n<meta property=\"og:description\" content=\"Read Rancilio Group&#039;s latest news about A Rancilio Specialty est\u00e1 na Hungria para o Barista League Budapeste\" \/>\n<meta property=\"og:url\" content=\"https:\/\/www.ranciliogroup.com\/pt-pt\/rancilio-specialty-is-in-hungary-for-barista-league-budapest\/\" \/>\n<meta property=\"og:site_name\" content=\"Rancilio Group\" \/>\n<meta property=\"article:publisher\" content=\"https:\/\/www.facebook.com\/RancilioGroup\" \/>\n<meta property=\"article:published_time\" content=\"2022-05-16T09:11:57+00:00\" \/>\n<meta property=\"article:modified_time\" content=\"2022-05-24T14:36:55+00:00\" \/>\n<meta property=\"og:image\" content=\"https:\/\/www.ranciliogroup.com\/app\/uploads\/2022\/05\/Upcoming_events_Budapest-46.png\" \/>\n\t<meta property=\"og:image:width\" content=\"500\" \/>\n\t<meta property=\"og:image:height\" content=\"501\" \/>\n\t<meta property=\"og:image:type\" content=\"image\/png\" \/>\n<meta name=\"author\" content=\"temp circular\" \/>\n<meta name=\"twitter:card\" content=\"summary_large_image\" \/>\n<meta name=\"twitter:creator\" content=\"@ranciliogroup\" \/>\n<meta name=\"twitter:site\" content=\"@ranciliogroup\" \/>\n<meta name=\"twitter:label1\" content=\"Written by\" \/>\n\t<meta name=\"twitter:data1\" content=\"temp circular\" \/>\n\t<meta name=\"twitter:label2\" content=\"Est. reading time\" \/>\n\t<meta name=\"twitter:data2\" content=\"1 minute\" \/>\n<script type=\"application\/ld+json\" class=\"yoast-schema-graph\">{\"@context\":\"https:\/\/schema.org\",\"@graph\":[{\"@type\":\"Article\",\"@id\":\"https:\/\/www.ranciliogroup.com\/pt-pt\/rancilio-specialty-is-in-hungary-for-barista-league-budapest\/#article\",\"isPartOf\":{\"@id\":\"https:\/\/www.ranciliogroup.com\/pt-pt\/rancilio-specialty-is-in-hungary-for-barista-league-budapest\/\"},\"author\":{\"name\":\"temp circular\",\"@id\":\"https:\/\/www.ranciliogroup.com\/pt-pt\/#\/schema\/person\/d6bf0a7dfe74cded3d64da8b2c92814c\"},\"headline\":\"A Rancilio Specialty est\u00e1 na Hungria para o Barista League Budapeste\",\"datePublished\":\"2022-05-16T09:11:57+00:00\",\"dateModified\":\"2022-05-24T14:36:55+00:00\",\"mainEntityOfPage\":{\"@id\":\"https:\/\/www.ranciliogroup.com\/pt-pt\/rancilio-specialty-is-in-hungary-for-barista-league-budapest\/\"},\"wordCount\":246,\"publisher\":{\"@id\":\"https:\/\/www.ranciliogroup.com\/pt-pt\/#organization\"},\"articleSection\":[\"Eventos\"],\"inLanguage\":\"pt-PT\"},{\"@type\":\"WebPage\",\"@id\":\"https:\/\/www.ranciliogroup.com\/pt-pt\/rancilio-specialty-is-in-hungary-for-barista-league-budapest\/\",\"url\":\"https:\/\/www.ranciliogroup.com\/pt-pt\/rancilio-specialty-is-in-hungary-for-barista-league-budapest\/\",\"name\":\"Latest update about A Rancilio Specialty est\u00e1 na Hungria para o Barista League Budapeste - Rancilio Group\",\"isPartOf\":{\"@id\":\"https:\/\/www.ranciliogroup.com\/pt-pt\/#website\"},\"datePublished\":\"2022-05-16T09:11:57+00:00\",\"dateModified\":\"2022-05-24T14:36:55+00:00\",\"description\":\"Read Rancilio Group's latest news about A Rancilio Specialty est\u00e1 na Hungria para o Barista League Budapeste\",\"breadcrumb\":{\"@id\":\"https:\/\/www.ranciliogroup.com\/pt-pt\/rancilio-specialty-is-in-hungary-for-barista-league-budapest\/#breadcrumb\"},\"inLanguage\":\"pt-PT\",\"potentialAction\":[{\"@type\":\"ReadAction\",\"target\":[\"https:\/\/www.ranciliogroup.com\/pt-pt\/rancilio-specialty-is-in-hungary-for-barista-league-budapest\/\"]}]},{\"@type\":\"BreadcrumbList\",\"@id\":\"https:\/\/www.ranciliogroup.com\/pt-pt\/rancilio-specialty-is-in-hungary-for-barista-league-budapest\/#breadcrumb\",\"itemListElement\":[{\"@type\":\"ListItem\",\"position\":1,\"name\":\"Home\",\"item\":\"https:\/\/www.ranciliogroup.com\/pt-pt\/\"},{\"@type\":\"ListItem\",\"position\":2,\"name\":\"A Rancilio Specialty est\u00e1 na Hungria para o Barista League Budapeste\"}]},{\"@type\":\"WebSite\",\"@id\":\"https:\/\/www.ranciliogroup.com\/pt-pt\/#website\",\"url\":\"https:\/\/www.ranciliogroup.com\/pt-pt\/\",\"name\":\"Rancilio Group\",\"description\":\"L\u00edder Profissional de M\u00e1quinas de Caf\u00e9\",\"publisher\":{\"@id\":\"https:\/\/www.ranciliogroup.com\/pt-pt\/#organization\"},\"potentialAction\":[{\"@type\":\"SearchAction\",\"target\":{\"@type\":\"EntryPoint\",\"urlTemplate\":\"https:\/\/www.ranciliogroup.com\/pt-pt\/?s={search_term_string}\"},\"query-input\":\"required name=search_term_string\"}],\"inLanguage\":\"pt-PT\"},{\"@type\":\"Organization\",\"@id\":\"https:\/\/www.ranciliogroup.com\/pt-pt\/#organization\",\"name\":\"Rancilio Group\",\"url\":\"https:\/\/www.ranciliogroup.com\/pt-pt\/\",\"logo\":{\"@type\":\"ImageObject\",\"inLanguage\":\"pt-PT\",\"@id\":\"https:\/\/www.ranciliogroup.com\/pt-pt\/#\/schema\/logo\/image\/\",\"url\":\"https:\/\/www.ranciliogroup.com\/app\/uploads\/2019\/07\/rancilio_black_logo.png\",\"contentUrl\":\"https:\/\/www.ranciliogroup.com\/app\/uploads\/2019\/07\/rancilio_black_logo.png\",\"width\":447,\"height\":57,\"caption\":\"Rancilio Group\"},\"image\":{\"@id\":\"https:\/\/www.ranciliogroup.com\/pt-pt\/#\/schema\/logo\/image\/\"},\"sameAs\":[\"https:\/\/www.facebook.com\/RancilioGroup\",\"https:\/\/twitter.com\/ranciliogroup\",\"https:\/\/www.instagram.com\/rancilio_official\/\",\"https:\/\/www.linkedin.com\/company\/ranciliogroup\/\",\"https:\/\/www.youtube.com\/user\/rancilioadmin\"]},{\"@type\":\"Person\",\"@id\":\"https:\/\/www.ranciliogroup.com\/pt-pt\/#\/schema\/person\/d6bf0a7dfe74cded3d64da8b2c92814c\",\"name\":\"temp circular\",\"image\":{\"@type\":\"ImageObject\",\"inLanguage\":\"pt-PT\",\"@id\":\"https:\/\/www.ranciliogroup.com\/pt-pt\/#\/schema\/person\/image\/\",\"url\":\"https:\/\/secure.gravatar.com\/avatar\/569e71c3b97b8bcad1854d6579b35c5f?s=96&d=mm&r=g\",\"contentUrl\":\"https:\/\/secure.gravatar.com\/avatar\/569e71c3b97b8bcad1854d6579b35c5f?s=96&d=mm&r=g\",\"caption\":\"temp circular\"}}]}<\/script>\n<!-- \/ Yoast SEO plugin. -->","yoast_head_json":{"title":"Latest update about A Rancilio Specialty est\u00e1 na Hungria para o Barista League Budapeste - Rancilio Group","description":"Read Rancilio Group's latest news about A Rancilio Specialty est\u00e1 na Hungria para o Barista League Budapeste","robots":{"index":"index","follow":"follow","max-snippet":"max-snippet:-1","max-image-preview":"max-image-preview:large","max-video-preview":"max-video-preview:-1"},"canonical":"https:\/\/www.ranciliogroup.com\/pt-pt\/rancilio-specialty-is-in-hungary-for-barista-league-budapest\/","og_locale":"pt_PT","og_type":"article","og_title":"Latest update about A Rancilio Specialty est\u00e1 na Hungria para o Barista League Budapeste - Rancilio Group","og_description":"Read Rancilio Group's latest news about A Rancilio Specialty est\u00e1 na Hungria para o Barista League Budapeste","og_url":"https:\/\/www.ranciliogroup.com\/pt-pt\/rancilio-specialty-is-in-hungary-for-barista-league-budapest\/","og_site_name":"Rancilio Group","article_publisher":"https:\/\/www.facebook.com\/RancilioGroup","article_published_time":"2022-05-16T09:11:57+00:00","article_modified_time":"2022-05-24T14:36:55+00:00","og_image":[{"width":500,"height":501,"url":"https:\/\/www.ranciliogroup.com\/app\/uploads\/2022\/05\/Upcoming_events_Budapest-46.png","type":"image\/png"}],"author":"temp circular","twitter_card":"summary_large_image","twitter_creator":"@ranciliogroup","twitter_site":"@ranciliogroup","twitter_misc":{"Written by":"temp circular","Est. reading time":"1 minute"},"schema":{"@context":"https:\/\/schema.org","@graph":[{"@type":"Article","@id":"https:\/\/www.ranciliogroup.com\/pt-pt\/rancilio-specialty-is-in-hungary-for-barista-league-budapest\/#article","isPartOf":{"@id":"https:\/\/www.ranciliogroup.com\/pt-pt\/rancilio-specialty-is-in-hungary-for-barista-league-budapest\/"},"author":{"name":"temp circular","@id":"https:\/\/www.ranciliogroup.com\/pt-pt\/#\/schema\/person\/d6bf0a7dfe74cded3d64da8b2c92814c"},"headline":"A Rancilio Specialty est\u00e1 na Hungria para o Barista League Budapeste","datePublished":"2022-05-16T09:11:57+00:00","dateModified":"2022-05-24T14:36:55+00:00","mainEntityOfPage":{"@id":"https:\/\/www.ranciliogroup.com\/pt-pt\/rancilio-specialty-is-in-hungary-for-barista-league-budapest\/"},"wordCount":246,"publisher":{"@id":"https:\/\/www.ranciliogroup.com\/pt-pt\/#organization"},"articleSection":["Eventos"],"inLanguage":"pt-PT"},{"@type":"WebPage","@id":"https:\/\/www.ranciliogroup.com\/pt-pt\/rancilio-specialty-is-in-hungary-for-barista-league-budapest\/","url":"https:\/\/www.ranciliogroup.com\/pt-pt\/rancilio-specialty-is-in-hungary-for-barista-league-budapest\/","name":"Latest update about A Rancilio Specialty est\u00e1 na Hungria para o Barista League Budapeste - Rancilio Group","isPartOf":{"@id":"https:\/\/www.ranciliogroup.com\/pt-pt\/#website"},"datePublished":"2022-05-16T09:11:57+00:00","dateModified":"2022-05-24T14:36:55+00:00","description":"Read Rancilio Group's latest news about A Rancilio Specialty est\u00e1 na Hungria para o Barista League Budapeste","breadcrumb":{"@id":"https:\/\/www.ranciliogroup.com\/pt-pt\/rancilio-specialty-is-in-hungary-for-barista-league-budapest\/#breadcrumb"},"inLanguage":"pt-PT","potentialAction":[{"@type":"ReadAction","target":["https:\/\/www.ranciliogroup.com\/pt-pt\/rancilio-specialty-is-in-hungary-for-barista-league-budapest\/"]}]},{"@type":"BreadcrumbList","@id":"https:\/\/www.ranciliogroup.com\/pt-pt\/rancilio-specialty-is-in-hungary-for-barista-league-budapest\/#breadcrumb","itemListElement":[{"@type":"ListItem","position":1,"name":"Home","item":"https:\/\/www.ranciliogroup.com\/pt-pt\/"},{"@type":"ListItem","position":2,"name":"A Rancilio Specialty est\u00e1 na Hungria para o Barista League Budapeste"}]},{"@type":"WebSite","@id":"https:\/\/www.ranciliogroup.com\/pt-pt\/#website","url":"https:\/\/www.ranciliogroup.com\/pt-pt\/","name":"Rancilio Group","description":"L\u00edder Profissional de M\u00e1quinas de Caf\u00e9","publisher":{"@id":"https:\/\/www.ranciliogroup.com\/pt-pt\/#organization"},"potentialAction":[{"@type":"SearchAction","target":{"@type":"EntryPoint","urlTemplate":"https:\/\/www.ranciliogroup.com\/pt-pt\/?s={search_term_string}"},"query-input":"required name=search_term_string"}],"inLanguage":"pt-PT"},{"@type":"Organization","@id":"https:\/\/www.ranciliogroup.com\/pt-pt\/#organization","name":"Rancilio Group","url":"https:\/\/www.ranciliogroup.com\/pt-pt\/","logo":{"@type":"ImageObject","inLanguage":"pt-PT","@id":"https:\/\/www.ranciliogroup.com\/pt-pt\/#\/schema\/logo\/image\/","url":"https:\/\/www.ranciliogroup.com\/app\/uploads\/2019\/07\/rancilio_black_logo.png","contentUrl":"https:\/\/www.ranciliogroup.com\/app\/uploads\/2019\/07\/rancilio_black_logo.png","width":447,"height":57,"caption":"Rancilio Group"},"image":{"@id":"https:\/\/www.ranciliogroup.com\/pt-pt\/#\/schema\/logo\/image\/"},"sameAs":["https:\/\/www.facebook.com\/RancilioGroup","https:\/\/twitter.com\/ranciliogroup","https:\/\/www.instagram.com\/rancilio_official\/","https:\/\/www.linkedin.com\/company\/ranciliogroup\/","https:\/\/www.youtube.com\/user\/rancilioadmin"]},{"@type":"Person","@id":"https:\/\/www.ranciliogroup.com\/pt-pt\/#\/schema\/person\/d6bf0a7dfe74cded3d64da8b2c92814c","name":"temp circular","image":{"@type":"ImageObject","inLanguage":"pt-PT","@id":"https:\/\/www.ranciliogroup.com\/pt-pt\/#\/schema\/person\/image\/","url":"https:\/\/secure.gravatar.com\/avatar\/569e71c3b97b8bcad1854d6579b35c5f?s=96&d=mm&r=g","contentUrl":"https:\/\/secure.gravatar.com\/avatar\/569e71c3b97b8bcad1854d6579b35c5f?s=96&d=mm&r=g","caption":"temp circular"}}]}},"_links":{"self":[{"href":"https:\/\/www.ranciliogroup.com\/pt-pt\/wp-json\/wp\/v2\/posts\/57458"}],"collection":[{"href":"https:\/\/www.ranciliogroup.com\/pt-pt\/wp-json\/wp\/v2\/posts"}],"about":[{"href":"https:\/\/www.ranciliogroup.com\/pt-pt\/wp-json\/wp\/v2\/types\/post"}],"author":[{"embeddable":true,"href":"https:\/\/www.ranciliogroup.com\/pt-pt\/wp-json\/wp\/v2\/users\/5"}],"replies":[{"embeddable":true,"href":"https:\/\/www.ranciliogroup.com\/pt-pt\/wp-json\/wp\/v2\/comments?post=57458"}],"version-history":[{"count":6,"href":"https:\/\/www.ranciliogroup.com\/pt-pt\/wp-json\/wp\/v2\/posts\/57458\/revisions"}],"predecessor-version":[{"id":58081,"href":"https:\/\/www.ranciliogroup.com\/pt-pt\/wp-json\/wp\/v2\/posts\/57458\/revisions\/58081"}],"wp:featuredmedia":[{"embeddable":true,"href":"https:\/\/www.ranciliogroup.com\/pt-pt\/wp-json\/wp\/v2\/media\/57451"}],"wp:attachment":[{"href":"https:\/\/www.ranciliogroup.com\/pt-pt\/wp-json\/wp\/v2\/media?parent=57458"}],"wp:term":[{"taxonomy":"category","embeddable":true,"href":"https:\/\/www.ranciliogroup.com\/pt-pt\/wp-json\/wp\/v2\/categories?post=57458"},{"taxonomy":"post_tag","embeddable":true,"href":"https:\/\/www.ranciliogroup.com\/pt-pt\/wp-json\/wp\/v2\/tags?post=57458"}],"curies":[{"name":"wp","href":"https:\/\/api.w.org\/{rel}","templated":true}]}}