{"id":57656,"date":"2022-05-16T13:47:27","date_gmt":"2022-05-16T11:47:27","guid":{"rendered":"https:\/\/www.ranciliogroup.com\/rancilio-group-is-in-milan-for-world-of-coffee\/"},"modified":"2022-06-21T12:25:29","modified_gmt":"2022-06-21T10:25:29","slug":"rancilio-group-is-in-milan-for-world-of-coffee","status":"publish","type":"post","link":"https:\/\/www.ranciliogroup.com\/pt-pt\/rancilio-group-is-in-milan-for-world-of-coffee\/","title":{"rendered":"O Grupo Rancilio est\u00e1 em Mil\u00e3o para o World of Coffee"},"content":{"rendered":"<p><em>Tr\u00eas anos depois, est\u00e1 de volta o World of Coffee da SCA, o evento mais aguardado no mundo internacional do caf\u00e9 de especialidade. <\/em><\/p>\n<p>A edi\u00e7\u00e3o deste ano decorrer\u00e1 entre os dias 23 e 25 de junho de 2022 no centro de congressos MiCo com 50.000 metros quadrados. O Grupo Rancilio \u00e9 um de mais de 200 expositores e ir\u00e1 apresentar novos produtos das marcas Rancilio, Rancilio Specialty, Egro e Rancilio Grindtec para o evento. A novidade mais esperada \u00e9 a Rancilio Specialty Invicta, a nova m\u00e1quina de caf\u00e9 expresso de uma \u00fanica caldeira com tecnologia Steady Brew que tamb\u00e9m oferece a possibilidade de activar a fun\u00e7\u00e3o de pr\u00e9-infus\u00e3o e ajustar manualmente diferentes temperaturas para cada grupo.Ir\u00e1 haver uma programa\u00e7\u00e3o repleta de eventos, incluindo cinco finais do World Coffee Championship (Latte Art, Coffee in Good Spirits, Cup Tasters, Roasting, Cezve\/Ibrik) e pr\u00e9mios para as competi\u00e7\u00f5es Design Coffee Awards e Best New Product Competition &amp; Display. Na \u00e1rea da Roaster Village, pode conhecer os melhores torradores de caf\u00e9 do mundo e provar o seu caf\u00e9, enquanto que nas Cupping Rooms pode participar em sess\u00f5es de degusta\u00e7\u00e3o com os especialistas. Os profissionais da ind\u00fastria e o p\u00fablico de amantes de caf\u00e9 tamb\u00e9m poder\u00e3o acompanhar os eventos com workshops, semin\u00e1rios e confer\u00eancias dedicados ao mundo do caf\u00e9. A Speciality Coffee Association (SCA) anunciou que 100% dos lucros das vendas dos bilhetes do WOC reverter\u00e3o a favor de empresas e profissionais do caf\u00e9 na Ucr\u00e2nia.<\/p>\n<p><strong><br \/>\nWOC Mil\u00e3o<br \/>\n<\/strong>23-25 de junho de 2022<\/p>\n<p><a href=\"https:\/\/www.google.com\/maps\/place\/MiCo+%E2%80%A2+Milano+Convention+Centre\/@45.4814282,9.1513437,17z\/data=!3m2!4b1!5s0x4786c10d38e671eb:0x1e3146974449414c!4m5!3m4!1s0x4786c112eaeffe77:0x6c1c03719d72cec5!8m2!3d45.4814282!4d9.1535377\">MiCo<\/a><br \/>\nPiazzale Carlo Magno, 1<br \/>\n20149 Milan, Italy<\/p>\n<p>Compre o seu bilhete<br \/>\n<a href=\"https:\/\/worldofcoffee.org\/registration-information\">https:\/\/worldofcoffee.org\/registration-information<\/a><\/p>\n<p>Consulte o calend\u00e1rio de eventos planeados para o WOC:<br \/>\n<a href=\"https:\/\/worldofcoffee.org\/schedule-of-events\">https:\/\/worldofcoffee.org\/schedule-of-events<\/a><\/p>\n<p>Saiba como a SCA est\u00e1 a apoiar a comunidade do caf\u00e9 na Ucr\u00e2nia:<br \/>\n<a href=\"https:\/\/sca.coffee\/sca-news\/community\/in-solidarity-with-the-ukrainian-coffee-community\">https:\/\/sca.coffee\/sca-news\/community\/in-solidarity-with-the-Ukrainian-coffee-community<\/a><\/p>\n<p>&nbsp;<\/p>\n<p>Produtos em exibi\u00e7\u00e3o:<\/p>\n<p><a href=\"https:\/\/www.ranciliogroup.com\/pt-pt\/specialty\/rs1\/\">Rancilio Specialty RS1<\/a><\/p>\n<p>Rancilio Specialty Invicta<\/p>\n<p><a href=\"https:\/\/www.ranciliogroup.com\/pt-pt\/rancilio\/classe-20\/\">Rancilio Classe 20 ASB<\/a><\/p>\n<p><a href=\"https:\/\/www.ranciliogroup.com\/pt-pt\/rancilio\/kryo\/\">Rancilio Grindtec Kryo Evo 65 OD<\/a><\/p>\n<p><a href=\"https:\/\/www.ranciliogroup.com\/pt-pt\/rancilio\/silvia-pro-x\/\">Rancilio Silvia Pro X<\/a><\/p>\n<p><a href=\"https:\/\/www.ranciliogroup.com\/pt-pt\/rancilio\/stile\/\">Rancilio Grindtec Stile<\/a><\/p>\n<p><a href=\"https:\/\/www.ranciliogroup.com\/pt-pt\/rancilio\/rocky\/\">Rancilio Rocky SD<\/a><\/p>\n<p><a href=\"https:\/\/www.ranciliogroup.com\/pt-pt\/egro\/next\/\">Egro Next NMS+<\/a><\/p>\n","protected":false},"excerpt":{"rendered":"<p>Tr\u00eas anos depois, est\u00e1 de volta o World of Coffee da SCA, o evento mais aguardado no mundo internacional do&#8230;<\/p>\n","protected":false},"author":5,"featured_media":57649,"comment_status":"closed","ping_status":"closed","sticky":false,"template":"","format":"standard","meta":[],"categories":[1958],"tags":[],"acf":[],"yoast_head":"<!-- This site is optimized with the Yoast SEO plugin v21.5 - https:\/\/yoast.com\/wordpress\/plugins\/seo\/ -->\n<title>Latest update about O Grupo Rancilio est\u00e1 em Mil\u00e3o para o World of Coffee - Rancilio Group<\/title>\n<meta name=\"description\" content=\"Read Rancilio Group&#039;s latest news about O Grupo Rancilio est\u00e1 em Mil\u00e3o para o World of Coffee\" \/>\n<meta name=\"robots\" content=\"index, follow, max-snippet:-1, max-image-preview:large, max-video-preview:-1\" \/>\n<link rel=\"canonical\" href=\"https:\/\/www.ranciliogroup.com\/pt-pt\/rancilio-group-is-in-milan-for-world-of-coffee\/\" \/>\n<meta property=\"og:locale\" content=\"pt_PT\" \/>\n<meta property=\"og:type\" content=\"article\" \/>\n<meta property=\"og:title\" content=\"Latest update about O Grupo Rancilio est\u00e1 em Mil\u00e3o para o World of Coffee - Rancilio Group\" \/>\n<meta property=\"og:description\" content=\"Read Rancilio Group&#039;s latest news about O Grupo Rancilio est\u00e1 em Mil\u00e3o para o World of Coffee\" \/>\n<meta property=\"og:url\" content=\"https:\/\/www.ranciliogroup.com\/pt-pt\/rancilio-group-is-in-milan-for-world-of-coffee\/\" \/>\n<meta property=\"og:site_name\" content=\"Rancilio Group\" \/>\n<meta property=\"article:publisher\" content=\"https:\/\/www.facebook.com\/RancilioGroup\" \/>\n<meta property=\"article:published_time\" content=\"2022-05-16T11:47:27+00:00\" \/>\n<meta property=\"article:modified_time\" content=\"2022-06-21T10:25:29+00:00\" \/>\n<meta property=\"og:image\" content=\"https:\/\/www.ranciliogroup.com\/app\/uploads\/2022\/05\/WOC-Milano-1024x536.png\" \/>\n\t<meta property=\"og:image:width\" content=\"1024\" \/>\n\t<meta property=\"og:image:height\" content=\"536\" \/>\n\t<meta property=\"og:image:type\" content=\"image\/png\" \/>\n<meta name=\"author\" content=\"temp circular\" \/>\n<meta name=\"twitter:card\" content=\"summary_large_image\" \/>\n<meta name=\"twitter:creator\" content=\"@ranciliogroup\" \/>\n<meta name=\"twitter:site\" content=\"@ranciliogroup\" \/>\n<meta name=\"twitter:label1\" content=\"Written by\" \/>\n\t<meta name=\"twitter:data1\" content=\"temp circular\" \/>\n\t<meta name=\"twitter:label2\" content=\"Est. reading time\" \/>\n\t<meta name=\"twitter:data2\" content=\"2 minutes\" \/>\n<script type=\"application\/ld+json\" class=\"yoast-schema-graph\">{\"@context\":\"https:\/\/schema.org\",\"@graph\":[{\"@type\":\"Article\",\"@id\":\"https:\/\/www.ranciliogroup.com\/pt-pt\/rancilio-group-is-in-milan-for-world-of-coffee\/#article\",\"isPartOf\":{\"@id\":\"https:\/\/www.ranciliogroup.com\/pt-pt\/rancilio-group-is-in-milan-for-world-of-coffee\/\"},\"author\":{\"name\":\"temp circular\",\"@id\":\"https:\/\/www.ranciliogroup.com\/pt-pt\/#\/schema\/person\/d6bf0a7dfe74cded3d64da8b2c92814c\"},\"headline\":\"O Grupo Rancilio est\u00e1 em Mil\u00e3o para o World of Coffee\",\"datePublished\":\"2022-05-16T11:47:27+00:00\",\"dateModified\":\"2022-06-21T10:25:29+00:00\",\"mainEntityOfPage\":{\"@id\":\"https:\/\/www.ranciliogroup.com\/pt-pt\/rancilio-group-is-in-milan-for-world-of-coffee\/\"},\"wordCount\":353,\"publisher\":{\"@id\":\"https:\/\/www.ranciliogroup.com\/pt-pt\/#organization\"},\"articleSection\":[\"Eventos\"],\"inLanguage\":\"pt-PT\"},{\"@type\":\"WebPage\",\"@id\":\"https:\/\/www.ranciliogroup.com\/pt-pt\/rancilio-group-is-in-milan-for-world-of-coffee\/\",\"url\":\"https:\/\/www.ranciliogroup.com\/pt-pt\/rancilio-group-is-in-milan-for-world-of-coffee\/\",\"name\":\"Latest update about O Grupo Rancilio est\u00e1 em Mil\u00e3o para o World of Coffee - Rancilio Group\",\"isPartOf\":{\"@id\":\"https:\/\/www.ranciliogroup.com\/pt-pt\/#website\"},\"datePublished\":\"2022-05-16T11:47:27+00:00\",\"dateModified\":\"2022-06-21T10:25:29+00:00\",\"description\":\"Read Rancilio Group's latest news about O Grupo Rancilio est\u00e1 em Mil\u00e3o para o World of Coffee\",\"breadcrumb\":{\"@id\":\"https:\/\/www.ranciliogroup.com\/pt-pt\/rancilio-group-is-in-milan-for-world-of-coffee\/#breadcrumb\"},\"inLanguage\":\"pt-PT\",\"potentialAction\":[{\"@type\":\"ReadAction\",\"target\":[\"https:\/\/www.ranciliogroup.com\/pt-pt\/rancilio-group-is-in-milan-for-world-of-coffee\/\"]}]},{\"@type\":\"BreadcrumbList\",\"@id\":\"https:\/\/www.ranciliogroup.com\/pt-pt\/rancilio-group-is-in-milan-for-world-of-coffee\/#breadcrumb\",\"itemListElement\":[{\"@type\":\"ListItem\",\"position\":1,\"name\":\"Home\",\"item\":\"https:\/\/www.ranciliogroup.com\/pt-pt\/\"},{\"@type\":\"ListItem\",\"position\":2,\"name\":\"O Grupo Rancilio est\u00e1 em Mil\u00e3o para o World of Coffee\"}]},{\"@type\":\"WebSite\",\"@id\":\"https:\/\/www.ranciliogroup.com\/pt-pt\/#website\",\"url\":\"https:\/\/www.ranciliogroup.com\/pt-pt\/\",\"name\":\"Rancilio Group\",\"description\":\"L\u00edder Profissional de M\u00e1quinas de Caf\u00e9\",\"publisher\":{\"@id\":\"https:\/\/www.ranciliogroup.com\/pt-pt\/#organization\"},\"potentialAction\":[{\"@type\":\"SearchAction\",\"target\":{\"@type\":\"EntryPoint\",\"urlTemplate\":\"https:\/\/www.ranciliogroup.com\/pt-pt\/?s={search_term_string}\"},\"query-input\":\"required name=search_term_string\"}],\"inLanguage\":\"pt-PT\"},{\"@type\":\"Organization\",\"@id\":\"https:\/\/www.ranciliogroup.com\/pt-pt\/#organization\",\"name\":\"Rancilio Group\",\"url\":\"https:\/\/www.ranciliogroup.com\/pt-pt\/\",\"logo\":{\"@type\":\"ImageObject\",\"inLanguage\":\"pt-PT\",\"@id\":\"https:\/\/www.ranciliogroup.com\/pt-pt\/#\/schema\/logo\/image\/\",\"url\":\"https:\/\/www.ranciliogroup.com\/app\/uploads\/2019\/07\/rancilio_black_logo.png\",\"contentUrl\":\"https:\/\/www.ranciliogroup.com\/app\/uploads\/2019\/07\/rancilio_black_logo.png\",\"width\":447,\"height\":57,\"caption\":\"Rancilio Group\"},\"image\":{\"@id\":\"https:\/\/www.ranciliogroup.com\/pt-pt\/#\/schema\/logo\/image\/\"},\"sameAs\":[\"https:\/\/www.facebook.com\/RancilioGroup\",\"https:\/\/twitter.com\/ranciliogroup\",\"https:\/\/www.instagram.com\/rancilio_official\/\",\"https:\/\/www.linkedin.com\/company\/ranciliogroup\/\",\"https:\/\/www.youtube.com\/user\/rancilioadmin\"]},{\"@type\":\"Person\",\"@id\":\"https:\/\/www.ranciliogroup.com\/pt-pt\/#\/schema\/person\/d6bf0a7dfe74cded3d64da8b2c92814c\",\"name\":\"temp circular\",\"image\":{\"@type\":\"ImageObject\",\"inLanguage\":\"pt-PT\",\"@id\":\"https:\/\/www.ranciliogroup.com\/pt-pt\/#\/schema\/person\/image\/\",\"url\":\"https:\/\/secure.gravatar.com\/avatar\/569e71c3b97b8bcad1854d6579b35c5f?s=96&d=mm&r=g\",\"contentUrl\":\"https:\/\/secure.gravatar.com\/avatar\/569e71c3b97b8bcad1854d6579b35c5f?s=96&d=mm&r=g\",\"caption\":\"temp circular\"}}]}<\/script>\n<!-- \/ Yoast SEO plugin. -->","yoast_head_json":{"title":"Latest update about O Grupo Rancilio est\u00e1 em Mil\u00e3o para o World of Coffee - Rancilio Group","description":"Read Rancilio Group's latest news about O Grupo Rancilio est\u00e1 em Mil\u00e3o para o World of Coffee","robots":{"index":"index","follow":"follow","max-snippet":"max-snippet:-1","max-image-preview":"max-image-preview:large","max-video-preview":"max-video-preview:-1"},"canonical":"https:\/\/www.ranciliogroup.com\/pt-pt\/rancilio-group-is-in-milan-for-world-of-coffee\/","og_locale":"pt_PT","og_type":"article","og_title":"Latest update about O Grupo Rancilio est\u00e1 em Mil\u00e3o para o World of Coffee - Rancilio Group","og_description":"Read Rancilio Group's latest news about O Grupo Rancilio est\u00e1 em Mil\u00e3o para o World of Coffee","og_url":"https:\/\/www.ranciliogroup.com\/pt-pt\/rancilio-group-is-in-milan-for-world-of-coffee\/","og_site_name":"Rancilio Group","article_publisher":"https:\/\/www.facebook.com\/RancilioGroup","article_published_time":"2022-05-16T11:47:27+00:00","article_modified_time":"2022-06-21T10:25:29+00:00","og_image":[{"width":1024,"height":536,"url":"https:\/\/www.ranciliogroup.com\/app\/uploads\/2022\/05\/WOC-Milano-1024x536.png","type":"image\/png"}],"author":"temp circular","twitter_card":"summary_large_image","twitter_creator":"@ranciliogroup","twitter_site":"@ranciliogroup","twitter_misc":{"Written by":"temp circular","Est. reading time":"2 minutes"},"schema":{"@context":"https:\/\/schema.org","@graph":[{"@type":"Article","@id":"https:\/\/www.ranciliogroup.com\/pt-pt\/rancilio-group-is-in-milan-for-world-of-coffee\/#article","isPartOf":{"@id":"https:\/\/www.ranciliogroup.com\/pt-pt\/rancilio-group-is-in-milan-for-world-of-coffee\/"},"author":{"name":"temp circular","@id":"https:\/\/www.ranciliogroup.com\/pt-pt\/#\/schema\/person\/d6bf0a7dfe74cded3d64da8b2c92814c"},"headline":"O Grupo Rancilio est\u00e1 em Mil\u00e3o para o World of Coffee","datePublished":"2022-05-16T11:47:27+00:00","dateModified":"2022-06-21T10:25:29+00:00","mainEntityOfPage":{"@id":"https:\/\/www.ranciliogroup.com\/pt-pt\/rancilio-group-is-in-milan-for-world-of-coffee\/"},"wordCount":353,"publisher":{"@id":"https:\/\/www.ranciliogroup.com\/pt-pt\/#organization"},"articleSection":["Eventos"],"inLanguage":"pt-PT"},{"@type":"WebPage","@id":"https:\/\/www.ranciliogroup.com\/pt-pt\/rancilio-group-is-in-milan-for-world-of-coffee\/","url":"https:\/\/www.ranciliogroup.com\/pt-pt\/rancilio-group-is-in-milan-for-world-of-coffee\/","name":"Latest update about O Grupo Rancilio est\u00e1 em Mil\u00e3o para o World of Coffee - Rancilio Group","isPartOf":{"@id":"https:\/\/www.ranciliogroup.com\/pt-pt\/#website"},"datePublished":"2022-05-16T11:47:27+00:00","dateModified":"2022-06-21T10:25:29+00:00","description":"Read Rancilio Group's latest news about O Grupo Rancilio est\u00e1 em Mil\u00e3o para o World of Coffee","breadcrumb":{"@id":"https:\/\/www.ranciliogroup.com\/pt-pt\/rancilio-group-is-in-milan-for-world-of-coffee\/#breadcrumb"},"inLanguage":"pt-PT","potentialAction":[{"@type":"ReadAction","target":["https:\/\/www.ranciliogroup.com\/pt-pt\/rancilio-group-is-in-milan-for-world-of-coffee\/"]}]},{"@type":"BreadcrumbList","@id":"https:\/\/www.ranciliogroup.com\/pt-pt\/rancilio-group-is-in-milan-for-world-of-coffee\/#breadcrumb","itemListElement":[{"@type":"ListItem","position":1,"name":"Home","item":"https:\/\/www.ranciliogroup.com\/pt-pt\/"},{"@type":"ListItem","position":2,"name":"O Grupo Rancilio est\u00e1 em Mil\u00e3o para o World of Coffee"}]},{"@type":"WebSite","@id":"https:\/\/www.ranciliogroup.com\/pt-pt\/#website","url":"https:\/\/www.ranciliogroup.com\/pt-pt\/","name":"Rancilio Group","description":"L\u00edder Profissional de M\u00e1quinas de Caf\u00e9","publisher":{"@id":"https:\/\/www.ranciliogroup.com\/pt-pt\/#organization"},"potentialAction":[{"@type":"SearchAction","target":{"@type":"EntryPoint","urlTemplate":"https:\/\/www.ranciliogroup.com\/pt-pt\/?s={search_term_string}"},"query-input":"required name=search_term_string"}],"inLanguage":"pt-PT"},{"@type":"Organization","@id":"https:\/\/www.ranciliogroup.com\/pt-pt\/#organization","name":"Rancilio Group","url":"https:\/\/www.ranciliogroup.com\/pt-pt\/","logo":{"@type":"ImageObject","inLanguage":"pt-PT","@id":"https:\/\/www.ranciliogroup.com\/pt-pt\/#\/schema\/logo\/image\/","url":"https:\/\/www.ranciliogroup.com\/app\/uploads\/2019\/07\/rancilio_black_logo.png","contentUrl":"https:\/\/www.ranciliogroup.com\/app\/uploads\/2019\/07\/rancilio_black_logo.png","width":447,"height":57,"caption":"Rancilio Group"},"image":{"@id":"https:\/\/www.ranciliogroup.com\/pt-pt\/#\/schema\/logo\/image\/"},"sameAs":["https:\/\/www.facebook.com\/RancilioGroup","https:\/\/twitter.com\/ranciliogroup","https:\/\/www.instagram.com\/rancilio_official\/","https:\/\/www.linkedin.com\/company\/ranciliogroup\/","https:\/\/www.youtube.com\/user\/rancilioadmin"]},{"@type":"Person","@id":"https:\/\/www.ranciliogroup.com\/pt-pt\/#\/schema\/person\/d6bf0a7dfe74cded3d64da8b2c92814c","name":"temp circular","image":{"@type":"ImageObject","inLanguage":"pt-PT","@id":"https:\/\/www.ranciliogroup.com\/pt-pt\/#\/schema\/person\/image\/","url":"https:\/\/secure.gravatar.com\/avatar\/569e71c3b97b8bcad1854d6579b35c5f?s=96&d=mm&r=g","contentUrl":"https:\/\/secure.gravatar.com\/avatar\/569e71c3b97b8bcad1854d6579b35c5f?s=96&d=mm&r=g","caption":"temp circular"}}]}},"_links":{"self":[{"href":"https:\/\/www.ranciliogroup.com\/pt-pt\/wp-json\/wp\/v2\/posts\/57656"}],"collection":[{"href":"https:\/\/www.ranciliogroup.com\/pt-pt\/wp-json\/wp\/v2\/posts"}],"about":[{"href":"https:\/\/www.ranciliogroup.com\/pt-pt\/wp-json\/wp\/v2\/types\/post"}],"author":[{"embeddable":true,"href":"https:\/\/www.ranciliogroup.com\/pt-pt\/wp-json\/wp\/v2\/users\/5"}],"replies":[{"embeddable":true,"href":"https:\/\/www.ranciliogroup.com\/pt-pt\/wp-json\/wp\/v2\/comments?post=57656"}],"version-history":[{"count":4,"href":"https:\/\/www.ranciliogroup.com\/pt-pt\/wp-json\/wp\/v2\/posts\/57656\/revisions"}],"predecessor-version":[{"id":58994,"href":"https:\/\/www.ranciliogroup.com\/pt-pt\/wp-json\/wp\/v2\/posts\/57656\/revisions\/58994"}],"wp:featuredmedia":[{"embeddable":true,"href":"https:\/\/www.ranciliogroup.com\/pt-pt\/wp-json\/wp\/v2\/media\/57649"}],"wp:attachment":[{"href":"https:\/\/www.ranciliogroup.com\/pt-pt\/wp-json\/wp\/v2\/media?parent=57656"}],"wp:term":[{"taxonomy":"category","embeddable":true,"href":"https:\/\/www.ranciliogroup.com\/pt-pt\/wp-json\/wp\/v2\/categories?post=57656"},{"taxonomy":"post_tag","embeddable":true,"href":"https:\/\/www.ranciliogroup.com\/pt-pt\/wp-json\/wp\/v2\/tags?post=57656"}],"curies":[{"name":"wp","href":"https:\/\/api.w.org\/{rel}","templated":true}]}}