{"id":58916,"date":"2022-06-20T10:11:14","date_gmt":"2022-06-20T08:11:14","guid":{"rendered":"https:\/\/www.ranciliogroup.com\/the-effect-of-temperature-on-extraction-and-flavour\/"},"modified":"2022-06-20T10:33:09","modified_gmt":"2022-06-20T08:33:09","slug":"the-effect-of-temperature-on-extraction-and-flavour","status":"publish","type":"post","link":"https:\/\/www.ranciliogroup.com\/pt-pt\/the-effect-of-temperature-on-extraction-and-flavour\/","title":{"rendered":"O EFEITO DA TEMPERATURA SOBRE A EXTRAC\u00c7\u00c3O E O SABOR"},"content":{"rendered":"<p><em>H\u00e1 muitas vari\u00e1veis envolvidas na extrac\u00e7\u00e3o de caf\u00e9 expresso, incluindo tamanho da moagem, dose, tamponamento, rendimento da extrac\u00e7\u00e3o, rela\u00e7\u00e3o da cerveja, tempo (como consequ\u00eancia) e temperatura da \u00e1gua, para citar apenas algumas.<\/em><\/p>\n<p>M\u00e1quinas de caf\u00e9 expresso de alta qualidade, como a <a href=\"https:\/\/www.ranciliogroup.com\/pt-pt\/rancilio\/silvia-pro-x\/\">Rancilio Silvia Pro X<\/a>\u00a0, t\u00eam geralmente n\u00edveis de in\u00e9rcia t\u00e9rmica mais elevados gra\u00e7as a um design que considera a forma como o calor se dispersa naturalmente. Ao antecipar isto na sua concep\u00e7\u00e3o, a m\u00e1quina \u00e9 simultaneamente mais eficiente e sustent\u00e1vel.<\/p>\n<p>Para saber mais sobre estabilidade t\u00e9rmica em m\u00e1quinas de caf\u00e9 expresso, Carles Gonz\u00e1lez, o Gestor de Compet\u00eancia de Caf\u00e9 do Grupo Rancilio, numa entrevista com <a href=\"https:\/\/perfectdailygrind.com\/\">Perfectdailygrind.com<\/a> , fala e aprofunda este argumento.<\/p>\n<p>&nbsp;<\/p>\n<p>&nbsp;<\/p>\n<p><a href=\"https:\/\/perfectdailygrind.com\/2022\/06\/how-does-temperature-stability-affect-espresso\/\">LER O ARTIGO COMPLETO<\/a><\/p>\n","protected":false},"excerpt":{"rendered":"<p>H\u00e1 muitas vari\u00e1veis envolvidas na extrac\u00e7\u00e3o de caf\u00e9 expresso, incluindo tamanho da moagem, dose, tamponamento, rendimento da extrac\u00e7\u00e3o, rela\u00e7\u00e3o da&#8230;<\/p>\n","protected":false},"author":5,"featured_media":58989,"comment_status":"closed","ping_status":"closed","sticky":false,"template":"","format":"standard","meta":[],"categories":[958],"tags":[],"acf":[],"yoast_head":"<!-- This site is optimized with the Yoast SEO plugin v21.5 - https:\/\/yoast.com\/wordpress\/plugins\/seo\/ -->\n<title>Latest update about O EFEITO DA TEMPERATURA SOBRE A EXTRAC\u00c7\u00c3O E O SABOR - Rancilio Group<\/title>\n<meta name=\"description\" content=\"Read Rancilio Group&#039;s latest news about O EFEITO DA TEMPERATURA SOBRE A EXTRAC\u00c7\u00c3O E O SABOR\" \/>\n<meta name=\"robots\" content=\"index, follow, max-snippet:-1, max-image-preview:large, max-video-preview:-1\" \/>\n<link rel=\"canonical\" href=\"https:\/\/www.ranciliogroup.com\/pt-pt\/the-effect-of-temperature-on-extraction-and-flavour\/\" \/>\n<meta property=\"og:locale\" content=\"pt_PT\" \/>\n<meta property=\"og:type\" content=\"article\" \/>\n<meta property=\"og:title\" content=\"Latest update about O EFEITO DA TEMPERATURA SOBRE A EXTRAC\u00c7\u00c3O E O SABOR - Rancilio Group\" \/>\n<meta property=\"og:description\" content=\"Read Rancilio Group&#039;s latest news about O EFEITO DA TEMPERATURA SOBRE A EXTRAC\u00c7\u00c3O E O SABOR\" \/>\n<meta property=\"og:url\" content=\"https:\/\/www.ranciliogroup.com\/pt-pt\/the-effect-of-temperature-on-extraction-and-flavour\/\" \/>\n<meta property=\"og:site_name\" content=\"Rancilio Group\" \/>\n<meta property=\"article:publisher\" content=\"https:\/\/www.facebook.com\/RancilioGroup\" \/>\n<meta property=\"article:published_time\" content=\"2022-06-20T08:11:14+00:00\" \/>\n<meta property=\"article:modified_time\" content=\"2022-06-20T08:33:09+00:00\" \/>\n<meta property=\"og:image\" content=\"https:\/\/www.ranciliogroup.com\/app\/uploads\/2022\/06\/RancilioGroup_HomelineLifestyle_SilviaPRO_0127-scaled.jpg\" \/>\n\t<meta property=\"og:image:width\" content=\"2560\" \/>\n\t<meta property=\"og:image:height\" content=\"1946\" \/>\n\t<meta property=\"og:image:type\" content=\"image\/jpeg\" \/>\n<meta name=\"author\" content=\"temp circular\" \/>\n<meta name=\"twitter:card\" content=\"summary_large_image\" \/>\n<meta name=\"twitter:creator\" content=\"@ranciliogroup\" \/>\n<meta name=\"twitter:site\" content=\"@ranciliogroup\" \/>\n<meta name=\"twitter:label1\" content=\"Written by\" \/>\n\t<meta name=\"twitter:data1\" content=\"temp circular\" \/>\n\t<meta name=\"twitter:label2\" content=\"Est. reading time\" \/>\n\t<meta name=\"twitter:data2\" content=\"1 minute\" \/>\n<script type=\"application\/ld+json\" class=\"yoast-schema-graph\">{\"@context\":\"https:\/\/schema.org\",\"@graph\":[{\"@type\":\"Article\",\"@id\":\"https:\/\/www.ranciliogroup.com\/pt-pt\/the-effect-of-temperature-on-extraction-and-flavour\/#article\",\"isPartOf\":{\"@id\":\"https:\/\/www.ranciliogroup.com\/pt-pt\/the-effect-of-temperature-on-extraction-and-flavour\/\"},\"author\":{\"name\":\"temp circular\",\"@id\":\"https:\/\/www.ranciliogroup.com\/pt-pt\/#\/schema\/person\/d6bf0a7dfe74cded3d64da8b2c92814c\"},\"headline\":\"O EFEITO DA TEMPERATURA SOBRE A EXTRAC\u00c7\u00c3O E O SABOR\",\"datePublished\":\"2022-06-20T08:11:14+00:00\",\"dateModified\":\"2022-06-20T08:33:09+00:00\",\"mainEntityOfPage\":{\"@id\":\"https:\/\/www.ranciliogroup.com\/pt-pt\/the-effect-of-temperature-on-extraction-and-flavour\/\"},\"wordCount\":147,\"publisher\":{\"@id\":\"https:\/\/www.ranciliogroup.com\/pt-pt\/#organization\"},\"articleSection\":[\"Laborat\u00f3rio\"],\"inLanguage\":\"pt-PT\"},{\"@type\":\"WebPage\",\"@id\":\"https:\/\/www.ranciliogroup.com\/pt-pt\/the-effect-of-temperature-on-extraction-and-flavour\/\",\"url\":\"https:\/\/www.ranciliogroup.com\/pt-pt\/the-effect-of-temperature-on-extraction-and-flavour\/\",\"name\":\"Latest update about O EFEITO DA TEMPERATURA SOBRE A EXTRAC\u00c7\u00c3O E O SABOR - Rancilio Group\",\"isPartOf\":{\"@id\":\"https:\/\/www.ranciliogroup.com\/pt-pt\/#website\"},\"datePublished\":\"2022-06-20T08:11:14+00:00\",\"dateModified\":\"2022-06-20T08:33:09+00:00\",\"description\":\"Read Rancilio Group's latest news about O EFEITO DA TEMPERATURA SOBRE A EXTRAC\u00c7\u00c3O E O SABOR\",\"breadcrumb\":{\"@id\":\"https:\/\/www.ranciliogroup.com\/pt-pt\/the-effect-of-temperature-on-extraction-and-flavour\/#breadcrumb\"},\"inLanguage\":\"pt-PT\",\"potentialAction\":[{\"@type\":\"ReadAction\",\"target\":[\"https:\/\/www.ranciliogroup.com\/pt-pt\/the-effect-of-temperature-on-extraction-and-flavour\/\"]}]},{\"@type\":\"BreadcrumbList\",\"@id\":\"https:\/\/www.ranciliogroup.com\/pt-pt\/the-effect-of-temperature-on-extraction-and-flavour\/#breadcrumb\",\"itemListElement\":[{\"@type\":\"ListItem\",\"position\":1,\"name\":\"Home\",\"item\":\"https:\/\/www.ranciliogroup.com\/pt-pt\/\"},{\"@type\":\"ListItem\",\"position\":2,\"name\":\"O EFEITO DA TEMPERATURA SOBRE A EXTRAC\u00c7\u00c3O E O SABOR\"}]},{\"@type\":\"WebSite\",\"@id\":\"https:\/\/www.ranciliogroup.com\/pt-pt\/#website\",\"url\":\"https:\/\/www.ranciliogroup.com\/pt-pt\/\",\"name\":\"Rancilio Group\",\"description\":\"L\u00edder Profissional de M\u00e1quinas de Caf\u00e9\",\"publisher\":{\"@id\":\"https:\/\/www.ranciliogroup.com\/pt-pt\/#organization\"},\"potentialAction\":[{\"@type\":\"SearchAction\",\"target\":{\"@type\":\"EntryPoint\",\"urlTemplate\":\"https:\/\/www.ranciliogroup.com\/pt-pt\/?s={search_term_string}\"},\"query-input\":\"required name=search_term_string\"}],\"inLanguage\":\"pt-PT\"},{\"@type\":\"Organization\",\"@id\":\"https:\/\/www.ranciliogroup.com\/pt-pt\/#organization\",\"name\":\"Rancilio Group\",\"url\":\"https:\/\/www.ranciliogroup.com\/pt-pt\/\",\"logo\":{\"@type\":\"ImageObject\",\"inLanguage\":\"pt-PT\",\"@id\":\"https:\/\/www.ranciliogroup.com\/pt-pt\/#\/schema\/logo\/image\/\",\"url\":\"https:\/\/www.ranciliogroup.com\/app\/uploads\/2019\/07\/rancilio_black_logo.png\",\"contentUrl\":\"https:\/\/www.ranciliogroup.com\/app\/uploads\/2019\/07\/rancilio_black_logo.png\",\"width\":447,\"height\":57,\"caption\":\"Rancilio Group\"},\"image\":{\"@id\":\"https:\/\/www.ranciliogroup.com\/pt-pt\/#\/schema\/logo\/image\/\"},\"sameAs\":[\"https:\/\/www.facebook.com\/RancilioGroup\",\"https:\/\/twitter.com\/ranciliogroup\",\"https:\/\/www.instagram.com\/rancilio_official\/\",\"https:\/\/www.linkedin.com\/company\/ranciliogroup\/\",\"https:\/\/www.youtube.com\/user\/rancilioadmin\"]},{\"@type\":\"Person\",\"@id\":\"https:\/\/www.ranciliogroup.com\/pt-pt\/#\/schema\/person\/d6bf0a7dfe74cded3d64da8b2c92814c\",\"name\":\"temp circular\",\"image\":{\"@type\":\"ImageObject\",\"inLanguage\":\"pt-PT\",\"@id\":\"https:\/\/www.ranciliogroup.com\/pt-pt\/#\/schema\/person\/image\/\",\"url\":\"https:\/\/secure.gravatar.com\/avatar\/569e71c3b97b8bcad1854d6579b35c5f?s=96&d=mm&r=g\",\"contentUrl\":\"https:\/\/secure.gravatar.com\/avatar\/569e71c3b97b8bcad1854d6579b35c5f?s=96&d=mm&r=g\",\"caption\":\"temp circular\"}}]}<\/script>\n<!-- \/ Yoast SEO plugin. -->","yoast_head_json":{"title":"Latest update about O EFEITO DA TEMPERATURA SOBRE A EXTRAC\u00c7\u00c3O E O SABOR - Rancilio Group","description":"Read Rancilio Group's latest news about O EFEITO DA TEMPERATURA SOBRE A EXTRAC\u00c7\u00c3O E O SABOR","robots":{"index":"index","follow":"follow","max-snippet":"max-snippet:-1","max-image-preview":"max-image-preview:large","max-video-preview":"max-video-preview:-1"},"canonical":"https:\/\/www.ranciliogroup.com\/pt-pt\/the-effect-of-temperature-on-extraction-and-flavour\/","og_locale":"pt_PT","og_type":"article","og_title":"Latest update about O EFEITO DA TEMPERATURA SOBRE A EXTRAC\u00c7\u00c3O E O SABOR - Rancilio Group","og_description":"Read Rancilio Group's latest news about O EFEITO DA TEMPERATURA SOBRE A EXTRAC\u00c7\u00c3O E O SABOR","og_url":"https:\/\/www.ranciliogroup.com\/pt-pt\/the-effect-of-temperature-on-extraction-and-flavour\/","og_site_name":"Rancilio Group","article_publisher":"https:\/\/www.facebook.com\/RancilioGroup","article_published_time":"2022-06-20T08:11:14+00:00","article_modified_time":"2022-06-20T08:33:09+00:00","og_image":[{"width":2560,"height":1946,"url":"https:\/\/www.ranciliogroup.com\/app\/uploads\/2022\/06\/RancilioGroup_HomelineLifestyle_SilviaPRO_0127-scaled.jpg","type":"image\/jpeg"}],"author":"temp circular","twitter_card":"summary_large_image","twitter_creator":"@ranciliogroup","twitter_site":"@ranciliogroup","twitter_misc":{"Written by":"temp circular","Est. reading time":"1 minute"},"schema":{"@context":"https:\/\/schema.org","@graph":[{"@type":"Article","@id":"https:\/\/www.ranciliogroup.com\/pt-pt\/the-effect-of-temperature-on-extraction-and-flavour\/#article","isPartOf":{"@id":"https:\/\/www.ranciliogroup.com\/pt-pt\/the-effect-of-temperature-on-extraction-and-flavour\/"},"author":{"name":"temp circular","@id":"https:\/\/www.ranciliogroup.com\/pt-pt\/#\/schema\/person\/d6bf0a7dfe74cded3d64da8b2c92814c"},"headline":"O EFEITO DA TEMPERATURA SOBRE A EXTRAC\u00c7\u00c3O E O SABOR","datePublished":"2022-06-20T08:11:14+00:00","dateModified":"2022-06-20T08:33:09+00:00","mainEntityOfPage":{"@id":"https:\/\/www.ranciliogroup.com\/pt-pt\/the-effect-of-temperature-on-extraction-and-flavour\/"},"wordCount":147,"publisher":{"@id":"https:\/\/www.ranciliogroup.com\/pt-pt\/#organization"},"articleSection":["Laborat\u00f3rio"],"inLanguage":"pt-PT"},{"@type":"WebPage","@id":"https:\/\/www.ranciliogroup.com\/pt-pt\/the-effect-of-temperature-on-extraction-and-flavour\/","url":"https:\/\/www.ranciliogroup.com\/pt-pt\/the-effect-of-temperature-on-extraction-and-flavour\/","name":"Latest update about O EFEITO DA TEMPERATURA SOBRE A EXTRAC\u00c7\u00c3O E O SABOR - Rancilio Group","isPartOf":{"@id":"https:\/\/www.ranciliogroup.com\/pt-pt\/#website"},"datePublished":"2022-06-20T08:11:14+00:00","dateModified":"2022-06-20T08:33:09+00:00","description":"Read Rancilio Group's latest news about O EFEITO DA TEMPERATURA SOBRE A EXTRAC\u00c7\u00c3O E O SABOR","breadcrumb":{"@id":"https:\/\/www.ranciliogroup.com\/pt-pt\/the-effect-of-temperature-on-extraction-and-flavour\/#breadcrumb"},"inLanguage":"pt-PT","potentialAction":[{"@type":"ReadAction","target":["https:\/\/www.ranciliogroup.com\/pt-pt\/the-effect-of-temperature-on-extraction-and-flavour\/"]}]},{"@type":"BreadcrumbList","@id":"https:\/\/www.ranciliogroup.com\/pt-pt\/the-effect-of-temperature-on-extraction-and-flavour\/#breadcrumb","itemListElement":[{"@type":"ListItem","position":1,"name":"Home","item":"https:\/\/www.ranciliogroup.com\/pt-pt\/"},{"@type":"ListItem","position":2,"name":"O EFEITO DA TEMPERATURA SOBRE A EXTRAC\u00c7\u00c3O E O SABOR"}]},{"@type":"WebSite","@id":"https:\/\/www.ranciliogroup.com\/pt-pt\/#website","url":"https:\/\/www.ranciliogroup.com\/pt-pt\/","name":"Rancilio Group","description":"L\u00edder Profissional de M\u00e1quinas de Caf\u00e9","publisher":{"@id":"https:\/\/www.ranciliogroup.com\/pt-pt\/#organization"},"potentialAction":[{"@type":"SearchAction","target":{"@type":"EntryPoint","urlTemplate":"https:\/\/www.ranciliogroup.com\/pt-pt\/?s={search_term_string}"},"query-input":"required name=search_term_string"}],"inLanguage":"pt-PT"},{"@type":"Organization","@id":"https:\/\/www.ranciliogroup.com\/pt-pt\/#organization","name":"Rancilio Group","url":"https:\/\/www.ranciliogroup.com\/pt-pt\/","logo":{"@type":"ImageObject","inLanguage":"pt-PT","@id":"https:\/\/www.ranciliogroup.com\/pt-pt\/#\/schema\/logo\/image\/","url":"https:\/\/www.ranciliogroup.com\/app\/uploads\/2019\/07\/rancilio_black_logo.png","contentUrl":"https:\/\/www.ranciliogroup.com\/app\/uploads\/2019\/07\/rancilio_black_logo.png","width":447,"height":57,"caption":"Rancilio Group"},"image":{"@id":"https:\/\/www.ranciliogroup.com\/pt-pt\/#\/schema\/logo\/image\/"},"sameAs":["https:\/\/www.facebook.com\/RancilioGroup","https:\/\/twitter.com\/ranciliogroup","https:\/\/www.instagram.com\/rancilio_official\/","https:\/\/www.linkedin.com\/company\/ranciliogroup\/","https:\/\/www.youtube.com\/user\/rancilioadmin"]},{"@type":"Person","@id":"https:\/\/www.ranciliogroup.com\/pt-pt\/#\/schema\/person\/d6bf0a7dfe74cded3d64da8b2c92814c","name":"temp circular","image":{"@type":"ImageObject","inLanguage":"pt-PT","@id":"https:\/\/www.ranciliogroup.com\/pt-pt\/#\/schema\/person\/image\/","url":"https:\/\/secure.gravatar.com\/avatar\/569e71c3b97b8bcad1854d6579b35c5f?s=96&d=mm&r=g","contentUrl":"https:\/\/secure.gravatar.com\/avatar\/569e71c3b97b8bcad1854d6579b35c5f?s=96&d=mm&r=g","caption":"temp circular"}}]}},"_links":{"self":[{"href":"https:\/\/www.ranciliogroup.com\/pt-pt\/wp-json\/wp\/v2\/posts\/58916"}],"collection":[{"href":"https:\/\/www.ranciliogroup.com\/pt-pt\/wp-json\/wp\/v2\/posts"}],"about":[{"href":"https:\/\/www.ranciliogroup.com\/pt-pt\/wp-json\/wp\/v2\/types\/post"}],"author":[{"embeddable":true,"href":"https:\/\/www.ranciliogroup.com\/pt-pt\/wp-json\/wp\/v2\/users\/5"}],"replies":[{"embeddable":true,"href":"https:\/\/www.ranciliogroup.com\/pt-pt\/wp-json\/wp\/v2\/comments?post=58916"}],"version-history":[{"count":3,"href":"https:\/\/www.ranciliogroup.com\/pt-pt\/wp-json\/wp\/v2\/posts\/58916\/revisions"}],"predecessor-version":[{"id":58931,"href":"https:\/\/www.ranciliogroup.com\/pt-pt\/wp-json\/wp\/v2\/posts\/58916\/revisions\/58931"}],"wp:featuredmedia":[{"embeddable":true,"href":"https:\/\/www.ranciliogroup.com\/pt-pt\/wp-json\/wp\/v2\/media\/58989"}],"wp:attachment":[{"href":"https:\/\/www.ranciliogroup.com\/pt-pt\/wp-json\/wp\/v2\/media?parent=58916"}],"wp:term":[{"taxonomy":"category","embeddable":true,"href":"https:\/\/www.ranciliogroup.com\/pt-pt\/wp-json\/wp\/v2\/categories?post=58916"},{"taxonomy":"post_tag","embeddable":true,"href":"https:\/\/www.ranciliogroup.com\/pt-pt\/wp-json\/wp\/v2\/tags?post=58916"}],"curies":[{"name":"wp","href":"https:\/\/api.w.org\/{rel}","templated":true}]}}