{"id":64159,"date":"2022-12-19T11:19:54","date_gmt":"2022-12-19T10:19:54","guid":{"rendered":"https:\/\/www.ranciliogroup.com\/?p=64159"},"modified":"2022-12-19T11:19:54","modified_gmt":"2022-12-19T10:19:54","slug":"a-nova-geracao-do-cafe-expresso-italiano-no-iei-connect-2022","status":"publish","type":"post","link":"https:\/\/www.ranciliogroup.com\/pt-pt\/a-nova-geracao-do-cafe-expresso-italiano-no-iei-connect-2022\/","title":{"rendered":"A nova gera\u00e7\u00e3o do caf\u00e9 expresso italiano no IEI Connect 2022"},"content":{"rendered":"<p>De 30 de novembro a 1 de dezembro passado, em Sapor\u00e8, no centro de Mil\u00e3o, o Istituto Espresso Italiano (IEI) reuniu profissionais do caf\u00e9 expresso para o evento IEI Connect 2022.<\/p>\n<p>O Rancilio Group participou nestes dois agrad\u00e1veis dias organizados pelo IEI dedicados \u00e0 bebida mais conhecida de It\u00e1lia, juntamente com as outras 36 empresas participantes.<\/p>\n<p>O IEI Connect 2022 assistiu ao regresso do Campeonato do Expresso Italiano, uma competi\u00e7\u00e3o entre 10 profissionais do caf\u00e9 prontos a desafiarem-se mutuamente na cria\u00e7\u00e3o de quatro excelentes expressos e quatro excelentes cappuccinos, de acordo com os elevados padr\u00f5es de qualidade do caf\u00e9 &#8220;Made in Italy&#8221;.<\/p>\n<p><img decoding=\"async\" loading=\"lazy\" class=\"wp-image-63699 aligncenter\" src=\"https:\/\/www.ranciliogroup.com\/app\/uploads\/2022\/12\/DSC_8159p_web-240x300.jpg\" alt=\"\" width=\"333\" height=\"416\" srcset=\"https:\/\/www.ranciliogroup.com\/app\/uploads\/2022\/12\/DSC_8159p_web-240x300.jpg 240w, https:\/\/www.ranciliogroup.com\/app\/uploads\/2022\/12\/DSC_8159p_web-819x1024.jpg 819w, https:\/\/www.ranciliogroup.com\/app\/uploads\/2022\/12\/DSC_8159p_web-768x960.jpg 768w, https:\/\/www.ranciliogroup.com\/app\/uploads\/2022\/12\/DSC_8159p_web-70x88.jpg 70w, https:\/\/www.ranciliogroup.com\/app\/uploads\/2022\/12\/DSC_8159p_web.jpg 864w\" sizes=\"(max-width: 333px) 100vw, 333px\" \/>Durante o evento, foram tamb\u00e9m apresentadas as novas certifica\u00e7\u00f5es Premium, criadas como uma continua\u00e7\u00e3o natural da certifica\u00e7\u00e3o do expresso italiano e com o objetivo de melhorar os produtos, misturas e equipamentos atrav\u00e9s de an\u00e1lises sensoriais espec\u00edficas, testes qu\u00edmicos e t\u00e9cnicos.<\/p>\n<p>A novidade deste ano, por\u00e9m, foi a primeira conversa p\u00fablica entre alguns representantes do IEI Next, um grupo de jovens profissionais com menos de 30 anos de empresas membros, que puderam partilhar a sua vis\u00e3o do caf\u00e9, do expresso italiano e do futuro do setor. Valeria Manilla e Antonio Grif\u00f2 foram os porta-vozes da nova gera\u00e7\u00e3o do Rancilio Group, ajudando a ilustrar a ideia do produto e do mercado que os jovens profissionais da ind\u00fastria como eles t\u00eam para o futuro, mesmo perante as fortes mudan\u00e7as sociais e econ\u00f3micas dos \u00faltimos anos.<\/p>\n<p><img decoding=\"async\" loading=\"lazy\" class=\"wp-image-63684 aligncenter\" src=\"https:\/\/www.ranciliogroup.com\/app\/uploads\/2022\/12\/DSC_8195p_web-300x200.jpg\" alt=\"\" width=\"500\" height=\"333\" srcset=\"https:\/\/www.ranciliogroup.com\/app\/uploads\/2022\/12\/DSC_8195p_web-300x200.jpg 300w, https:\/\/www.ranciliogroup.com\/app\/uploads\/2022\/12\/DSC_8195p_web-1024x682.jpg 1024w, https:\/\/www.ranciliogroup.com\/app\/uploads\/2022\/12\/DSC_8195p_web-768x511.jpg 768w, https:\/\/www.ranciliogroup.com\/app\/uploads\/2022\/12\/DSC_8195p_web-70x47.jpg 70w, https:\/\/www.ranciliogroup.com\/app\/uploads\/2022\/12\/DSC_8195p_web.jpg 1080w\" sizes=\"(max-width: 500px) 100vw, 500px\" \/>\u00abA nova gera\u00e7\u00e3o do caf\u00e9 expresso italiano, como gosto de lhe chamar\u00bb diz Gian Paolo Braceschi, Diretor Geral do Istituto Espresso Italiano (IEI), \u00ab\u00e9 uma realidade e n\u00e3o apenas agora: a inova\u00e7\u00e3o do produto, sem negligenciar a qualidade, juntamente com a procura de novos consumidores e a sua sensibiliza\u00e7\u00e3o e forma\u00e7\u00e3o s\u00e3o as ferramentas que os jovens profissionais deste setor est\u00e3o a utilizar para apresentar o produto em todo o mundo\u00bb.<\/p>\n<p>&nbsp;<\/p>\n<p><a href=\"https:\/\/www.linkedin.com\/company\/ranciliogroup\/mycompany\/\"><strong>Siga-nos no Linkedin<\/strong><\/a><\/p>\n<p>&nbsp;<\/p>\n<p><a href=\"http:\/\/www.inei.coffee\/en\/\"><strong>Para mais informa\u00e7\u00f5es sobre o Italian Espresso Institute<\/strong><\/a><\/p>\n<p>&nbsp;<\/p>\n","protected":false},"excerpt":{"rendered":"<p>De 30 de novembro a 1 de dezembro passado, em Sapor\u00e8, no centro de Mil\u00e3o, o Istituto Espresso Italiano (IEI)&#8230;<\/p>\n","protected":false},"author":5,"featured_media":63691,"comment_status":"closed","ping_status":"closed","sticky":false,"template":"","format":"standard","meta":[],"categories":[1958],"tags":[2720,2632],"acf":[],"yoast_head":"<!-- This site is optimized with the Yoast SEO plugin v21.5 - https:\/\/yoast.com\/wordpress\/plugins\/seo\/ -->\n<title>Latest update about A nova gera\u00e7\u00e3o do caf\u00e9 expresso italiano no IEI Connect 2022 - Rancilio Group<\/title>\n<meta name=\"description\" content=\"Read Rancilio Group&#039;s latest news about A nova gera\u00e7\u00e3o do caf\u00e9 expresso italiano no IEI Connect 2022\" \/>\n<meta name=\"robots\" content=\"index, follow, max-snippet:-1, max-image-preview:large, max-video-preview:-1\" \/>\n<link rel=\"canonical\" href=\"https:\/\/www.ranciliogroup.com\/pt-pt\/a-nova-geracao-do-cafe-expresso-italiano-no-iei-connect-2022\/\" \/>\n<meta property=\"og:locale\" content=\"pt_PT\" \/>\n<meta property=\"og:type\" content=\"article\" \/>\n<meta property=\"og:title\" content=\"Latest update about A nova gera\u00e7\u00e3o do caf\u00e9 expresso italiano no IEI Connect 2022 - Rancilio Group\" \/>\n<meta property=\"og:description\" content=\"Read Rancilio Group&#039;s latest news about A nova gera\u00e7\u00e3o do caf\u00e9 expresso italiano no IEI Connect 2022\" \/>\n<meta property=\"og:url\" content=\"https:\/\/www.ranciliogroup.com\/pt-pt\/a-nova-geracao-do-cafe-expresso-italiano-no-iei-connect-2022\/\" \/>\n<meta property=\"og:site_name\" content=\"Rancilio Group\" \/>\n<meta property=\"article:publisher\" content=\"https:\/\/www.facebook.com\/RancilioGroup\" \/>\n<meta property=\"article:published_time\" content=\"2022-12-19T10:19:54+00:00\" \/>\n<meta property=\"og:image\" content=\"https:\/\/www.ranciliogroup.com\/app\/uploads\/2022\/12\/DSC_8158_web.jpg\" \/>\n\t<meta property=\"og:image:width\" content=\"1080\" \/>\n\t<meta property=\"og:image:height\" content=\"718\" \/>\n\t<meta property=\"og:image:type\" content=\"image\/jpeg\" \/>\n<meta name=\"author\" content=\"temp circular\" \/>\n<meta name=\"twitter:card\" content=\"summary_large_image\" \/>\n<meta name=\"twitter:creator\" content=\"@ranciliogroup\" \/>\n<meta name=\"twitter:site\" content=\"@ranciliogroup\" \/>\n<meta name=\"twitter:label1\" content=\"Written by\" \/>\n\t<meta name=\"twitter:data1\" content=\"temp circular\" \/>\n\t<meta name=\"twitter:label2\" content=\"Est. reading time\" \/>\n\t<meta name=\"twitter:data2\" content=\"2 minutes\" \/>\n<script type=\"application\/ld+json\" class=\"yoast-schema-graph\">{\"@context\":\"https:\/\/schema.org\",\"@graph\":[{\"@type\":\"Article\",\"@id\":\"https:\/\/www.ranciliogroup.com\/pt-pt\/a-nova-geracao-do-cafe-expresso-italiano-no-iei-connect-2022\/#article\",\"isPartOf\":{\"@id\":\"https:\/\/www.ranciliogroup.com\/pt-pt\/a-nova-geracao-do-cafe-expresso-italiano-no-iei-connect-2022\/\"},\"author\":{\"name\":\"temp circular\",\"@id\":\"https:\/\/www.ranciliogroup.com\/pt-pt\/#\/schema\/person\/d6bf0a7dfe74cded3d64da8b2c92814c\"},\"headline\":\"A nova gera\u00e7\u00e3o do caf\u00e9 expresso italiano no IEI Connect 2022\",\"datePublished\":\"2022-12-19T10:19:54+00:00\",\"dateModified\":\"2022-12-19T10:19:54+00:00\",\"mainEntityOfPage\":{\"@id\":\"https:\/\/www.ranciliogroup.com\/pt-pt\/a-nova-geracao-do-cafe-expresso-italiano-no-iei-connect-2022\/\"},\"wordCount\":352,\"publisher\":{\"@id\":\"https:\/\/www.ranciliogroup.com\/pt-pt\/#organization\"},\"keywords\":[\"IEI\",\"Rancilio Group\"],\"articleSection\":[\"Eventos\"],\"inLanguage\":\"pt-PT\"},{\"@type\":\"WebPage\",\"@id\":\"https:\/\/www.ranciliogroup.com\/pt-pt\/a-nova-geracao-do-cafe-expresso-italiano-no-iei-connect-2022\/\",\"url\":\"https:\/\/www.ranciliogroup.com\/pt-pt\/a-nova-geracao-do-cafe-expresso-italiano-no-iei-connect-2022\/\",\"name\":\"Latest update about A nova gera\u00e7\u00e3o do caf\u00e9 expresso italiano no IEI Connect 2022 - Rancilio Group\",\"isPartOf\":{\"@id\":\"https:\/\/www.ranciliogroup.com\/pt-pt\/#website\"},\"datePublished\":\"2022-12-19T10:19:54+00:00\",\"dateModified\":\"2022-12-19T10:19:54+00:00\",\"description\":\"Read Rancilio Group's latest news about A nova gera\u00e7\u00e3o do caf\u00e9 expresso italiano no IEI Connect 2022\",\"breadcrumb\":{\"@id\":\"https:\/\/www.ranciliogroup.com\/pt-pt\/a-nova-geracao-do-cafe-expresso-italiano-no-iei-connect-2022\/#breadcrumb\"},\"inLanguage\":\"pt-PT\",\"potentialAction\":[{\"@type\":\"ReadAction\",\"target\":[\"https:\/\/www.ranciliogroup.com\/pt-pt\/a-nova-geracao-do-cafe-expresso-italiano-no-iei-connect-2022\/\"]}]},{\"@type\":\"BreadcrumbList\",\"@id\":\"https:\/\/www.ranciliogroup.com\/pt-pt\/a-nova-geracao-do-cafe-expresso-italiano-no-iei-connect-2022\/#breadcrumb\",\"itemListElement\":[{\"@type\":\"ListItem\",\"position\":1,\"name\":\"Home\",\"item\":\"https:\/\/www.ranciliogroup.com\/pt-pt\/\"},{\"@type\":\"ListItem\",\"position\":2,\"name\":\"A nova gera\u00e7\u00e3o do caf\u00e9 expresso italiano no IEI Connect 2022\"}]},{\"@type\":\"WebSite\",\"@id\":\"https:\/\/www.ranciliogroup.com\/pt-pt\/#website\",\"url\":\"https:\/\/www.ranciliogroup.com\/pt-pt\/\",\"name\":\"Rancilio Group\",\"description\":\"L\u00edder Profissional de M\u00e1quinas de Caf\u00e9\",\"publisher\":{\"@id\":\"https:\/\/www.ranciliogroup.com\/pt-pt\/#organization\"},\"potentialAction\":[{\"@type\":\"SearchAction\",\"target\":{\"@type\":\"EntryPoint\",\"urlTemplate\":\"https:\/\/www.ranciliogroup.com\/pt-pt\/?s={search_term_string}\"},\"query-input\":\"required name=search_term_string\"}],\"inLanguage\":\"pt-PT\"},{\"@type\":\"Organization\",\"@id\":\"https:\/\/www.ranciliogroup.com\/pt-pt\/#organization\",\"name\":\"Rancilio Group\",\"url\":\"https:\/\/www.ranciliogroup.com\/pt-pt\/\",\"logo\":{\"@type\":\"ImageObject\",\"inLanguage\":\"pt-PT\",\"@id\":\"https:\/\/www.ranciliogroup.com\/pt-pt\/#\/schema\/logo\/image\/\",\"url\":\"https:\/\/www.ranciliogroup.com\/app\/uploads\/2019\/07\/rancilio_black_logo.png\",\"contentUrl\":\"https:\/\/www.ranciliogroup.com\/app\/uploads\/2019\/07\/rancilio_black_logo.png\",\"width\":447,\"height\":57,\"caption\":\"Rancilio Group\"},\"image\":{\"@id\":\"https:\/\/www.ranciliogroup.com\/pt-pt\/#\/schema\/logo\/image\/\"},\"sameAs\":[\"https:\/\/www.facebook.com\/RancilioGroup\",\"https:\/\/twitter.com\/ranciliogroup\",\"https:\/\/www.instagram.com\/rancilio_official\/\",\"https:\/\/www.linkedin.com\/company\/ranciliogroup\/\",\"https:\/\/www.youtube.com\/user\/rancilioadmin\"]},{\"@type\":\"Person\",\"@id\":\"https:\/\/www.ranciliogroup.com\/pt-pt\/#\/schema\/person\/d6bf0a7dfe74cded3d64da8b2c92814c\",\"name\":\"temp circular\",\"image\":{\"@type\":\"ImageObject\",\"inLanguage\":\"pt-PT\",\"@id\":\"https:\/\/www.ranciliogroup.com\/pt-pt\/#\/schema\/person\/image\/\",\"url\":\"https:\/\/secure.gravatar.com\/avatar\/569e71c3b97b8bcad1854d6579b35c5f?s=96&d=mm&r=g\",\"contentUrl\":\"https:\/\/secure.gravatar.com\/avatar\/569e71c3b97b8bcad1854d6579b35c5f?s=96&d=mm&r=g\",\"caption\":\"temp circular\"}}]}<\/script>\n<!-- \/ Yoast SEO plugin. -->","yoast_head_json":{"title":"Latest update about A nova gera\u00e7\u00e3o do caf\u00e9 expresso italiano no IEI Connect 2022 - Rancilio Group","description":"Read Rancilio Group's latest news about A nova gera\u00e7\u00e3o do caf\u00e9 expresso italiano no IEI Connect 2022","robots":{"index":"index","follow":"follow","max-snippet":"max-snippet:-1","max-image-preview":"max-image-preview:large","max-video-preview":"max-video-preview:-1"},"canonical":"https:\/\/www.ranciliogroup.com\/pt-pt\/a-nova-geracao-do-cafe-expresso-italiano-no-iei-connect-2022\/","og_locale":"pt_PT","og_type":"article","og_title":"Latest update about A nova gera\u00e7\u00e3o do caf\u00e9 expresso italiano no IEI Connect 2022 - Rancilio Group","og_description":"Read Rancilio Group's latest news about A nova gera\u00e7\u00e3o do caf\u00e9 expresso italiano no IEI Connect 2022","og_url":"https:\/\/www.ranciliogroup.com\/pt-pt\/a-nova-geracao-do-cafe-expresso-italiano-no-iei-connect-2022\/","og_site_name":"Rancilio Group","article_publisher":"https:\/\/www.facebook.com\/RancilioGroup","article_published_time":"2022-12-19T10:19:54+00:00","og_image":[{"width":1080,"height":718,"url":"https:\/\/www.ranciliogroup.com\/app\/uploads\/2022\/12\/DSC_8158_web.jpg","type":"image\/jpeg"}],"author":"temp circular","twitter_card":"summary_large_image","twitter_creator":"@ranciliogroup","twitter_site":"@ranciliogroup","twitter_misc":{"Written by":"temp circular","Est. reading time":"2 minutes"},"schema":{"@context":"https:\/\/schema.org","@graph":[{"@type":"Article","@id":"https:\/\/www.ranciliogroup.com\/pt-pt\/a-nova-geracao-do-cafe-expresso-italiano-no-iei-connect-2022\/#article","isPartOf":{"@id":"https:\/\/www.ranciliogroup.com\/pt-pt\/a-nova-geracao-do-cafe-expresso-italiano-no-iei-connect-2022\/"},"author":{"name":"temp circular","@id":"https:\/\/www.ranciliogroup.com\/pt-pt\/#\/schema\/person\/d6bf0a7dfe74cded3d64da8b2c92814c"},"headline":"A nova gera\u00e7\u00e3o do caf\u00e9 expresso italiano no IEI Connect 2022","datePublished":"2022-12-19T10:19:54+00:00","dateModified":"2022-12-19T10:19:54+00:00","mainEntityOfPage":{"@id":"https:\/\/www.ranciliogroup.com\/pt-pt\/a-nova-geracao-do-cafe-expresso-italiano-no-iei-connect-2022\/"},"wordCount":352,"publisher":{"@id":"https:\/\/www.ranciliogroup.com\/pt-pt\/#organization"},"keywords":["IEI","Rancilio Group"],"articleSection":["Eventos"],"inLanguage":"pt-PT"},{"@type":"WebPage","@id":"https:\/\/www.ranciliogroup.com\/pt-pt\/a-nova-geracao-do-cafe-expresso-italiano-no-iei-connect-2022\/","url":"https:\/\/www.ranciliogroup.com\/pt-pt\/a-nova-geracao-do-cafe-expresso-italiano-no-iei-connect-2022\/","name":"Latest update about A nova gera\u00e7\u00e3o do caf\u00e9 expresso italiano no IEI Connect 2022 - Rancilio Group","isPartOf":{"@id":"https:\/\/www.ranciliogroup.com\/pt-pt\/#website"},"datePublished":"2022-12-19T10:19:54+00:00","dateModified":"2022-12-19T10:19:54+00:00","description":"Read Rancilio Group's latest news about A nova gera\u00e7\u00e3o do caf\u00e9 expresso italiano no IEI Connect 2022","breadcrumb":{"@id":"https:\/\/www.ranciliogroup.com\/pt-pt\/a-nova-geracao-do-cafe-expresso-italiano-no-iei-connect-2022\/#breadcrumb"},"inLanguage":"pt-PT","potentialAction":[{"@type":"ReadAction","target":["https:\/\/www.ranciliogroup.com\/pt-pt\/a-nova-geracao-do-cafe-expresso-italiano-no-iei-connect-2022\/"]}]},{"@type":"BreadcrumbList","@id":"https:\/\/www.ranciliogroup.com\/pt-pt\/a-nova-geracao-do-cafe-expresso-italiano-no-iei-connect-2022\/#breadcrumb","itemListElement":[{"@type":"ListItem","position":1,"name":"Home","item":"https:\/\/www.ranciliogroup.com\/pt-pt\/"},{"@type":"ListItem","position":2,"name":"A nova gera\u00e7\u00e3o do caf\u00e9 expresso italiano no IEI Connect 2022"}]},{"@type":"WebSite","@id":"https:\/\/www.ranciliogroup.com\/pt-pt\/#website","url":"https:\/\/www.ranciliogroup.com\/pt-pt\/","name":"Rancilio Group","description":"L\u00edder Profissional de M\u00e1quinas de Caf\u00e9","publisher":{"@id":"https:\/\/www.ranciliogroup.com\/pt-pt\/#organization"},"potentialAction":[{"@type":"SearchAction","target":{"@type":"EntryPoint","urlTemplate":"https:\/\/www.ranciliogroup.com\/pt-pt\/?s={search_term_string}"},"query-input":"required name=search_term_string"}],"inLanguage":"pt-PT"},{"@type":"Organization","@id":"https:\/\/www.ranciliogroup.com\/pt-pt\/#organization","name":"Rancilio Group","url":"https:\/\/www.ranciliogroup.com\/pt-pt\/","logo":{"@type":"ImageObject","inLanguage":"pt-PT","@id":"https:\/\/www.ranciliogroup.com\/pt-pt\/#\/schema\/logo\/image\/","url":"https:\/\/www.ranciliogroup.com\/app\/uploads\/2019\/07\/rancilio_black_logo.png","contentUrl":"https:\/\/www.ranciliogroup.com\/app\/uploads\/2019\/07\/rancilio_black_logo.png","width":447,"height":57,"caption":"Rancilio Group"},"image":{"@id":"https:\/\/www.ranciliogroup.com\/pt-pt\/#\/schema\/logo\/image\/"},"sameAs":["https:\/\/www.facebook.com\/RancilioGroup","https:\/\/twitter.com\/ranciliogroup","https:\/\/www.instagram.com\/rancilio_official\/","https:\/\/www.linkedin.com\/company\/ranciliogroup\/","https:\/\/www.youtube.com\/user\/rancilioadmin"]},{"@type":"Person","@id":"https:\/\/www.ranciliogroup.com\/pt-pt\/#\/schema\/person\/d6bf0a7dfe74cded3d64da8b2c92814c","name":"temp circular","image":{"@type":"ImageObject","inLanguage":"pt-PT","@id":"https:\/\/www.ranciliogroup.com\/pt-pt\/#\/schema\/person\/image\/","url":"https:\/\/secure.gravatar.com\/avatar\/569e71c3b97b8bcad1854d6579b35c5f?s=96&d=mm&r=g","contentUrl":"https:\/\/secure.gravatar.com\/avatar\/569e71c3b97b8bcad1854d6579b35c5f?s=96&d=mm&r=g","caption":"temp circular"}}]}},"_links":{"self":[{"href":"https:\/\/www.ranciliogroup.com\/pt-pt\/wp-json\/wp\/v2\/posts\/64159"}],"collection":[{"href":"https:\/\/www.ranciliogroup.com\/pt-pt\/wp-json\/wp\/v2\/posts"}],"about":[{"href":"https:\/\/www.ranciliogroup.com\/pt-pt\/wp-json\/wp\/v2\/types\/post"}],"author":[{"embeddable":true,"href":"https:\/\/www.ranciliogroup.com\/pt-pt\/wp-json\/wp\/v2\/users\/5"}],"replies":[{"embeddable":true,"href":"https:\/\/www.ranciliogroup.com\/pt-pt\/wp-json\/wp\/v2\/comments?post=64159"}],"version-history":[{"count":1,"href":"https:\/\/www.ranciliogroup.com\/pt-pt\/wp-json\/wp\/v2\/posts\/64159\/revisions"}],"predecessor-version":[{"id":64160,"href":"https:\/\/www.ranciliogroup.com\/pt-pt\/wp-json\/wp\/v2\/posts\/64159\/revisions\/64160"}],"wp:featuredmedia":[{"embeddable":true,"href":"https:\/\/www.ranciliogroup.com\/pt-pt\/wp-json\/wp\/v2\/media\/63691"}],"wp:attachment":[{"href":"https:\/\/www.ranciliogroup.com\/pt-pt\/wp-json\/wp\/v2\/media?parent=64159"}],"wp:term":[{"taxonomy":"category","embeddable":true,"href":"https:\/\/www.ranciliogroup.com\/pt-pt\/wp-json\/wp\/v2\/categories?post=64159"},{"taxonomy":"post_tag","embeddable":true,"href":"https:\/\/www.ranciliogroup.com\/pt-pt\/wp-json\/wp\/v2\/tags?post=64159"}],"curies":[{"name":"wp","href":"https:\/\/api.w.org\/{rel}","templated":true}]}}