{"id":64169,"date":"2022-12-19T12:22:48","date_gmt":"2022-12-19T11:22:48","guid":{"rendered":"https:\/\/www.ranciliogroup.com\/?p=64169"},"modified":"2023-06-22T09:12:17","modified_gmt":"2023-06-22T07:12:17","slug":"dia-da-seguranca-no-rancilio-group-colocar-a-seguranca-e-a-saude-no-trabalho-em-primeiro-lugar","status":"publish","type":"post","link":"https:\/\/www.ranciliogroup.com\/pt-pt\/dia-da-seguranca-no-rancilio-group-colocar-a-seguranca-e-a-saude-no-trabalho-em-primeiro-lugar\/","title":{"rendered":"Dia da Seguran\u00e7a no Rancilio Group: colocar a seguran\u00e7a e a sa\u00fade no trabalho em primeiro lugar"},"content":{"rendered":"<p>No Rancilio Group, prestar aten\u00e7\u00e3o \u00e0s condi\u00e7\u00f5es de trabalho do nosso pessoal \u00e9 da m\u00e1xima import\u00e2ncia. O nosso lema \u00e9 <em>Seguran\u00e7a em primeiro lugar!<\/em>, e \u00e9 por isso que estamos empenhados em fornecer sempre diretrizes para garantir a seguran\u00e7a e a sa\u00fade durante a realiza\u00e7\u00e3o do trabalho di\u00e1rio.<\/p>\n<p>No dia 25 de novembro, o Rancilio Group organizou um dia inteiro de forma\u00e7\u00e3o sobre o tema da sa\u00fade e seguran\u00e7a no trabalho, o Dia da Seguran\u00e7a, com a contribui\u00e7\u00e3o de Aristea di Legnano.<\/p>\n<p>O evento deste ano realizou-se sob a forma de &#8220;speed date&#8221;, durante o qual o nosso grupo foi convidado a participar em quatro workshops diferentes organizados pelos formadores Gloria Bevilacqua, Myriam Sabolla, Marino Ghezzi e Andrea Spadotto, que nos ajudaram a explorar v\u00e1rias quest\u00f5es relativas ao bem-estar das pessoas na nossa empresa.<\/p>\n<p><img decoding=\"async\" loading=\"lazy\" class=\" wp-image-63636 aligncenter\" src=\"https:\/\/www.ranciliogroup.com\/app\/uploads\/2022\/12\/2022_SAFETY_DAY_-60-300x200.jpg\" alt=\"\" width=\"500\" height=\"333\" srcset=\"https:\/\/www.ranciliogroup.com\/app\/uploads\/2022\/12\/2022_SAFETY_DAY_-60-300x200.jpg 300w, https:\/\/www.ranciliogroup.com\/app\/uploads\/2022\/12\/2022_SAFETY_DAY_-60-1024x684.jpg 1024w, https:\/\/www.ranciliogroup.com\/app\/uploads\/2022\/12\/2022_SAFETY_DAY_-60-768x513.jpg 768w, https:\/\/www.ranciliogroup.com\/app\/uploads\/2022\/12\/2022_SAFETY_DAY_-60-70x47.jpg 70w, https:\/\/www.ranciliogroup.com\/app\/uploads\/2022\/12\/2022_SAFETY_DAY_-60.jpg 1080w\" sizes=\"(max-width: 500px) 100vw, 500px\" \/>Num mundo ca\u00f3tico e din\u00e2mico como o nosso, \u00e9 f\u00e1cil negligenciar o nosso bem-estar f\u00edsico e mental. Pequenas medidas em rela\u00e7\u00e3o a n\u00f3s pr\u00f3prios e aos outros podem melhorar significativamente o nosso estilo de vida, tanto na nossa esfera privada como profissional.<\/p>\n<p>A forma como processamos o stress e as press\u00f5es externas pode afetar positiva ou negativamente as pessoas com quem interagimos. Encontrar espa\u00e7os para nos dedicarmos a n\u00f3s pr\u00f3prios durante o nosso dia pode dar-nos momentos preciosos para recarregar e olhar para as coisas de outra perspetiva.<\/p>\n<p>A nutri\u00e7\u00e3o \u00e9 outro fator essencial para nos garantir a energia necess\u00e1ria para darmos o nosso melhor no trabalho. Pequenas escolhas di\u00e1rias saud\u00e1veis durante as nossas refei\u00e7\u00f5es podem ajudar-nos a sentirmo-nos mais leves, mais produtivos e positivos.<\/p>\n<p><img decoding=\"async\" loading=\"lazy\" class=\" wp-image-63629 aligncenter\" src=\"https:\/\/www.ranciliogroup.com\/app\/uploads\/2022\/12\/2022_SAFETY_DAY_-232-300x200.jpg\" alt=\"\" width=\"500\" height=\"333\" srcset=\"https:\/\/www.ranciliogroup.com\/app\/uploads\/2022\/12\/2022_SAFETY_DAY_-232-300x200.jpg 300w, https:\/\/www.ranciliogroup.com\/app\/uploads\/2022\/12\/2022_SAFETY_DAY_-232-1024x684.jpg 1024w, https:\/\/www.ranciliogroup.com\/app\/uploads\/2022\/12\/2022_SAFETY_DAY_-232-768x513.jpg 768w, https:\/\/www.ranciliogroup.com\/app\/uploads\/2022\/12\/2022_SAFETY_DAY_-232-70x47.jpg 70w, https:\/\/www.ranciliogroup.com\/app\/uploads\/2022\/12\/2022_SAFETY_DAY_-232.jpg 1080w\" sizes=\"(max-width: 500px) 100vw, 500px\" \/>Os nossos colaboradores tiveram tamb\u00e9m a oportunidade de explorar como as nossas atitudes positivas e comportamento seguro podem melhorar a qualidade e seguran\u00e7a do seu pr\u00f3prio trabalho e dos outros.<\/p>\n<p>No entanto, o primeiro fator a considerar \u00e9 a comunica\u00e7\u00e3o. Avaliar a forma como as pessoas conseguem ler os nossos gestos, palavras e orienta\u00e7\u00f5es pode melhorar a nossa for\u00e7a como equipa e tornar a nossa lideran\u00e7a mais eficaz.<\/p>\n<p><strong>Agradecemos a todas as pessoas que contribu\u00edram para a organiza\u00e7\u00e3o do evento e aos colegas que participaram com entusiasmo e colabora\u00e7\u00e3o.<\/strong><\/p>\n<p>&nbsp;<\/p>\n<p><a href=\"https:\/\/www.linkedin.com\/company\/ranciliogroup\/\"><strong>Acompanhe o evento no Linkedin<\/strong><\/a><\/p>\n<p>&nbsp;<\/p>\n","protected":false},"excerpt":{"rendered":"<p>No Rancilio Group, prestar aten\u00e7\u00e3o \u00e0s condi\u00e7\u00f5es de trabalho do nosso pessoal \u00e9 da m\u00e1xima import\u00e2ncia. O nosso lema \u00e9&#8230;<\/p>\n","protected":false},"author":5,"featured_media":63621,"comment_status":"closed","ping_status":"closed","sticky":false,"template":"","format":"standard","meta":[],"categories":[1958,3050],"tags":[2725,2632],"acf":[],"yoast_head":"<!-- This site is optimized with the Yoast SEO plugin v21.5 - https:\/\/yoast.com\/wordpress\/plugins\/seo\/ -->\n<title>Latest update about Dia da Seguran\u00e7a no Rancilio Group: colocar a seguran\u00e7a e a sa\u00fade no trabalho em primeiro lugar - Rancilio Group<\/title>\n<meta name=\"description\" content=\"Read Rancilio Group&#039;s latest news about Dia da Seguran\u00e7a no Rancilio Group: colocar a seguran\u00e7a e a sa\u00fade no trabalho em primeiro lugar\" \/>\n<meta name=\"robots\" content=\"index, follow, max-snippet:-1, max-image-preview:large, max-video-preview:-1\" \/>\n<link rel=\"canonical\" href=\"https:\/\/www.ranciliogroup.com\/pt-pt\/dia-da-seguranca-no-rancilio-group-colocar-a-seguranca-e-a-saude-no-trabalho-em-primeiro-lugar\/\" \/>\n<meta property=\"og:locale\" content=\"pt_PT\" \/>\n<meta property=\"og:type\" content=\"article\" \/>\n<meta property=\"og:title\" content=\"Latest update about Dia da Seguran\u00e7a no Rancilio Group: colocar a seguran\u00e7a e a sa\u00fade no trabalho em primeiro lugar - Rancilio Group\" \/>\n<meta property=\"og:description\" content=\"Read Rancilio Group&#039;s latest news about Dia da Seguran\u00e7a no Rancilio Group: colocar a seguran\u00e7a e a sa\u00fade no trabalho em primeiro lugar\" \/>\n<meta property=\"og:url\" content=\"https:\/\/www.ranciliogroup.com\/pt-pt\/dia-da-seguranca-no-rancilio-group-colocar-a-seguranca-e-a-saude-no-trabalho-em-primeiro-lugar\/\" \/>\n<meta property=\"og:site_name\" content=\"Rancilio Group\" \/>\n<meta property=\"article:publisher\" content=\"https:\/\/www.facebook.com\/RancilioGroup\" \/>\n<meta property=\"article:published_time\" content=\"2022-12-19T11:22:48+00:00\" \/>\n<meta property=\"article:modified_time\" content=\"2023-06-22T07:12:17+00:00\" \/>\n<meta property=\"og:image\" content=\"https:\/\/www.ranciliogroup.com\/app\/uploads\/2022\/12\/2022_SAFETY_DAY_-100-1.jpg\" \/>\n\t<meta property=\"og:image:width\" content=\"1080\" \/>\n\t<meta property=\"og:image:height\" content=\"721\" \/>\n\t<meta property=\"og:image:type\" content=\"image\/jpeg\" \/>\n<meta name=\"author\" content=\"temp circular\" \/>\n<meta name=\"twitter:card\" content=\"summary_large_image\" \/>\n<meta name=\"twitter:creator\" content=\"@ranciliogroup\" \/>\n<meta name=\"twitter:site\" content=\"@ranciliogroup\" \/>\n<meta name=\"twitter:label1\" content=\"Written by\" \/>\n\t<meta name=\"twitter:data1\" content=\"temp circular\" \/>\n\t<meta name=\"twitter:label2\" content=\"Est. reading time\" \/>\n\t<meta name=\"twitter:data2\" content=\"2 minutes\" \/>\n<script type=\"application\/ld+json\" class=\"yoast-schema-graph\">{\"@context\":\"https:\/\/schema.org\",\"@graph\":[{\"@type\":\"Article\",\"@id\":\"https:\/\/www.ranciliogroup.com\/pt-pt\/dia-da-seguranca-no-rancilio-group-colocar-a-seguranca-e-a-saude-no-trabalho-em-primeiro-lugar\/#article\",\"isPartOf\":{\"@id\":\"https:\/\/www.ranciliogroup.com\/pt-pt\/dia-da-seguranca-no-rancilio-group-colocar-a-seguranca-e-a-saude-no-trabalho-em-primeiro-lugar\/\"},\"author\":{\"name\":\"temp circular\",\"@id\":\"https:\/\/www.ranciliogroup.com\/pt-pt\/#\/schema\/person\/d6bf0a7dfe74cded3d64da8b2c92814c\"},\"headline\":\"Dia da Seguran\u00e7a no Rancilio Group: colocar a seguran\u00e7a e a sa\u00fade no trabalho em primeiro lugar\",\"datePublished\":\"2022-12-19T11:22:48+00:00\",\"dateModified\":\"2023-06-22T07:12:17+00:00\",\"mainEntityOfPage\":{\"@id\":\"https:\/\/www.ranciliogroup.com\/pt-pt\/dia-da-seguranca-no-rancilio-group-colocar-a-seguranca-e-a-saude-no-trabalho-em-primeiro-lugar\/\"},\"wordCount\":410,\"publisher\":{\"@id\":\"https:\/\/www.ranciliogroup.com\/pt-pt\/#organization\"},\"keywords\":[\"Safety Day\",\"Rancilio Group\"],\"articleSection\":[\"Eventos\",\"Sustentabilidade\"],\"inLanguage\":\"pt-PT\"},{\"@type\":\"WebPage\",\"@id\":\"https:\/\/www.ranciliogroup.com\/pt-pt\/dia-da-seguranca-no-rancilio-group-colocar-a-seguranca-e-a-saude-no-trabalho-em-primeiro-lugar\/\",\"url\":\"https:\/\/www.ranciliogroup.com\/pt-pt\/dia-da-seguranca-no-rancilio-group-colocar-a-seguranca-e-a-saude-no-trabalho-em-primeiro-lugar\/\",\"name\":\"Latest update about Dia da Seguran\u00e7a no Rancilio Group: colocar a seguran\u00e7a e a sa\u00fade no trabalho em primeiro lugar - Rancilio Group\",\"isPartOf\":{\"@id\":\"https:\/\/www.ranciliogroup.com\/pt-pt\/#website\"},\"datePublished\":\"2022-12-19T11:22:48+00:00\",\"dateModified\":\"2023-06-22T07:12:17+00:00\",\"description\":\"Read Rancilio Group's latest news about Dia da Seguran\u00e7a no Rancilio Group: colocar a seguran\u00e7a e a sa\u00fade no trabalho em primeiro lugar\",\"breadcrumb\":{\"@id\":\"https:\/\/www.ranciliogroup.com\/pt-pt\/dia-da-seguranca-no-rancilio-group-colocar-a-seguranca-e-a-saude-no-trabalho-em-primeiro-lugar\/#breadcrumb\"},\"inLanguage\":\"pt-PT\",\"potentialAction\":[{\"@type\":\"ReadAction\",\"target\":[\"https:\/\/www.ranciliogroup.com\/pt-pt\/dia-da-seguranca-no-rancilio-group-colocar-a-seguranca-e-a-saude-no-trabalho-em-primeiro-lugar\/\"]}]},{\"@type\":\"BreadcrumbList\",\"@id\":\"https:\/\/www.ranciliogroup.com\/pt-pt\/dia-da-seguranca-no-rancilio-group-colocar-a-seguranca-e-a-saude-no-trabalho-em-primeiro-lugar\/#breadcrumb\",\"itemListElement\":[{\"@type\":\"ListItem\",\"position\":1,\"name\":\"Home\",\"item\":\"https:\/\/www.ranciliogroup.com\/pt-pt\/\"},{\"@type\":\"ListItem\",\"position\":2,\"name\":\"Dia da Seguran\u00e7a no Rancilio Group: colocar a seguran\u00e7a e a sa\u00fade no trabalho em primeiro lugar\"}]},{\"@type\":\"WebSite\",\"@id\":\"https:\/\/www.ranciliogroup.com\/pt-pt\/#website\",\"url\":\"https:\/\/www.ranciliogroup.com\/pt-pt\/\",\"name\":\"Rancilio Group\",\"description\":\"L\u00edder Profissional de M\u00e1quinas de Caf\u00e9\",\"publisher\":{\"@id\":\"https:\/\/www.ranciliogroup.com\/pt-pt\/#organization\"},\"potentialAction\":[{\"@type\":\"SearchAction\",\"target\":{\"@type\":\"EntryPoint\",\"urlTemplate\":\"https:\/\/www.ranciliogroup.com\/pt-pt\/?s={search_term_string}\"},\"query-input\":\"required name=search_term_string\"}],\"inLanguage\":\"pt-PT\"},{\"@type\":\"Organization\",\"@id\":\"https:\/\/www.ranciliogroup.com\/pt-pt\/#organization\",\"name\":\"Rancilio Group\",\"url\":\"https:\/\/www.ranciliogroup.com\/pt-pt\/\",\"logo\":{\"@type\":\"ImageObject\",\"inLanguage\":\"pt-PT\",\"@id\":\"https:\/\/www.ranciliogroup.com\/pt-pt\/#\/schema\/logo\/image\/\",\"url\":\"https:\/\/www.ranciliogroup.com\/app\/uploads\/2019\/07\/rancilio_black_logo.png\",\"contentUrl\":\"https:\/\/www.ranciliogroup.com\/app\/uploads\/2019\/07\/rancilio_black_logo.png\",\"width\":447,\"height\":57,\"caption\":\"Rancilio Group\"},\"image\":{\"@id\":\"https:\/\/www.ranciliogroup.com\/pt-pt\/#\/schema\/logo\/image\/\"},\"sameAs\":[\"https:\/\/www.facebook.com\/RancilioGroup\",\"https:\/\/twitter.com\/ranciliogroup\",\"https:\/\/www.instagram.com\/rancilio_official\/\",\"https:\/\/www.linkedin.com\/company\/ranciliogroup\/\",\"https:\/\/www.youtube.com\/user\/rancilioadmin\"]},{\"@type\":\"Person\",\"@id\":\"https:\/\/www.ranciliogroup.com\/pt-pt\/#\/schema\/person\/d6bf0a7dfe74cded3d64da8b2c92814c\",\"name\":\"temp circular\",\"image\":{\"@type\":\"ImageObject\",\"inLanguage\":\"pt-PT\",\"@id\":\"https:\/\/www.ranciliogroup.com\/pt-pt\/#\/schema\/person\/image\/\",\"url\":\"https:\/\/secure.gravatar.com\/avatar\/569e71c3b97b8bcad1854d6579b35c5f?s=96&d=mm&r=g\",\"contentUrl\":\"https:\/\/secure.gravatar.com\/avatar\/569e71c3b97b8bcad1854d6579b35c5f?s=96&d=mm&r=g\",\"caption\":\"temp circular\"}}]}<\/script>\n<!-- \/ Yoast SEO plugin. -->","yoast_head_json":{"title":"Latest update about Dia da Seguran\u00e7a no Rancilio Group: colocar a seguran\u00e7a e a sa\u00fade no trabalho em primeiro lugar - Rancilio Group","description":"Read Rancilio Group's latest news about Dia da Seguran\u00e7a no Rancilio Group: colocar a seguran\u00e7a e a sa\u00fade no trabalho em primeiro lugar","robots":{"index":"index","follow":"follow","max-snippet":"max-snippet:-1","max-image-preview":"max-image-preview:large","max-video-preview":"max-video-preview:-1"},"canonical":"https:\/\/www.ranciliogroup.com\/pt-pt\/dia-da-seguranca-no-rancilio-group-colocar-a-seguranca-e-a-saude-no-trabalho-em-primeiro-lugar\/","og_locale":"pt_PT","og_type":"article","og_title":"Latest update about Dia da Seguran\u00e7a no Rancilio Group: colocar a seguran\u00e7a e a sa\u00fade no trabalho em primeiro lugar - Rancilio Group","og_description":"Read Rancilio Group's latest news about Dia da Seguran\u00e7a no Rancilio Group: colocar a seguran\u00e7a e a sa\u00fade no trabalho em primeiro lugar","og_url":"https:\/\/www.ranciliogroup.com\/pt-pt\/dia-da-seguranca-no-rancilio-group-colocar-a-seguranca-e-a-saude-no-trabalho-em-primeiro-lugar\/","og_site_name":"Rancilio Group","article_publisher":"https:\/\/www.facebook.com\/RancilioGroup","article_published_time":"2022-12-19T11:22:48+00:00","article_modified_time":"2023-06-22T07:12:17+00:00","og_image":[{"width":1080,"height":721,"url":"https:\/\/www.ranciliogroup.com\/app\/uploads\/2022\/12\/2022_SAFETY_DAY_-100-1.jpg","type":"image\/jpeg"}],"author":"temp circular","twitter_card":"summary_large_image","twitter_creator":"@ranciliogroup","twitter_site":"@ranciliogroup","twitter_misc":{"Written by":"temp circular","Est. reading time":"2 minutes"},"schema":{"@context":"https:\/\/schema.org","@graph":[{"@type":"Article","@id":"https:\/\/www.ranciliogroup.com\/pt-pt\/dia-da-seguranca-no-rancilio-group-colocar-a-seguranca-e-a-saude-no-trabalho-em-primeiro-lugar\/#article","isPartOf":{"@id":"https:\/\/www.ranciliogroup.com\/pt-pt\/dia-da-seguranca-no-rancilio-group-colocar-a-seguranca-e-a-saude-no-trabalho-em-primeiro-lugar\/"},"author":{"name":"temp circular","@id":"https:\/\/www.ranciliogroup.com\/pt-pt\/#\/schema\/person\/d6bf0a7dfe74cded3d64da8b2c92814c"},"headline":"Dia da Seguran\u00e7a no Rancilio Group: colocar a seguran\u00e7a e a sa\u00fade no trabalho em primeiro lugar","datePublished":"2022-12-19T11:22:48+00:00","dateModified":"2023-06-22T07:12:17+00:00","mainEntityOfPage":{"@id":"https:\/\/www.ranciliogroup.com\/pt-pt\/dia-da-seguranca-no-rancilio-group-colocar-a-seguranca-e-a-saude-no-trabalho-em-primeiro-lugar\/"},"wordCount":410,"publisher":{"@id":"https:\/\/www.ranciliogroup.com\/pt-pt\/#organization"},"keywords":["Safety Day","Rancilio Group"],"articleSection":["Eventos","Sustentabilidade"],"inLanguage":"pt-PT"},{"@type":"WebPage","@id":"https:\/\/www.ranciliogroup.com\/pt-pt\/dia-da-seguranca-no-rancilio-group-colocar-a-seguranca-e-a-saude-no-trabalho-em-primeiro-lugar\/","url":"https:\/\/www.ranciliogroup.com\/pt-pt\/dia-da-seguranca-no-rancilio-group-colocar-a-seguranca-e-a-saude-no-trabalho-em-primeiro-lugar\/","name":"Latest update about Dia da Seguran\u00e7a no Rancilio Group: colocar a seguran\u00e7a e a sa\u00fade no trabalho em primeiro lugar - Rancilio Group","isPartOf":{"@id":"https:\/\/www.ranciliogroup.com\/pt-pt\/#website"},"datePublished":"2022-12-19T11:22:48+00:00","dateModified":"2023-06-22T07:12:17+00:00","description":"Read Rancilio Group's latest news about Dia da Seguran\u00e7a no Rancilio Group: colocar a seguran\u00e7a e a sa\u00fade no trabalho em primeiro lugar","breadcrumb":{"@id":"https:\/\/www.ranciliogroup.com\/pt-pt\/dia-da-seguranca-no-rancilio-group-colocar-a-seguranca-e-a-saude-no-trabalho-em-primeiro-lugar\/#breadcrumb"},"inLanguage":"pt-PT","potentialAction":[{"@type":"ReadAction","target":["https:\/\/www.ranciliogroup.com\/pt-pt\/dia-da-seguranca-no-rancilio-group-colocar-a-seguranca-e-a-saude-no-trabalho-em-primeiro-lugar\/"]}]},{"@type":"BreadcrumbList","@id":"https:\/\/www.ranciliogroup.com\/pt-pt\/dia-da-seguranca-no-rancilio-group-colocar-a-seguranca-e-a-saude-no-trabalho-em-primeiro-lugar\/#breadcrumb","itemListElement":[{"@type":"ListItem","position":1,"name":"Home","item":"https:\/\/www.ranciliogroup.com\/pt-pt\/"},{"@type":"ListItem","position":2,"name":"Dia da Seguran\u00e7a no Rancilio Group: colocar a seguran\u00e7a e a sa\u00fade no trabalho em primeiro lugar"}]},{"@type":"WebSite","@id":"https:\/\/www.ranciliogroup.com\/pt-pt\/#website","url":"https:\/\/www.ranciliogroup.com\/pt-pt\/","name":"Rancilio Group","description":"L\u00edder Profissional de M\u00e1quinas de Caf\u00e9","publisher":{"@id":"https:\/\/www.ranciliogroup.com\/pt-pt\/#organization"},"potentialAction":[{"@type":"SearchAction","target":{"@type":"EntryPoint","urlTemplate":"https:\/\/www.ranciliogroup.com\/pt-pt\/?s={search_term_string}"},"query-input":"required name=search_term_string"}],"inLanguage":"pt-PT"},{"@type":"Organization","@id":"https:\/\/www.ranciliogroup.com\/pt-pt\/#organization","name":"Rancilio Group","url":"https:\/\/www.ranciliogroup.com\/pt-pt\/","logo":{"@type":"ImageObject","inLanguage":"pt-PT","@id":"https:\/\/www.ranciliogroup.com\/pt-pt\/#\/schema\/logo\/image\/","url":"https:\/\/www.ranciliogroup.com\/app\/uploads\/2019\/07\/rancilio_black_logo.png","contentUrl":"https:\/\/www.ranciliogroup.com\/app\/uploads\/2019\/07\/rancilio_black_logo.png","width":447,"height":57,"caption":"Rancilio Group"},"image":{"@id":"https:\/\/www.ranciliogroup.com\/pt-pt\/#\/schema\/logo\/image\/"},"sameAs":["https:\/\/www.facebook.com\/RancilioGroup","https:\/\/twitter.com\/ranciliogroup","https:\/\/www.instagram.com\/rancilio_official\/","https:\/\/www.linkedin.com\/company\/ranciliogroup\/","https:\/\/www.youtube.com\/user\/rancilioadmin"]},{"@type":"Person","@id":"https:\/\/www.ranciliogroup.com\/pt-pt\/#\/schema\/person\/d6bf0a7dfe74cded3d64da8b2c92814c","name":"temp circular","image":{"@type":"ImageObject","inLanguage":"pt-PT","@id":"https:\/\/www.ranciliogroup.com\/pt-pt\/#\/schema\/person\/image\/","url":"https:\/\/secure.gravatar.com\/avatar\/569e71c3b97b8bcad1854d6579b35c5f?s=96&d=mm&r=g","contentUrl":"https:\/\/secure.gravatar.com\/avatar\/569e71c3b97b8bcad1854d6579b35c5f?s=96&d=mm&r=g","caption":"temp circular"}}]}},"_links":{"self":[{"href":"https:\/\/www.ranciliogroup.com\/pt-pt\/wp-json\/wp\/v2\/posts\/64169"}],"collection":[{"href":"https:\/\/www.ranciliogroup.com\/pt-pt\/wp-json\/wp\/v2\/posts"}],"about":[{"href":"https:\/\/www.ranciliogroup.com\/pt-pt\/wp-json\/wp\/v2\/types\/post"}],"author":[{"embeddable":true,"href":"https:\/\/www.ranciliogroup.com\/pt-pt\/wp-json\/wp\/v2\/users\/5"}],"replies":[{"embeddable":true,"href":"https:\/\/www.ranciliogroup.com\/pt-pt\/wp-json\/wp\/v2\/comments?post=64169"}],"version-history":[{"count":1,"href":"https:\/\/www.ranciliogroup.com\/pt-pt\/wp-json\/wp\/v2\/posts\/64169\/revisions"}],"predecessor-version":[{"id":64170,"href":"https:\/\/www.ranciliogroup.com\/pt-pt\/wp-json\/wp\/v2\/posts\/64169\/revisions\/64170"}],"wp:featuredmedia":[{"embeddable":true,"href":"https:\/\/www.ranciliogroup.com\/pt-pt\/wp-json\/wp\/v2\/media\/63621"}],"wp:attachment":[{"href":"https:\/\/www.ranciliogroup.com\/pt-pt\/wp-json\/wp\/v2\/media?parent=64169"}],"wp:term":[{"taxonomy":"category","embeddable":true,"href":"https:\/\/www.ranciliogroup.com\/pt-pt\/wp-json\/wp\/v2\/categories?post=64169"},{"taxonomy":"post_tag","embeddable":true,"href":"https:\/\/www.ranciliogroup.com\/pt-pt\/wp-json\/wp\/v2\/tags?post=64169"}],"curies":[{"name":"wp","href":"https:\/\/api.w.org\/{rel}","templated":true}]}}