{"id":64326,"date":"2022-12-22T12:35:55","date_gmt":"2022-12-22T11:35:55","guid":{"rendered":"https:\/\/www.ranciliogroup.com\/?p=64326"},"modified":"2022-12-22T12:37:18","modified_gmt":"2022-12-22T11:37:18","slug":"o-rancilio-group-regressa-aos-emirados-arabes-unidos-para-o-dubai-world-of-coffee-2023","status":"publish","type":"post","link":"https:\/\/www.ranciliogroup.com\/pt-pt\/o-rancilio-group-regressa-aos-emirados-arabes-unidos-para-o-dubai-world-of-coffee-2023\/","title":{"rendered":"O Rancilio Group regressa aos Emirados \u00c1rabes Unidos para o Dubai World of Coffee 2023"},"content":{"rendered":"<p>O Rancilio Group espera por si de quarta-feira 11 a sexta-feira 13 de janeiro no World Trade Center para o Dubai World of Coffee, a feira comercial mundial que no ano passado reuniu com sucesso cerca de 7.000 profissionais do caf\u00e9 de mais de 30 pa\u00edses e que se prepara agora para a sua segunda edi\u00e7\u00e3o.<\/p>\n<p>Organizado em colabora\u00e7\u00e3o com a Specialty Coffee Association (SCA), este evento \u00e9 a principal feira de caf\u00e9 no M\u00e9dio Oriente para expositores e visitantes internacionais interessados em saber mais sobre o setor emergente do caf\u00e9 nesta fascinante parte do mundo.<\/p>\n<p><img decoding=\"async\" loading=\"lazy\" class=\" wp-image-64216 aligncenter\" src=\"https:\/\/www.ranciliogroup.com\/app\/uploads\/2022\/12\/RS1-3GR_DUBAI-BACK-GOLD_02-300x191.jpg\" alt=\"\" width=\"501\" height=\"319\" srcset=\"https:\/\/www.ranciliogroup.com\/app\/uploads\/2022\/12\/RS1-3GR_DUBAI-BACK-GOLD_02-300x191.jpg 300w, https:\/\/www.ranciliogroup.com\/app\/uploads\/2022\/12\/RS1-3GR_DUBAI-BACK-GOLD_02-1024x652.jpg 1024w, https:\/\/www.ranciliogroup.com\/app\/uploads\/2022\/12\/RS1-3GR_DUBAI-BACK-GOLD_02-768x489.jpg 768w, https:\/\/www.ranciliogroup.com\/app\/uploads\/2022\/12\/RS1-3GR_DUBAI-BACK-GOLD_02-70x45.jpg 70w, https:\/\/www.ranciliogroup.com\/app\/uploads\/2022\/12\/RS1-3GR_DUBAI-BACK-GOLD_02.jpg 1080w\" sizes=\"(max-width: 501px) 100vw, 501px\" \/>O Rancilio Group ir\u00e1 dar-lhe as boas-vindas com modelos especiais, concebidos especialmente para a ocasi\u00e3o. A vers\u00e3o em branco da m\u00e1quina de caf\u00e9 profissional <strong>RS1<\/strong>, conhecida pela sua tecnologia de ponta Advanced Temperature Profiling e design moderno, ser\u00e1 decorada em homenagem ao skyline ultramoderno da nossa cidade anfitri\u00e3, Dubai. Al\u00e9m disso, os convidados poder\u00e3o admirar a nova m\u00e1quina de caf\u00e9 <strong>Invicta<\/strong>, tamb\u00e9m da nossa linha Specialty, num original tom verde azeitona. Equipada com tecnologia Steady Brew e T-Switch, Invicta \u00e9 a m\u00e1quina de caf\u00e9 de caldeira \u00fanica fi\u00e1vel, est\u00e1vel e f\u00e1cil de usar, com um design vanguardista e elegante. Junte-se tamb\u00e9m ao evento <strong>\u201cUnlock the flavors\u201d<\/strong> na quarta-feira dia 11 \u00e0s 15 horas com o nosso Coffee Competence Manager, Carlos Gonz\u00e1lez, para descobrir os segredos da extra\u00e7\u00e3o.<\/p>\n<p>Para os f\u00e3s da nossa linha Home, prepar\u00e1mos um espa\u00e7o dedicado a <strong>Silvia Pro X<\/strong>, em rosa vivo, com man\u00f3metro e a nova fun\u00e7\u00e3o de infus\u00e3o suave para extrair da melhor forma todos os tipos de caf\u00e9. Tamb\u00e9m imperd\u00edvel \u00e9 o novo moinho de caf\u00e9 <strong>Stile<\/strong> on-demand, ultra-compacto e concebido para garantir uma moagem precisa e doses para qualquer tipo de prepara\u00e7\u00e3o de caf\u00e9.<\/p>\n<p><img decoding=\"async\" loading=\"lazy\" class=\" wp-image-64209 aligncenter\" src=\"https:\/\/www.ranciliogroup.com\/app\/uploads\/2022\/12\/INVICTA_BLACK_NORMAL_FRONT-300x191.jpg\" alt=\"\" width=\"501\" height=\"319\" srcset=\"https:\/\/www.ranciliogroup.com\/app\/uploads\/2022\/12\/INVICTA_BLACK_NORMAL_FRONT-300x191.jpg 300w, https:\/\/www.ranciliogroup.com\/app\/uploads\/2022\/12\/INVICTA_BLACK_NORMAL_FRONT-1024x652.jpg 1024w, https:\/\/www.ranciliogroup.com\/app\/uploads\/2022\/12\/INVICTA_BLACK_NORMAL_FRONT-768x489.jpg 768w, https:\/\/www.ranciliogroup.com\/app\/uploads\/2022\/12\/INVICTA_BLACK_NORMAL_FRONT-70x45.jpg 70w, https:\/\/www.ranciliogroup.com\/app\/uploads\/2022\/12\/INVICTA_BLACK_NORMAL_FRONT.jpg 1080w\" sizes=\"(max-width: 501px) 100vw, 501px\" \/>A SCA ir\u00e1 tamb\u00e9m inaugurar um evento privado, a <strong>&#8220;Discovery Session&#8221;<\/strong>, uma janela de tempo privada reservada a alguns especialistas do Sub-Comit\u00e9 de Concursos e Pessoal T\u00e9cnico da SCA e a um Barista Profissional WLAC. O Rancilio Group estar\u00e1 presente com a <strong>Egro Next NMS+<\/strong> equipada com sistema de moagem inteligente (SAG), sistema de leite NMS+, frigor\u00edfico configurado para dois tipos diferentes de leite, lan\u00e7a de vapor Cool Touch e caldeiras separadas que garantem resultados de qualidade superior para qualquer tipo de bebida quente \u00e0 base de caf\u00e9 e leite.<\/p>\n<p>O World of Coffee \u00e9 uma oportunidade \u00fanica de interagir com produtores, fabricantes, retalhistas e comerciantes de todo o mundo da ind\u00fastria do caf\u00e9 e descobrir o potencial e as personaliza\u00e7\u00f5es dos produtos Rancilio Group.<\/p>\n<p>&nbsp;<\/p>\n<h1><strong>Rancilio Group \/ World of Coffee Dubai<\/strong><\/h1>\n<h1>De 11 a 13 de janeiro de 2023<\/h1>\n<h1><a href=\"https:\/\/www.google.com\/maps\/place\/DWTC+Za'abeel+Hall+4-6\/@25.2249161,55.2904373,19z\/data=!4m8!1m2!3m1!2sDWTC+Za'abeel+Hall+4-6!3m4!1s0x3e5f42ea6ba3b821:0xe707562a546dce05!8m2!3d25.2256662!4d55.291375\"><strong>Dubai World Trade Centre<\/strong><\/a><\/h1>\n<h1>Stand Z6-C90<\/h1>\n<h1>Pavilh\u00f5es Za&#8217;abeel 5 e 6<\/h1>\n<h1>Trade Center &#8211; Trade Center 2<\/h1>\n<h1>Dubai, Emirados \u00c1rabes Unidos<\/h1>\n<h1><\/h1>\n<p>&nbsp;<\/p>\n<h1><strong>Descubra o evento<\/strong><\/h1>\n<h1><a href=\"https:\/\/dubai.worldofcoffee.org\/\">https:\/\/dubai.worldofcoffee.org\/<\/a><\/h1>\n<h1><\/h1>\n<p>&nbsp;<\/p>\n<h1><strong>Descubra os nossos produtos em exposi\u00e7\u00e3o:<\/strong><\/h1>\n<h1><a href=\"https:\/\/www.ranciliogroup.com\/pt-pt\/specialty\/rs1\/\">Rancilio Specialty RS1<\/a><\/h1>\n<h1><a href=\"https:\/\/www.ranciliogroup.com\/pt-pt\/specialty\/invicta\/\">Rancilio Specialty Invicta<\/a><\/h1>\n<h1><a href=\"https:\/\/www.ranciliogroup.com\/pt-pt\/rancilio\/kryo\/\">Rancilio Kryo<\/a><\/h1>\n<h1><a href=\"https:\/\/www.ranciliogroup.com\/pt-pt\/rancilio\/silvia\/\">Rancilio Silvia Linha Home<\/a><\/h1>\n<h1><a href=\"https:\/\/www.ranciliogroup.com\/pt-pt\/rancilio\/silvia-pro-x\/\">Rancilio Silvia Pro X Linha Home<\/a><\/h1>\n<h1><a href=\"https:\/\/www.ranciliogroup.com\/pt-pt\/rancilio\/stile\/\">Rancilio Stile Linha Home<\/a><\/h1>\n<h1><a href=\"https:\/\/www.ranciliogroup.com\/pt-pt\/egro\/next\/\">Egro Next<\/a><\/h1>\n<h1><\/h1>\n","protected":false},"excerpt":{"rendered":"<p>O Rancilio Group espera por si de quarta-feira 11 a sexta-feira 13 de janeiro no World Trade Center para o&#8230;<\/p>\n","protected":false},"author":5,"featured_media":64244,"comment_status":"closed","ping_status":"closed","sticky":false,"template":"","format":"standard","meta":[],"categories":[1958],"tags":[2742,2743,2744,2698,2689,2634,2632,2633,2605],"acf":[],"yoast_head":"<!-- This site is optimized with the Yoast SEO plugin v21.5 - https:\/\/yoast.com\/wordpress\/plugins\/seo\/ -->\n<title>Latest update about O Rancilio Group regressa aos Emirados \u00c1rabes Unidos para o Dubai World of Coffee 2023 - Rancilio Group<\/title>\n<meta name=\"description\" content=\"Read Rancilio Group&#039;s latest news about O Rancilio Group regressa aos Emirados \u00c1rabes Unidos para o Dubai World of Coffee 2023\" \/>\n<meta name=\"robots\" content=\"index, follow, max-snippet:-1, max-image-preview:large, max-video-preview:-1\" \/>\n<link rel=\"canonical\" href=\"https:\/\/www.ranciliogroup.com\/pt-pt\/o-rancilio-group-regressa-aos-emirados-arabes-unidos-para-o-dubai-world-of-coffee-2023\/\" \/>\n<meta property=\"og:locale\" content=\"pt_PT\" \/>\n<meta property=\"og:type\" content=\"article\" \/>\n<meta property=\"og:title\" content=\"Latest update about O Rancilio Group regressa aos Emirados \u00c1rabes Unidos para o Dubai World of Coffee 2023 - Rancilio Group\" \/>\n<meta property=\"og:description\" content=\"Read Rancilio Group&#039;s latest news about O Rancilio Group regressa aos Emirados \u00c1rabes Unidos para o Dubai World of Coffee 2023\" \/>\n<meta property=\"og:url\" content=\"https:\/\/www.ranciliogroup.com\/pt-pt\/o-rancilio-group-regressa-aos-emirados-arabes-unidos-para-o-dubai-world-of-coffee-2023\/\" \/>\n<meta property=\"og:site_name\" content=\"Rancilio Group\" \/>\n<meta property=\"article:publisher\" content=\"https:\/\/www.facebook.com\/RancilioGroup\" \/>\n<meta property=\"article:published_time\" content=\"2022-12-22T11:35:55+00:00\" \/>\n<meta property=\"article:modified_time\" content=\"2022-12-22T11:37:18+00:00\" \/>\n<meta property=\"og:image\" content=\"https:\/\/www.ranciliogroup.com\/app\/uploads\/2022\/12\/Dubai_01_web-1.jpg\" \/>\n\t<meta property=\"og:image:width\" content=\"1080\" \/>\n\t<meta property=\"og:image:height\" content=\"511\" \/>\n\t<meta property=\"og:image:type\" content=\"image\/jpeg\" \/>\n<meta name=\"author\" content=\"temp circular\" \/>\n<meta name=\"twitter:card\" content=\"summary_large_image\" \/>\n<meta name=\"twitter:creator\" content=\"@ranciliogroup\" \/>\n<meta name=\"twitter:site\" content=\"@ranciliogroup\" \/>\n<meta name=\"twitter:label1\" content=\"Written by\" \/>\n\t<meta name=\"twitter:data1\" content=\"temp circular\" \/>\n\t<meta name=\"twitter:label2\" content=\"Est. reading time\" \/>\n\t<meta name=\"twitter:data2\" content=\"3 minutes\" \/>\n<script type=\"application\/ld+json\" class=\"yoast-schema-graph\">{\"@context\":\"https:\/\/schema.org\",\"@graph\":[{\"@type\":\"Article\",\"@id\":\"https:\/\/www.ranciliogroup.com\/pt-pt\/o-rancilio-group-regressa-aos-emirados-arabes-unidos-para-o-dubai-world-of-coffee-2023\/#article\",\"isPartOf\":{\"@id\":\"https:\/\/www.ranciliogroup.com\/pt-pt\/o-rancilio-group-regressa-aos-emirados-arabes-unidos-para-o-dubai-world-of-coffee-2023\/\"},\"author\":{\"name\":\"temp circular\",\"@id\":\"https:\/\/www.ranciliogroup.com\/pt-pt\/#\/schema\/person\/d6bf0a7dfe74cded3d64da8b2c92814c\"},\"headline\":\"O Rancilio Group regressa aos Emirados \u00c1rabes Unidos para o Dubai World of Coffee 2023\",\"datePublished\":\"2022-12-22T11:35:55+00:00\",\"dateModified\":\"2022-12-22T11:37:18+00:00\",\"mainEntityOfPage\":{\"@id\":\"https:\/\/www.ranciliogroup.com\/pt-pt\/o-rancilio-group-regressa-aos-emirados-arabes-unidos-para-o-dubai-world-of-coffee-2023\/\"},\"wordCount\":520,\"publisher\":{\"@id\":\"https:\/\/www.ranciliogroup.com\/pt-pt\/#organization\"},\"keywords\":[\"WOC\",\"Dubai\",\"Silvia Pro X\",\"NMS+\",\"Next\",\"Kryo\",\"Rancilio Group\",\"Invicta\",\"RS1\"],\"articleSection\":[\"Eventos\"],\"inLanguage\":\"pt-PT\"},{\"@type\":\"WebPage\",\"@id\":\"https:\/\/www.ranciliogroup.com\/pt-pt\/o-rancilio-group-regressa-aos-emirados-arabes-unidos-para-o-dubai-world-of-coffee-2023\/\",\"url\":\"https:\/\/www.ranciliogroup.com\/pt-pt\/o-rancilio-group-regressa-aos-emirados-arabes-unidos-para-o-dubai-world-of-coffee-2023\/\",\"name\":\"Latest update about O Rancilio Group regressa aos Emirados \u00c1rabes Unidos para o Dubai World of Coffee 2023 - Rancilio Group\",\"isPartOf\":{\"@id\":\"https:\/\/www.ranciliogroup.com\/pt-pt\/#website\"},\"datePublished\":\"2022-12-22T11:35:55+00:00\",\"dateModified\":\"2022-12-22T11:37:18+00:00\",\"description\":\"Read Rancilio Group's latest news about O Rancilio Group regressa aos Emirados \u00c1rabes Unidos para o Dubai World of Coffee 2023\",\"breadcrumb\":{\"@id\":\"https:\/\/www.ranciliogroup.com\/pt-pt\/o-rancilio-group-regressa-aos-emirados-arabes-unidos-para-o-dubai-world-of-coffee-2023\/#breadcrumb\"},\"inLanguage\":\"pt-PT\",\"potentialAction\":[{\"@type\":\"ReadAction\",\"target\":[\"https:\/\/www.ranciliogroup.com\/pt-pt\/o-rancilio-group-regressa-aos-emirados-arabes-unidos-para-o-dubai-world-of-coffee-2023\/\"]}]},{\"@type\":\"BreadcrumbList\",\"@id\":\"https:\/\/www.ranciliogroup.com\/pt-pt\/o-rancilio-group-regressa-aos-emirados-arabes-unidos-para-o-dubai-world-of-coffee-2023\/#breadcrumb\",\"itemListElement\":[{\"@type\":\"ListItem\",\"position\":1,\"name\":\"Home\",\"item\":\"https:\/\/www.ranciliogroup.com\/pt-pt\/\"},{\"@type\":\"ListItem\",\"position\":2,\"name\":\"O Rancilio Group regressa aos Emirados \u00c1rabes Unidos para o Dubai World of Coffee 2023\"}]},{\"@type\":\"WebSite\",\"@id\":\"https:\/\/www.ranciliogroup.com\/pt-pt\/#website\",\"url\":\"https:\/\/www.ranciliogroup.com\/pt-pt\/\",\"name\":\"Rancilio Group\",\"description\":\"L\u00edder Profissional de M\u00e1quinas de Caf\u00e9\",\"publisher\":{\"@id\":\"https:\/\/www.ranciliogroup.com\/pt-pt\/#organization\"},\"potentialAction\":[{\"@type\":\"SearchAction\",\"target\":{\"@type\":\"EntryPoint\",\"urlTemplate\":\"https:\/\/www.ranciliogroup.com\/pt-pt\/?s={search_term_string}\"},\"query-input\":\"required name=search_term_string\"}],\"inLanguage\":\"pt-PT\"},{\"@type\":\"Organization\",\"@id\":\"https:\/\/www.ranciliogroup.com\/pt-pt\/#organization\",\"name\":\"Rancilio Group\",\"url\":\"https:\/\/www.ranciliogroup.com\/pt-pt\/\",\"logo\":{\"@type\":\"ImageObject\",\"inLanguage\":\"pt-PT\",\"@id\":\"https:\/\/www.ranciliogroup.com\/pt-pt\/#\/schema\/logo\/image\/\",\"url\":\"https:\/\/www.ranciliogroup.com\/app\/uploads\/2019\/07\/rancilio_black_logo.png\",\"contentUrl\":\"https:\/\/www.ranciliogroup.com\/app\/uploads\/2019\/07\/rancilio_black_logo.png\",\"width\":447,\"height\":57,\"caption\":\"Rancilio Group\"},\"image\":{\"@id\":\"https:\/\/www.ranciliogroup.com\/pt-pt\/#\/schema\/logo\/image\/\"},\"sameAs\":[\"https:\/\/www.facebook.com\/RancilioGroup\",\"https:\/\/twitter.com\/ranciliogroup\",\"https:\/\/www.instagram.com\/rancilio_official\/\",\"https:\/\/www.linkedin.com\/company\/ranciliogroup\/\",\"https:\/\/www.youtube.com\/user\/rancilioadmin\"]},{\"@type\":\"Person\",\"@id\":\"https:\/\/www.ranciliogroup.com\/pt-pt\/#\/schema\/person\/d6bf0a7dfe74cded3d64da8b2c92814c\",\"name\":\"temp circular\",\"image\":{\"@type\":\"ImageObject\",\"inLanguage\":\"pt-PT\",\"@id\":\"https:\/\/www.ranciliogroup.com\/pt-pt\/#\/schema\/person\/image\/\",\"url\":\"https:\/\/secure.gravatar.com\/avatar\/569e71c3b97b8bcad1854d6579b35c5f?s=96&d=mm&r=g\",\"contentUrl\":\"https:\/\/secure.gravatar.com\/avatar\/569e71c3b97b8bcad1854d6579b35c5f?s=96&d=mm&r=g\",\"caption\":\"temp circular\"}}]}<\/script>\n<!-- \/ Yoast SEO plugin. -->","yoast_head_json":{"title":"Latest update about O Rancilio Group regressa aos Emirados \u00c1rabes Unidos para o Dubai World of Coffee 2023 - Rancilio Group","description":"Read Rancilio Group's latest news about O Rancilio Group regressa aos Emirados \u00c1rabes Unidos para o Dubai World of Coffee 2023","robots":{"index":"index","follow":"follow","max-snippet":"max-snippet:-1","max-image-preview":"max-image-preview:large","max-video-preview":"max-video-preview:-1"},"canonical":"https:\/\/www.ranciliogroup.com\/pt-pt\/o-rancilio-group-regressa-aos-emirados-arabes-unidos-para-o-dubai-world-of-coffee-2023\/","og_locale":"pt_PT","og_type":"article","og_title":"Latest update about O Rancilio Group regressa aos Emirados \u00c1rabes Unidos para o Dubai World of Coffee 2023 - Rancilio Group","og_description":"Read Rancilio Group's latest news about O Rancilio Group regressa aos Emirados \u00c1rabes Unidos para o Dubai World of Coffee 2023","og_url":"https:\/\/www.ranciliogroup.com\/pt-pt\/o-rancilio-group-regressa-aos-emirados-arabes-unidos-para-o-dubai-world-of-coffee-2023\/","og_site_name":"Rancilio Group","article_publisher":"https:\/\/www.facebook.com\/RancilioGroup","article_published_time":"2022-12-22T11:35:55+00:00","article_modified_time":"2022-12-22T11:37:18+00:00","og_image":[{"width":1080,"height":511,"url":"https:\/\/www.ranciliogroup.com\/app\/uploads\/2022\/12\/Dubai_01_web-1.jpg","type":"image\/jpeg"}],"author":"temp circular","twitter_card":"summary_large_image","twitter_creator":"@ranciliogroup","twitter_site":"@ranciliogroup","twitter_misc":{"Written by":"temp circular","Est. reading time":"3 minutes"},"schema":{"@context":"https:\/\/schema.org","@graph":[{"@type":"Article","@id":"https:\/\/www.ranciliogroup.com\/pt-pt\/o-rancilio-group-regressa-aos-emirados-arabes-unidos-para-o-dubai-world-of-coffee-2023\/#article","isPartOf":{"@id":"https:\/\/www.ranciliogroup.com\/pt-pt\/o-rancilio-group-regressa-aos-emirados-arabes-unidos-para-o-dubai-world-of-coffee-2023\/"},"author":{"name":"temp circular","@id":"https:\/\/www.ranciliogroup.com\/pt-pt\/#\/schema\/person\/d6bf0a7dfe74cded3d64da8b2c92814c"},"headline":"O Rancilio Group regressa aos Emirados \u00c1rabes Unidos para o Dubai World of Coffee 2023","datePublished":"2022-12-22T11:35:55+00:00","dateModified":"2022-12-22T11:37:18+00:00","mainEntityOfPage":{"@id":"https:\/\/www.ranciliogroup.com\/pt-pt\/o-rancilio-group-regressa-aos-emirados-arabes-unidos-para-o-dubai-world-of-coffee-2023\/"},"wordCount":520,"publisher":{"@id":"https:\/\/www.ranciliogroup.com\/pt-pt\/#organization"},"keywords":["WOC","Dubai","Silvia Pro X","NMS+","Next","Kryo","Rancilio Group","Invicta","RS1"],"articleSection":["Eventos"],"inLanguage":"pt-PT"},{"@type":"WebPage","@id":"https:\/\/www.ranciliogroup.com\/pt-pt\/o-rancilio-group-regressa-aos-emirados-arabes-unidos-para-o-dubai-world-of-coffee-2023\/","url":"https:\/\/www.ranciliogroup.com\/pt-pt\/o-rancilio-group-regressa-aos-emirados-arabes-unidos-para-o-dubai-world-of-coffee-2023\/","name":"Latest update about O Rancilio Group regressa aos Emirados \u00c1rabes Unidos para o Dubai World of Coffee 2023 - Rancilio Group","isPartOf":{"@id":"https:\/\/www.ranciliogroup.com\/pt-pt\/#website"},"datePublished":"2022-12-22T11:35:55+00:00","dateModified":"2022-12-22T11:37:18+00:00","description":"Read Rancilio Group's latest news about O Rancilio Group regressa aos Emirados \u00c1rabes Unidos para o Dubai World of Coffee 2023","breadcrumb":{"@id":"https:\/\/www.ranciliogroup.com\/pt-pt\/o-rancilio-group-regressa-aos-emirados-arabes-unidos-para-o-dubai-world-of-coffee-2023\/#breadcrumb"},"inLanguage":"pt-PT","potentialAction":[{"@type":"ReadAction","target":["https:\/\/www.ranciliogroup.com\/pt-pt\/o-rancilio-group-regressa-aos-emirados-arabes-unidos-para-o-dubai-world-of-coffee-2023\/"]}]},{"@type":"BreadcrumbList","@id":"https:\/\/www.ranciliogroup.com\/pt-pt\/o-rancilio-group-regressa-aos-emirados-arabes-unidos-para-o-dubai-world-of-coffee-2023\/#breadcrumb","itemListElement":[{"@type":"ListItem","position":1,"name":"Home","item":"https:\/\/www.ranciliogroup.com\/pt-pt\/"},{"@type":"ListItem","position":2,"name":"O Rancilio Group regressa aos Emirados \u00c1rabes Unidos para o Dubai World of Coffee 2023"}]},{"@type":"WebSite","@id":"https:\/\/www.ranciliogroup.com\/pt-pt\/#website","url":"https:\/\/www.ranciliogroup.com\/pt-pt\/","name":"Rancilio Group","description":"L\u00edder Profissional de M\u00e1quinas de Caf\u00e9","publisher":{"@id":"https:\/\/www.ranciliogroup.com\/pt-pt\/#organization"},"potentialAction":[{"@type":"SearchAction","target":{"@type":"EntryPoint","urlTemplate":"https:\/\/www.ranciliogroup.com\/pt-pt\/?s={search_term_string}"},"query-input":"required name=search_term_string"}],"inLanguage":"pt-PT"},{"@type":"Organization","@id":"https:\/\/www.ranciliogroup.com\/pt-pt\/#organization","name":"Rancilio Group","url":"https:\/\/www.ranciliogroup.com\/pt-pt\/","logo":{"@type":"ImageObject","inLanguage":"pt-PT","@id":"https:\/\/www.ranciliogroup.com\/pt-pt\/#\/schema\/logo\/image\/","url":"https:\/\/www.ranciliogroup.com\/app\/uploads\/2019\/07\/rancilio_black_logo.png","contentUrl":"https:\/\/www.ranciliogroup.com\/app\/uploads\/2019\/07\/rancilio_black_logo.png","width":447,"height":57,"caption":"Rancilio Group"},"image":{"@id":"https:\/\/www.ranciliogroup.com\/pt-pt\/#\/schema\/logo\/image\/"},"sameAs":["https:\/\/www.facebook.com\/RancilioGroup","https:\/\/twitter.com\/ranciliogroup","https:\/\/www.instagram.com\/rancilio_official\/","https:\/\/www.linkedin.com\/company\/ranciliogroup\/","https:\/\/www.youtube.com\/user\/rancilioadmin"]},{"@type":"Person","@id":"https:\/\/www.ranciliogroup.com\/pt-pt\/#\/schema\/person\/d6bf0a7dfe74cded3d64da8b2c92814c","name":"temp circular","image":{"@type":"ImageObject","inLanguage":"pt-PT","@id":"https:\/\/www.ranciliogroup.com\/pt-pt\/#\/schema\/person\/image\/","url":"https:\/\/secure.gravatar.com\/avatar\/569e71c3b97b8bcad1854d6579b35c5f?s=96&d=mm&r=g","contentUrl":"https:\/\/secure.gravatar.com\/avatar\/569e71c3b97b8bcad1854d6579b35c5f?s=96&d=mm&r=g","caption":"temp circular"}}]}},"_links":{"self":[{"href":"https:\/\/www.ranciliogroup.com\/pt-pt\/wp-json\/wp\/v2\/posts\/64326"}],"collection":[{"href":"https:\/\/www.ranciliogroup.com\/pt-pt\/wp-json\/wp\/v2\/posts"}],"about":[{"href":"https:\/\/www.ranciliogroup.com\/pt-pt\/wp-json\/wp\/v2\/types\/post"}],"author":[{"embeddable":true,"href":"https:\/\/www.ranciliogroup.com\/pt-pt\/wp-json\/wp\/v2\/users\/5"}],"replies":[{"embeddable":true,"href":"https:\/\/www.ranciliogroup.com\/pt-pt\/wp-json\/wp\/v2\/comments?post=64326"}],"version-history":[{"count":3,"href":"https:\/\/www.ranciliogroup.com\/pt-pt\/wp-json\/wp\/v2\/posts\/64326\/revisions"}],"predecessor-version":[{"id":64329,"href":"https:\/\/www.ranciliogroup.com\/pt-pt\/wp-json\/wp\/v2\/posts\/64326\/revisions\/64329"}],"wp:featuredmedia":[{"embeddable":true,"href":"https:\/\/www.ranciliogroup.com\/pt-pt\/wp-json\/wp\/v2\/media\/64244"}],"wp:attachment":[{"href":"https:\/\/www.ranciliogroup.com\/pt-pt\/wp-json\/wp\/v2\/media?parent=64326"}],"wp:term":[{"taxonomy":"category","embeddable":true,"href":"https:\/\/www.ranciliogroup.com\/pt-pt\/wp-json\/wp\/v2\/categories?post=64326"},{"taxonomy":"post_tag","embeddable":true,"href":"https:\/\/www.ranciliogroup.com\/pt-pt\/wp-json\/wp\/v2\/tags?post=64326"}],"curies":[{"name":"wp","href":"https:\/\/api.w.org\/{rel}","templated":true}]}}