{"id":65665,"date":"2023-02-07T12:24:31","date_gmt":"2023-02-07T11:24:31","guid":{"rendered":"https:\/\/www.ranciliogroup.com\/?p=65665"},"modified":"2023-02-24T11:27:12","modified_gmt":"2023-02-24T10:27:12","slug":"junte-se-a-rancilio-specialty-e-the-barista-league-na-colombia-para-rumba-barista","status":"publish","type":"post","link":"https:\/\/www.ranciliogroup.com\/pt-pt\/junte-se-a-rancilio-specialty-e-the-barista-league-na-colombia-para-rumba-barista\/","title":{"rendered":"Junte-se a Rancilio Specialty e The Barista League na Col\u00f4mbia para Rumba Barista"},"content":{"rendered":"<p>No dia 24 de fevereiro de 2023, The Barista League traz-lhe um nov\u00edssimo projeto &#8211; La Rumba Barista &#8211; que ter\u00e1 lugar no colorido p\u00e1tio do Varietale em Bogot\u00e1, Col\u00f4mbia.<\/p>\n<p>The Barista League e Rancilio Specialty d\u00e3o-lhe as boas-vindas para uma noite empolgante para todos os amantes do caf\u00e9, no \u00faltimo dia da Mystery Coffee Vacation de 2022 &#8211; uma viagem de cinco dias organizada para os vencedores dos \u00faltimos eventos do Barista League. La Rumba Barista, com efeito, \u00e9 a conclus\u00e3o de uma encantadora experi\u00eancia de viagem pela Col\u00f4mbia, encontrando baristas locais, visitando fazendas de caf\u00e9 e vivenciando este incr\u00edvel pa\u00eds.<\/p>\n<p>Durante esta \u00faltima noite, 12 equipas de dois ser\u00e3o emparelhadas com dois baristas internacionais &#8211; vencedores de edi\u00e7\u00f5es passadas e convidados do Mystery Coffee Vacation do Barista League &#8211; para competir num desafio de tr\u00eas rondas em torno do caf\u00e9.<\/p>\n<p>Como patrocinador oficial do concurso, a Rancilio Specialty Invicta estar\u00e1 presente colocando a sua tecnologia de extra\u00e7\u00e3o distinta e simplicidade de utiliza\u00e7\u00e3o ao servi\u00e7o dos concorrentes. Numa noite concebida para reunir a comunidade de caf\u00e9 local, haver\u00e1 muita m\u00fasica, luzes e divers\u00e3o com um toque colombiano.<\/p>\n<p>A participa\u00e7\u00e3o dos seguintes campe\u00f5es j\u00e1 foi confirmada: Kat Melheim (USA), Kendra Sledzinski (USA), MiMo (USA), Said Bacar (CAN), Pauline M\u00e9nard (CAN), An Nguyen (NZ), Viszneki Vivien (HUN), Haddad Nassim (HUN), Valeriia Kan (GER), G\u00f6rkem Yildirim (GER), Kate Blackman (USA), Erica Jackson (USA).<\/p>\n<p>Bilhetes \u00e0 venda em <a href=\"https:\/\/www.tickettailor.com\/events\/thebaristaleague\/826097\/\">tickettailor.com<\/a><\/p>\n<p><strong>\u00a0<\/strong><\/p>\n<p><strong>\u00a0<\/strong><\/p>\n<h1><strong>La Rumba Barista<\/strong><\/h1>\n<h1>24 Fev, 2023<\/h1>\n<h1>Das 18h00 \u00e0s 23h00<\/h1>\n<h1><a href=\"https:\/\/www.google.com\/maps\/place\/Varietale\/@4.6287653,-74.0663644,17z\/data=!3m1!4b1!4m5!3m4!1s0x8e3f9a28616e2947:0x52ecfaa65606806a!8m2!3d4.6287653!4d-74.0663644\">Varietale<\/a><\/h1>\n<h1>Calle 41 #8-43<\/h1>\n<h1>Bogot\u00e1, Colombia<\/h1>\n<p>&nbsp;<\/p>\n<h1><strong>\u00a0<\/strong><strong>Siga o evento na nossa p\u00e1gina oficial do Instagram<\/strong><\/h1>\n<h1>@ranciliospecialty #ranciliospecialty<\/h1>\n<p>&nbsp;<\/p>\n<h1><a href=\"https:\/\/www.ranciliogroup.com\/pt-pt\/specialty\/invicta\/\"><strong>Saiba mais sobre Rancilio Specialty Invicta<\/strong><\/a><\/h1>\n<h1><\/h1>\n","protected":false},"excerpt":{"rendered":"<p>No dia 24 de fevereiro de 2023, The Barista League traz-lhe um nov\u00edssimo projeto &#8211; La Rumba Barista &#8211; que&#8230;<\/p>\n","protected":false},"author":5,"featured_media":65652,"comment_status":"closed","ping_status":"closed","sticky":false,"template":"","format":"standard","meta":[],"categories":[1958],"tags":[2633,2604,2606],"acf":[],"yoast_head":"<!-- This site is optimized with the Yoast SEO plugin v21.5 - https:\/\/yoast.com\/wordpress\/plugins\/seo\/ -->\n<title>Latest update about Junte-se a Rancilio Specialty e The Barista League na Col\u00f4mbia para Rumba Barista - Rancilio Group<\/title>\n<meta name=\"description\" content=\"Read Rancilio Group&#039;s latest news about Junte-se a Rancilio Specialty e The Barista League na Col\u00f4mbia para Rumba Barista\" \/>\n<meta name=\"robots\" content=\"index, follow, max-snippet:-1, max-image-preview:large, max-video-preview:-1\" \/>\n<link rel=\"canonical\" href=\"https:\/\/www.ranciliogroup.com\/pt-pt\/junte-se-a-rancilio-specialty-e-the-barista-league-na-colombia-para-rumba-barista\/\" \/>\n<meta property=\"og:locale\" content=\"pt_PT\" \/>\n<meta property=\"og:type\" content=\"article\" \/>\n<meta property=\"og:title\" content=\"Latest update about Junte-se a Rancilio Specialty e The Barista League na Col\u00f4mbia para Rumba Barista - Rancilio Group\" \/>\n<meta property=\"og:description\" content=\"Read Rancilio Group&#039;s latest news about Junte-se a Rancilio Specialty e The Barista League na Col\u00f4mbia para Rumba Barista\" \/>\n<meta property=\"og:url\" content=\"https:\/\/www.ranciliogroup.com\/pt-pt\/junte-se-a-rancilio-specialty-e-the-barista-league-na-colombia-para-rumba-barista\/\" \/>\n<meta property=\"og:site_name\" content=\"Rancilio Group\" \/>\n<meta property=\"article:publisher\" content=\"https:\/\/www.facebook.com\/RancilioGroup\" \/>\n<meta property=\"article:published_time\" content=\"2023-02-07T11:24:31+00:00\" \/>\n<meta property=\"article:modified_time\" content=\"2023-02-24T10:27:12+00:00\" \/>\n<meta property=\"og:image\" content=\"https:\/\/www.ranciliogroup.com\/app\/uploads\/2023\/02\/TheBaristaLeague01_web.jpg\" \/>\n\t<meta property=\"og:image:width\" content=\"1080\" \/>\n\t<meta property=\"og:image:height\" content=\"720\" \/>\n\t<meta property=\"og:image:type\" content=\"image\/jpeg\" \/>\n<meta name=\"author\" content=\"temp circular\" \/>\n<meta name=\"twitter:card\" content=\"summary_large_image\" \/>\n<meta name=\"twitter:creator\" content=\"@ranciliogroup\" \/>\n<meta name=\"twitter:site\" content=\"@ranciliogroup\" \/>\n<meta name=\"twitter:label1\" content=\"Written by\" \/>\n\t<meta name=\"twitter:data1\" content=\"temp circular\" \/>\n\t<meta name=\"twitter:label2\" content=\"Est. reading time\" \/>\n\t<meta name=\"twitter:data2\" content=\"2 minutes\" \/>\n<script type=\"application\/ld+json\" class=\"yoast-schema-graph\">{\"@context\":\"https:\/\/schema.org\",\"@graph\":[{\"@type\":\"Article\",\"@id\":\"https:\/\/www.ranciliogroup.com\/pt-pt\/junte-se-a-rancilio-specialty-e-the-barista-league-na-colombia-para-rumba-barista\/#article\",\"isPartOf\":{\"@id\":\"https:\/\/www.ranciliogroup.com\/pt-pt\/junte-se-a-rancilio-specialty-e-the-barista-league-na-colombia-para-rumba-barista\/\"},\"author\":{\"name\":\"temp circular\",\"@id\":\"https:\/\/www.ranciliogroup.com\/pt-pt\/#\/schema\/person\/d6bf0a7dfe74cded3d64da8b2c92814c\"},\"headline\":\"Junte-se a Rancilio Specialty e The Barista League na Col\u00f4mbia para Rumba Barista\",\"datePublished\":\"2023-02-07T11:24:31+00:00\",\"dateModified\":\"2023-02-24T10:27:12+00:00\",\"mainEntityOfPage\":{\"@id\":\"https:\/\/www.ranciliogroup.com\/pt-pt\/junte-se-a-rancilio-specialty-e-the-barista-league-na-colombia-para-rumba-barista\/\"},\"wordCount\":299,\"publisher\":{\"@id\":\"https:\/\/www.ranciliogroup.com\/pt-pt\/#organization\"},\"keywords\":[\"Invicta\",\"Rancilio Specialty\",\"Barista League\"],\"articleSection\":[\"Eventos\"],\"inLanguage\":\"pt-PT\"},{\"@type\":\"WebPage\",\"@id\":\"https:\/\/www.ranciliogroup.com\/pt-pt\/junte-se-a-rancilio-specialty-e-the-barista-league-na-colombia-para-rumba-barista\/\",\"url\":\"https:\/\/www.ranciliogroup.com\/pt-pt\/junte-se-a-rancilio-specialty-e-the-barista-league-na-colombia-para-rumba-barista\/\",\"name\":\"Latest update about Junte-se a Rancilio Specialty e The Barista League na Col\u00f4mbia para Rumba Barista - Rancilio Group\",\"isPartOf\":{\"@id\":\"https:\/\/www.ranciliogroup.com\/pt-pt\/#website\"},\"datePublished\":\"2023-02-07T11:24:31+00:00\",\"dateModified\":\"2023-02-24T10:27:12+00:00\",\"description\":\"Read Rancilio Group's latest news about Junte-se a Rancilio Specialty e The Barista League na Col\u00f4mbia para Rumba Barista\",\"breadcrumb\":{\"@id\":\"https:\/\/www.ranciliogroup.com\/pt-pt\/junte-se-a-rancilio-specialty-e-the-barista-league-na-colombia-para-rumba-barista\/#breadcrumb\"},\"inLanguage\":\"pt-PT\",\"potentialAction\":[{\"@type\":\"ReadAction\",\"target\":[\"https:\/\/www.ranciliogroup.com\/pt-pt\/junte-se-a-rancilio-specialty-e-the-barista-league-na-colombia-para-rumba-barista\/\"]}]},{\"@type\":\"BreadcrumbList\",\"@id\":\"https:\/\/www.ranciliogroup.com\/pt-pt\/junte-se-a-rancilio-specialty-e-the-barista-league-na-colombia-para-rumba-barista\/#breadcrumb\",\"itemListElement\":[{\"@type\":\"ListItem\",\"position\":1,\"name\":\"Home\",\"item\":\"https:\/\/www.ranciliogroup.com\/pt-pt\/\"},{\"@type\":\"ListItem\",\"position\":2,\"name\":\"Junte-se a Rancilio Specialty e The Barista League na Col\u00f4mbia para Rumba Barista\"}]},{\"@type\":\"WebSite\",\"@id\":\"https:\/\/www.ranciliogroup.com\/pt-pt\/#website\",\"url\":\"https:\/\/www.ranciliogroup.com\/pt-pt\/\",\"name\":\"Rancilio Group\",\"description\":\"L\u00edder Profissional de M\u00e1quinas de Caf\u00e9\",\"publisher\":{\"@id\":\"https:\/\/www.ranciliogroup.com\/pt-pt\/#organization\"},\"potentialAction\":[{\"@type\":\"SearchAction\",\"target\":{\"@type\":\"EntryPoint\",\"urlTemplate\":\"https:\/\/www.ranciliogroup.com\/pt-pt\/?s={search_term_string}\"},\"query-input\":\"required name=search_term_string\"}],\"inLanguage\":\"pt-PT\"},{\"@type\":\"Organization\",\"@id\":\"https:\/\/www.ranciliogroup.com\/pt-pt\/#organization\",\"name\":\"Rancilio Group\",\"url\":\"https:\/\/www.ranciliogroup.com\/pt-pt\/\",\"logo\":{\"@type\":\"ImageObject\",\"inLanguage\":\"pt-PT\",\"@id\":\"https:\/\/www.ranciliogroup.com\/pt-pt\/#\/schema\/logo\/image\/\",\"url\":\"https:\/\/www.ranciliogroup.com\/app\/uploads\/2019\/07\/rancilio_black_logo.png\",\"contentUrl\":\"https:\/\/www.ranciliogroup.com\/app\/uploads\/2019\/07\/rancilio_black_logo.png\",\"width\":447,\"height\":57,\"caption\":\"Rancilio Group\"},\"image\":{\"@id\":\"https:\/\/www.ranciliogroup.com\/pt-pt\/#\/schema\/logo\/image\/\"},\"sameAs\":[\"https:\/\/www.facebook.com\/RancilioGroup\",\"https:\/\/twitter.com\/ranciliogroup\",\"https:\/\/www.instagram.com\/rancilio_official\/\",\"https:\/\/www.linkedin.com\/company\/ranciliogroup\/\",\"https:\/\/www.youtube.com\/user\/rancilioadmin\"]},{\"@type\":\"Person\",\"@id\":\"https:\/\/www.ranciliogroup.com\/pt-pt\/#\/schema\/person\/d6bf0a7dfe74cded3d64da8b2c92814c\",\"name\":\"temp circular\",\"image\":{\"@type\":\"ImageObject\",\"inLanguage\":\"pt-PT\",\"@id\":\"https:\/\/www.ranciliogroup.com\/pt-pt\/#\/schema\/person\/image\/\",\"url\":\"https:\/\/secure.gravatar.com\/avatar\/569e71c3b97b8bcad1854d6579b35c5f?s=96&d=mm&r=g\",\"contentUrl\":\"https:\/\/secure.gravatar.com\/avatar\/569e71c3b97b8bcad1854d6579b35c5f?s=96&d=mm&r=g\",\"caption\":\"temp circular\"}}]}<\/script>\n<!-- \/ Yoast SEO plugin. -->","yoast_head_json":{"title":"Latest update about Junte-se a Rancilio Specialty e The Barista League na Col\u00f4mbia para Rumba Barista - Rancilio Group","description":"Read Rancilio Group's latest news about Junte-se a Rancilio Specialty e The Barista League na Col\u00f4mbia para Rumba Barista","robots":{"index":"index","follow":"follow","max-snippet":"max-snippet:-1","max-image-preview":"max-image-preview:large","max-video-preview":"max-video-preview:-1"},"canonical":"https:\/\/www.ranciliogroup.com\/pt-pt\/junte-se-a-rancilio-specialty-e-the-barista-league-na-colombia-para-rumba-barista\/","og_locale":"pt_PT","og_type":"article","og_title":"Latest update about Junte-se a Rancilio Specialty e The Barista League na Col\u00f4mbia para Rumba Barista - Rancilio Group","og_description":"Read Rancilio Group's latest news about Junte-se a Rancilio Specialty e The Barista League na Col\u00f4mbia para Rumba Barista","og_url":"https:\/\/www.ranciliogroup.com\/pt-pt\/junte-se-a-rancilio-specialty-e-the-barista-league-na-colombia-para-rumba-barista\/","og_site_name":"Rancilio Group","article_publisher":"https:\/\/www.facebook.com\/RancilioGroup","article_published_time":"2023-02-07T11:24:31+00:00","article_modified_time":"2023-02-24T10:27:12+00:00","og_image":[{"width":1080,"height":720,"url":"https:\/\/www.ranciliogroup.com\/app\/uploads\/2023\/02\/TheBaristaLeague01_web.jpg","type":"image\/jpeg"}],"author":"temp circular","twitter_card":"summary_large_image","twitter_creator":"@ranciliogroup","twitter_site":"@ranciliogroup","twitter_misc":{"Written by":"temp circular","Est. reading time":"2 minutes"},"schema":{"@context":"https:\/\/schema.org","@graph":[{"@type":"Article","@id":"https:\/\/www.ranciliogroup.com\/pt-pt\/junte-se-a-rancilio-specialty-e-the-barista-league-na-colombia-para-rumba-barista\/#article","isPartOf":{"@id":"https:\/\/www.ranciliogroup.com\/pt-pt\/junte-se-a-rancilio-specialty-e-the-barista-league-na-colombia-para-rumba-barista\/"},"author":{"name":"temp circular","@id":"https:\/\/www.ranciliogroup.com\/pt-pt\/#\/schema\/person\/d6bf0a7dfe74cded3d64da8b2c92814c"},"headline":"Junte-se a Rancilio Specialty e The Barista League na Col\u00f4mbia para Rumba Barista","datePublished":"2023-02-07T11:24:31+00:00","dateModified":"2023-02-24T10:27:12+00:00","mainEntityOfPage":{"@id":"https:\/\/www.ranciliogroup.com\/pt-pt\/junte-se-a-rancilio-specialty-e-the-barista-league-na-colombia-para-rumba-barista\/"},"wordCount":299,"publisher":{"@id":"https:\/\/www.ranciliogroup.com\/pt-pt\/#organization"},"keywords":["Invicta","Rancilio Specialty","Barista League"],"articleSection":["Eventos"],"inLanguage":"pt-PT"},{"@type":"WebPage","@id":"https:\/\/www.ranciliogroup.com\/pt-pt\/junte-se-a-rancilio-specialty-e-the-barista-league-na-colombia-para-rumba-barista\/","url":"https:\/\/www.ranciliogroup.com\/pt-pt\/junte-se-a-rancilio-specialty-e-the-barista-league-na-colombia-para-rumba-barista\/","name":"Latest update about Junte-se a Rancilio Specialty e The Barista League na Col\u00f4mbia para Rumba Barista - Rancilio Group","isPartOf":{"@id":"https:\/\/www.ranciliogroup.com\/pt-pt\/#website"},"datePublished":"2023-02-07T11:24:31+00:00","dateModified":"2023-02-24T10:27:12+00:00","description":"Read Rancilio Group's latest news about Junte-se a Rancilio Specialty e The Barista League na Col\u00f4mbia para Rumba Barista","breadcrumb":{"@id":"https:\/\/www.ranciliogroup.com\/pt-pt\/junte-se-a-rancilio-specialty-e-the-barista-league-na-colombia-para-rumba-barista\/#breadcrumb"},"inLanguage":"pt-PT","potentialAction":[{"@type":"ReadAction","target":["https:\/\/www.ranciliogroup.com\/pt-pt\/junte-se-a-rancilio-specialty-e-the-barista-league-na-colombia-para-rumba-barista\/"]}]},{"@type":"BreadcrumbList","@id":"https:\/\/www.ranciliogroup.com\/pt-pt\/junte-se-a-rancilio-specialty-e-the-barista-league-na-colombia-para-rumba-barista\/#breadcrumb","itemListElement":[{"@type":"ListItem","position":1,"name":"Home","item":"https:\/\/www.ranciliogroup.com\/pt-pt\/"},{"@type":"ListItem","position":2,"name":"Junte-se a Rancilio Specialty e The Barista League na Col\u00f4mbia para Rumba Barista"}]},{"@type":"WebSite","@id":"https:\/\/www.ranciliogroup.com\/pt-pt\/#website","url":"https:\/\/www.ranciliogroup.com\/pt-pt\/","name":"Rancilio Group","description":"L\u00edder Profissional de M\u00e1quinas de Caf\u00e9","publisher":{"@id":"https:\/\/www.ranciliogroup.com\/pt-pt\/#organization"},"potentialAction":[{"@type":"SearchAction","target":{"@type":"EntryPoint","urlTemplate":"https:\/\/www.ranciliogroup.com\/pt-pt\/?s={search_term_string}"},"query-input":"required name=search_term_string"}],"inLanguage":"pt-PT"},{"@type":"Organization","@id":"https:\/\/www.ranciliogroup.com\/pt-pt\/#organization","name":"Rancilio Group","url":"https:\/\/www.ranciliogroup.com\/pt-pt\/","logo":{"@type":"ImageObject","inLanguage":"pt-PT","@id":"https:\/\/www.ranciliogroup.com\/pt-pt\/#\/schema\/logo\/image\/","url":"https:\/\/www.ranciliogroup.com\/app\/uploads\/2019\/07\/rancilio_black_logo.png","contentUrl":"https:\/\/www.ranciliogroup.com\/app\/uploads\/2019\/07\/rancilio_black_logo.png","width":447,"height":57,"caption":"Rancilio Group"},"image":{"@id":"https:\/\/www.ranciliogroup.com\/pt-pt\/#\/schema\/logo\/image\/"},"sameAs":["https:\/\/www.facebook.com\/RancilioGroup","https:\/\/twitter.com\/ranciliogroup","https:\/\/www.instagram.com\/rancilio_official\/","https:\/\/www.linkedin.com\/company\/ranciliogroup\/","https:\/\/www.youtube.com\/user\/rancilioadmin"]},{"@type":"Person","@id":"https:\/\/www.ranciliogroup.com\/pt-pt\/#\/schema\/person\/d6bf0a7dfe74cded3d64da8b2c92814c","name":"temp circular","image":{"@type":"ImageObject","inLanguage":"pt-PT","@id":"https:\/\/www.ranciliogroup.com\/pt-pt\/#\/schema\/person\/image\/","url":"https:\/\/secure.gravatar.com\/avatar\/569e71c3b97b8bcad1854d6579b35c5f?s=96&d=mm&r=g","contentUrl":"https:\/\/secure.gravatar.com\/avatar\/569e71c3b97b8bcad1854d6579b35c5f?s=96&d=mm&r=g","caption":"temp circular"}}]}},"_links":{"self":[{"href":"https:\/\/www.ranciliogroup.com\/pt-pt\/wp-json\/wp\/v2\/posts\/65665"}],"collection":[{"href":"https:\/\/www.ranciliogroup.com\/pt-pt\/wp-json\/wp\/v2\/posts"}],"about":[{"href":"https:\/\/www.ranciliogroup.com\/pt-pt\/wp-json\/wp\/v2\/types\/post"}],"author":[{"embeddable":true,"href":"https:\/\/www.ranciliogroup.com\/pt-pt\/wp-json\/wp\/v2\/users\/5"}],"replies":[{"embeddable":true,"href":"https:\/\/www.ranciliogroup.com\/pt-pt\/wp-json\/wp\/v2\/comments?post=65665"}],"version-history":[{"count":3,"href":"https:\/\/www.ranciliogroup.com\/pt-pt\/wp-json\/wp\/v2\/posts\/65665\/revisions"}],"predecessor-version":[{"id":65825,"href":"https:\/\/www.ranciliogroup.com\/pt-pt\/wp-json\/wp\/v2\/posts\/65665\/revisions\/65825"}],"wp:featuredmedia":[{"embeddable":true,"href":"https:\/\/www.ranciliogroup.com\/pt-pt\/wp-json\/wp\/v2\/media\/65652"}],"wp:attachment":[{"href":"https:\/\/www.ranciliogroup.com\/pt-pt\/wp-json\/wp\/v2\/media?parent=65665"}],"wp:term":[{"taxonomy":"category","embeddable":true,"href":"https:\/\/www.ranciliogroup.com\/pt-pt\/wp-json\/wp\/v2\/categories?post=65665"},{"taxonomy":"post_tag","embeddable":true,"href":"https:\/\/www.ranciliogroup.com\/pt-pt\/wp-json\/wp\/v2\/tags?post=65665"}],"curies":[{"name":"wp","href":"https:\/\/api.w.org\/{rel}","templated":true}]}}