{"id":65809,"date":"2023-02-15T11:16:57","date_gmt":"2023-02-15T10:16:57","guid":{"rendered":"https:\/\/www.ranciliogroup.com\/?p=65809"},"modified":"2023-02-15T11:17:54","modified_gmt":"2023-02-15T10:17:54","slug":"rancilio-specialtyinvictabarista-leaguemexico","status":"publish","type":"post","link":"https:\/\/www.ranciliogroup.com\/pt-pt\/rancilio-specialtyinvictabarista-leaguemexico\/","title":{"rendered":"Rancilio Specialty e The Barista League pela primeira vez na Cidade do M\u00e9xico"},"content":{"rendered":"<p>Ap\u00f3s o sucesso do ano passado, Rancilio Specialty e The Barista League regressam \u00e0 Cidade do M\u00e9xico para mais uma ronda de competi\u00e7\u00f5es emocionantes no domingo, 5 de mar\u00e7o.<\/p>\n<p>Rancilio Specialty Invicta regressa como patrocinador oficial do evento, ajudando 12 intr\u00e9pidos baristas em tr\u00eas rondas de desafios loucos sobre caf\u00e9. A tecnologia de extra\u00e7\u00e3o de caf\u00e9 Invicta ser\u00e1 uma ferramenta \u00fanica nas m\u00e3os dos concorrentes que, divididos em equipas, ter\u00e3o de provar a sua criatividade e talento perante um j\u00fari de seis estrelas: Shak Zapata, Adan Guti\u00e9rrez, Ale Lugo, Cristi\u00e1n Ponce, Ana Herrera e Jenny Borrego.<\/p>\n<p>Acompanhe a corrida para premiar os pr\u00f3ximos campe\u00f5es com Rancilio Specialty e saboreie o caf\u00e9 dos melhores torrefatores na Cidade do M\u00e9xico. M\u00fasica servida por um DJ sensacional, refrescos e divers\u00e3o ser\u00e3o, como sempre, as palavras-chave para este emocionante evento concebido para todos os baristas e f\u00e3s de caf\u00e9.<\/p>\n<p>Bilhetes \u00e0 venda em <a href=\"https:\/\/www.passline.com\/eventos\/the-barista-league-en-foro-indie-rocks\">passline.com<\/a><\/p>\n<p>&nbsp;<\/p>\n<p><strong>\u00a0<\/strong><\/p>\n<p><strong>The Barista League Mexico City<\/strong><br \/>\nDomingo, 5 de mar\u00e7o de 2023<br \/>\nDas 18h00 \u00e0s 23h00<br \/>\n<a href=\"https:\/\/www.google.com\/maps\/place\/Foro+Indierocks!\/@19.4166164,-99.1561844,15z\/data=!4m5!3m4!1s0x0:0x1192dbc4d6d4a8e!8m2!3d19.4166258!4d-99.1561913\">Foro Indierocks! <\/a><br \/>\nZacatecas 39, Col. Roma Norte<br \/>\n06700 Ciudad de M\u00e9xico, M\u00e9xico<\/p>\n<p><strong>\u00a0<\/strong><\/p>\n<p><strong>Siga o evento na nossa p\u00e1gina oficial do Instagram<\/strong><br \/>\n@ranciliospecialty #ranciliospecialty<\/p>\n<p>&nbsp;<\/p>\n<p><a href=\"https:\/\/www.ranciliogroup.com\/pt-pt\/specialty\/invicta\/\"><strong>Saiba mais sobre Rancilio Specialty Invicta<\/strong><\/a><\/p>\n<p>&nbsp;<\/p>\n","protected":false},"excerpt":{"rendered":"<p>Ap\u00f3s o sucesso do ano passado, Rancilio Specialty e The Barista League regressam \u00e0 Cidade do M\u00e9xico para mais uma&#8230;<\/p>\n","protected":false},"author":5,"featured_media":65789,"comment_status":"closed","ping_status":"closed","sticky":false,"template":"","format":"standard","meta":[],"categories":[1958],"tags":[2804,2633,2604,2606],"acf":[],"yoast_head":"<!-- This site is optimized with the Yoast SEO plugin v21.5 - https:\/\/yoast.com\/wordpress\/plugins\/seo\/ -->\n<title>Latest update about Rancilio Specialty e The Barista League pela primeira vez na Cidade do M\u00e9xico - Rancilio Group<\/title>\n<meta name=\"description\" content=\"Read Rancilio Group&#039;s latest news about Rancilio Specialty e The Barista League pela primeira vez na Cidade do M\u00e9xico\" \/>\n<meta name=\"robots\" content=\"index, follow, max-snippet:-1, max-image-preview:large, max-video-preview:-1\" \/>\n<link rel=\"canonical\" href=\"https:\/\/www.ranciliogroup.com\/pt-pt\/rancilio-specialtyinvictabarista-leaguemexico\/\" \/>\n<meta property=\"og:locale\" content=\"pt_PT\" \/>\n<meta property=\"og:type\" content=\"article\" \/>\n<meta property=\"og:title\" content=\"Latest update about Rancilio Specialty e The Barista League pela primeira vez na Cidade do M\u00e9xico - Rancilio Group\" \/>\n<meta property=\"og:description\" content=\"Read Rancilio Group&#039;s latest news about Rancilio Specialty e The Barista League pela primeira vez na Cidade do M\u00e9xico\" \/>\n<meta property=\"og:url\" content=\"https:\/\/www.ranciliogroup.com\/pt-pt\/rancilio-specialtyinvictabarista-leaguemexico\/\" \/>\n<meta property=\"og:site_name\" content=\"Rancilio Group\" \/>\n<meta property=\"article:publisher\" content=\"https:\/\/www.facebook.com\/RancilioGroup\" \/>\n<meta property=\"article:published_time\" content=\"2023-02-15T10:16:57+00:00\" \/>\n<meta property=\"article:modified_time\" content=\"2023-02-15T10:17:54+00:00\" \/>\n<meta property=\"og:image\" content=\"https:\/\/www.ranciliogroup.com\/app\/uploads\/2023\/02\/TheBaristaLeague-CDMX-2022-web.jpg\" \/>\n\t<meta property=\"og:image:width\" content=\"1080\" \/>\n\t<meta property=\"og:image:height\" content=\"720\" \/>\n\t<meta property=\"og:image:type\" content=\"image\/jpeg\" \/>\n<meta name=\"author\" content=\"temp circular\" \/>\n<meta name=\"twitter:card\" content=\"summary_large_image\" \/>\n<meta name=\"twitter:creator\" content=\"@ranciliogroup\" \/>\n<meta name=\"twitter:site\" content=\"@ranciliogroup\" \/>\n<meta name=\"twitter:label1\" content=\"Written by\" \/>\n\t<meta name=\"twitter:data1\" content=\"temp circular\" \/>\n\t<meta name=\"twitter:label2\" content=\"Est. reading time\" \/>\n\t<meta name=\"twitter:data2\" content=\"1 minute\" \/>\n<script type=\"application\/ld+json\" class=\"yoast-schema-graph\">{\"@context\":\"https:\/\/schema.org\",\"@graph\":[{\"@type\":\"Article\",\"@id\":\"https:\/\/www.ranciliogroup.com\/pt-pt\/rancilio-specialtyinvictabarista-leaguemexico\/#article\",\"isPartOf\":{\"@id\":\"https:\/\/www.ranciliogroup.com\/pt-pt\/rancilio-specialtyinvictabarista-leaguemexico\/\"},\"author\":{\"name\":\"temp circular\",\"@id\":\"https:\/\/www.ranciliogroup.com\/pt-pt\/#\/schema\/person\/d6bf0a7dfe74cded3d64da8b2c92814c\"},\"headline\":\"Rancilio Specialty e The Barista League pela primeira vez na Cidade do M\u00e9xico\",\"datePublished\":\"2023-02-15T10:16:57+00:00\",\"dateModified\":\"2023-02-15T10:17:54+00:00\",\"mainEntityOfPage\":{\"@id\":\"https:\/\/www.ranciliogroup.com\/pt-pt\/rancilio-specialtyinvictabarista-leaguemexico\/\"},\"wordCount\":227,\"publisher\":{\"@id\":\"https:\/\/www.ranciliogroup.com\/pt-pt\/#organization\"},\"keywords\":[\"Mexico\",\"Invicta\",\"Rancilio Specialty\",\"Barista League\"],\"articleSection\":[\"Eventos\"],\"inLanguage\":\"pt-PT\"},{\"@type\":\"WebPage\",\"@id\":\"https:\/\/www.ranciliogroup.com\/pt-pt\/rancilio-specialtyinvictabarista-leaguemexico\/\",\"url\":\"https:\/\/www.ranciliogroup.com\/pt-pt\/rancilio-specialtyinvictabarista-leaguemexico\/\",\"name\":\"Latest update about Rancilio Specialty e The Barista League pela primeira vez na Cidade do M\u00e9xico - Rancilio Group\",\"isPartOf\":{\"@id\":\"https:\/\/www.ranciliogroup.com\/pt-pt\/#website\"},\"datePublished\":\"2023-02-15T10:16:57+00:00\",\"dateModified\":\"2023-02-15T10:17:54+00:00\",\"description\":\"Read Rancilio Group's latest news about Rancilio Specialty e The Barista League pela primeira vez na Cidade do M\u00e9xico\",\"breadcrumb\":{\"@id\":\"https:\/\/www.ranciliogroup.com\/pt-pt\/rancilio-specialtyinvictabarista-leaguemexico\/#breadcrumb\"},\"inLanguage\":\"pt-PT\",\"potentialAction\":[{\"@type\":\"ReadAction\",\"target\":[\"https:\/\/www.ranciliogroup.com\/pt-pt\/rancilio-specialtyinvictabarista-leaguemexico\/\"]}]},{\"@type\":\"BreadcrumbList\",\"@id\":\"https:\/\/www.ranciliogroup.com\/pt-pt\/rancilio-specialtyinvictabarista-leaguemexico\/#breadcrumb\",\"itemListElement\":[{\"@type\":\"ListItem\",\"position\":1,\"name\":\"Home\",\"item\":\"https:\/\/www.ranciliogroup.com\/pt-pt\/\"},{\"@type\":\"ListItem\",\"position\":2,\"name\":\"Rancilio Specialty e The Barista League pela primeira vez na Cidade do M\u00e9xico\"}]},{\"@type\":\"WebSite\",\"@id\":\"https:\/\/www.ranciliogroup.com\/pt-pt\/#website\",\"url\":\"https:\/\/www.ranciliogroup.com\/pt-pt\/\",\"name\":\"Rancilio Group\",\"description\":\"L\u00edder Profissional de M\u00e1quinas de Caf\u00e9\",\"publisher\":{\"@id\":\"https:\/\/www.ranciliogroup.com\/pt-pt\/#organization\"},\"potentialAction\":[{\"@type\":\"SearchAction\",\"target\":{\"@type\":\"EntryPoint\",\"urlTemplate\":\"https:\/\/www.ranciliogroup.com\/pt-pt\/?s={search_term_string}\"},\"query-input\":\"required name=search_term_string\"}],\"inLanguage\":\"pt-PT\"},{\"@type\":\"Organization\",\"@id\":\"https:\/\/www.ranciliogroup.com\/pt-pt\/#organization\",\"name\":\"Rancilio Group\",\"url\":\"https:\/\/www.ranciliogroup.com\/pt-pt\/\",\"logo\":{\"@type\":\"ImageObject\",\"inLanguage\":\"pt-PT\",\"@id\":\"https:\/\/www.ranciliogroup.com\/pt-pt\/#\/schema\/logo\/image\/\",\"url\":\"https:\/\/www.ranciliogroup.com\/app\/uploads\/2019\/07\/rancilio_black_logo.png\",\"contentUrl\":\"https:\/\/www.ranciliogroup.com\/app\/uploads\/2019\/07\/rancilio_black_logo.png\",\"width\":447,\"height\":57,\"caption\":\"Rancilio Group\"},\"image\":{\"@id\":\"https:\/\/www.ranciliogroup.com\/pt-pt\/#\/schema\/logo\/image\/\"},\"sameAs\":[\"https:\/\/www.facebook.com\/RancilioGroup\",\"https:\/\/twitter.com\/ranciliogroup\",\"https:\/\/www.instagram.com\/rancilio_official\/\",\"https:\/\/www.linkedin.com\/company\/ranciliogroup\/\",\"https:\/\/www.youtube.com\/user\/rancilioadmin\"]},{\"@type\":\"Person\",\"@id\":\"https:\/\/www.ranciliogroup.com\/pt-pt\/#\/schema\/person\/d6bf0a7dfe74cded3d64da8b2c92814c\",\"name\":\"temp circular\",\"image\":{\"@type\":\"ImageObject\",\"inLanguage\":\"pt-PT\",\"@id\":\"https:\/\/www.ranciliogroup.com\/pt-pt\/#\/schema\/person\/image\/\",\"url\":\"https:\/\/secure.gravatar.com\/avatar\/569e71c3b97b8bcad1854d6579b35c5f?s=96&d=mm&r=g\",\"contentUrl\":\"https:\/\/secure.gravatar.com\/avatar\/569e71c3b97b8bcad1854d6579b35c5f?s=96&d=mm&r=g\",\"caption\":\"temp circular\"}}]}<\/script>\n<!-- \/ Yoast SEO plugin. -->","yoast_head_json":{"title":"Latest update about Rancilio Specialty e The Barista League pela primeira vez na Cidade do M\u00e9xico - Rancilio Group","description":"Read Rancilio Group's latest news about Rancilio Specialty e The Barista League pela primeira vez na Cidade do M\u00e9xico","robots":{"index":"index","follow":"follow","max-snippet":"max-snippet:-1","max-image-preview":"max-image-preview:large","max-video-preview":"max-video-preview:-1"},"canonical":"https:\/\/www.ranciliogroup.com\/pt-pt\/rancilio-specialtyinvictabarista-leaguemexico\/","og_locale":"pt_PT","og_type":"article","og_title":"Latest update about Rancilio Specialty e The Barista League pela primeira vez na Cidade do M\u00e9xico - Rancilio Group","og_description":"Read Rancilio Group's latest news about Rancilio Specialty e The Barista League pela primeira vez na Cidade do M\u00e9xico","og_url":"https:\/\/www.ranciliogroup.com\/pt-pt\/rancilio-specialtyinvictabarista-leaguemexico\/","og_site_name":"Rancilio Group","article_publisher":"https:\/\/www.facebook.com\/RancilioGroup","article_published_time":"2023-02-15T10:16:57+00:00","article_modified_time":"2023-02-15T10:17:54+00:00","og_image":[{"width":1080,"height":720,"url":"https:\/\/www.ranciliogroup.com\/app\/uploads\/2023\/02\/TheBaristaLeague-CDMX-2022-web.jpg","type":"image\/jpeg"}],"author":"temp circular","twitter_card":"summary_large_image","twitter_creator":"@ranciliogroup","twitter_site":"@ranciliogroup","twitter_misc":{"Written by":"temp circular","Est. reading time":"1 minute"},"schema":{"@context":"https:\/\/schema.org","@graph":[{"@type":"Article","@id":"https:\/\/www.ranciliogroup.com\/pt-pt\/rancilio-specialtyinvictabarista-leaguemexico\/#article","isPartOf":{"@id":"https:\/\/www.ranciliogroup.com\/pt-pt\/rancilio-specialtyinvictabarista-leaguemexico\/"},"author":{"name":"temp circular","@id":"https:\/\/www.ranciliogroup.com\/pt-pt\/#\/schema\/person\/d6bf0a7dfe74cded3d64da8b2c92814c"},"headline":"Rancilio Specialty e The Barista League pela primeira vez na Cidade do M\u00e9xico","datePublished":"2023-02-15T10:16:57+00:00","dateModified":"2023-02-15T10:17:54+00:00","mainEntityOfPage":{"@id":"https:\/\/www.ranciliogroup.com\/pt-pt\/rancilio-specialtyinvictabarista-leaguemexico\/"},"wordCount":227,"publisher":{"@id":"https:\/\/www.ranciliogroup.com\/pt-pt\/#organization"},"keywords":["Mexico","Invicta","Rancilio Specialty","Barista League"],"articleSection":["Eventos"],"inLanguage":"pt-PT"},{"@type":"WebPage","@id":"https:\/\/www.ranciliogroup.com\/pt-pt\/rancilio-specialtyinvictabarista-leaguemexico\/","url":"https:\/\/www.ranciliogroup.com\/pt-pt\/rancilio-specialtyinvictabarista-leaguemexico\/","name":"Latest update about Rancilio Specialty e The Barista League pela primeira vez na Cidade do M\u00e9xico - Rancilio Group","isPartOf":{"@id":"https:\/\/www.ranciliogroup.com\/pt-pt\/#website"},"datePublished":"2023-02-15T10:16:57+00:00","dateModified":"2023-02-15T10:17:54+00:00","description":"Read Rancilio Group's latest news about Rancilio Specialty e The Barista League pela primeira vez na Cidade do M\u00e9xico","breadcrumb":{"@id":"https:\/\/www.ranciliogroup.com\/pt-pt\/rancilio-specialtyinvictabarista-leaguemexico\/#breadcrumb"},"inLanguage":"pt-PT","potentialAction":[{"@type":"ReadAction","target":["https:\/\/www.ranciliogroup.com\/pt-pt\/rancilio-specialtyinvictabarista-leaguemexico\/"]}]},{"@type":"BreadcrumbList","@id":"https:\/\/www.ranciliogroup.com\/pt-pt\/rancilio-specialtyinvictabarista-leaguemexico\/#breadcrumb","itemListElement":[{"@type":"ListItem","position":1,"name":"Home","item":"https:\/\/www.ranciliogroup.com\/pt-pt\/"},{"@type":"ListItem","position":2,"name":"Rancilio Specialty e The Barista League pela primeira vez na Cidade do M\u00e9xico"}]},{"@type":"WebSite","@id":"https:\/\/www.ranciliogroup.com\/pt-pt\/#website","url":"https:\/\/www.ranciliogroup.com\/pt-pt\/","name":"Rancilio Group","description":"L\u00edder Profissional de M\u00e1quinas de Caf\u00e9","publisher":{"@id":"https:\/\/www.ranciliogroup.com\/pt-pt\/#organization"},"potentialAction":[{"@type":"SearchAction","target":{"@type":"EntryPoint","urlTemplate":"https:\/\/www.ranciliogroup.com\/pt-pt\/?s={search_term_string}"},"query-input":"required name=search_term_string"}],"inLanguage":"pt-PT"},{"@type":"Organization","@id":"https:\/\/www.ranciliogroup.com\/pt-pt\/#organization","name":"Rancilio Group","url":"https:\/\/www.ranciliogroup.com\/pt-pt\/","logo":{"@type":"ImageObject","inLanguage":"pt-PT","@id":"https:\/\/www.ranciliogroup.com\/pt-pt\/#\/schema\/logo\/image\/","url":"https:\/\/www.ranciliogroup.com\/app\/uploads\/2019\/07\/rancilio_black_logo.png","contentUrl":"https:\/\/www.ranciliogroup.com\/app\/uploads\/2019\/07\/rancilio_black_logo.png","width":447,"height":57,"caption":"Rancilio Group"},"image":{"@id":"https:\/\/www.ranciliogroup.com\/pt-pt\/#\/schema\/logo\/image\/"},"sameAs":["https:\/\/www.facebook.com\/RancilioGroup","https:\/\/twitter.com\/ranciliogroup","https:\/\/www.instagram.com\/rancilio_official\/","https:\/\/www.linkedin.com\/company\/ranciliogroup\/","https:\/\/www.youtube.com\/user\/rancilioadmin"]},{"@type":"Person","@id":"https:\/\/www.ranciliogroup.com\/pt-pt\/#\/schema\/person\/d6bf0a7dfe74cded3d64da8b2c92814c","name":"temp circular","image":{"@type":"ImageObject","inLanguage":"pt-PT","@id":"https:\/\/www.ranciliogroup.com\/pt-pt\/#\/schema\/person\/image\/","url":"https:\/\/secure.gravatar.com\/avatar\/569e71c3b97b8bcad1854d6579b35c5f?s=96&d=mm&r=g","contentUrl":"https:\/\/secure.gravatar.com\/avatar\/569e71c3b97b8bcad1854d6579b35c5f?s=96&d=mm&r=g","caption":"temp circular"}}]}},"_links":{"self":[{"href":"https:\/\/www.ranciliogroup.com\/pt-pt\/wp-json\/wp\/v2\/posts\/65809"}],"collection":[{"href":"https:\/\/www.ranciliogroup.com\/pt-pt\/wp-json\/wp\/v2\/posts"}],"about":[{"href":"https:\/\/www.ranciliogroup.com\/pt-pt\/wp-json\/wp\/v2\/types\/post"}],"author":[{"embeddable":true,"href":"https:\/\/www.ranciliogroup.com\/pt-pt\/wp-json\/wp\/v2\/users\/5"}],"replies":[{"embeddable":true,"href":"https:\/\/www.ranciliogroup.com\/pt-pt\/wp-json\/wp\/v2\/comments?post=65809"}],"version-history":[{"count":3,"href":"https:\/\/www.ranciliogroup.com\/pt-pt\/wp-json\/wp\/v2\/posts\/65809\/revisions"}],"predecessor-version":[{"id":65812,"href":"https:\/\/www.ranciliogroup.com\/pt-pt\/wp-json\/wp\/v2\/posts\/65809\/revisions\/65812"}],"wp:featuredmedia":[{"embeddable":true,"href":"https:\/\/www.ranciliogroup.com\/pt-pt\/wp-json\/wp\/v2\/media\/65789"}],"wp:attachment":[{"href":"https:\/\/www.ranciliogroup.com\/pt-pt\/wp-json\/wp\/v2\/media?parent=65809"}],"wp:term":[{"taxonomy":"category","embeddable":true,"href":"https:\/\/www.ranciliogroup.com\/pt-pt\/wp-json\/wp\/v2\/categories?post=65809"},{"taxonomy":"post_tag","embeddable":true,"href":"https:\/\/www.ranciliogroup.com\/pt-pt\/wp-json\/wp\/v2\/tags?post=65809"}],"curies":[{"name":"wp","href":"https:\/\/api.w.org\/{rel}","templated":true}]}}