{"id":66022,"date":"2023-03-15T14:04:20","date_gmt":"2023-03-15T13:04:20","guid":{"rendered":"https:\/\/www.ranciliogroup.com\/?p=66022"},"modified":"2023-03-15T14:04:20","modified_gmt":"2023-03-15T13:04:20","slug":"rancilio-group-em-budapeste-para-a-13-a-edicao-do-kavebar-bazar-2023","status":"publish","type":"post","link":"https:\/\/www.ranciliogroup.com\/pt-pt\/rancilio-group-em-budapeste-para-a-13-a-edicao-do-kavebar-bazar-2023\/","title":{"rendered":"Rancilio Group em Budapeste para a 13.\u00aa edi\u00e7\u00e3o do K\u00e1v\u00e9b\u00e1r Baz\u00e1r 2023"},"content":{"rendered":"<p>De 1 a 2 de abril de 2023, o Rancilio Group junta-se ao K\u00e1v\u00e9b\u00e1r Baz\u00e1r para a sua 13.\u00aa edi\u00e7\u00e3o no Parque Millen\u00e1ris em Budapeste, na Hungria.<\/p>\n<p>O Rancilio Group estar\u00e1 presente para receber os convidados com uma sele\u00e7\u00e3o especial da sua vasta gama de produtos, a come\u00e7ar pela Linha Casa, concebida para quem gosta de desfrutar de um caf\u00e9 excelente e de qualidade tamb\u00e9m em casa.<\/p>\n<p>Descubra Rancilio Silvia, numa cor branca ic\u00f3nica, com caldeira isolada, lan\u00e7a de vapor em a\u00e7o inoxid\u00e1vel e man\u00edpulo de vapor para cappuccinos cremosos, e Stile, o nov\u00edssimo moinho de caf\u00e9 ultra-compacto cheio de classe, concebido para uso dom\u00e9stico e cafetarias.<\/p>\n<p>No stand, Rancilio Specialty RS1 \u2013 a m\u00e1quina de caf\u00e9 expresso multicaldeira com tecnologia Advanced Temperature Profiling e Pr\u00e9-infus\u00e3o \u2013 acolher\u00e1 os convidados com saborosos e perfumados caf\u00e9s especiais ao lado do formador mestre da Accademia Baristi la Tosteria em Floren\u00e7a e do instrutor autorizado da SCA, Andrea Guerra, que se juntar\u00e1 \u00e0 equipa do Rancilio Group para o evento.<\/p>\n<p>Com 2500 pessoas esperadas este ano, K\u00e1v\u00e9b\u00e1r Baz\u00e1r \u00e9 um evento social moderno e din\u00e2mico onde as bebidas desempenham o papel principal. Os visitantes s\u00e3o convidados para um fim de semana divertido com provas ilimitadas, workshops e concursos em torno de caf\u00e9, vinho, cerveja, e outras especialidades de bebida. Bilhetes dispon\u00edveis at\u00e9 30 de mar\u00e7o em <a href=\"https:\/\/www.tixa.hu\/kavebarbazar_2023\">Tixa.hu<\/a><\/p>\n<p>&nbsp;<\/p>\n<p>&nbsp;<\/p>\n<p><strong>K\u00e1v\u00e9b\u00e1r Baz\u00e1r 2023<\/strong><br \/>\n1 e 2 de abril de 2023<br \/>\nHall B Stand 33<br \/>\nDas 10h00 \u00e0s 18h00<br \/>\n<a href=\"https:\/\/www.google.com\/maps\/place\/Millen%C3%A1ris+Park\/@47.5099683,19.0227548,17z\/data=!4m6!3m5!1s0x4741dea6f16f945f:0x3a216867cba169e6!8m2!3d47.5112225!4d19.0251017!16s%2Fm%2F0vsy396?hl\">Millen\u00e1ris Park<\/a><br \/>\nKis R\u00f3kus u. 16-20<br \/>\n1024 Budapeste, Hungria<\/p>\n<p>&nbsp;<\/p>\n<p><strong>Para mais informa\u00e7\u00f5es sobre o evento<\/strong><br \/>\n<a href=\"https:\/\/www.kavebar.hu\/english.html\">https:\/\/www.kavebar.hu\/english.html<\/a><\/p>\n<p>&nbsp;<\/p>\n<p><strong>Siga o evento na nossa p\u00e1gina oficial do Instagram<\/strong><br \/>\n@rancilio_official #rancilio<br \/>\n@ranciliospecialty #ranciliospecialty<\/p>\n<p>&nbsp;<\/p>\n<p><strong>Descubra os nossos produtos em exposi\u00e7\u00e3o<\/strong><br \/>\n<a href=\"https:\/\/www.ranciliogroup.com\/pt-pt\/rancilio\/silvia\/\">Rancilio Silvia<\/a><br \/>\n<a href=\"https:\/\/www.ranciliogroup.com\/pt-pt\/rancilio\/stile\/\">Rancilio Stile<\/a><br \/>\n<a href=\"https:\/\/www.ranciliogroup.com\/pt-pt\/rancilio\/kryo\/\">Rancilio Kryo<\/a><br \/>\n<a href=\"https:\/\/www.ranciliogroup.com\/pt-pt\/specialty\/rs1\/\">Rancilio Specialty RS1<\/a><\/p>\n","protected":false},"excerpt":{"rendered":"<p>De 1 a 2 de abril de 2023, o Rancilio Group junta-se ao K\u00e1v\u00e9b\u00e1r Baz\u00e1r para a sua 13.\u00aa edi\u00e7\u00e3o&#8230;<\/p>\n","protected":false},"author":5,"featured_media":66007,"comment_status":"closed","ping_status":"closed","sticky":false,"template":"","format":"standard","meta":[],"categories":[1958],"tags":[2861,2859,2860,2834,2634,2604,2605],"acf":[],"yoast_head":"<!-- This site is optimized with the Yoast SEO plugin v21.5 - https:\/\/yoast.com\/wordpress\/plugins\/seo\/ -->\n<title>Latest update about Rancilio Group em Budapeste para a 13.\u00aa edi\u00e7\u00e3o do K\u00e1v\u00e9b\u00e1r Baz\u00e1r 2023 - Rancilio Group<\/title>\n<meta name=\"description\" content=\"Read Rancilio Group&#039;s latest news about Rancilio Group em Budapeste para a 13.\u00aa edi\u00e7\u00e3o do K\u00e1v\u00e9b\u00e1r Baz\u00e1r 2023\" \/>\n<meta name=\"robots\" content=\"index, follow, max-snippet:-1, max-image-preview:large, max-video-preview:-1\" \/>\n<link rel=\"canonical\" href=\"https:\/\/www.ranciliogroup.com\/pt-pt\/rancilio-group-em-budapeste-para-a-13-a-edicao-do-kavebar-bazar-2023\/\" \/>\n<meta property=\"og:locale\" content=\"pt_PT\" \/>\n<meta property=\"og:type\" content=\"article\" \/>\n<meta property=\"og:title\" content=\"Latest update about Rancilio Group em Budapeste para a 13.\u00aa edi\u00e7\u00e3o do K\u00e1v\u00e9b\u00e1r Baz\u00e1r 2023 - Rancilio Group\" \/>\n<meta property=\"og:description\" content=\"Read Rancilio Group&#039;s latest news about Rancilio Group em Budapeste para a 13.\u00aa edi\u00e7\u00e3o do K\u00e1v\u00e9b\u00e1r Baz\u00e1r 2023\" \/>\n<meta property=\"og:url\" content=\"https:\/\/www.ranciliogroup.com\/pt-pt\/rancilio-group-em-budapeste-para-a-13-a-edicao-do-kavebar-bazar-2023\/\" \/>\n<meta property=\"og:site_name\" content=\"Rancilio Group\" \/>\n<meta property=\"article:publisher\" content=\"https:\/\/www.facebook.com\/RancilioGroup\" \/>\n<meta property=\"article:published_time\" content=\"2023-03-15T13:04:20+00:00\" \/>\n<meta property=\"og:image\" content=\"https:\/\/www.ranciliogroup.com\/app\/uploads\/2023\/03\/RancilioGroup-KavebarBazar-web.jpg\" \/>\n\t<meta property=\"og:image:width\" content=\"1920\" \/>\n\t<meta property=\"og:image:height\" content=\"1171\" \/>\n\t<meta property=\"og:image:type\" content=\"image\/jpeg\" \/>\n<meta name=\"author\" content=\"temp circular\" \/>\n<meta name=\"twitter:card\" content=\"summary_large_image\" \/>\n<meta name=\"twitter:creator\" content=\"@ranciliogroup\" \/>\n<meta name=\"twitter:site\" content=\"@ranciliogroup\" \/>\n<meta name=\"twitter:label1\" content=\"Written by\" \/>\n\t<meta name=\"twitter:data1\" content=\"temp circular\" \/>\n\t<meta name=\"twitter:label2\" content=\"Est. reading time\" \/>\n\t<meta name=\"twitter:data2\" content=\"2 minutes\" \/>\n<script type=\"application\/ld+json\" class=\"yoast-schema-graph\">{\"@context\":\"https:\/\/schema.org\",\"@graph\":[{\"@type\":\"Article\",\"@id\":\"https:\/\/www.ranciliogroup.com\/pt-pt\/rancilio-group-em-budapeste-para-a-13-a-edicao-do-kavebar-bazar-2023\/#article\",\"isPartOf\":{\"@id\":\"https:\/\/www.ranciliogroup.com\/pt-pt\/rancilio-group-em-budapeste-para-a-13-a-edicao-do-kavebar-bazar-2023\/\"},\"author\":{\"name\":\"temp circular\",\"@id\":\"https:\/\/www.ranciliogroup.com\/pt-pt\/#\/schema\/person\/d6bf0a7dfe74cded3d64da8b2c92814c\"},\"headline\":\"Rancilio Group em Budapeste para a 13.\u00aa edi\u00e7\u00e3o do K\u00e1v\u00e9b\u00e1r Baz\u00e1r 2023\",\"datePublished\":\"2023-03-15T13:04:20+00:00\",\"dateModified\":\"2023-03-15T13:04:20+00:00\",\"mainEntityOfPage\":{\"@id\":\"https:\/\/www.ranciliogroup.com\/pt-pt\/rancilio-group-em-budapeste-para-a-13-a-edicao-do-kavebar-bazar-2023\/\"},\"wordCount\":335,\"publisher\":{\"@id\":\"https:\/\/www.ranciliogroup.com\/pt-pt\/#organization\"},\"keywords\":[\"Stile\",\"Kavebar Bazar\",\"Silvia\",\"Rancilio\",\"Kryo\",\"Rancilio Specialty\",\"RS1\"],\"articleSection\":[\"Eventos\"],\"inLanguage\":\"pt-PT\"},{\"@type\":\"WebPage\",\"@id\":\"https:\/\/www.ranciliogroup.com\/pt-pt\/rancilio-group-em-budapeste-para-a-13-a-edicao-do-kavebar-bazar-2023\/\",\"url\":\"https:\/\/www.ranciliogroup.com\/pt-pt\/rancilio-group-em-budapeste-para-a-13-a-edicao-do-kavebar-bazar-2023\/\",\"name\":\"Latest update about Rancilio Group em Budapeste para a 13.\u00aa edi\u00e7\u00e3o do K\u00e1v\u00e9b\u00e1r Baz\u00e1r 2023 - Rancilio Group\",\"isPartOf\":{\"@id\":\"https:\/\/www.ranciliogroup.com\/pt-pt\/#website\"},\"datePublished\":\"2023-03-15T13:04:20+00:00\",\"dateModified\":\"2023-03-15T13:04:20+00:00\",\"description\":\"Read Rancilio Group's latest news about Rancilio Group em Budapeste para a 13.\u00aa edi\u00e7\u00e3o do K\u00e1v\u00e9b\u00e1r Baz\u00e1r 2023\",\"breadcrumb\":{\"@id\":\"https:\/\/www.ranciliogroup.com\/pt-pt\/rancilio-group-em-budapeste-para-a-13-a-edicao-do-kavebar-bazar-2023\/#breadcrumb\"},\"inLanguage\":\"pt-PT\",\"potentialAction\":[{\"@type\":\"ReadAction\",\"target\":[\"https:\/\/www.ranciliogroup.com\/pt-pt\/rancilio-group-em-budapeste-para-a-13-a-edicao-do-kavebar-bazar-2023\/\"]}]},{\"@type\":\"BreadcrumbList\",\"@id\":\"https:\/\/www.ranciliogroup.com\/pt-pt\/rancilio-group-em-budapeste-para-a-13-a-edicao-do-kavebar-bazar-2023\/#breadcrumb\",\"itemListElement\":[{\"@type\":\"ListItem\",\"position\":1,\"name\":\"Home\",\"item\":\"https:\/\/www.ranciliogroup.com\/pt-pt\/\"},{\"@type\":\"ListItem\",\"position\":2,\"name\":\"Rancilio Group em Budapeste para a 13.\u00aa edi\u00e7\u00e3o do K\u00e1v\u00e9b\u00e1r Baz\u00e1r 2023\"}]},{\"@type\":\"WebSite\",\"@id\":\"https:\/\/www.ranciliogroup.com\/pt-pt\/#website\",\"url\":\"https:\/\/www.ranciliogroup.com\/pt-pt\/\",\"name\":\"Rancilio Group\",\"description\":\"L\u00edder Profissional de M\u00e1quinas de Caf\u00e9\",\"publisher\":{\"@id\":\"https:\/\/www.ranciliogroup.com\/pt-pt\/#organization\"},\"potentialAction\":[{\"@type\":\"SearchAction\",\"target\":{\"@type\":\"EntryPoint\",\"urlTemplate\":\"https:\/\/www.ranciliogroup.com\/pt-pt\/?s={search_term_string}\"},\"query-input\":\"required name=search_term_string\"}],\"inLanguage\":\"pt-PT\"},{\"@type\":\"Organization\",\"@id\":\"https:\/\/www.ranciliogroup.com\/pt-pt\/#organization\",\"name\":\"Rancilio Group\",\"url\":\"https:\/\/www.ranciliogroup.com\/pt-pt\/\",\"logo\":{\"@type\":\"ImageObject\",\"inLanguage\":\"pt-PT\",\"@id\":\"https:\/\/www.ranciliogroup.com\/pt-pt\/#\/schema\/logo\/image\/\",\"url\":\"https:\/\/www.ranciliogroup.com\/app\/uploads\/2019\/07\/rancilio_black_logo.png\",\"contentUrl\":\"https:\/\/www.ranciliogroup.com\/app\/uploads\/2019\/07\/rancilio_black_logo.png\",\"width\":447,\"height\":57,\"caption\":\"Rancilio Group\"},\"image\":{\"@id\":\"https:\/\/www.ranciliogroup.com\/pt-pt\/#\/schema\/logo\/image\/\"},\"sameAs\":[\"https:\/\/www.facebook.com\/RancilioGroup\",\"https:\/\/twitter.com\/ranciliogroup\",\"https:\/\/www.instagram.com\/rancilio_official\/\",\"https:\/\/www.linkedin.com\/company\/ranciliogroup\/\",\"https:\/\/www.youtube.com\/user\/rancilioadmin\"]},{\"@type\":\"Person\",\"@id\":\"https:\/\/www.ranciliogroup.com\/pt-pt\/#\/schema\/person\/d6bf0a7dfe74cded3d64da8b2c92814c\",\"name\":\"temp circular\",\"image\":{\"@type\":\"ImageObject\",\"inLanguage\":\"pt-PT\",\"@id\":\"https:\/\/www.ranciliogroup.com\/pt-pt\/#\/schema\/person\/image\/\",\"url\":\"https:\/\/secure.gravatar.com\/avatar\/569e71c3b97b8bcad1854d6579b35c5f?s=96&d=mm&r=g\",\"contentUrl\":\"https:\/\/secure.gravatar.com\/avatar\/569e71c3b97b8bcad1854d6579b35c5f?s=96&d=mm&r=g\",\"caption\":\"temp circular\"}}]}<\/script>\n<!-- \/ Yoast SEO plugin. -->","yoast_head_json":{"title":"Latest update about Rancilio Group em Budapeste para a 13.\u00aa edi\u00e7\u00e3o do K\u00e1v\u00e9b\u00e1r Baz\u00e1r 2023 - Rancilio Group","description":"Read Rancilio Group's latest news about Rancilio Group em Budapeste para a 13.\u00aa edi\u00e7\u00e3o do K\u00e1v\u00e9b\u00e1r Baz\u00e1r 2023","robots":{"index":"index","follow":"follow","max-snippet":"max-snippet:-1","max-image-preview":"max-image-preview:large","max-video-preview":"max-video-preview:-1"},"canonical":"https:\/\/www.ranciliogroup.com\/pt-pt\/rancilio-group-em-budapeste-para-a-13-a-edicao-do-kavebar-bazar-2023\/","og_locale":"pt_PT","og_type":"article","og_title":"Latest update about Rancilio Group em Budapeste para a 13.\u00aa edi\u00e7\u00e3o do K\u00e1v\u00e9b\u00e1r Baz\u00e1r 2023 - Rancilio Group","og_description":"Read Rancilio Group's latest news about Rancilio Group em Budapeste para a 13.\u00aa edi\u00e7\u00e3o do K\u00e1v\u00e9b\u00e1r Baz\u00e1r 2023","og_url":"https:\/\/www.ranciliogroup.com\/pt-pt\/rancilio-group-em-budapeste-para-a-13-a-edicao-do-kavebar-bazar-2023\/","og_site_name":"Rancilio Group","article_publisher":"https:\/\/www.facebook.com\/RancilioGroup","article_published_time":"2023-03-15T13:04:20+00:00","og_image":[{"width":1920,"height":1171,"url":"https:\/\/www.ranciliogroup.com\/app\/uploads\/2023\/03\/RancilioGroup-KavebarBazar-web.jpg","type":"image\/jpeg"}],"author":"temp circular","twitter_card":"summary_large_image","twitter_creator":"@ranciliogroup","twitter_site":"@ranciliogroup","twitter_misc":{"Written by":"temp circular","Est. reading time":"2 minutes"},"schema":{"@context":"https:\/\/schema.org","@graph":[{"@type":"Article","@id":"https:\/\/www.ranciliogroup.com\/pt-pt\/rancilio-group-em-budapeste-para-a-13-a-edicao-do-kavebar-bazar-2023\/#article","isPartOf":{"@id":"https:\/\/www.ranciliogroup.com\/pt-pt\/rancilio-group-em-budapeste-para-a-13-a-edicao-do-kavebar-bazar-2023\/"},"author":{"name":"temp circular","@id":"https:\/\/www.ranciliogroup.com\/pt-pt\/#\/schema\/person\/d6bf0a7dfe74cded3d64da8b2c92814c"},"headline":"Rancilio Group em Budapeste para a 13.\u00aa edi\u00e7\u00e3o do K\u00e1v\u00e9b\u00e1r Baz\u00e1r 2023","datePublished":"2023-03-15T13:04:20+00:00","dateModified":"2023-03-15T13:04:20+00:00","mainEntityOfPage":{"@id":"https:\/\/www.ranciliogroup.com\/pt-pt\/rancilio-group-em-budapeste-para-a-13-a-edicao-do-kavebar-bazar-2023\/"},"wordCount":335,"publisher":{"@id":"https:\/\/www.ranciliogroup.com\/pt-pt\/#organization"},"keywords":["Stile","Kavebar Bazar","Silvia","Rancilio","Kryo","Rancilio Specialty","RS1"],"articleSection":["Eventos"],"inLanguage":"pt-PT"},{"@type":"WebPage","@id":"https:\/\/www.ranciliogroup.com\/pt-pt\/rancilio-group-em-budapeste-para-a-13-a-edicao-do-kavebar-bazar-2023\/","url":"https:\/\/www.ranciliogroup.com\/pt-pt\/rancilio-group-em-budapeste-para-a-13-a-edicao-do-kavebar-bazar-2023\/","name":"Latest update about Rancilio Group em Budapeste para a 13.\u00aa edi\u00e7\u00e3o do K\u00e1v\u00e9b\u00e1r Baz\u00e1r 2023 - Rancilio Group","isPartOf":{"@id":"https:\/\/www.ranciliogroup.com\/pt-pt\/#website"},"datePublished":"2023-03-15T13:04:20+00:00","dateModified":"2023-03-15T13:04:20+00:00","description":"Read Rancilio Group's latest news about Rancilio Group em Budapeste para a 13.\u00aa edi\u00e7\u00e3o do K\u00e1v\u00e9b\u00e1r Baz\u00e1r 2023","breadcrumb":{"@id":"https:\/\/www.ranciliogroup.com\/pt-pt\/rancilio-group-em-budapeste-para-a-13-a-edicao-do-kavebar-bazar-2023\/#breadcrumb"},"inLanguage":"pt-PT","potentialAction":[{"@type":"ReadAction","target":["https:\/\/www.ranciliogroup.com\/pt-pt\/rancilio-group-em-budapeste-para-a-13-a-edicao-do-kavebar-bazar-2023\/"]}]},{"@type":"BreadcrumbList","@id":"https:\/\/www.ranciliogroup.com\/pt-pt\/rancilio-group-em-budapeste-para-a-13-a-edicao-do-kavebar-bazar-2023\/#breadcrumb","itemListElement":[{"@type":"ListItem","position":1,"name":"Home","item":"https:\/\/www.ranciliogroup.com\/pt-pt\/"},{"@type":"ListItem","position":2,"name":"Rancilio Group em Budapeste para a 13.\u00aa edi\u00e7\u00e3o do K\u00e1v\u00e9b\u00e1r Baz\u00e1r 2023"}]},{"@type":"WebSite","@id":"https:\/\/www.ranciliogroup.com\/pt-pt\/#website","url":"https:\/\/www.ranciliogroup.com\/pt-pt\/","name":"Rancilio Group","description":"L\u00edder Profissional de M\u00e1quinas de Caf\u00e9","publisher":{"@id":"https:\/\/www.ranciliogroup.com\/pt-pt\/#organization"},"potentialAction":[{"@type":"SearchAction","target":{"@type":"EntryPoint","urlTemplate":"https:\/\/www.ranciliogroup.com\/pt-pt\/?s={search_term_string}"},"query-input":"required name=search_term_string"}],"inLanguage":"pt-PT"},{"@type":"Organization","@id":"https:\/\/www.ranciliogroup.com\/pt-pt\/#organization","name":"Rancilio Group","url":"https:\/\/www.ranciliogroup.com\/pt-pt\/","logo":{"@type":"ImageObject","inLanguage":"pt-PT","@id":"https:\/\/www.ranciliogroup.com\/pt-pt\/#\/schema\/logo\/image\/","url":"https:\/\/www.ranciliogroup.com\/app\/uploads\/2019\/07\/rancilio_black_logo.png","contentUrl":"https:\/\/www.ranciliogroup.com\/app\/uploads\/2019\/07\/rancilio_black_logo.png","width":447,"height":57,"caption":"Rancilio Group"},"image":{"@id":"https:\/\/www.ranciliogroup.com\/pt-pt\/#\/schema\/logo\/image\/"},"sameAs":["https:\/\/www.facebook.com\/RancilioGroup","https:\/\/twitter.com\/ranciliogroup","https:\/\/www.instagram.com\/rancilio_official\/","https:\/\/www.linkedin.com\/company\/ranciliogroup\/","https:\/\/www.youtube.com\/user\/rancilioadmin"]},{"@type":"Person","@id":"https:\/\/www.ranciliogroup.com\/pt-pt\/#\/schema\/person\/d6bf0a7dfe74cded3d64da8b2c92814c","name":"temp circular","image":{"@type":"ImageObject","inLanguage":"pt-PT","@id":"https:\/\/www.ranciliogroup.com\/pt-pt\/#\/schema\/person\/image\/","url":"https:\/\/secure.gravatar.com\/avatar\/569e71c3b97b8bcad1854d6579b35c5f?s=96&d=mm&r=g","contentUrl":"https:\/\/secure.gravatar.com\/avatar\/569e71c3b97b8bcad1854d6579b35c5f?s=96&d=mm&r=g","caption":"temp circular"}}]}},"_links":{"self":[{"href":"https:\/\/www.ranciliogroup.com\/pt-pt\/wp-json\/wp\/v2\/posts\/66022"}],"collection":[{"href":"https:\/\/www.ranciliogroup.com\/pt-pt\/wp-json\/wp\/v2\/posts"}],"about":[{"href":"https:\/\/www.ranciliogroup.com\/pt-pt\/wp-json\/wp\/v2\/types\/post"}],"author":[{"embeddable":true,"href":"https:\/\/www.ranciliogroup.com\/pt-pt\/wp-json\/wp\/v2\/users\/5"}],"replies":[{"embeddable":true,"href":"https:\/\/www.ranciliogroup.com\/pt-pt\/wp-json\/wp\/v2\/comments?post=66022"}],"version-history":[{"count":1,"href":"https:\/\/www.ranciliogroup.com\/pt-pt\/wp-json\/wp\/v2\/posts\/66022\/revisions"}],"predecessor-version":[{"id":66023,"href":"https:\/\/www.ranciliogroup.com\/pt-pt\/wp-json\/wp\/v2\/posts\/66022\/revisions\/66023"}],"wp:featuredmedia":[{"embeddable":true,"href":"https:\/\/www.ranciliogroup.com\/pt-pt\/wp-json\/wp\/v2\/media\/66007"}],"wp:attachment":[{"href":"https:\/\/www.ranciliogroup.com\/pt-pt\/wp-json\/wp\/v2\/media?parent=66022"}],"wp:term":[{"taxonomy":"category","embeddable":true,"href":"https:\/\/www.ranciliogroup.com\/pt-pt\/wp-json\/wp\/v2\/categories?post=66022"},{"taxonomy":"post_tag","embeddable":true,"href":"https:\/\/www.ranciliogroup.com\/pt-pt\/wp-json\/wp\/v2\/tags?post=66022"}],"curies":[{"name":"wp","href":"https:\/\/api.w.org\/{rel}","templated":true}]}}